{"id":61249,"date":"2016-07-04T17:57:11","date_gmt":"2016-07-04T17:57:11","guid":{"rendered":"https:\/\/clone.gimnasticdetarragona.cat\/club-empresa-el-patrocinador-adernats-celebrara-la-v-edicio-del-vinitfest\/"},"modified":"2016-07-04T17:57:11","modified_gmt":"2016-07-04T17:57:11","slug":"club-empresa-el-patrocinador-adernats-celebrara-la-v-edicio-del-vinitfest","status":"publish","type":"post","link":"https:\/\/gimnasticdetarragona.cat\/es\/club-empresa-el-patrocinador-adernats-celebrara-la-v-edicio-del-vinitfest\/","title":{"rendered":"El patrocinador Adernats celebrar\u00e1 la V edici\u00f3n del Vinitfest"},"content":{"rendered":"<p style=\"text-align: justify;\">Adernats, patrocinador oficial del Gimn\u00e0stic de Tarragona, SAD celebrar\u00e1 una nueva edici\u00f3n del VINITFEST la noche del s\u00e1bado 9 de julio. La Bandarra Street Orkestra como cabeza de cartel y los vallenses Mostaza y Fenya Rai, son los grupos protagonistas de este a\u00f1o. En el apartado gastron\u00f3mico, la Quintaforca, el Coll de Nulles, el Portal 22, el Horno de Nulles, la Ibense y Ca l&#8217;\u00c0ngel ser\u00e1n los encargados de poner el buen gusto.<\/p>\n<p style=\"text-align: justify;\">Un a\u00f1o m\u00e1s, y este ya ser\u00e1 el quinto, se celebra el Adernats VINITFEST en la Catedral del Vi de Nulles. Una fiesta tematizada que une los vinos y cavas Adernats con la m\u00fasica de grupos referentes del territorio, la alta gastronom\u00eda local y la actuaci\u00f3n art\u00edstica de diferentes artistas del Camp de Tarragona. Una fiesta que se ha consolidado como referencia en el mundo vin\u00edcola catal\u00e1n, llegando cada a\u00f1o al aforo m\u00e1ximo de medio millar de asistentes y consiguiendo una valoraci\u00f3n excelente\u00a0por parte del p\u00fablico y profesionales.<\/p>\n<p style=\"text-align: justify;\">A las 10 de la noche del 9 de julio se iniciar\u00e1 la quinta VINITFEST, que como cada a\u00f1o, comenzar\u00e1 con un espect\u00e1culo inaugural, este a\u00f1o, a cargo de la Bandarra\u00a0Street Orkestra. Tras la inauguraci\u00f3n, se abrir\u00e1n las puertas de la bodega modernista de Nulles, tematizado para la ocasi\u00f3n. Los asistentes, copa en mano, ir\u00e1n recorriendo cada uno de los espacios descubriendo a su paso hasta seis vinos y cavas maridados con gastrotapas de los diferentes restaurantes. Al ritmo de la m\u00fasica que no dejar\u00e1 de sonar, podr\u00e1n conocer tambi\u00e9n cada uno de los artistas que expondr\u00e1n bajo las arcadas modernistas y actuar\u00e1n en directo. En un patio id\u00edlico de fiesta mayor de principio de siglo, entre tinas y paredes de piedra de la bodega, se levantar\u00e1 un escenario donde actuar\u00e1n los grupos vallencs. Para concluir la fiesta, la Bandarra ofrecer\u00e1 su recital delante de la fachada de la bodega ya entrada la madrugada.<\/p>\n<p style=\"text-align: justify;\">Los organizadores de Adernats, Adam Albert y Francesc Boronat, no dudan en considerarla la \u00abFiesta Mayor del Vino\u00bb del Camp de Tarragona. Y destacan el aut\u00e9ntico placer de poder disfrutar de manera l\u00fadica y festiva \u00abde una cultura tan arraigada en nuestra tierra como la del vino. La VINITFEST es un homenaje a nuestro ancestros\u00bb. As\u00ed, Adernats se afianza como un referente en el enoturismo y el ocio de la Costa Dorada, avalado tambi\u00e9n por sus prestigiosos vinos y cavas reconocidos recientemente en diferentes cert\u00e1menes internacionales.<\/p>\n<p style=\"text-align: justify;\">Las entradas del Adernats VINITFEST, tienen un coste de 35\u20ac por persona y ya est\u00e1n a la venta por internet en <a href=\"http:\/\/www.adernats.com\">www.adernats.com<\/a> y en diferentes puntos de venta de Nulles, Valls, Reus y Tarragona entre otros. No espere demasiado en conseguirlas pues cada a\u00f1o cuelgan el cartel de entradas agotadas varios d\u00edas antes.<\/p>\n<p>ADERNATS VINITFEST<br \/>\nBODEGA MODERNISTA DE NULLES S\u00c1BADO 9 DE JULIO DE 2016<br \/>\nPersona de contacto: Adam Albert<br \/>\ncomunicacio@vinicoladenulles.com<br \/>\nTel\u00e9fono. 690643701<\/p>\n","protected":false},"excerpt":{"rendered":"<p>Adernats, patrocinador oficial del Gimn\u00e0stic de Tarragona, SAD celebrar\u00e1 una nueva edici\u00f3n del VINITFEST la noche del s\u00e1bado 9 de julio. La Bandarra Street Orkestra como cabeza de cartel y los vallenses Mostaza y Fenya Rai, son los grupos protagonistas de este a\u00f1o.<\/p>\n","protected":false},"author":1,"featured_media":61246,"comment_status":"open","ping_status":"open","sticky":false,"template":"","format":"standard","meta":{"_acf_changed":false,"footnotes":""},"categories":[113,116],"tags":[],"class_list":["post-61249","post","type-post","status-publish","format-standard","has-post-thumbnail","hentry","category-actualidad","category-club-empresa"],"acf":[],"yoast_head":"<!-- This site is optimized with the Yoast SEO plugin v27.3 - https:\/\/yoast.com\/product\/yoast-seo-wordpress\/ -->\n<title>El patrocinador Adernats celebrar\u00e1 la V edici\u00f3n del Vinitfest - Gimn\u00e0stic de Tarragona SAD<\/title>\n<meta name=\"robots\" content=\"index, follow, max-snippet:-1, max-image-preview:large, max-video-preview:-1\" \/>\n<link rel=\"canonical\" href=\"https:\/\/gimnasticdetarragona.cat\/club-empresa-el-patrocinador-adernats-celebrara-la-v-edicio-del-vinitfest\/\" \/>\n<meta property=\"og:locale\" content=\"es_ES\" \/>\n<meta property=\"og:type\" content=\"article\" \/>\n<meta property=\"og:title\" content=\"El patrocinador Adernats celebrar\u00e1 la V edici\u00f3n del Vinitfest - Gimn\u00e0stic de Tarragona SAD\" \/>\n<meta property=\"og:description\" content=\"Adernats, patrocinador oficial del Gimn\u00e0stic de Tarragona, SAD celebrar\u00e1 una nueva edici\u00f3n del VINITFEST la noche del s\u00e1bado 9 de julio. La Bandarra Street Orkestra como cabeza de cartel y los vallenses Mostaza y Fenya Rai, son los grupos protagonistas de este a\u00f1o.\" \/>\n<meta property=\"og:url\" content=\"https:\/\/gimnasticdetarragona.cat\/club-empresa-el-patrocinador-adernats-celebrara-la-v-edicio-del-vinitfest\/\" \/>\n<meta property=\"og:site_name\" content=\"Gimn\u00e0stic de Tarragona SAD\" \/>\n<meta property=\"article:published_time\" content=\"2016-07-04T17:57:11+00:00\" \/>\n<meta property=\"og:image\" content=\"https:\/\/gimnasticdetarragona.cat\/wp-content\/uploads\/2022\/06\/05233922108861.jpg\" \/>\n\t<meta property=\"og:image:width\" content=\"1200\" \/>\n\t<meta property=\"og:image:height\" content=\"770\" \/>\n\t<meta property=\"og:image:type\" content=\"image\/jpeg\" \/>\n<meta name=\"author\" content=\"desarrollo\" \/>\n<meta name=\"twitter:card\" content=\"summary_large_image\" \/>\n<meta name=\"twitter:creator\" content=\"@NASTICTARRAGONA\" \/>\n<meta name=\"twitter:site\" content=\"@NASTICTARRAGONA\" \/>\n<meta name=\"twitter:label1\" content=\"Escrito por\" \/>\n\t<meta name=\"twitter:data1\" content=\"desarrollo\" \/>\n\t<meta name=\"twitter:label2\" content=\"Tiempo de lectura\" \/>\n\t<meta name=\"twitter:data2\" content=\"3 minutos\" \/>\n<script type=\"application\/ld+json\" class=\"yoast-schema-graph\">{\"@context\":\"https:\\\/\\\/schema.org\",\"@graph\":[{\"@type\":\"Article\",\"@id\":\"https:\\\/\\\/gimnasticdetarragona.cat\\\/club-empresa-el-patrocinador-adernats-celebrara-la-v-edicio-del-vinitfest\\\/#article\",\"isPartOf\":{\"@id\":\"https:\\\/\\\/gimnasticdetarragona.cat\\\/club-empresa-el-patrocinador-adernats-celebrara-la-v-edicio-del-vinitfest\\\/\"},\"author\":{\"name\":\"desarrollo\",\"@id\":\"https:\\\/\\\/gimnasticdetarragona.cat\\\/es\\\/#\\\/schema\\\/person\\\/47b6a637abf88f9bd835540f20ea069e\"},\"headline\":\"El patrocinador Adernats celebrar\u00e1 la V edici\u00f3n del Vinitfest\",\"datePublished\":\"2016-07-04T17:57:11+00:00\",\"mainEntityOfPage\":{\"@id\":\"https:\\\/\\\/gimnasticdetarragona.cat\\\/club-empresa-el-patrocinador-adernats-celebrara-la-v-edicio-del-vinitfest\\\/\"},\"wordCount\":524,\"commentCount\":0,\"publisher\":{\"@id\":\"https:\\\/\\\/gimnasticdetarragona.cat\\\/es\\\/#organization\"},\"image\":{\"@id\":\"https:\\\/\\\/gimnasticdetarragona.cat\\\/club-empresa-el-patrocinador-adernats-celebrara-la-v-edicio-del-vinitfest\\\/#primaryimage\"},\"thumbnailUrl\":\"https:\\\/\\\/gimnasticdetarragona.cat\\\/wp-content\\\/uploads\\\/2022\\\/06\\\/05233922108861.jpg\",\"articleSection\":[\"Actualidad\",\"Club Empresa\"],\"inLanguage\":\"es\"},{\"@type\":\"WebPage\",\"@id\":\"https:\\\/\\\/gimnasticdetarragona.cat\\\/club-empresa-el-patrocinador-adernats-celebrara-la-v-edicio-del-vinitfest\\\/\",\"url\":\"https:\\\/\\\/gimnasticdetarragona.cat\\\/club-empresa-el-patrocinador-adernats-celebrara-la-v-edicio-del-vinitfest\\\/\",\"name\":\"El patrocinador Adernats celebrar\u00e1 la V edici\u00f3n del Vinitfest - Gimn\u00e0stic de Tarragona SAD\",\"isPartOf\":{\"@id\":\"https:\\\/\\\/gimnasticdetarragona.cat\\\/es\\\/#website\"},\"primaryImageOfPage\":{\"@id\":\"https:\\\/\\\/gimnasticdetarragona.cat\\\/club-empresa-el-patrocinador-adernats-celebrara-la-v-edicio-del-vinitfest\\\/#primaryimage\"},\"image\":{\"@id\":\"https:\\\/\\\/gimnasticdetarragona.cat\\\/club-empresa-el-patrocinador-adernats-celebrara-la-v-edicio-del-vinitfest\\\/#primaryimage\"},\"thumbnailUrl\":\"https:\\\/\\\/gimnasticdetarragona.cat\\\/wp-content\\\/uploads\\\/2022\\\/06\\\/05233922108861.jpg\",\"datePublished\":\"2016-07-04T17:57:11+00:00\",\"breadcrumb\":{\"@id\":\"https:\\\/\\\/gimnasticdetarragona.cat\\\/club-empresa-el-patrocinador-adernats-celebrara-la-v-edicio-del-vinitfest\\\/#breadcrumb\"},\"inLanguage\":\"es\",\"potentialAction\":[{\"@type\":\"ReadAction\",\"target\":[\"https:\\\/\\\/gimnasticdetarragona.cat\\\/club-empresa-el-patrocinador-adernats-celebrara-la-v-edicio-del-vinitfest\\\/\"]}]},{\"@type\":\"ImageObject\",\"inLanguage\":\"es\",\"@id\":\"https:\\\/\\\/gimnasticdetarragona.cat\\\/club-empresa-el-patrocinador-adernats-celebrara-la-v-edicio-del-vinitfest\\\/#primaryimage\",\"url\":\"https:\\\/\\\/gimnasticdetarragona.cat\\\/wp-content\\\/uploads\\\/2022\\\/06\\\/05233922108861.jpg\",\"contentUrl\":\"https:\\\/\\\/gimnasticdetarragona.cat\\\/wp-content\\\/uploads\\\/2022\\\/06\\\/05233922108861.jpg\",\"width\":1200,\"height\":770},{\"@type\":\"BreadcrumbList\",\"@id\":\"https:\\\/\\\/gimnasticdetarragona.cat\\\/club-empresa-el-patrocinador-adernats-celebrara-la-v-edicio-del-vinitfest\\\/#breadcrumb\",\"itemListElement\":[{\"@type\":\"ListItem\",\"position\":1,\"name\":\"Inici\",\"item\":\"https:\\\/\\\/gimnasticdetarragona.cat\\\/es\\\/nastic\\\/\"},{\"@type\":\"ListItem\",\"position\":2,\"name\":\"El patrocinador Adernats celebrar\u00e1 la V edici\u00f3n del Vinitfest\"}]},{\"@type\":\"WebSite\",\"@id\":\"https:\\\/\\\/gimnasticdetarragona.cat\\\/es\\\/#website\",\"url\":\"https:\\\/\\\/gimnasticdetarragona.cat\\\/es\\\/\",\"name\":\"Gimn\u00e0stic de Tarragona SAD\",\"description\":\"Gimn\u00e0stic de Tarragona\",\"publisher\":{\"@id\":\"https:\\\/\\\/gimnasticdetarragona.cat\\\/es\\\/#organization\"},\"potentialAction\":[{\"@type\":\"SearchAction\",\"target\":{\"@type\":\"EntryPoint\",\"urlTemplate\":\"https:\\\/\\\/gimnasticdetarragona.cat\\\/es\\\/?s={search_term_string}\"},\"query-input\":{\"@type\":\"PropertyValueSpecification\",\"valueRequired\":true,\"valueName\":\"search_term_string\"}}],\"inLanguage\":\"es\"},{\"@type\":\"Organization\",\"@id\":\"https:\\\/\\\/gimnasticdetarragona.cat\\\/es\\\/#organization\",\"name\":\"GIMN\u00c0STIC DE TARRAGONA\",\"alternateName\":\"N\u00c0STIC\",\"url\":\"https:\\\/\\\/gimnasticdetarragona.cat\\\/es\\\/\",\"logo\":{\"@type\":\"ImageObject\",\"inLanguage\":\"es\",\"@id\":\"https:\\\/\\\/gimnasticdetarragona.cat\\\/es\\\/#\\\/schema\\\/logo\\\/image\\\/\",\"url\":\"https:\\\/\\\/gimnasticdetarragona.cat\\\/wp-content\\\/uploads\\\/2022\\\/06\\\/cropped-logo-gimnastic.png\",\"contentUrl\":\"https:\\\/\\\/gimnasticdetarragona.cat\\\/wp-content\\\/uploads\\\/2022\\\/06\\\/cropped-logo-gimnastic.png\",\"width\":224,\"height\":83,\"caption\":\"GIMN\u00c0STIC DE TARRAGONA\"},\"image\":{\"@id\":\"https:\\\/\\\/gimnasticdetarragona.cat\\\/es\\\/#\\\/schema\\\/logo\\\/image\\\/\"},\"sameAs\":[\"https:\\\/\\\/x.com\\\/NASTICTARRAGONA\",\"https:\\\/\\\/www.instagram.com\\\/nastictarragona\\\/\"]},{\"@type\":\"Person\",\"@id\":\"https:\\\/\\\/gimnasticdetarragona.cat\\\/es\\\/#\\\/schema\\\/person\\\/47b6a637abf88f9bd835540f20ea069e\",\"name\":\"desarrollo\",\"sameAs\":[\"https:\\\/\\\/clone.gimnasticdetarragona.cat\"]}]}<\/script>\n<!-- \/ Yoast SEO plugin. -->","yoast_head_json":{"title":"El patrocinador Adernats celebrar\u00e1 la V edici\u00f3n del Vinitfest - Gimn\u00e0stic de Tarragona SAD","robots":{"index":"index","follow":"follow","max-snippet":"max-snippet:-1","max-image-preview":"max-image-preview:large","max-video-preview":"max-video-preview:-1"},"canonical":"https:\/\/gimnasticdetarragona.cat\/club-empresa-el-patrocinador-adernats-celebrara-la-v-edicio-del-vinitfest\/","og_locale":"es_ES","og_type":"article","og_title":"El patrocinador Adernats celebrar\u00e1 la V edici\u00f3n del Vinitfest - Gimn\u00e0stic de Tarragona SAD","og_description":"Adernats, patrocinador oficial del Gimn\u00e0stic de Tarragona, SAD celebrar\u00e1 una nueva edici\u00f3n del VINITFEST la noche del s\u00e1bado 9 de julio. La Bandarra Street Orkestra como cabeza de cartel y los vallenses Mostaza y Fenya Rai, son los grupos protagonistas de este a\u00f1o.","og_url":"https:\/\/gimnasticdetarragona.cat\/club-empresa-el-patrocinador-adernats-celebrara-la-v-edicio-del-vinitfest\/","og_site_name":"Gimn\u00e0stic de Tarragona SAD","article_published_time":"2016-07-04T17:57:11+00:00","og_image":[{"width":1200,"height":770,"url":"https:\/\/gimnasticdetarragona.cat\/wp-content\/uploads\/2022\/06\/05233922108861.jpg","type":"image\/jpeg"}],"author":"desarrollo","twitter_card":"summary_large_image","twitter_creator":"@NASTICTARRAGONA","twitter_site":"@NASTICTARRAGONA","twitter_misc":{"Escrito por":"desarrollo","Tiempo de lectura":"3 minutos"},"schema":{"@context":"https:\/\/schema.org","@graph":[{"@type":"Article","@id":"https:\/\/gimnasticdetarragona.cat\/club-empresa-el-patrocinador-adernats-celebrara-la-v-edicio-del-vinitfest\/#article","isPartOf":{"@id":"https:\/\/gimnasticdetarragona.cat\/club-empresa-el-patrocinador-adernats-celebrara-la-v-edicio-del-vinitfest\/"},"author":{"name":"desarrollo","@id":"https:\/\/gimnasticdetarragona.cat\/es\/#\/schema\/person\/47b6a637abf88f9bd835540f20ea069e"},"headline":"El patrocinador Adernats celebrar\u00e1 la V edici\u00f3n del Vinitfest","datePublished":"2016-07-04T17:57:11+00:00","mainEntityOfPage":{"@id":"https:\/\/gimnasticdetarragona.cat\/club-empresa-el-patrocinador-adernats-celebrara-la-v-edicio-del-vinitfest\/"},"wordCount":524,"commentCount":0,"publisher":{"@id":"https:\/\/gimnasticdetarragona.cat\/es\/#organization"},"image":{"@id":"https:\/\/gimnasticdetarragona.cat\/club-empresa-el-patrocinador-adernats-celebrara-la-v-edicio-del-vinitfest\/#primaryimage"},"thumbnailUrl":"https:\/\/gimnasticdetarragona.cat\/wp-content\/uploads\/2022\/06\/05233922108861.jpg","articleSection":["Actualidad","Club Empresa"],"inLanguage":"es"},{"@type":"WebPage","@id":"https:\/\/gimnasticdetarragona.cat\/club-empresa-el-patrocinador-adernats-celebrara-la-v-edicio-del-vinitfest\/","url":"https:\/\/gimnasticdetarragona.cat\/club-empresa-el-patrocinador-adernats-celebrara-la-v-edicio-del-vinitfest\/","name":"El patrocinador Adernats celebrar\u00e1 la V edici\u00f3n del Vinitfest - Gimn\u00e0stic de Tarragona SAD","isPartOf":{"@id":"https:\/\/gimnasticdetarragona.cat\/es\/#website"},"primaryImageOfPage":{"@id":"https:\/\/gimnasticdetarragona.cat\/club-empresa-el-patrocinador-adernats-celebrara-la-v-edicio-del-vinitfest\/#primaryimage"},"image":{"@id":"https:\/\/gimnasticdetarragona.cat\/club-empresa-el-patrocinador-adernats-celebrara-la-v-edicio-del-vinitfest\/#primaryimage"},"thumbnailUrl":"https:\/\/gimnasticdetarragona.cat\/wp-content\/uploads\/2022\/06\/05233922108861.jpg","datePublished":"2016-07-04T17:57:11+00:00","breadcrumb":{"@id":"https:\/\/gimnasticdetarragona.cat\/club-empresa-el-patrocinador-adernats-celebrara-la-v-edicio-del-vinitfest\/#breadcrumb"},"inLanguage":"es","potentialAction":[{"@type":"ReadAction","target":["https:\/\/gimnasticdetarragona.cat\/club-empresa-el-patrocinador-adernats-celebrara-la-v-edicio-del-vinitfest\/"]}]},{"@type":"ImageObject","inLanguage":"es","@id":"https:\/\/gimnasticdetarragona.cat\/club-empresa-el-patrocinador-adernats-celebrara-la-v-edicio-del-vinitfest\/#primaryimage","url":"https:\/\/gimnasticdetarragona.cat\/wp-content\/uploads\/2022\/06\/05233922108861.jpg","contentUrl":"https:\/\/gimnasticdetarragona.cat\/wp-content\/uploads\/2022\/06\/05233922108861.jpg","width":1200,"height":770},{"@type":"BreadcrumbList","@id":"https:\/\/gimnasticdetarragona.cat\/club-empresa-el-patrocinador-adernats-celebrara-la-v-edicio-del-vinitfest\/#breadcrumb","itemListElement":[{"@type":"ListItem","position":1,"name":"Inici","item":"https:\/\/gimnasticdetarragona.cat\/es\/nastic\/"},{"@type":"ListItem","position":2,"name":"El patrocinador Adernats celebrar\u00e1 la V edici\u00f3n del Vinitfest"}]},{"@type":"WebSite","@id":"https:\/\/gimnasticdetarragona.cat\/es\/#website","url":"https:\/\/gimnasticdetarragona.cat\/es\/","name":"Gimn\u00e0stic de Tarragona SAD","description":"Gimn\u00e0stic de Tarragona","publisher":{"@id":"https:\/\/gimnasticdetarragona.cat\/es\/#organization"},"potentialAction":[{"@type":"SearchAction","target":{"@type":"EntryPoint","urlTemplate":"https:\/\/gimnasticdetarragona.cat\/es\/?s={search_term_string}"},"query-input":{"@type":"PropertyValueSpecification","valueRequired":true,"valueName":"search_term_string"}}],"inLanguage":"es"},{"@type":"Organization","@id":"https:\/\/gimnasticdetarragona.cat\/es\/#organization","name":"GIMN\u00c0STIC DE TARRAGONA","alternateName":"N\u00c0STIC","url":"https:\/\/gimnasticdetarragona.cat\/es\/","logo":{"@type":"ImageObject","inLanguage":"es","@id":"https:\/\/gimnasticdetarragona.cat\/es\/#\/schema\/logo\/image\/","url":"https:\/\/gimnasticdetarragona.cat\/wp-content\/uploads\/2022\/06\/cropped-logo-gimnastic.png","contentUrl":"https:\/\/gimnasticdetarragona.cat\/wp-content\/uploads\/2022\/06\/cropped-logo-gimnastic.png","width":224,"height":83,"caption":"GIMN\u00c0STIC DE TARRAGONA"},"image":{"@id":"https:\/\/gimnasticdetarragona.cat\/es\/#\/schema\/logo\/image\/"},"sameAs":["https:\/\/x.com\/NASTICTARRAGONA","https:\/\/www.instagram.com\/nastictarragona\/"]},{"@type":"Person","@id":"https:\/\/gimnasticdetarragona.cat\/es\/#\/schema\/person\/47b6a637abf88f9bd835540f20ea069e","name":"desarrollo","sameAs":["https:\/\/clone.gimnasticdetarragona.cat"]}]}},"_links":{"self":[{"href":"https:\/\/gimnasticdetarragona.cat\/es\/wp-json\/wp\/v2\/posts\/61249","targetHints":{"allow":["GET"]}}],"collection":[{"href":"https:\/\/gimnasticdetarragona.cat\/es\/wp-json\/wp\/v2\/posts"}],"about":[{"href":"https:\/\/gimnasticdetarragona.cat\/es\/wp-json\/wp\/v2\/types\/post"}],"author":[{"embeddable":true,"href":"https:\/\/gimnasticdetarragona.cat\/es\/wp-json\/wp\/v2\/users\/1"}],"replies":[{"embeddable":true,"href":"https:\/\/gimnasticdetarragona.cat\/es\/wp-json\/wp\/v2\/comments?post=61249"}],"version-history":[{"count":0,"href":"https:\/\/gimnasticdetarragona.cat\/es\/wp-json\/wp\/v2\/posts\/61249\/revisions"}],"wp:featuredmedia":[{"embeddable":true,"href":"https:\/\/gimnasticdetarragona.cat\/es\/wp-json\/wp\/v2\/media\/61246"}],"wp:attachment":[{"href":"https:\/\/gimnasticdetarragona.cat\/es\/wp-json\/wp\/v2\/media?parent=61249"}],"wp:term":[{"taxonomy":"category","embeddable":true,"href":"https:\/\/gimnasticdetarragona.cat\/es\/wp-json\/wp\/v2\/categories?post=61249"},{"taxonomy":"post_tag","embeddable":true,"href":"https:\/\/gimnasticdetarragona.cat\/es\/wp-json\/wp\/v2\/tags?post=61249"}],"curies":[{"name":"wp","href":"https:\/\/api.w.org\/{rel}","templated":true}]}}