{"id":61265,"date":"2016-06-30T18:25:22","date_gmt":"2016-06-30T18:25:22","guid":{"rendered":"https:\/\/clone.gimnasticdetarragona.cat\/jugadors-grana-que-finalitzen-contracte-a-30616\/"},"modified":"2016-06-30T18:25:22","modified_gmt":"2016-06-30T18:25:22","slug":"jugadors-grana-que-finalitzen-contracte-a-30616","status":"publish","type":"post","link":"https:\/\/gimnasticdetarragona.cat\/es\/jugadors-grana-que-finalitzen-contracte-a-30616\/","title":{"rendered":"Jugadores grana que finalizan contrato a 30\/6\/16"},"content":{"rendered":"<p style=\"text-align: justify;\">El Gimn\u00e0stic de Tarragona, SAD informa que hoy, jueves 30 de junio, concluye oficialmente el curso deportivo 2015-2016. Un total de 8 futbolistas del primer equipo finalizan su vinculaci\u00f3n con el N\u00e0stic despu\u00e9s de completar la presente temporada, dejando de ser jugadores de la entidad grana a efectos contractuales y, por tanto, quedan libres de cualquier derecho y obligaci\u00f3n con el club.<\/p>\n<p style=\"text-align: justify;\">El Gimn\u00e0stic de Tarragona, SAD quiere agradecer a todos y cada uno de los jugadores que causan baja, el trabajo y esfuerzo mostrado para que el equipo lograra el mayor n\u00famero de victorias y los objetivos comunes en este curso 2015-2016, que han permitido conseguir una meritoria y destacada 3\u00aa posici\u00f3n en la clasificaci\u00f3n de la Liga Adelante.<\/p>\n<p style=\"text-align: justify;\">\n<p style=\"text-align: justify;\">Extinci\u00f3n de contratos:<\/p>\n<p style=\"text-align: justify;\"><strong>Xisco Mu\u00f1oz<\/strong><\/p>\n<p style=\"text-align: justify;\">El delantero balear anunci\u00f3 su retirada tras 17 a\u00f1os como futbolista profesional, y una temporada y media en las filas del N\u00e0stic. Xisco seguir\u00e1 vinculado al N\u00e0stic en un nuevo rol, ya que pasar\u00e1 a formar parte del cuerpo t\u00e9cnico del primer equipo en esta nueva campa\u00f1a 2016-2017 liderada por Vicente Moreno.<\/p>\n<p style=\"text-align: justify;\"><strong>An\u00edbal Zurdo<\/strong><\/p>\n<p style=\"text-align: justify;\">El hispanomexic\u00e0 que lleg\u00f3 al mercado de fichajes de invierno finaliza este per\u00edodo de seis meses a la plantilla grana. El delantero marcha con un bagaje de dos goles en los 857 minutos disputados en los 15 partidos que ha defendido la camiseta nastiquera.<\/p>\n<p style=\"text-align: justify;\"><strong>Miguel Palanca<\/strong><\/p>\n<p style=\"text-align: justify;\">El extremo queda libre tras jugar esta temporada con el club de su ciudad y conseguir tres goles entre las competiciones de liga y Copa del Rey. El tarraconense ha vestido la indumentaria grana en 19 partidos en la Liga Adelante.<\/p>\n<p style=\"text-align: justify;\"><strong>Marcos Jim\u00e9nez De la Espada<\/strong><\/p>\n<p style=\"text-align: justify;\">El delantero de Pollen\u00e7a finaliza una etapa de \u00e9xito de cuatro temporadas en Tarragona donde ha lucido el brazalete de capit\u00e1n en numerosos enfrentamientos. Hay que recordar que la pasada campa\u00f1a 2014-2015 se convirti\u00f3 en uno de los protagonistas del ascenso del equipo a la Segunda Divisi\u00f3n A. Marcos marcha con unos registros goleadores importantes, donde ha sumado un total de 43 goles en liga durante las cuatro campa\u00f1as de nastiquer.<\/p>\n<p style=\"text-align: justify;\"><strong>Levy Madinda<\/strong><\/p>\n<p style=\"text-align: justify;\">El centrocampista regresa a Vigo tras completar su cesi\u00f3n por media campa\u00f1a en el N\u00e0stic. El gabon\u00e9s ha acumulado un total de 1596 minutos sobre el c\u00e9sped, repartidos en 22 enfrentamientos de la Liga Adelante. Adem\u00e1s de conseguir un gol y recuperar 89 balones en defensa.<\/p>\n<p style=\"text-align: justify;\"><strong>Achille Eman\u00e1<\/strong><\/p>\n<p style=\"text-align: justify;\">El camerun\u00e9s ha completado una gran temporada con el N\u00e0stic y, finalmente, jugador y entidad no renovar\u00e1n su vinculaci\u00f3n para la campa\u00f1a 2016-2017. El veterano mediapunta ha sumado nueve dianas y seis asistencias durante los 39 partidos acumulados en liga como nastiquer. Achille Eman\u00e1 ha sido uno de los jugadores m\u00e1s destacados por parte de Laliga en la presente temporada de Segunda Divisi\u00f3n.<\/p>\n<p style=\"text-align: justify;\"><strong>Jordi Calavera<\/strong><\/p>\n<p style=\"text-align: justify;\">El canterano finaliza su etapa en el N\u00e0stic despu\u00e9s de ocho a\u00f1os en la disciplina, pasando por diferentes categor\u00edas del f\u00fatbol base y terminar debutante este a\u00f1o en el f\u00fatbol profesional con el primer equipo. El lateral de Cabra del Camp ha sumado un gol en nueve partidos disputados en la Liga Adelante, adem\u00e1s, de 29 recuperaciones.<\/p>\n<p style=\"text-align: justify;\"><strong>Iv\u00e1n Aguilar<\/strong><\/p>\n<p style=\"text-align: justify;\">El jugador ha sido cedido esta campa\u00f1a en el UCAM Murcia, equipo donde ha conseguido el ascenso a Segunda Divisi\u00f3n A, sumando un total de 11 dianas en 35 partidos de liga regular. El andaluz jug\u00f3 hace dos temporadas con el primer equipo y finaliza su etapa como futbolista del Gimn\u00e0stic de Tarragona tras dos cesiones consecutivas, en San Roque (14-15) y el UCAM Murcia (15-16).<\/p>\n","protected":false},"excerpt":{"rendered":"<p>El Gimn\u00e0stic de Tarragona, SAD informa que hoy, jueves 30 de junio, concluye oficialmente el curso deportivo 2015-2016. Un total de 8 futbolistas del primer equipo finalizan su vinculaci\u00f3n con el N\u00e0stic despu\u00e9s de completar la presente temporada, dejando de ser jugadores de la entidad grana a efectos contractuales y, por tanto, quedan libres de cualquier derecho y obligaci\u00f3n con el club.<\/p>\n","protected":false},"author":1,"featured_media":61262,"comment_status":"open","ping_status":"open","sticky":false,"template":"","format":"standard","meta":{"_acf_changed":false,"footnotes":""},"categories":[113],"tags":[],"class_list":["post-61265","post","type-post","status-publish","format-standard","has-post-thumbnail","hentry","category-actualidad"],"acf":[],"yoast_head":"<!-- This site is optimized with the Yoast SEO plugin v27.3 - https:\/\/yoast.com\/product\/yoast-seo-wordpress\/ -->\n<title>Jugadores grana que finalizan contrato a 30\/6\/16 - Gimn\u00e0stic de Tarragona SAD<\/title>\n<meta name=\"robots\" content=\"index, follow, max-snippet:-1, max-image-preview:large, max-video-preview:-1\" \/>\n<link rel=\"canonical\" href=\"https:\/\/gimnasticdetarragona.cat\/es\/jugadors-grana-que-finalitzen-contracte-a-30616\/\" \/>\n<meta property=\"og:locale\" content=\"es_ES\" \/>\n<meta property=\"og:type\" content=\"article\" \/>\n<meta property=\"og:title\" content=\"Jugadores grana que finalizan contrato a 30\/6\/16 - Gimn\u00e0stic de Tarragona SAD\" \/>\n<meta property=\"og:description\" content=\"El Gimn\u00e0stic de Tarragona, SAD informa que hoy, jueves 30 de junio, concluye oficialmente el curso deportivo 2015-2016. Un total de 8 futbolistas del primer equipo finalizan su vinculaci\u00f3n con el N\u00e0stic despu\u00e9s de completar la presente temporada, dejando de ser jugadores de la entidad grana a efectos contractuales y, por tanto, quedan libres de cualquier derecho y obligaci\u00f3n con el club.\" \/>\n<meta property=\"og:url\" content=\"https:\/\/gimnasticdetarragona.cat\/es\/jugadors-grana-que-finalitzen-contracte-a-30616\/\" \/>\n<meta property=\"og:site_name\" content=\"Gimn\u00e0stic de Tarragona SAD\" \/>\n<meta property=\"article:published_time\" content=\"2016-06-30T18:25:22+00:00\" \/>\n<meta property=\"og:image\" content=\"https:\/\/gimnasticdetarragona.cat\/wp-content\/uploads\/2022\/06\/05233919108660.jpg\" \/>\n\t<meta property=\"og:image:width\" content=\"660\" \/>\n\t<meta property=\"og:image:height\" content=\"330\" \/>\n\t<meta property=\"og:image:type\" content=\"image\/jpeg\" \/>\n<meta name=\"author\" content=\"desarrollo\" \/>\n<meta name=\"twitter:card\" content=\"summary_large_image\" \/>\n<meta name=\"twitter:creator\" content=\"@NASTICTARRAGONA\" \/>\n<meta name=\"twitter:site\" content=\"@NASTICTARRAGONA\" \/>\n<meta name=\"twitter:label1\" content=\"Escrito por\" \/>\n\t<meta name=\"twitter:data1\" content=\"desarrollo\" \/>\n\t<meta name=\"twitter:label2\" content=\"Tiempo de lectura\" \/>\n\t<meta name=\"twitter:data2\" content=\"3 minutos\" \/>\n<script type=\"application\/ld+json\" class=\"yoast-schema-graph\">{\"@context\":\"https:\\\/\\\/schema.org\",\"@graph\":[{\"@type\":\"Article\",\"@id\":\"https:\\\/\\\/gimnasticdetarragona.cat\\\/es\\\/jugadors-grana-que-finalitzen-contracte-a-30616\\\/#article\",\"isPartOf\":{\"@id\":\"https:\\\/\\\/gimnasticdetarragona.cat\\\/es\\\/jugadors-grana-que-finalitzen-contracte-a-30616\\\/\"},\"author\":{\"name\":\"desarrollo\",\"@id\":\"https:\\\/\\\/gimnasticdetarragona.cat\\\/es\\\/#\\\/schema\\\/person\\\/47b6a637abf88f9bd835540f20ea069e\"},\"headline\":\"Jugadores grana que finalizan contrato a 30\\\/6\\\/16\",\"datePublished\":\"2016-06-30T18:25:22+00:00\",\"mainEntityOfPage\":{\"@id\":\"https:\\\/\\\/gimnasticdetarragona.cat\\\/es\\\/jugadors-grana-que-finalitzen-contracte-a-30616\\\/\"},\"wordCount\":622,\"commentCount\":0,\"publisher\":{\"@id\":\"https:\\\/\\\/gimnasticdetarragona.cat\\\/es\\\/#organization\"},\"image\":{\"@id\":\"https:\\\/\\\/gimnasticdetarragona.cat\\\/es\\\/jugadors-grana-que-finalitzen-contracte-a-30616\\\/#primaryimage\"},\"thumbnailUrl\":\"https:\\\/\\\/gimnasticdetarragona.cat\\\/wp-content\\\/uploads\\\/2022\\\/06\\\/05233919108660.jpg\",\"articleSection\":[\"Actualidad\"],\"inLanguage\":\"es\"},{\"@type\":\"WebPage\",\"@id\":\"https:\\\/\\\/gimnasticdetarragona.cat\\\/es\\\/jugadors-grana-que-finalitzen-contracte-a-30616\\\/\",\"url\":\"https:\\\/\\\/gimnasticdetarragona.cat\\\/es\\\/jugadors-grana-que-finalitzen-contracte-a-30616\\\/\",\"name\":\"Jugadores grana que finalizan contrato a 30\\\/6\\\/16 - Gimn\u00e0stic de Tarragona SAD\",\"isPartOf\":{\"@id\":\"https:\\\/\\\/gimnasticdetarragona.cat\\\/es\\\/#website\"},\"primaryImageOfPage\":{\"@id\":\"https:\\\/\\\/gimnasticdetarragona.cat\\\/es\\\/jugadors-grana-que-finalitzen-contracte-a-30616\\\/#primaryimage\"},\"image\":{\"@id\":\"https:\\\/\\\/gimnasticdetarragona.cat\\\/es\\\/jugadors-grana-que-finalitzen-contracte-a-30616\\\/#primaryimage\"},\"thumbnailUrl\":\"https:\\\/\\\/gimnasticdetarragona.cat\\\/wp-content\\\/uploads\\\/2022\\\/06\\\/05233919108660.jpg\",\"datePublished\":\"2016-06-30T18:25:22+00:00\",\"breadcrumb\":{\"@id\":\"https:\\\/\\\/gimnasticdetarragona.cat\\\/es\\\/jugadors-grana-que-finalitzen-contracte-a-30616\\\/#breadcrumb\"},\"inLanguage\":\"es\",\"potentialAction\":[{\"@type\":\"ReadAction\",\"target\":[\"https:\\\/\\\/gimnasticdetarragona.cat\\\/es\\\/jugadors-grana-que-finalitzen-contracte-a-30616\\\/\"]}]},{\"@type\":\"ImageObject\",\"inLanguage\":\"es\",\"@id\":\"https:\\\/\\\/gimnasticdetarragona.cat\\\/es\\\/jugadors-grana-que-finalitzen-contracte-a-30616\\\/#primaryimage\",\"url\":\"https:\\\/\\\/gimnasticdetarragona.cat\\\/wp-content\\\/uploads\\\/2022\\\/06\\\/05233919108660.jpg\",\"contentUrl\":\"https:\\\/\\\/gimnasticdetarragona.cat\\\/wp-content\\\/uploads\\\/2022\\\/06\\\/05233919108660.jpg\",\"width\":660,\"height\":330},{\"@type\":\"BreadcrumbList\",\"@id\":\"https:\\\/\\\/gimnasticdetarragona.cat\\\/es\\\/jugadors-grana-que-finalitzen-contracte-a-30616\\\/#breadcrumb\",\"itemListElement\":[{\"@type\":\"ListItem\",\"position\":1,\"name\":\"Inici\",\"item\":\"https:\\\/\\\/gimnasticdetarragona.cat\\\/es\\\/nastic\\\/\"},{\"@type\":\"ListItem\",\"position\":2,\"name\":\"Jugadores grana que finalizan contrato a 30\\\/6\\\/16\"}]},{\"@type\":\"WebSite\",\"@id\":\"https:\\\/\\\/gimnasticdetarragona.cat\\\/es\\\/#website\",\"url\":\"https:\\\/\\\/gimnasticdetarragona.cat\\\/es\\\/\",\"name\":\"Gimn\u00e0stic de Tarragona SAD\",\"description\":\"Gimn\u00e0stic de Tarragona\",\"publisher\":{\"@id\":\"https:\\\/\\\/gimnasticdetarragona.cat\\\/es\\\/#organization\"},\"potentialAction\":[{\"@type\":\"SearchAction\",\"target\":{\"@type\":\"EntryPoint\",\"urlTemplate\":\"https:\\\/\\\/gimnasticdetarragona.cat\\\/es\\\/?s={search_term_string}\"},\"query-input\":{\"@type\":\"PropertyValueSpecification\",\"valueRequired\":true,\"valueName\":\"search_term_string\"}}],\"inLanguage\":\"es\"},{\"@type\":\"Organization\",\"@id\":\"https:\\\/\\\/gimnasticdetarragona.cat\\\/es\\\/#organization\",\"name\":\"GIMN\u00c0STIC DE TARRAGONA\",\"alternateName\":\"N\u00c0STIC\",\"url\":\"https:\\\/\\\/gimnasticdetarragona.cat\\\/es\\\/\",\"logo\":{\"@type\":\"ImageObject\",\"inLanguage\":\"es\",\"@id\":\"https:\\\/\\\/gimnasticdetarragona.cat\\\/es\\\/#\\\/schema\\\/logo\\\/image\\\/\",\"url\":\"https:\\\/\\\/gimnasticdetarragona.cat\\\/wp-content\\\/uploads\\\/2022\\\/06\\\/cropped-logo-gimnastic.png\",\"contentUrl\":\"https:\\\/\\\/gimnasticdetarragona.cat\\\/wp-content\\\/uploads\\\/2022\\\/06\\\/cropped-logo-gimnastic.png\",\"width\":224,\"height\":83,\"caption\":\"GIMN\u00c0STIC DE TARRAGONA\"},\"image\":{\"@id\":\"https:\\\/\\\/gimnasticdetarragona.cat\\\/es\\\/#\\\/schema\\\/logo\\\/image\\\/\"},\"sameAs\":[\"https:\\\/\\\/x.com\\\/NASTICTARRAGONA\",\"https:\\\/\\\/www.instagram.com\\\/nastictarragona\\\/\"]},{\"@type\":\"Person\",\"@id\":\"https:\\\/\\\/gimnasticdetarragona.cat\\\/es\\\/#\\\/schema\\\/person\\\/47b6a637abf88f9bd835540f20ea069e\",\"name\":\"desarrollo\",\"sameAs\":[\"https:\\\/\\\/clone.gimnasticdetarragona.cat\"]}]}<\/script>\n<!-- \/ Yoast SEO plugin. -->","yoast_head_json":{"title":"Jugadores grana que finalizan contrato a 30\/6\/16 - Gimn\u00e0stic de Tarragona SAD","robots":{"index":"index","follow":"follow","max-snippet":"max-snippet:-1","max-image-preview":"max-image-preview:large","max-video-preview":"max-video-preview:-1"},"canonical":"https:\/\/gimnasticdetarragona.cat\/es\/jugadors-grana-que-finalitzen-contracte-a-30616\/","og_locale":"es_ES","og_type":"article","og_title":"Jugadores grana que finalizan contrato a 30\/6\/16 - Gimn\u00e0stic de Tarragona SAD","og_description":"El Gimn\u00e0stic de Tarragona, SAD informa que hoy, jueves 30 de junio, concluye oficialmente el curso deportivo 2015-2016. Un total de 8 futbolistas del primer equipo finalizan su vinculaci\u00f3n con el N\u00e0stic despu\u00e9s de completar la presente temporada, dejando de ser jugadores de la entidad grana a efectos contractuales y, por tanto, quedan libres de cualquier derecho y obligaci\u00f3n con el club.","og_url":"https:\/\/gimnasticdetarragona.cat\/es\/jugadors-grana-que-finalitzen-contracte-a-30616\/","og_site_name":"Gimn\u00e0stic de Tarragona SAD","article_published_time":"2016-06-30T18:25:22+00:00","og_image":[{"width":660,"height":330,"url":"https:\/\/gimnasticdetarragona.cat\/wp-content\/uploads\/2022\/06\/05233919108660.jpg","type":"image\/jpeg"}],"author":"desarrollo","twitter_card":"summary_large_image","twitter_creator":"@NASTICTARRAGONA","twitter_site":"@NASTICTARRAGONA","twitter_misc":{"Escrito por":"desarrollo","Tiempo de lectura":"3 minutos"},"schema":{"@context":"https:\/\/schema.org","@graph":[{"@type":"Article","@id":"https:\/\/gimnasticdetarragona.cat\/es\/jugadors-grana-que-finalitzen-contracte-a-30616\/#article","isPartOf":{"@id":"https:\/\/gimnasticdetarragona.cat\/es\/jugadors-grana-que-finalitzen-contracte-a-30616\/"},"author":{"name":"desarrollo","@id":"https:\/\/gimnasticdetarragona.cat\/es\/#\/schema\/person\/47b6a637abf88f9bd835540f20ea069e"},"headline":"Jugadores grana que finalizan contrato a 30\/6\/16","datePublished":"2016-06-30T18:25:22+00:00","mainEntityOfPage":{"@id":"https:\/\/gimnasticdetarragona.cat\/es\/jugadors-grana-que-finalitzen-contracte-a-30616\/"},"wordCount":622,"commentCount":0,"publisher":{"@id":"https:\/\/gimnasticdetarragona.cat\/es\/#organization"},"image":{"@id":"https:\/\/gimnasticdetarragona.cat\/es\/jugadors-grana-que-finalitzen-contracte-a-30616\/#primaryimage"},"thumbnailUrl":"https:\/\/gimnasticdetarragona.cat\/wp-content\/uploads\/2022\/06\/05233919108660.jpg","articleSection":["Actualidad"],"inLanguage":"es"},{"@type":"WebPage","@id":"https:\/\/gimnasticdetarragona.cat\/es\/jugadors-grana-que-finalitzen-contracte-a-30616\/","url":"https:\/\/gimnasticdetarragona.cat\/es\/jugadors-grana-que-finalitzen-contracte-a-30616\/","name":"Jugadores grana que finalizan contrato a 30\/6\/16 - Gimn\u00e0stic de Tarragona SAD","isPartOf":{"@id":"https:\/\/gimnasticdetarragona.cat\/es\/#website"},"primaryImageOfPage":{"@id":"https:\/\/gimnasticdetarragona.cat\/es\/jugadors-grana-que-finalitzen-contracte-a-30616\/#primaryimage"},"image":{"@id":"https:\/\/gimnasticdetarragona.cat\/es\/jugadors-grana-que-finalitzen-contracte-a-30616\/#primaryimage"},"thumbnailUrl":"https:\/\/gimnasticdetarragona.cat\/wp-content\/uploads\/2022\/06\/05233919108660.jpg","datePublished":"2016-06-30T18:25:22+00:00","breadcrumb":{"@id":"https:\/\/gimnasticdetarragona.cat\/es\/jugadors-grana-que-finalitzen-contracte-a-30616\/#breadcrumb"},"inLanguage":"es","potentialAction":[{"@type":"ReadAction","target":["https:\/\/gimnasticdetarragona.cat\/es\/jugadors-grana-que-finalitzen-contracte-a-30616\/"]}]},{"@type":"ImageObject","inLanguage":"es","@id":"https:\/\/gimnasticdetarragona.cat\/es\/jugadors-grana-que-finalitzen-contracte-a-30616\/#primaryimage","url":"https:\/\/gimnasticdetarragona.cat\/wp-content\/uploads\/2022\/06\/05233919108660.jpg","contentUrl":"https:\/\/gimnasticdetarragona.cat\/wp-content\/uploads\/2022\/06\/05233919108660.jpg","width":660,"height":330},{"@type":"BreadcrumbList","@id":"https:\/\/gimnasticdetarragona.cat\/es\/jugadors-grana-que-finalitzen-contracte-a-30616\/#breadcrumb","itemListElement":[{"@type":"ListItem","position":1,"name":"Inici","item":"https:\/\/gimnasticdetarragona.cat\/es\/nastic\/"},{"@type":"ListItem","position":2,"name":"Jugadores grana que finalizan contrato a 30\/6\/16"}]},{"@type":"WebSite","@id":"https:\/\/gimnasticdetarragona.cat\/es\/#website","url":"https:\/\/gimnasticdetarragona.cat\/es\/","name":"Gimn\u00e0stic de Tarragona SAD","description":"Gimn\u00e0stic de Tarragona","publisher":{"@id":"https:\/\/gimnasticdetarragona.cat\/es\/#organization"},"potentialAction":[{"@type":"SearchAction","target":{"@type":"EntryPoint","urlTemplate":"https:\/\/gimnasticdetarragona.cat\/es\/?s={search_term_string}"},"query-input":{"@type":"PropertyValueSpecification","valueRequired":true,"valueName":"search_term_string"}}],"inLanguage":"es"},{"@type":"Organization","@id":"https:\/\/gimnasticdetarragona.cat\/es\/#organization","name":"GIMN\u00c0STIC DE TARRAGONA","alternateName":"N\u00c0STIC","url":"https:\/\/gimnasticdetarragona.cat\/es\/","logo":{"@type":"ImageObject","inLanguage":"es","@id":"https:\/\/gimnasticdetarragona.cat\/es\/#\/schema\/logo\/image\/","url":"https:\/\/gimnasticdetarragona.cat\/wp-content\/uploads\/2022\/06\/cropped-logo-gimnastic.png","contentUrl":"https:\/\/gimnasticdetarragona.cat\/wp-content\/uploads\/2022\/06\/cropped-logo-gimnastic.png","width":224,"height":83,"caption":"GIMN\u00c0STIC DE TARRAGONA"},"image":{"@id":"https:\/\/gimnasticdetarragona.cat\/es\/#\/schema\/logo\/image\/"},"sameAs":["https:\/\/x.com\/NASTICTARRAGONA","https:\/\/www.instagram.com\/nastictarragona\/"]},{"@type":"Person","@id":"https:\/\/gimnasticdetarragona.cat\/es\/#\/schema\/person\/47b6a637abf88f9bd835540f20ea069e","name":"desarrollo","sameAs":["https:\/\/clone.gimnasticdetarragona.cat"]}]}},"_links":{"self":[{"href":"https:\/\/gimnasticdetarragona.cat\/es\/wp-json\/wp\/v2\/posts\/61265","targetHints":{"allow":["GET"]}}],"collection":[{"href":"https:\/\/gimnasticdetarragona.cat\/es\/wp-json\/wp\/v2\/posts"}],"about":[{"href":"https:\/\/gimnasticdetarragona.cat\/es\/wp-json\/wp\/v2\/types\/post"}],"author":[{"embeddable":true,"href":"https:\/\/gimnasticdetarragona.cat\/es\/wp-json\/wp\/v2\/users\/1"}],"replies":[{"embeddable":true,"href":"https:\/\/gimnasticdetarragona.cat\/es\/wp-json\/wp\/v2\/comments?post=61265"}],"version-history":[{"count":0,"href":"https:\/\/gimnasticdetarragona.cat\/es\/wp-json\/wp\/v2\/posts\/61265\/revisions"}],"wp:featuredmedia":[{"embeddable":true,"href":"https:\/\/gimnasticdetarragona.cat\/es\/wp-json\/wp\/v2\/media\/61262"}],"wp:attachment":[{"href":"https:\/\/gimnasticdetarragona.cat\/es\/wp-json\/wp\/v2\/media?parent=61265"}],"wp:term":[{"taxonomy":"category","embeddable":true,"href":"https:\/\/gimnasticdetarragona.cat\/es\/wp-json\/wp\/v2\/categories?post=61265"},{"taxonomy":"post_tag","embeddable":true,"href":"https:\/\/gimnasticdetarragona.cat\/es\/wp-json\/wp\/v2\/tags?post=61265"}],"curies":[{"name":"wp","href":"https:\/\/api.w.org\/{rel}","templated":true}]}}