{"id":61293,"date":"2016-06-23T18:47:30","date_gmt":"2016-06-23T18:47:30","guid":{"rendered":"https:\/\/clone.gimnasticdetarragona.cat\/rodri-nova-incorporacio-de-la-pobla\/"},"modified":"2016-06-23T18:47:30","modified_gmt":"2016-06-23T18:47:30","slug":"rodri-nova-incorporacio-de-la-pobla","status":"publish","type":"post","link":"https:\/\/gimnasticdetarragona.cat\/es\/rodri-nova-incorporacio-de-la-pobla\/","title":{"rendered":"Rodri, nueva incorporaci\u00f3n de La Pobla"},"content":{"rendered":"<p style=\"text-align: justify;\">El joven delantero Rodrigo Pascual Cuenca Duarte &#8216;Rodri&#8217; (Asunci\u00f3n, Paraguay, 18 de mayo de 1996) se incorporar\u00e1 a la disciplina grana en calidad de cedido hasta 30 de junio de 2017. El futbolista llega procedente del Atl\u00e9tico Baleares y el Gimn\u00e0stic de Tarragona se reserva una opci\u00f3n de compra.<\/p>\n<p style=\"text-align: justify;\">Rodri juega en la posici\u00f3n de media punta o segundo delantero, y tambi\u00e9n puede ocupar la zona del extremo izquierdo del ataque. El jugador de 20 a\u00f1os destaca por su velocidad y desequilibrio, mostrando una gran proyecci\u00f3n de futuro. En la presente temporada ha disputado numerosos partidos en las filas del conjunto isle\u00f1o, al grupo III de la Segunda Divisi\u00f3n B. El jugador realizar\u00e1 la pretemporada con el primer equipo, bajo las \u00f3rdenes de Vicente Moreno, y formar\u00e1 parte de la plantilla 2016-2017 del filial nastiquer, el CF Pobla de Mafumet.<\/p>\n<p>&nbsp;<\/p>\n<p>Foto: Guillem S\u00e1nchez<\/p>\n","protected":false},"excerpt":{"rendered":"<p>El joven delantero Rodrigo Pascual Cuenca Duarte &#8216;Rodri&#8217; (Asunci\u00f3n, Paraguay, 18 de mayo de 1996) se incorporar\u00e1 a la disciplina grana en calidad de cedido hasta 30 de junio de 2017. El futbolista llega procedente del Atl\u00e9tico Baleares y el Gimn\u00e0stic de Tarragona se reserva una opci\u00f3n de compra.<\/p>\n","protected":false},"author":1,"featured_media":61290,"comment_status":"open","ping_status":"open","sticky":false,"template":"","format":"standard","meta":{"_acf_changed":false,"footnotes":""},"categories":[113,126],"tags":[],"class_list":["post-61293","post","type-post","status-publish","format-standard","has-post-thumbnail","hentry","category-actualidad","category-primer-equipo"],"acf":[],"yoast_head":"<!-- This site is optimized with the Yoast SEO plugin v27.3 - https:\/\/yoast.com\/product\/yoast-seo-wordpress\/ -->\n<title>Rodri, nueva incorporaci\u00f3n de La Pobla - Gimn\u00e0stic de Tarragona SAD<\/title>\n<meta name=\"robots\" content=\"index, follow, max-snippet:-1, max-image-preview:large, max-video-preview:-1\" \/>\n<link rel=\"canonical\" href=\"https:\/\/gimnasticdetarragona.cat\/rodri-nova-incorporacio-de-la-pobla\/\" \/>\n<meta property=\"og:locale\" content=\"es_ES\" \/>\n<meta property=\"og:type\" content=\"article\" \/>\n<meta property=\"og:title\" content=\"Rodri, nueva incorporaci\u00f3n de La Pobla - Gimn\u00e0stic de Tarragona SAD\" \/>\n<meta property=\"og:description\" content=\"El joven delantero Rodrigo Pascual Cuenca Duarte &#039;Rodri&#039; (Asunci\u00f3n, Paraguay, 18 de mayo de 1996) se incorporar\u00e1 a la disciplina grana en calidad de cedido hasta 30 de junio de 2017. El futbolista llega procedente del Atl\u00e9tico Baleares y el Gimn\u00e0stic de Tarragona se reserva una opci\u00f3n de compra.\" \/>\n<meta property=\"og:url\" content=\"https:\/\/gimnasticdetarragona.cat\/rodri-nova-incorporacio-de-la-pobla\/\" \/>\n<meta property=\"og:site_name\" content=\"Gimn\u00e0stic de Tarragona SAD\" \/>\n<meta property=\"article:published_time\" content=\"2016-06-23T18:47:30+00:00\" \/>\n<meta property=\"og:image\" content=\"https:\/\/gimnasticdetarragona.cat\/wp-content\/uploads\/2022\/06\/05233916108251.jpg\" \/>\n\t<meta property=\"og:image:width\" content=\"734\" \/>\n\t<meta property=\"og:image:height\" content=\"490\" \/>\n\t<meta property=\"og:image:type\" content=\"image\/jpeg\" \/>\n<meta name=\"author\" content=\"desarrollo\" \/>\n<meta name=\"twitter:card\" content=\"summary_large_image\" \/>\n<meta name=\"twitter:creator\" content=\"@NASTICTARRAGONA\" \/>\n<meta name=\"twitter:site\" content=\"@NASTICTARRAGONA\" \/>\n<meta name=\"twitter:label1\" content=\"Escrito por\" \/>\n\t<meta name=\"twitter:data1\" content=\"desarrollo\" \/>\n\t<meta name=\"twitter:label2\" content=\"Tiempo de lectura\" \/>\n\t<meta name=\"twitter:data2\" content=\"1 minuto\" \/>\n<script type=\"application\/ld+json\" class=\"yoast-schema-graph\">{\"@context\":\"https:\\\/\\\/schema.org\",\"@graph\":[{\"@type\":\"Article\",\"@id\":\"https:\\\/\\\/gimnasticdetarragona.cat\\\/rodri-nova-incorporacio-de-la-pobla\\\/#article\",\"isPartOf\":{\"@id\":\"https:\\\/\\\/gimnasticdetarragona.cat\\\/rodri-nova-incorporacio-de-la-pobla\\\/\"},\"author\":{\"name\":\"desarrollo\",\"@id\":\"https:\\\/\\\/gimnasticdetarragona.cat\\\/es\\\/#\\\/schema\\\/person\\\/47b6a637abf88f9bd835540f20ea069e\"},\"headline\":\"Rodri, nueva incorporaci\u00f3n de La Pobla\",\"datePublished\":\"2016-06-23T18:47:30+00:00\",\"mainEntityOfPage\":{\"@id\":\"https:\\\/\\\/gimnasticdetarragona.cat\\\/rodri-nova-incorporacio-de-la-pobla\\\/\"},\"wordCount\":157,\"commentCount\":0,\"publisher\":{\"@id\":\"https:\\\/\\\/gimnasticdetarragona.cat\\\/es\\\/#organization\"},\"image\":{\"@id\":\"https:\\\/\\\/gimnasticdetarragona.cat\\\/rodri-nova-incorporacio-de-la-pobla\\\/#primaryimage\"},\"thumbnailUrl\":\"https:\\\/\\\/gimnasticdetarragona.cat\\\/wp-content\\\/uploads\\\/2022\\\/06\\\/05233916108251.jpg\",\"articleSection\":[\"Actualidad\",\"Primer Equipo\"],\"inLanguage\":\"es\"},{\"@type\":\"WebPage\",\"@id\":\"https:\\\/\\\/gimnasticdetarragona.cat\\\/rodri-nova-incorporacio-de-la-pobla\\\/\",\"url\":\"https:\\\/\\\/gimnasticdetarragona.cat\\\/rodri-nova-incorporacio-de-la-pobla\\\/\",\"name\":\"Rodri, nueva incorporaci\u00f3n de La Pobla - Gimn\u00e0stic de Tarragona SAD\",\"isPartOf\":{\"@id\":\"https:\\\/\\\/gimnasticdetarragona.cat\\\/es\\\/#website\"},\"primaryImageOfPage\":{\"@id\":\"https:\\\/\\\/gimnasticdetarragona.cat\\\/rodri-nova-incorporacio-de-la-pobla\\\/#primaryimage\"},\"image\":{\"@id\":\"https:\\\/\\\/gimnasticdetarragona.cat\\\/rodri-nova-incorporacio-de-la-pobla\\\/#primaryimage\"},\"thumbnailUrl\":\"https:\\\/\\\/gimnasticdetarragona.cat\\\/wp-content\\\/uploads\\\/2022\\\/06\\\/05233916108251.jpg\",\"datePublished\":\"2016-06-23T18:47:30+00:00\",\"breadcrumb\":{\"@id\":\"https:\\\/\\\/gimnasticdetarragona.cat\\\/rodri-nova-incorporacio-de-la-pobla\\\/#breadcrumb\"},\"inLanguage\":\"es\",\"potentialAction\":[{\"@type\":\"ReadAction\",\"target\":[\"https:\\\/\\\/gimnasticdetarragona.cat\\\/rodri-nova-incorporacio-de-la-pobla\\\/\"]}]},{\"@type\":\"ImageObject\",\"inLanguage\":\"es\",\"@id\":\"https:\\\/\\\/gimnasticdetarragona.cat\\\/rodri-nova-incorporacio-de-la-pobla\\\/#primaryimage\",\"url\":\"https:\\\/\\\/gimnasticdetarragona.cat\\\/wp-content\\\/uploads\\\/2022\\\/06\\\/05233916108251.jpg\",\"contentUrl\":\"https:\\\/\\\/gimnasticdetarragona.cat\\\/wp-content\\\/uploads\\\/2022\\\/06\\\/05233916108251.jpg\",\"width\":734,\"height\":490},{\"@type\":\"BreadcrumbList\",\"@id\":\"https:\\\/\\\/gimnasticdetarragona.cat\\\/rodri-nova-incorporacio-de-la-pobla\\\/#breadcrumb\",\"itemListElement\":[{\"@type\":\"ListItem\",\"position\":1,\"name\":\"Inici\",\"item\":\"https:\\\/\\\/gimnasticdetarragona.cat\\\/es\\\/nastic\\\/\"},{\"@type\":\"ListItem\",\"position\":2,\"name\":\"Rodri, nueva incorporaci\u00f3n de La Pobla\"}]},{\"@type\":\"WebSite\",\"@id\":\"https:\\\/\\\/gimnasticdetarragona.cat\\\/es\\\/#website\",\"url\":\"https:\\\/\\\/gimnasticdetarragona.cat\\\/es\\\/\",\"name\":\"Gimn\u00e0stic de Tarragona SAD\",\"description\":\"Gimn\u00e0stic de Tarragona\",\"publisher\":{\"@id\":\"https:\\\/\\\/gimnasticdetarragona.cat\\\/es\\\/#organization\"},\"potentialAction\":[{\"@type\":\"SearchAction\",\"target\":{\"@type\":\"EntryPoint\",\"urlTemplate\":\"https:\\\/\\\/gimnasticdetarragona.cat\\\/es\\\/?s={search_term_string}\"},\"query-input\":{\"@type\":\"PropertyValueSpecification\",\"valueRequired\":true,\"valueName\":\"search_term_string\"}}],\"inLanguage\":\"es\"},{\"@type\":\"Organization\",\"@id\":\"https:\\\/\\\/gimnasticdetarragona.cat\\\/es\\\/#organization\",\"name\":\"GIMN\u00c0STIC DE TARRAGONA\",\"alternateName\":\"N\u00c0STIC\",\"url\":\"https:\\\/\\\/gimnasticdetarragona.cat\\\/es\\\/\",\"logo\":{\"@type\":\"ImageObject\",\"inLanguage\":\"es\",\"@id\":\"https:\\\/\\\/gimnasticdetarragona.cat\\\/es\\\/#\\\/schema\\\/logo\\\/image\\\/\",\"url\":\"https:\\\/\\\/gimnasticdetarragona.cat\\\/wp-content\\\/uploads\\\/2022\\\/06\\\/cropped-logo-gimnastic.png\",\"contentUrl\":\"https:\\\/\\\/gimnasticdetarragona.cat\\\/wp-content\\\/uploads\\\/2022\\\/06\\\/cropped-logo-gimnastic.png\",\"width\":224,\"height\":83,\"caption\":\"GIMN\u00c0STIC DE TARRAGONA\"},\"image\":{\"@id\":\"https:\\\/\\\/gimnasticdetarragona.cat\\\/es\\\/#\\\/schema\\\/logo\\\/image\\\/\"},\"sameAs\":[\"https:\\\/\\\/x.com\\\/NASTICTARRAGONA\",\"https:\\\/\\\/www.instagram.com\\\/nastictarragona\\\/\"]},{\"@type\":\"Person\",\"@id\":\"https:\\\/\\\/gimnasticdetarragona.cat\\\/es\\\/#\\\/schema\\\/person\\\/47b6a637abf88f9bd835540f20ea069e\",\"name\":\"desarrollo\",\"sameAs\":[\"https:\\\/\\\/clone.gimnasticdetarragona.cat\"]}]}<\/script>\n<!-- \/ Yoast SEO plugin. -->","yoast_head_json":{"title":"Rodri, nueva incorporaci\u00f3n de La Pobla - Gimn\u00e0stic de Tarragona SAD","robots":{"index":"index","follow":"follow","max-snippet":"max-snippet:-1","max-image-preview":"max-image-preview:large","max-video-preview":"max-video-preview:-1"},"canonical":"https:\/\/gimnasticdetarragona.cat\/rodri-nova-incorporacio-de-la-pobla\/","og_locale":"es_ES","og_type":"article","og_title":"Rodri, nueva incorporaci\u00f3n de La Pobla - Gimn\u00e0stic de Tarragona SAD","og_description":"El joven delantero Rodrigo Pascual Cuenca Duarte 'Rodri' (Asunci\u00f3n, Paraguay, 18 de mayo de 1996) se incorporar\u00e1 a la disciplina grana en calidad de cedido hasta 30 de junio de 2017. El futbolista llega procedente del Atl\u00e9tico Baleares y el Gimn\u00e0stic de Tarragona se reserva una opci\u00f3n de compra.","og_url":"https:\/\/gimnasticdetarragona.cat\/rodri-nova-incorporacio-de-la-pobla\/","og_site_name":"Gimn\u00e0stic de Tarragona SAD","article_published_time":"2016-06-23T18:47:30+00:00","og_image":[{"width":734,"height":490,"url":"https:\/\/gimnasticdetarragona.cat\/wp-content\/uploads\/2022\/06\/05233916108251.jpg","type":"image\/jpeg"}],"author":"desarrollo","twitter_card":"summary_large_image","twitter_creator":"@NASTICTARRAGONA","twitter_site":"@NASTICTARRAGONA","twitter_misc":{"Escrito por":"desarrollo","Tiempo de lectura":"1 minuto"},"schema":{"@context":"https:\/\/schema.org","@graph":[{"@type":"Article","@id":"https:\/\/gimnasticdetarragona.cat\/rodri-nova-incorporacio-de-la-pobla\/#article","isPartOf":{"@id":"https:\/\/gimnasticdetarragona.cat\/rodri-nova-incorporacio-de-la-pobla\/"},"author":{"name":"desarrollo","@id":"https:\/\/gimnasticdetarragona.cat\/es\/#\/schema\/person\/47b6a637abf88f9bd835540f20ea069e"},"headline":"Rodri, nueva incorporaci\u00f3n de La Pobla","datePublished":"2016-06-23T18:47:30+00:00","mainEntityOfPage":{"@id":"https:\/\/gimnasticdetarragona.cat\/rodri-nova-incorporacio-de-la-pobla\/"},"wordCount":157,"commentCount":0,"publisher":{"@id":"https:\/\/gimnasticdetarragona.cat\/es\/#organization"},"image":{"@id":"https:\/\/gimnasticdetarragona.cat\/rodri-nova-incorporacio-de-la-pobla\/#primaryimage"},"thumbnailUrl":"https:\/\/gimnasticdetarragona.cat\/wp-content\/uploads\/2022\/06\/05233916108251.jpg","articleSection":["Actualidad","Primer Equipo"],"inLanguage":"es"},{"@type":"WebPage","@id":"https:\/\/gimnasticdetarragona.cat\/rodri-nova-incorporacio-de-la-pobla\/","url":"https:\/\/gimnasticdetarragona.cat\/rodri-nova-incorporacio-de-la-pobla\/","name":"Rodri, nueva incorporaci\u00f3n de La Pobla - Gimn\u00e0stic de Tarragona SAD","isPartOf":{"@id":"https:\/\/gimnasticdetarragona.cat\/es\/#website"},"primaryImageOfPage":{"@id":"https:\/\/gimnasticdetarragona.cat\/rodri-nova-incorporacio-de-la-pobla\/#primaryimage"},"image":{"@id":"https:\/\/gimnasticdetarragona.cat\/rodri-nova-incorporacio-de-la-pobla\/#primaryimage"},"thumbnailUrl":"https:\/\/gimnasticdetarragona.cat\/wp-content\/uploads\/2022\/06\/05233916108251.jpg","datePublished":"2016-06-23T18:47:30+00:00","breadcrumb":{"@id":"https:\/\/gimnasticdetarragona.cat\/rodri-nova-incorporacio-de-la-pobla\/#breadcrumb"},"inLanguage":"es","potentialAction":[{"@type":"ReadAction","target":["https:\/\/gimnasticdetarragona.cat\/rodri-nova-incorporacio-de-la-pobla\/"]}]},{"@type":"ImageObject","inLanguage":"es","@id":"https:\/\/gimnasticdetarragona.cat\/rodri-nova-incorporacio-de-la-pobla\/#primaryimage","url":"https:\/\/gimnasticdetarragona.cat\/wp-content\/uploads\/2022\/06\/05233916108251.jpg","contentUrl":"https:\/\/gimnasticdetarragona.cat\/wp-content\/uploads\/2022\/06\/05233916108251.jpg","width":734,"height":490},{"@type":"BreadcrumbList","@id":"https:\/\/gimnasticdetarragona.cat\/rodri-nova-incorporacio-de-la-pobla\/#breadcrumb","itemListElement":[{"@type":"ListItem","position":1,"name":"Inici","item":"https:\/\/gimnasticdetarragona.cat\/es\/nastic\/"},{"@type":"ListItem","position":2,"name":"Rodri, nueva incorporaci\u00f3n de La Pobla"}]},{"@type":"WebSite","@id":"https:\/\/gimnasticdetarragona.cat\/es\/#website","url":"https:\/\/gimnasticdetarragona.cat\/es\/","name":"Gimn\u00e0stic de Tarragona SAD","description":"Gimn\u00e0stic de Tarragona","publisher":{"@id":"https:\/\/gimnasticdetarragona.cat\/es\/#organization"},"potentialAction":[{"@type":"SearchAction","target":{"@type":"EntryPoint","urlTemplate":"https:\/\/gimnasticdetarragona.cat\/es\/?s={search_term_string}"},"query-input":{"@type":"PropertyValueSpecification","valueRequired":true,"valueName":"search_term_string"}}],"inLanguage":"es"},{"@type":"Organization","@id":"https:\/\/gimnasticdetarragona.cat\/es\/#organization","name":"GIMN\u00c0STIC DE TARRAGONA","alternateName":"N\u00c0STIC","url":"https:\/\/gimnasticdetarragona.cat\/es\/","logo":{"@type":"ImageObject","inLanguage":"es","@id":"https:\/\/gimnasticdetarragona.cat\/es\/#\/schema\/logo\/image\/","url":"https:\/\/gimnasticdetarragona.cat\/wp-content\/uploads\/2022\/06\/cropped-logo-gimnastic.png","contentUrl":"https:\/\/gimnasticdetarragona.cat\/wp-content\/uploads\/2022\/06\/cropped-logo-gimnastic.png","width":224,"height":83,"caption":"GIMN\u00c0STIC DE TARRAGONA"},"image":{"@id":"https:\/\/gimnasticdetarragona.cat\/es\/#\/schema\/logo\/image\/"},"sameAs":["https:\/\/x.com\/NASTICTARRAGONA","https:\/\/www.instagram.com\/nastictarragona\/"]},{"@type":"Person","@id":"https:\/\/gimnasticdetarragona.cat\/es\/#\/schema\/person\/47b6a637abf88f9bd835540f20ea069e","name":"desarrollo","sameAs":["https:\/\/clone.gimnasticdetarragona.cat"]}]}},"_links":{"self":[{"href":"https:\/\/gimnasticdetarragona.cat\/es\/wp-json\/wp\/v2\/posts\/61293","targetHints":{"allow":["GET"]}}],"collection":[{"href":"https:\/\/gimnasticdetarragona.cat\/es\/wp-json\/wp\/v2\/posts"}],"about":[{"href":"https:\/\/gimnasticdetarragona.cat\/es\/wp-json\/wp\/v2\/types\/post"}],"author":[{"embeddable":true,"href":"https:\/\/gimnasticdetarragona.cat\/es\/wp-json\/wp\/v2\/users\/1"}],"replies":[{"embeddable":true,"href":"https:\/\/gimnasticdetarragona.cat\/es\/wp-json\/wp\/v2\/comments?post=61293"}],"version-history":[{"count":0,"href":"https:\/\/gimnasticdetarragona.cat\/es\/wp-json\/wp\/v2\/posts\/61293\/revisions"}],"wp:featuredmedia":[{"embeddable":true,"href":"https:\/\/gimnasticdetarragona.cat\/es\/wp-json\/wp\/v2\/media\/61290"}],"wp:attachment":[{"href":"https:\/\/gimnasticdetarragona.cat\/es\/wp-json\/wp\/v2\/media?parent=61293"}],"wp:term":[{"taxonomy":"category","embeddable":true,"href":"https:\/\/gimnasticdetarragona.cat\/es\/wp-json\/wp\/v2\/categories?post=61293"},{"taxonomy":"post_tag","embeddable":true,"href":"https:\/\/gimnasticdetarragona.cat\/es\/wp-json\/wp\/v2\/tags?post=61293"}],"curies":[{"name":"wp","href":"https:\/\/api.w.org\/{rel}","templated":true}]}}