{"id":61429,"date":"2016-06-04T22:21:47","date_gmt":"2016-06-04T22:21:47","guid":{"rendered":"https:\/\/clone.gimnasticdetarragona.cat\/nastic-1-1-alaves\/"},"modified":"2016-06-04T22:21:47","modified_gmt":"2016-06-04T22:21:47","slug":"nastic-1-1-alaves","status":"publish","type":"post","link":"https:\/\/gimnasticdetarragona.cat\/es\/nastic-1-1-alaves\/","title":{"rendered":"N\u00e0stic 1 &#8211; 1 Deportivo Alav\u00e9s"},"content":{"rendered":"<p style=\"text-align: justify;\"><strong>El N\u00e0stic empata con el Alav\u00e9s en un partido en el que ha sido superior a los 90 minutos, y jugar\u00e1 el play-off de ascenso a Primera Divisi\u00f3n<\/strong><\/p>\n<p style=\"text-align: justify;\">El N\u00e0stic ha salido muy enchufado al partido, consciente de lo que se jugaba y de que tan s\u00f3lo la victoria serv\u00eda para so\u00f1ar. Las primeras llegadas han sido por los granas\u00a0pero sin demasiado peligro. El primer disparo del partido, pero ha sido el visitante Pacheco, que lo ha probado de lejos. Su disparo se march\u00f3 alto por encima de la porter\u00eda de Reina. La respuesta local no se hizo esperar y en la salida de un corner, Molina aprovech\u00f3 un bal\u00f3n peinado por Toquero por enganch\u00f3 un gran disparo que se march\u00f3 fuera por poco.<\/p>\n<p style=\"text-align: justify;\">Los siguientes 10 minutos fueron un recital grana, con llegadas constantes de los de Vicente Moreno. En el minuto 10, Valent\u00edn ha desbordado por banda derecha llegando hasta la l\u00ednea de fondo. Su centro lo ha enviado la defensa a c\u00f3rner. Un minuto m\u00e1s tarde, una gran combinaci\u00f3n entre Eman\u00e1 y Lobato ha estado a punto de aprovecharla An\u00edbal para hacer el primero del partido, pero su disparo sali\u00f3 demasiado suave, f\u00e1cil para Torres.<\/p>\n<p style=\"text-align: justify;\">En el minuto 14 han sido Naranjo y Lobato los que han combinado dentro del \u00e1rea rival, pero el disparo del barcelon\u00e9s ha acabado en las manos del portero. Un minuto m\u00e1s tarde fue el Alav\u00e9s quien lo ha intentado de muy lejos pero Reina, atento, ha parado el bal\u00f3n con seguridad. En el 16&#8242;, Eman\u00e1 recuper\u00f3 un bal\u00f3n en campo ofensivo y tras una buena combinaci\u00f3n entre Mossa, An\u00edbal y Naranjo el disparo del andaluz lo ha parado el portero. Dos minutos m\u00e1s tarde, Eman\u00e1 ha estado a punto de aprovechar un despiste de la defensa vasca para marcar, pero de nuevo Torres evit\u00f3 el gol.<\/p>\n<p style=\"text-align: justify;\">El Alav\u00e9s solo\u00a0se acercaba al \u00e1rea de Reina con alguna contra poco peligrosa o con acciones a bal\u00f3n parado. Precisamente de falta han buscado el gol los visitantes. La centrada la ha rechazado con problemas la defensa local. Acto seguido, el N\u00e0stic ha disfrutado de dos muy buenas ocasiones de An\u00edbal. Primero la defensa, tras un buen pase en profundidad de Eman\u00e1, evit\u00f3 el gol. Y en la siguiente acci\u00f3n, de nuevo Eman\u00e1 ha dejado para An\u00edbal pero su disparo a la media vuelta lo ha parado el portero. En el 25&#8242; fue Tejera quien lo ha probado de lejos con un disparo que ha ido demasiado centrado a las manos del Torres. Antes del descanso, el N\u00e0stic a\u00fan ha disfrutado de un par de llegadas pero el marcador no ha variado. Al descanso se lleg\u00f3 con el empate a cero en el marcador, pero con la sensaci\u00f3n de que en un momento u otro llegar\u00eda el gol local.<\/p>\n<p style=\"text-align: justify;\">La segunda parte comenz\u00f3 con la misma t\u00f3nica. El N\u00e0stic dominante y buscando el gol, y el Alav\u00e9s esperando detr\u00e1s. En el minuto 54&#8242; el N\u00e0stic ha disfrutado de una buena ocasi\u00f3n a bal\u00f3n parado, pero el disparo de falta de Naranjo ha marchado desviado a la izquierda de la porter\u00eda del Alav\u00e9s. En el 61&#8242;, de nuevo Naranjo, ha enviado una nueva pelota fuera. Los grana estaban cada vez m\u00e1s cerca del gol, pero la diana se segu\u00eda resistiendo. En el 61&#8242; ha sido de nuevo Naranjo quien lo ha probado sin fortuna con un disparo demasiado desviado. Tres minutos m\u00e1s tarde, el N\u00e0stic ha gozado de la ocasi\u00f3n m\u00e1s clara del partido. Los locales han tenido hasta tres opciones para marcar, en una jugada enrevesada, pero la defensa ha enviado a c\u00f3rner. Tejera ha sido el encargado de ponerla en el \u00e1rea y un gran Molina, de cabeza, ha hecho subir el 1-0 al marcador.<\/p>\n<p style=\"text-align: justify;\">A partir de aqu\u00ed los tarraconenses se han dedicado a controlar el partido, esperando que en Miranda se produjera el milagro. El gol del Mirand\u00e9s pero no llegaba y en el tramo final del partido, a la salida de un c\u00f3rner, el Alav\u00e9s ha conseguido el gol del empate. Este resultado no serv\u00eda al N\u00e0stic, que necesitaba ganar para superar al Legan\u00e9s en la clasificaci\u00f3n. El equipo lo ha intentado hasta el \u00faltimo instante pero el marcador ya no ha variado. Empate y play-off. El N\u00e0stic jugar\u00e1 el mi\u00e9rcoles en Pamplona y s\u00e1bado en casa ante Osasuna la primera eliminatoria del play-off de ascenso a Primera.<\/p>\n<p style=\"text-align: justify;\"><strong>Alineaciones<\/strong><\/p>\n<p style=\"text-align: justify;\">N\u00e0stic: M. Reina, Mossa, Xavi Molina, Suzuki, Gerard, L. Madinda, Tejera, C. Lobato (Marcos De la Espada, 64&#8242;), Eman\u00e1 (M. Mart\u00ednez, 87&#8242;), Naranjo y An\u00edbal.Z (J. Assoubre, 52&#8242;).<\/p>\n<p style=\"text-align: justify;\">Deportivo Alav\u00e9s: P. Torres, Carpio, Laguardia, Pacheco (Guich\u00f3n), Sergio Mora, I\u00f1aki, Borda, Toquero, Kiko (M. Barreiro, 64&#8242;), Bernardello, S. Llamas (Juli A.J., 60&#8242;).<\/p>\n<p style=\"text-align: justify;\"><strong>Tarjetas<\/strong><br \/>\nS. Llamas (12&#8242;), Bernardello (44&#8242;), Valent\u00edn (85&#8242;) y M. Mart\u00ednez (90+4).<\/p>\n<p style=\"text-align: justify;\"><strong>Goles<\/strong><\/p>\n<p style=\"text-align: justify;\">1-0, Xavi Molina (65&#8242;); 1-1, M. Barreiro (90&#8242;).<\/p>\n<p style=\"text-align: justify;\"><strong>\u00c1rbitro<\/strong><br \/>\nSr. Rub\u00e9n Eiriz Mata (Colegio gallego).<\/p>\n<p style=\"text-align: justify;\">Nou Estadi. 12.896 espectadores. Jornada 42 Liga Adelante (15\/16)<\/p>\n","protected":false},"excerpt":{"rendered":"<p>El N\u00e0stic empata con el Alav\u00e9s en un partido en el que ha sido superior a los 90 minutos, y jugar\u00e1 el play-off de ascenso a Primera Divisi\u00f3n<\/p>\n","protected":false},"author":1,"featured_media":61426,"comment_status":"open","ping_status":"open","sticky":false,"template":"","format":"standard","meta":{"_acf_changed":false,"footnotes":""},"categories":[113,126],"tags":[],"class_list":["post-61429","post","type-post","status-publish","format-standard","has-post-thumbnail","hentry","category-actualidad","category-primer-equipo"],"acf":[],"yoast_head":"<!-- This site is optimized with the Yoast SEO plugin v27.3 - https:\/\/yoast.com\/product\/yoast-seo-wordpress\/ -->\n<title>N\u00e0stic 1 - 1 Deportivo Alav\u00e9s - Gimn\u00e0stic de Tarragona SAD<\/title>\n<meta name=\"robots\" content=\"index, follow, max-snippet:-1, max-image-preview:large, max-video-preview:-1\" \/>\n<link rel=\"canonical\" href=\"https:\/\/gimnasticdetarragona.cat\/es\/nastic-1-1-alaves\/\" \/>\n<meta property=\"og:locale\" content=\"es_ES\" \/>\n<meta property=\"og:type\" content=\"article\" \/>\n<meta property=\"og:title\" content=\"N\u00e0stic 1 - 1 Deportivo Alav\u00e9s - Gimn\u00e0stic de Tarragona SAD\" \/>\n<meta property=\"og:description\" content=\"El N\u00e0stic empata con el Alav\u00e9s en un partido en el que ha sido superior a los 90 minutos, y jugar\u00e1 el play-off de ascenso a Primera Divisi\u00f3n\" \/>\n<meta property=\"og:url\" content=\"https:\/\/gimnasticdetarragona.cat\/es\/nastic-1-1-alaves\/\" \/>\n<meta property=\"og:site_name\" content=\"Gimn\u00e0stic de Tarragona SAD\" \/>\n<meta property=\"article:published_time\" content=\"2016-06-04T22:21:47+00:00\" \/>\n<meta property=\"og:image\" content=\"https:\/\/gimnasticdetarragona.cat\/wp-content\/uploads\/2022\/06\/05233850106762-scaled.jpg\" \/>\n\t<meta property=\"og:image:width\" content=\"2560\" \/>\n\t<meta property=\"og:image:height\" content=\"1707\" \/>\n\t<meta property=\"og:image:type\" content=\"image\/jpeg\" \/>\n<meta name=\"author\" content=\"desarrollo\" \/>\n<meta name=\"twitter:card\" content=\"summary_large_image\" \/>\n<meta name=\"twitter:creator\" content=\"@NASTICTARRAGONA\" \/>\n<meta name=\"twitter:site\" content=\"@NASTICTARRAGONA\" \/>\n<meta name=\"twitter:label1\" content=\"Escrito por\" \/>\n\t<meta name=\"twitter:data1\" content=\"desarrollo\" \/>\n\t<meta name=\"twitter:label2\" content=\"Tiempo de lectura\" \/>\n\t<meta name=\"twitter:data2\" content=\"4 minutos\" \/>\n<script type=\"application\/ld+json\" class=\"yoast-schema-graph\">{\"@context\":\"https:\\\/\\\/schema.org\",\"@graph\":[{\"@type\":\"Article\",\"@id\":\"https:\\\/\\\/gimnasticdetarragona.cat\\\/es\\\/nastic-1-1-alaves\\\/#article\",\"isPartOf\":{\"@id\":\"https:\\\/\\\/gimnasticdetarragona.cat\\\/es\\\/nastic-1-1-alaves\\\/\"},\"author\":{\"name\":\"desarrollo\",\"@id\":\"https:\\\/\\\/gimnasticdetarragona.cat\\\/es\\\/#\\\/schema\\\/person\\\/47b6a637abf88f9bd835540f20ea069e\"},\"headline\":\"N\u00e0stic 1 &#8211; 1 Deportivo Alav\u00e9s\",\"datePublished\":\"2016-06-04T22:21:47+00:00\",\"mainEntityOfPage\":{\"@id\":\"https:\\\/\\\/gimnasticdetarragona.cat\\\/es\\\/nastic-1-1-alaves\\\/\"},\"wordCount\":872,\"commentCount\":0,\"publisher\":{\"@id\":\"https:\\\/\\\/gimnasticdetarragona.cat\\\/es\\\/#organization\"},\"image\":{\"@id\":\"https:\\\/\\\/gimnasticdetarragona.cat\\\/es\\\/nastic-1-1-alaves\\\/#primaryimage\"},\"thumbnailUrl\":\"https:\\\/\\\/gimnasticdetarragona.cat\\\/wp-content\\\/uploads\\\/2022\\\/06\\\/05233850106762-scaled.jpg\",\"articleSection\":[\"Actualidad\",\"Primer Equipo\"],\"inLanguage\":\"es\"},{\"@type\":\"WebPage\",\"@id\":\"https:\\\/\\\/gimnasticdetarragona.cat\\\/es\\\/nastic-1-1-alaves\\\/\",\"url\":\"https:\\\/\\\/gimnasticdetarragona.cat\\\/es\\\/nastic-1-1-alaves\\\/\",\"name\":\"N\u00e0stic 1 - 1 Deportivo Alav\u00e9s - Gimn\u00e0stic de Tarragona SAD\",\"isPartOf\":{\"@id\":\"https:\\\/\\\/gimnasticdetarragona.cat\\\/es\\\/#website\"},\"primaryImageOfPage\":{\"@id\":\"https:\\\/\\\/gimnasticdetarragona.cat\\\/es\\\/nastic-1-1-alaves\\\/#primaryimage\"},\"image\":{\"@id\":\"https:\\\/\\\/gimnasticdetarragona.cat\\\/es\\\/nastic-1-1-alaves\\\/#primaryimage\"},\"thumbnailUrl\":\"https:\\\/\\\/gimnasticdetarragona.cat\\\/wp-content\\\/uploads\\\/2022\\\/06\\\/05233850106762-scaled.jpg\",\"datePublished\":\"2016-06-04T22:21:47+00:00\",\"breadcrumb\":{\"@id\":\"https:\\\/\\\/gimnasticdetarragona.cat\\\/es\\\/nastic-1-1-alaves\\\/#breadcrumb\"},\"inLanguage\":\"es\",\"potentialAction\":[{\"@type\":\"ReadAction\",\"target\":[\"https:\\\/\\\/gimnasticdetarragona.cat\\\/es\\\/nastic-1-1-alaves\\\/\"]}]},{\"@type\":\"ImageObject\",\"inLanguage\":\"es\",\"@id\":\"https:\\\/\\\/gimnasticdetarragona.cat\\\/es\\\/nastic-1-1-alaves\\\/#primaryimage\",\"url\":\"https:\\\/\\\/gimnasticdetarragona.cat\\\/wp-content\\\/uploads\\\/2022\\\/06\\\/05233850106762-scaled.jpg\",\"contentUrl\":\"https:\\\/\\\/gimnasticdetarragona.cat\\\/wp-content\\\/uploads\\\/2022\\\/06\\\/05233850106762-scaled.jpg\",\"width\":2560,\"height\":1707},{\"@type\":\"BreadcrumbList\",\"@id\":\"https:\\\/\\\/gimnasticdetarragona.cat\\\/es\\\/nastic-1-1-alaves\\\/#breadcrumb\",\"itemListElement\":[{\"@type\":\"ListItem\",\"position\":1,\"name\":\"Inici\",\"item\":\"https:\\\/\\\/gimnasticdetarragona.cat\\\/es\\\/nastic\\\/\"},{\"@type\":\"ListItem\",\"position\":2,\"name\":\"N\u00e0stic 1 &#8211; 1 Deportivo Alav\u00e9s\"}]},{\"@type\":\"WebSite\",\"@id\":\"https:\\\/\\\/gimnasticdetarragona.cat\\\/es\\\/#website\",\"url\":\"https:\\\/\\\/gimnasticdetarragona.cat\\\/es\\\/\",\"name\":\"Gimn\u00e0stic de Tarragona SAD\",\"description\":\"Gimn\u00e0stic de Tarragona\",\"publisher\":{\"@id\":\"https:\\\/\\\/gimnasticdetarragona.cat\\\/es\\\/#organization\"},\"potentialAction\":[{\"@type\":\"SearchAction\",\"target\":{\"@type\":\"EntryPoint\",\"urlTemplate\":\"https:\\\/\\\/gimnasticdetarragona.cat\\\/es\\\/?s={search_term_string}\"},\"query-input\":{\"@type\":\"PropertyValueSpecification\",\"valueRequired\":true,\"valueName\":\"search_term_string\"}}],\"inLanguage\":\"es\"},{\"@type\":\"Organization\",\"@id\":\"https:\\\/\\\/gimnasticdetarragona.cat\\\/es\\\/#organization\",\"name\":\"GIMN\u00c0STIC DE TARRAGONA\",\"alternateName\":\"N\u00c0STIC\",\"url\":\"https:\\\/\\\/gimnasticdetarragona.cat\\\/es\\\/\",\"logo\":{\"@type\":\"ImageObject\",\"inLanguage\":\"es\",\"@id\":\"https:\\\/\\\/gimnasticdetarragona.cat\\\/es\\\/#\\\/schema\\\/logo\\\/image\\\/\",\"url\":\"https:\\\/\\\/gimnasticdetarragona.cat\\\/wp-content\\\/uploads\\\/2022\\\/06\\\/cropped-logo-gimnastic.png\",\"contentUrl\":\"https:\\\/\\\/gimnasticdetarragona.cat\\\/wp-content\\\/uploads\\\/2022\\\/06\\\/cropped-logo-gimnastic.png\",\"width\":224,\"height\":83,\"caption\":\"GIMN\u00c0STIC DE TARRAGONA\"},\"image\":{\"@id\":\"https:\\\/\\\/gimnasticdetarragona.cat\\\/es\\\/#\\\/schema\\\/logo\\\/image\\\/\"},\"sameAs\":[\"https:\\\/\\\/x.com\\\/NASTICTARRAGONA\",\"https:\\\/\\\/www.instagram.com\\\/nastictarragona\\\/\"]},{\"@type\":\"Person\",\"@id\":\"https:\\\/\\\/gimnasticdetarragona.cat\\\/es\\\/#\\\/schema\\\/person\\\/47b6a637abf88f9bd835540f20ea069e\",\"name\":\"desarrollo\",\"sameAs\":[\"https:\\\/\\\/clone.gimnasticdetarragona.cat\"]}]}<\/script>\n<!-- \/ Yoast SEO plugin. -->","yoast_head_json":{"title":"N\u00e0stic 1 - 1 Deportivo Alav\u00e9s - Gimn\u00e0stic de Tarragona SAD","robots":{"index":"index","follow":"follow","max-snippet":"max-snippet:-1","max-image-preview":"max-image-preview:large","max-video-preview":"max-video-preview:-1"},"canonical":"https:\/\/gimnasticdetarragona.cat\/es\/nastic-1-1-alaves\/","og_locale":"es_ES","og_type":"article","og_title":"N\u00e0stic 1 - 1 Deportivo Alav\u00e9s - Gimn\u00e0stic de Tarragona SAD","og_description":"El N\u00e0stic empata con el Alav\u00e9s en un partido en el que ha sido superior a los 90 minutos, y jugar\u00e1 el play-off de ascenso a Primera Divisi\u00f3n","og_url":"https:\/\/gimnasticdetarragona.cat\/es\/nastic-1-1-alaves\/","og_site_name":"Gimn\u00e0stic de Tarragona SAD","article_published_time":"2016-06-04T22:21:47+00:00","og_image":[{"width":2560,"height":1707,"url":"https:\/\/gimnasticdetarragona.cat\/wp-content\/uploads\/2022\/06\/05233850106762-scaled.jpg","type":"image\/jpeg"}],"author":"desarrollo","twitter_card":"summary_large_image","twitter_creator":"@NASTICTARRAGONA","twitter_site":"@NASTICTARRAGONA","twitter_misc":{"Escrito por":"desarrollo","Tiempo de lectura":"4 minutos"},"schema":{"@context":"https:\/\/schema.org","@graph":[{"@type":"Article","@id":"https:\/\/gimnasticdetarragona.cat\/es\/nastic-1-1-alaves\/#article","isPartOf":{"@id":"https:\/\/gimnasticdetarragona.cat\/es\/nastic-1-1-alaves\/"},"author":{"name":"desarrollo","@id":"https:\/\/gimnasticdetarragona.cat\/es\/#\/schema\/person\/47b6a637abf88f9bd835540f20ea069e"},"headline":"N\u00e0stic 1 &#8211; 1 Deportivo Alav\u00e9s","datePublished":"2016-06-04T22:21:47+00:00","mainEntityOfPage":{"@id":"https:\/\/gimnasticdetarragona.cat\/es\/nastic-1-1-alaves\/"},"wordCount":872,"commentCount":0,"publisher":{"@id":"https:\/\/gimnasticdetarragona.cat\/es\/#organization"},"image":{"@id":"https:\/\/gimnasticdetarragona.cat\/es\/nastic-1-1-alaves\/#primaryimage"},"thumbnailUrl":"https:\/\/gimnasticdetarragona.cat\/wp-content\/uploads\/2022\/06\/05233850106762-scaled.jpg","articleSection":["Actualidad","Primer Equipo"],"inLanguage":"es"},{"@type":"WebPage","@id":"https:\/\/gimnasticdetarragona.cat\/es\/nastic-1-1-alaves\/","url":"https:\/\/gimnasticdetarragona.cat\/es\/nastic-1-1-alaves\/","name":"N\u00e0stic 1 - 1 Deportivo Alav\u00e9s - Gimn\u00e0stic de Tarragona SAD","isPartOf":{"@id":"https:\/\/gimnasticdetarragona.cat\/es\/#website"},"primaryImageOfPage":{"@id":"https:\/\/gimnasticdetarragona.cat\/es\/nastic-1-1-alaves\/#primaryimage"},"image":{"@id":"https:\/\/gimnasticdetarragona.cat\/es\/nastic-1-1-alaves\/#primaryimage"},"thumbnailUrl":"https:\/\/gimnasticdetarragona.cat\/wp-content\/uploads\/2022\/06\/05233850106762-scaled.jpg","datePublished":"2016-06-04T22:21:47+00:00","breadcrumb":{"@id":"https:\/\/gimnasticdetarragona.cat\/es\/nastic-1-1-alaves\/#breadcrumb"},"inLanguage":"es","potentialAction":[{"@type":"ReadAction","target":["https:\/\/gimnasticdetarragona.cat\/es\/nastic-1-1-alaves\/"]}]},{"@type":"ImageObject","inLanguage":"es","@id":"https:\/\/gimnasticdetarragona.cat\/es\/nastic-1-1-alaves\/#primaryimage","url":"https:\/\/gimnasticdetarragona.cat\/wp-content\/uploads\/2022\/06\/05233850106762-scaled.jpg","contentUrl":"https:\/\/gimnasticdetarragona.cat\/wp-content\/uploads\/2022\/06\/05233850106762-scaled.jpg","width":2560,"height":1707},{"@type":"BreadcrumbList","@id":"https:\/\/gimnasticdetarragona.cat\/es\/nastic-1-1-alaves\/#breadcrumb","itemListElement":[{"@type":"ListItem","position":1,"name":"Inici","item":"https:\/\/gimnasticdetarragona.cat\/es\/nastic\/"},{"@type":"ListItem","position":2,"name":"N\u00e0stic 1 &#8211; 1 Deportivo Alav\u00e9s"}]},{"@type":"WebSite","@id":"https:\/\/gimnasticdetarragona.cat\/es\/#website","url":"https:\/\/gimnasticdetarragona.cat\/es\/","name":"Gimn\u00e0stic de Tarragona SAD","description":"Gimn\u00e0stic de Tarragona","publisher":{"@id":"https:\/\/gimnasticdetarragona.cat\/es\/#organization"},"potentialAction":[{"@type":"SearchAction","target":{"@type":"EntryPoint","urlTemplate":"https:\/\/gimnasticdetarragona.cat\/es\/?s={search_term_string}"},"query-input":{"@type":"PropertyValueSpecification","valueRequired":true,"valueName":"search_term_string"}}],"inLanguage":"es"},{"@type":"Organization","@id":"https:\/\/gimnasticdetarragona.cat\/es\/#organization","name":"GIMN\u00c0STIC DE TARRAGONA","alternateName":"N\u00c0STIC","url":"https:\/\/gimnasticdetarragona.cat\/es\/","logo":{"@type":"ImageObject","inLanguage":"es","@id":"https:\/\/gimnasticdetarragona.cat\/es\/#\/schema\/logo\/image\/","url":"https:\/\/gimnasticdetarragona.cat\/wp-content\/uploads\/2022\/06\/cropped-logo-gimnastic.png","contentUrl":"https:\/\/gimnasticdetarragona.cat\/wp-content\/uploads\/2022\/06\/cropped-logo-gimnastic.png","width":224,"height":83,"caption":"GIMN\u00c0STIC DE TARRAGONA"},"image":{"@id":"https:\/\/gimnasticdetarragona.cat\/es\/#\/schema\/logo\/image\/"},"sameAs":["https:\/\/x.com\/NASTICTARRAGONA","https:\/\/www.instagram.com\/nastictarragona\/"]},{"@type":"Person","@id":"https:\/\/gimnasticdetarragona.cat\/es\/#\/schema\/person\/47b6a637abf88f9bd835540f20ea069e","name":"desarrollo","sameAs":["https:\/\/clone.gimnasticdetarragona.cat"]}]}},"_links":{"self":[{"href":"https:\/\/gimnasticdetarragona.cat\/es\/wp-json\/wp\/v2\/posts\/61429","targetHints":{"allow":["GET"]}}],"collection":[{"href":"https:\/\/gimnasticdetarragona.cat\/es\/wp-json\/wp\/v2\/posts"}],"about":[{"href":"https:\/\/gimnasticdetarragona.cat\/es\/wp-json\/wp\/v2\/types\/post"}],"author":[{"embeddable":true,"href":"https:\/\/gimnasticdetarragona.cat\/es\/wp-json\/wp\/v2\/users\/1"}],"replies":[{"embeddable":true,"href":"https:\/\/gimnasticdetarragona.cat\/es\/wp-json\/wp\/v2\/comments?post=61429"}],"version-history":[{"count":0,"href":"https:\/\/gimnasticdetarragona.cat\/es\/wp-json\/wp\/v2\/posts\/61429\/revisions"}],"wp:featuredmedia":[{"embeddable":true,"href":"https:\/\/gimnasticdetarragona.cat\/es\/wp-json\/wp\/v2\/media\/61426"}],"wp:attachment":[{"href":"https:\/\/gimnasticdetarragona.cat\/es\/wp-json\/wp\/v2\/media?parent=61429"}],"wp:term":[{"taxonomy":"category","embeddable":true,"href":"https:\/\/gimnasticdetarragona.cat\/es\/wp-json\/wp\/v2\/categories?post=61429"},{"taxonomy":"post_tag","embeddable":true,"href":"https:\/\/gimnasticdetarragona.cat\/es\/wp-json\/wp\/v2\/tags?post=61429"}],"curies":[{"name":"wp","href":"https:\/\/api.w.org\/{rel}","templated":true}]}}