{"id":61441,"date":"2016-06-02T20:02:29","date_gmt":"2016-06-02T20:02:29","guid":{"rendered":"https:\/\/clone.gimnasticdetarragona.cat\/exhaurides-les-entrades-de-tribuna-i-gols-pel-nastic-alaves\/"},"modified":"2016-06-02T20:02:29","modified_gmt":"2016-06-02T20:02:29","slug":"exhaurides-les-entrades-de-tribuna-i-gols-pel-nastic-alaves","status":"publish","type":"post","link":"https:\/\/gimnasticdetarragona.cat\/es\/exhaurides-les-entrades-de-tribuna-i-gols-pel-nastic-alaves\/","title":{"rendered":"Agotadas las entradas de Tribuna y Goles para el N\u00e0stic \u2013 Alav\u00e9s"},"content":{"rendered":"<p>El Gimn\u00e0stic de Tarragona, SAD informa que en la jornada de hoy se han agotado las entradas de las zonas de Tribuna, Gol Norte y Gol Sur para presenciar el enfrentamiento del s\u00e1bado, a las 20.30 horas, entre el N\u00e0stic y el Deportivo Alav\u00e9s.<\/p>\n<p>Ma\u00f1ana, viernes, las oficinas del N\u00e0stic abrir\u00e1n sus puertas a las 9.00 horas para seguir con la venta de entradas en las zonas de Preferente y Preferente Superior. Concretamente, en la preferente inferior, quedan menos de 200 localidades disponibles para los aficionados grana que a\u00fan no tengan la entrada para presenciar el \u00faltimo partido de la Liga Adelante en el Nou Estadi, que puede significar el ascenso del Gimn\u00e0stic de Tarragona a\u00a0la Primera Divisi\u00f3n.<\/p>\n<p>El horario de las oficinas para ma\u00f1ana es de 9 a 13.30 y de las 16 a las 19 horas; mientras que el s\u00e1bado, se abrir\u00e1 a las 10\u00a0horas y no se cerrar\u00e1 al mediod\u00eda.<\/p>\n<p>El Gimn\u00e0stic recomienda a todos sus socios y aficionados que, por el partido del s\u00e1bado, accedan al estadio con tiempo. Las puertas estar\u00e1n abiertas a partir de las 19 horas, una hora y media antes del inicio del encuentro para evitar aglomeraciones en los accesos. Desde el club se ampliar\u00e1 el despliegue de personal para facilitar la entrada y la acomodaci\u00f3n de los socios, pero la ayuda y la puntualidad de los aficionados ser\u00e1 clave dada la alta previsi\u00f3n de p\u00fablico para este trascendental partido.<\/p>\n<p>Finalmente, la entidad grana quiere recordar que los menores de 12 a\u00f1os tienen entrada libre al estadio pero, en ning\u00fan caso, pueden ocupar una localidad.<\/p>\n","protected":false},"excerpt":{"rendered":"<p>El Gimn\u00e0stic de Tarragona, SAD informa que en la jornada de hoy se han agotado las entradas de las zonas de Tribuna, Gol Norte y Gol Sur para presenciar el enfrentamiento del s\u00e1bado, a las 20.30 horas, entre el N\u00e0stic y el Deportivo Alav\u00e9s.<\/p>\n","protected":false},"author":1,"featured_media":61438,"comment_status":"open","ping_status":"open","sticky":false,"template":"","format":"standard","meta":{"_acf_changed":false,"footnotes":""},"categories":[113],"tags":[],"class_list":["post-61441","post","type-post","status-publish","format-standard","has-post-thumbnail","hentry","category-actualidad"],"acf":[],"yoast_head":"<!-- This site is optimized with the Yoast SEO plugin v27.3 - https:\/\/yoast.com\/product\/yoast-seo-wordpress\/ -->\n<title>Agotadas las entradas de Tribuna y Goles para el N\u00e0stic \u2013 Alav\u00e9s - Gimn\u00e0stic de Tarragona SAD<\/title>\n<meta name=\"robots\" content=\"index, follow, max-snippet:-1, max-image-preview:large, max-video-preview:-1\" \/>\n<link rel=\"canonical\" href=\"https:\/\/gimnasticdetarragona.cat\/es\/exhaurides-les-entrades-de-tribuna-i-gols-pel-nastic-alaves\/\" \/>\n<meta property=\"og:locale\" content=\"es_ES\" \/>\n<meta property=\"og:type\" content=\"article\" \/>\n<meta property=\"og:title\" content=\"Agotadas las entradas de Tribuna y Goles para el N\u00e0stic \u2013 Alav\u00e9s - Gimn\u00e0stic de Tarragona SAD\" \/>\n<meta property=\"og:description\" content=\"El Gimn\u00e0stic de Tarragona, SAD informa que en la jornada de hoy se han agotado las entradas de las zonas de Tribuna, Gol Norte y Gol Sur para presenciar el enfrentamiento del s\u00e1bado, a las 20.30 horas, entre el N\u00e0stic y el Deportivo Alav\u00e9s.\" \/>\n<meta property=\"og:url\" content=\"https:\/\/gimnasticdetarragona.cat\/es\/exhaurides-les-entrades-de-tribuna-i-gols-pel-nastic-alaves\/\" \/>\n<meta property=\"og:site_name\" content=\"Gimn\u00e0stic de Tarragona SAD\" \/>\n<meta property=\"article:published_time\" content=\"2016-06-02T20:02:29+00:00\" \/>\n<meta property=\"og:image\" content=\"https:\/\/gimnasticdetarragona.cat\/wp-content\/uploads\/2022\/06\/05233829106718-scaled.jpg\" \/>\n\t<meta property=\"og:image:width\" content=\"2560\" \/>\n\t<meta property=\"og:image:height\" content=\"1707\" \/>\n\t<meta property=\"og:image:type\" content=\"image\/jpeg\" \/>\n<meta name=\"author\" content=\"desarrollo\" \/>\n<meta name=\"twitter:card\" content=\"summary_large_image\" \/>\n<meta name=\"twitter:creator\" content=\"@NASTICTARRAGONA\" \/>\n<meta name=\"twitter:site\" content=\"@NASTICTARRAGONA\" \/>\n<meta name=\"twitter:label1\" content=\"Escrito por\" \/>\n\t<meta name=\"twitter:data1\" content=\"desarrollo\" \/>\n\t<meta name=\"twitter:label2\" content=\"Tiempo de lectura\" \/>\n\t<meta name=\"twitter:data2\" content=\"1 minuto\" \/>\n<script type=\"application\/ld+json\" class=\"yoast-schema-graph\">{\"@context\":\"https:\\\/\\\/schema.org\",\"@graph\":[{\"@type\":\"Article\",\"@id\":\"https:\\\/\\\/gimnasticdetarragona.cat\\\/es\\\/exhaurides-les-entrades-de-tribuna-i-gols-pel-nastic-alaves\\\/#article\",\"isPartOf\":{\"@id\":\"https:\\\/\\\/gimnasticdetarragona.cat\\\/es\\\/exhaurides-les-entrades-de-tribuna-i-gols-pel-nastic-alaves\\\/\"},\"author\":{\"name\":\"desarrollo\",\"@id\":\"https:\\\/\\\/gimnasticdetarragona.cat\\\/es\\\/#\\\/schema\\\/person\\\/47b6a637abf88f9bd835540f20ea069e\"},\"headline\":\"Agotadas las entradas de Tribuna y Goles para el N\u00e0stic \u2013 Alav\u00e9s\",\"datePublished\":\"2016-06-02T20:02:29+00:00\",\"mainEntityOfPage\":{\"@id\":\"https:\\\/\\\/gimnasticdetarragona.cat\\\/es\\\/exhaurides-les-entrades-de-tribuna-i-gols-pel-nastic-alaves\\\/\"},\"wordCount\":289,\"commentCount\":0,\"publisher\":{\"@id\":\"https:\\\/\\\/gimnasticdetarragona.cat\\\/es\\\/#organization\"},\"image\":{\"@id\":\"https:\\\/\\\/gimnasticdetarragona.cat\\\/es\\\/exhaurides-les-entrades-de-tribuna-i-gols-pel-nastic-alaves\\\/#primaryimage\"},\"thumbnailUrl\":\"https:\\\/\\\/gimnasticdetarragona.cat\\\/wp-content\\\/uploads\\\/2022\\\/06\\\/05233829106718-scaled.jpg\",\"articleSection\":[\"Actualidad\"],\"inLanguage\":\"es\"},{\"@type\":\"WebPage\",\"@id\":\"https:\\\/\\\/gimnasticdetarragona.cat\\\/es\\\/exhaurides-les-entrades-de-tribuna-i-gols-pel-nastic-alaves\\\/\",\"url\":\"https:\\\/\\\/gimnasticdetarragona.cat\\\/es\\\/exhaurides-les-entrades-de-tribuna-i-gols-pel-nastic-alaves\\\/\",\"name\":\"Agotadas las entradas de Tribuna y Goles para el N\u00e0stic \u2013 Alav\u00e9s - Gimn\u00e0stic de Tarragona SAD\",\"isPartOf\":{\"@id\":\"https:\\\/\\\/gimnasticdetarragona.cat\\\/es\\\/#website\"},\"primaryImageOfPage\":{\"@id\":\"https:\\\/\\\/gimnasticdetarragona.cat\\\/es\\\/exhaurides-les-entrades-de-tribuna-i-gols-pel-nastic-alaves\\\/#primaryimage\"},\"image\":{\"@id\":\"https:\\\/\\\/gimnasticdetarragona.cat\\\/es\\\/exhaurides-les-entrades-de-tribuna-i-gols-pel-nastic-alaves\\\/#primaryimage\"},\"thumbnailUrl\":\"https:\\\/\\\/gimnasticdetarragona.cat\\\/wp-content\\\/uploads\\\/2022\\\/06\\\/05233829106718-scaled.jpg\",\"datePublished\":\"2016-06-02T20:02:29+00:00\",\"breadcrumb\":{\"@id\":\"https:\\\/\\\/gimnasticdetarragona.cat\\\/es\\\/exhaurides-les-entrades-de-tribuna-i-gols-pel-nastic-alaves\\\/#breadcrumb\"},\"inLanguage\":\"es\",\"potentialAction\":[{\"@type\":\"ReadAction\",\"target\":[\"https:\\\/\\\/gimnasticdetarragona.cat\\\/es\\\/exhaurides-les-entrades-de-tribuna-i-gols-pel-nastic-alaves\\\/\"]}]},{\"@type\":\"ImageObject\",\"inLanguage\":\"es\",\"@id\":\"https:\\\/\\\/gimnasticdetarragona.cat\\\/es\\\/exhaurides-les-entrades-de-tribuna-i-gols-pel-nastic-alaves\\\/#primaryimage\",\"url\":\"https:\\\/\\\/gimnasticdetarragona.cat\\\/wp-content\\\/uploads\\\/2022\\\/06\\\/05233829106718-scaled.jpg\",\"contentUrl\":\"https:\\\/\\\/gimnasticdetarragona.cat\\\/wp-content\\\/uploads\\\/2022\\\/06\\\/05233829106718-scaled.jpg\",\"width\":2560,\"height\":1707,\"caption\":\"????????????????????????????????????\"},{\"@type\":\"BreadcrumbList\",\"@id\":\"https:\\\/\\\/gimnasticdetarragona.cat\\\/es\\\/exhaurides-les-entrades-de-tribuna-i-gols-pel-nastic-alaves\\\/#breadcrumb\",\"itemListElement\":[{\"@type\":\"ListItem\",\"position\":1,\"name\":\"Inici\",\"item\":\"https:\\\/\\\/gimnasticdetarragona.cat\\\/es\\\/nastic\\\/\"},{\"@type\":\"ListItem\",\"position\":2,\"name\":\"Agotadas las entradas de Tribuna y Goles para el N\u00e0stic \u2013 Alav\u00e9s\"}]},{\"@type\":\"WebSite\",\"@id\":\"https:\\\/\\\/gimnasticdetarragona.cat\\\/es\\\/#website\",\"url\":\"https:\\\/\\\/gimnasticdetarragona.cat\\\/es\\\/\",\"name\":\"Gimn\u00e0stic de Tarragona SAD\",\"description\":\"Gimn\u00e0stic de Tarragona\",\"publisher\":{\"@id\":\"https:\\\/\\\/gimnasticdetarragona.cat\\\/es\\\/#organization\"},\"potentialAction\":[{\"@type\":\"SearchAction\",\"target\":{\"@type\":\"EntryPoint\",\"urlTemplate\":\"https:\\\/\\\/gimnasticdetarragona.cat\\\/es\\\/?s={search_term_string}\"},\"query-input\":{\"@type\":\"PropertyValueSpecification\",\"valueRequired\":true,\"valueName\":\"search_term_string\"}}],\"inLanguage\":\"es\"},{\"@type\":\"Organization\",\"@id\":\"https:\\\/\\\/gimnasticdetarragona.cat\\\/es\\\/#organization\",\"name\":\"GIMN\u00c0STIC DE TARRAGONA\",\"alternateName\":\"N\u00c0STIC\",\"url\":\"https:\\\/\\\/gimnasticdetarragona.cat\\\/es\\\/\",\"logo\":{\"@type\":\"ImageObject\",\"inLanguage\":\"es\",\"@id\":\"https:\\\/\\\/gimnasticdetarragona.cat\\\/es\\\/#\\\/schema\\\/logo\\\/image\\\/\",\"url\":\"https:\\\/\\\/gimnasticdetarragona.cat\\\/wp-content\\\/uploads\\\/2022\\\/06\\\/cropped-logo-gimnastic.png\",\"contentUrl\":\"https:\\\/\\\/gimnasticdetarragona.cat\\\/wp-content\\\/uploads\\\/2022\\\/06\\\/cropped-logo-gimnastic.png\",\"width\":224,\"height\":83,\"caption\":\"GIMN\u00c0STIC DE TARRAGONA\"},\"image\":{\"@id\":\"https:\\\/\\\/gimnasticdetarragona.cat\\\/es\\\/#\\\/schema\\\/logo\\\/image\\\/\"},\"sameAs\":[\"https:\\\/\\\/x.com\\\/NASTICTARRAGONA\",\"https:\\\/\\\/www.instagram.com\\\/nastictarragona\\\/\"]},{\"@type\":\"Person\",\"@id\":\"https:\\\/\\\/gimnasticdetarragona.cat\\\/es\\\/#\\\/schema\\\/person\\\/47b6a637abf88f9bd835540f20ea069e\",\"name\":\"desarrollo\",\"sameAs\":[\"https:\\\/\\\/clone.gimnasticdetarragona.cat\"]}]}<\/script>\n<!-- \/ Yoast SEO plugin. -->","yoast_head_json":{"title":"Agotadas las entradas de Tribuna y Goles para el N\u00e0stic \u2013 Alav\u00e9s - Gimn\u00e0stic de Tarragona SAD","robots":{"index":"index","follow":"follow","max-snippet":"max-snippet:-1","max-image-preview":"max-image-preview:large","max-video-preview":"max-video-preview:-1"},"canonical":"https:\/\/gimnasticdetarragona.cat\/es\/exhaurides-les-entrades-de-tribuna-i-gols-pel-nastic-alaves\/","og_locale":"es_ES","og_type":"article","og_title":"Agotadas las entradas de Tribuna y Goles para el N\u00e0stic \u2013 Alav\u00e9s - Gimn\u00e0stic de Tarragona SAD","og_description":"El Gimn\u00e0stic de Tarragona, SAD informa que en la jornada de hoy se han agotado las entradas de las zonas de Tribuna, Gol Norte y Gol Sur para presenciar el enfrentamiento del s\u00e1bado, a las 20.30 horas, entre el N\u00e0stic y el Deportivo Alav\u00e9s.","og_url":"https:\/\/gimnasticdetarragona.cat\/es\/exhaurides-les-entrades-de-tribuna-i-gols-pel-nastic-alaves\/","og_site_name":"Gimn\u00e0stic de Tarragona SAD","article_published_time":"2016-06-02T20:02:29+00:00","og_image":[{"width":2560,"height":1707,"url":"https:\/\/gimnasticdetarragona.cat\/wp-content\/uploads\/2022\/06\/05233829106718-scaled.jpg","type":"image\/jpeg"}],"author":"desarrollo","twitter_card":"summary_large_image","twitter_creator":"@NASTICTARRAGONA","twitter_site":"@NASTICTARRAGONA","twitter_misc":{"Escrito por":"desarrollo","Tiempo de lectura":"1 minuto"},"schema":{"@context":"https:\/\/schema.org","@graph":[{"@type":"Article","@id":"https:\/\/gimnasticdetarragona.cat\/es\/exhaurides-les-entrades-de-tribuna-i-gols-pel-nastic-alaves\/#article","isPartOf":{"@id":"https:\/\/gimnasticdetarragona.cat\/es\/exhaurides-les-entrades-de-tribuna-i-gols-pel-nastic-alaves\/"},"author":{"name":"desarrollo","@id":"https:\/\/gimnasticdetarragona.cat\/es\/#\/schema\/person\/47b6a637abf88f9bd835540f20ea069e"},"headline":"Agotadas las entradas de Tribuna y Goles para el N\u00e0stic \u2013 Alav\u00e9s","datePublished":"2016-06-02T20:02:29+00:00","mainEntityOfPage":{"@id":"https:\/\/gimnasticdetarragona.cat\/es\/exhaurides-les-entrades-de-tribuna-i-gols-pel-nastic-alaves\/"},"wordCount":289,"commentCount":0,"publisher":{"@id":"https:\/\/gimnasticdetarragona.cat\/es\/#organization"},"image":{"@id":"https:\/\/gimnasticdetarragona.cat\/es\/exhaurides-les-entrades-de-tribuna-i-gols-pel-nastic-alaves\/#primaryimage"},"thumbnailUrl":"https:\/\/gimnasticdetarragona.cat\/wp-content\/uploads\/2022\/06\/05233829106718-scaled.jpg","articleSection":["Actualidad"],"inLanguage":"es"},{"@type":"WebPage","@id":"https:\/\/gimnasticdetarragona.cat\/es\/exhaurides-les-entrades-de-tribuna-i-gols-pel-nastic-alaves\/","url":"https:\/\/gimnasticdetarragona.cat\/es\/exhaurides-les-entrades-de-tribuna-i-gols-pel-nastic-alaves\/","name":"Agotadas las entradas de Tribuna y Goles para el N\u00e0stic \u2013 Alav\u00e9s - Gimn\u00e0stic de Tarragona SAD","isPartOf":{"@id":"https:\/\/gimnasticdetarragona.cat\/es\/#website"},"primaryImageOfPage":{"@id":"https:\/\/gimnasticdetarragona.cat\/es\/exhaurides-les-entrades-de-tribuna-i-gols-pel-nastic-alaves\/#primaryimage"},"image":{"@id":"https:\/\/gimnasticdetarragona.cat\/es\/exhaurides-les-entrades-de-tribuna-i-gols-pel-nastic-alaves\/#primaryimage"},"thumbnailUrl":"https:\/\/gimnasticdetarragona.cat\/wp-content\/uploads\/2022\/06\/05233829106718-scaled.jpg","datePublished":"2016-06-02T20:02:29+00:00","breadcrumb":{"@id":"https:\/\/gimnasticdetarragona.cat\/es\/exhaurides-les-entrades-de-tribuna-i-gols-pel-nastic-alaves\/#breadcrumb"},"inLanguage":"es","potentialAction":[{"@type":"ReadAction","target":["https:\/\/gimnasticdetarragona.cat\/es\/exhaurides-les-entrades-de-tribuna-i-gols-pel-nastic-alaves\/"]}]},{"@type":"ImageObject","inLanguage":"es","@id":"https:\/\/gimnasticdetarragona.cat\/es\/exhaurides-les-entrades-de-tribuna-i-gols-pel-nastic-alaves\/#primaryimage","url":"https:\/\/gimnasticdetarragona.cat\/wp-content\/uploads\/2022\/06\/05233829106718-scaled.jpg","contentUrl":"https:\/\/gimnasticdetarragona.cat\/wp-content\/uploads\/2022\/06\/05233829106718-scaled.jpg","width":2560,"height":1707,"caption":"????????????????????????????????????"},{"@type":"BreadcrumbList","@id":"https:\/\/gimnasticdetarragona.cat\/es\/exhaurides-les-entrades-de-tribuna-i-gols-pel-nastic-alaves\/#breadcrumb","itemListElement":[{"@type":"ListItem","position":1,"name":"Inici","item":"https:\/\/gimnasticdetarragona.cat\/es\/nastic\/"},{"@type":"ListItem","position":2,"name":"Agotadas las entradas de Tribuna y Goles para el N\u00e0stic \u2013 Alav\u00e9s"}]},{"@type":"WebSite","@id":"https:\/\/gimnasticdetarragona.cat\/es\/#website","url":"https:\/\/gimnasticdetarragona.cat\/es\/","name":"Gimn\u00e0stic de Tarragona SAD","description":"Gimn\u00e0stic de Tarragona","publisher":{"@id":"https:\/\/gimnasticdetarragona.cat\/es\/#organization"},"potentialAction":[{"@type":"SearchAction","target":{"@type":"EntryPoint","urlTemplate":"https:\/\/gimnasticdetarragona.cat\/es\/?s={search_term_string}"},"query-input":{"@type":"PropertyValueSpecification","valueRequired":true,"valueName":"search_term_string"}}],"inLanguage":"es"},{"@type":"Organization","@id":"https:\/\/gimnasticdetarragona.cat\/es\/#organization","name":"GIMN\u00c0STIC DE TARRAGONA","alternateName":"N\u00c0STIC","url":"https:\/\/gimnasticdetarragona.cat\/es\/","logo":{"@type":"ImageObject","inLanguage":"es","@id":"https:\/\/gimnasticdetarragona.cat\/es\/#\/schema\/logo\/image\/","url":"https:\/\/gimnasticdetarragona.cat\/wp-content\/uploads\/2022\/06\/cropped-logo-gimnastic.png","contentUrl":"https:\/\/gimnasticdetarragona.cat\/wp-content\/uploads\/2022\/06\/cropped-logo-gimnastic.png","width":224,"height":83,"caption":"GIMN\u00c0STIC DE TARRAGONA"},"image":{"@id":"https:\/\/gimnasticdetarragona.cat\/es\/#\/schema\/logo\/image\/"},"sameAs":["https:\/\/x.com\/NASTICTARRAGONA","https:\/\/www.instagram.com\/nastictarragona\/"]},{"@type":"Person","@id":"https:\/\/gimnasticdetarragona.cat\/es\/#\/schema\/person\/47b6a637abf88f9bd835540f20ea069e","name":"desarrollo","sameAs":["https:\/\/clone.gimnasticdetarragona.cat"]}]}},"_links":{"self":[{"href":"https:\/\/gimnasticdetarragona.cat\/es\/wp-json\/wp\/v2\/posts\/61441","targetHints":{"allow":["GET"]}}],"collection":[{"href":"https:\/\/gimnasticdetarragona.cat\/es\/wp-json\/wp\/v2\/posts"}],"about":[{"href":"https:\/\/gimnasticdetarragona.cat\/es\/wp-json\/wp\/v2\/types\/post"}],"author":[{"embeddable":true,"href":"https:\/\/gimnasticdetarragona.cat\/es\/wp-json\/wp\/v2\/users\/1"}],"replies":[{"embeddable":true,"href":"https:\/\/gimnasticdetarragona.cat\/es\/wp-json\/wp\/v2\/comments?post=61441"}],"version-history":[{"count":0,"href":"https:\/\/gimnasticdetarragona.cat\/es\/wp-json\/wp\/v2\/posts\/61441\/revisions"}],"wp:featuredmedia":[{"embeddable":true,"href":"https:\/\/gimnasticdetarragona.cat\/es\/wp-json\/wp\/v2\/media\/61438"}],"wp:attachment":[{"href":"https:\/\/gimnasticdetarragona.cat\/es\/wp-json\/wp\/v2\/media?parent=61441"}],"wp:term":[{"taxonomy":"category","embeddable":true,"href":"https:\/\/gimnasticdetarragona.cat\/es\/wp-json\/wp\/v2\/categories?post=61441"},{"taxonomy":"post_tag","embeddable":true,"href":"https:\/\/gimnasticdetarragona.cat\/es\/wp-json\/wp\/v2\/tags?post=61441"}],"curies":[{"name":"wp","href":"https:\/\/api.w.org\/{rel}","templated":true}]}}