{"id":61467,"date":"2016-05-29T21:50:40","date_gmt":"2016-05-29T21:50:40","guid":{"rendered":"https:\/\/clone.gimnasticdetarragona.cat\/cd-lugo-0-3-nastic\/"},"modified":"2016-05-29T21:50:40","modified_gmt":"2016-05-29T21:50:40","slug":"cd-lugo-0-3-nastic","status":"publish","type":"post","link":"https:\/\/gimnasticdetarragona.cat\/es\/cd-lugo-0-3-nastic\/","title":{"rendered":"CD Lugo 0 &#8211; 3 N\u00e0stic"},"content":{"rendered":"<div dir=\"ltr\">\n<p style=\"text-align: justify;\"><span id=\"result_box\" class=\"\" lang=\"es\">El N\u00e0stic gana en Lugo y se asegura, matem\u00e1ticamente, la tercera posici\u00f3n de la clasificaci\u00f3n. <\/span>Los de <span class=\"\">Vicente Moreno<\/span> <span class=\"\">han sumado<\/span> el tercer partido consecutivo a domicilio. Con los goles de Mossa Eman\u00e1 y An\u00edbal. Z<span class=\"\">, los grana<\/span> <span class=\"\">encaran<\/span> la \u00faltima jornada de liga todav\u00eda con opciones de ascenso <span class=\"\">directo.<\/span><\/p>\n<p style=\"text-align: justify;\"><span id=\"result_box\" class=\"\" lang=\"es\"><span title=\"El N\u00e0stic ha comen\u00e7at el partit dominant la possessi\u00f3 enfront un Lugo molt tancat que esperava les seves ocasions a la contra.\">El N\u00e0stic ha comenzado el partido dominando la posesi\u00f3n frente un Lugo muy cerrado que esperaba sus ocasiones a la contra. <\/span><span title=\"En els primers minuts els grana han gaudit d\u2019alguna t\u00edmida arribada a l\u2019\u00e0rea per\u00f2 sense inquietar al porter local Roberto.\n\">En los primeros minutos los grana han disfrutado de alguna t\u00edmida llegada al \u00e1rea pero sin inquietar al portero local Roberto.<\/span><\/span><span id=\"result_box\" class=\"\" lang=\"es\"><span title=\"En els primers minuts els grana han gaudit d\u2019alguna t\u00edmida arribada a l\u2019\u00e0rea per\u00f2 sense inquietar al porter local Roberto.\n\"><br \/>\n<\/span><span title=\"En el minut 10 ha arribat la primera ocasi\u00f3 grana.\">En el minuto 10 lleg\u00f3 la primera ocasi\u00f3n grana. <\/span><span title=\"En una falta lateral a uns metres de la frontal, Naranjo ha penjat la pilota a l\u2019\u00e0rea i la defensa ha allunyat el perill.\">En una falta lateral a unos metros de la frontal, Naranjo ha colgado el bal\u00f3n en el \u00e1rea y la defensa ha alejado el peligro. <\/span><span title=\"El N\u00e0stic tenia la pilota i marcava el ritme del partit.\n\">El N\u00e0stic ten\u00eda la pelota y marcaba el ritmo del partido.<\/span><\/span><\/p>\n<p style=\"text-align: justify;\"><span id=\"result_box\" class=\"\" lang=\"es\"><span title=\"En el 17\u2019, a la sortida d\u2019un c\u00f3rner, servit a l\u2019esquerra de Roberto, ha arribat el primer gol del N\u00e0stic.\">En el 17 &#8216;, a la salida de un c\u00f3rner, servido a la izquierda de Roberto, ha llegado el primer gol del N\u00e0stic. <\/span><span title=\"La centrada de Tejera l\u2019ha pentinat Suzuki, i Mossa, amb una bona rematada de cap, aconseguia el 0-1 pels tarragonins.\n\">La centro de Tejera la ha peinado Suzuki, y Mossa, con un buen remate de cabeza, consegu\u00eda el 0-1 para los tarraconenses.<\/span><\/span><\/p>\n<p style=\"text-align: justify;\"><span id=\"result_box\" class=\"\" lang=\"es\"><span title=\"Amb el gol els locals han allargat una mica les seves l\u00ednies, a la recerca de l\u2019empat;\">Con el gol los locales han alargado un poco sus l\u00edneas, en busca del empate; <\/span><span title=\"generant majors espais a camp obert, que el N\u00e0stic tamb\u00e9 aprofitava per arribar a l\u2019\u00e0rea del Lugo.\">generando mayores espacios a campo abierto, que el N\u00e0stic tambi\u00e9n aprovechaba para llegar al \u00e1rea del Lugo. <\/span><span title=\"En el minut 24 Lobato, despr\u00e9s d\u2019una bona acci\u00f3 personal, ha servit dins l\u2019\u00e0rea per Naranjo.\">En el minuto 24 Lobato, tras una buena acci\u00f3n personal, ha servido dentro del \u00e1rea para Naranjo. <\/span><span title=\"El xut de l\u2019andal\u00fas l\u2019ha enviat Roberto a c\u00f3rner.\">El disparo del andaluz lo ha enviado Roberto a c\u00f3rner. <\/span><span title=\"Tres minuts m\u00e9s tard ha estat el Lugo qui ho ha intentat.\">Tres minutos m\u00e1s tarde ha sido el Lugo quien lo ha intentado. <\/span><span title=\"Iriome ha enviat xut creuat que ha marxat fora a la dreta de Reina.\n\">Iriome ha enviado tiro cruzado que se march\u00f3 fuera a la derecha de Reina.<\/span><\/span><span id=\"result_box\" class=\"\" lang=\"es\"><\/span><\/p>\n<p style=\"text-align: justify;\"><span id=\"result_box\" class=\"\" lang=\"es\"><span title=\"En el minut 34, nova ocasi\u00f3 grana.\">En el minuto 34, nueva ocasi\u00f3n grana. <\/span><span title=\"Gran jugada personal de Gerard Valent\u00edn que ha deixat enrere fins a 3 rivals per centrar a l\u2019\u00e0rea per l\u2019arribada de Naranjo, per\u00f2 la defensa s\u2019ha anticipat evitant la rematada de l\u2019andal\u00fas.\n\">Gran jugada personal de Gerard Valent\u00edn que ha dejado atr\u00e1s hasta 3 rivales para centrar en el \u00e1rea para la llegada de Naranjo, pero la defensa se ha anticipado evitando el remate del andaluz.<\/span><\/span><\/p>\n<p style=\"text-align: justify;\"><span id=\"result_box\" class=\"\" lang=\"es\"><span title=\"I en el 38\u2019, de nou a la sortida d\u2019un c\u00f3rner servit per Tejera, ha arribat el 0-2.\">Y en el 38 &#8216;, de nuevo a la salida de un c\u00f3rner servido por Tejera, ha llegado el 0-2. <\/span><span title=\"La centrada l\u2019ha rematat de cap Mossa i la defensa ha rebutjat sobre la mateixa l\u00ednia de gol.\">La centrada la cabece\u00f3 Moza y la defensa rechaz\u00f3 sobre la misma l\u00ednea de gol. <\/span><span title=\"La pilota ha caigut rebotada als peus d\u2019Eman\u00e1 que amb un bon xut creuat ha batut Roberto.\">El bal\u00f3n cay\u00f3 rebotada a los pies de Eman\u00e1 que con un buen disparo cruzado bati\u00f3 Roberto. <\/span><span title=\"Amb el 0-2 s\u2019ha arribat a la mitja part.\n\">Con el 0-2 se ha llegado al descanso.<br \/>\n<\/span><span title=\"La segona part ha comen\u00e7at amb un Lugo m\u00e9s endollat per\u00f2 les primeres ocasions han estat granes.\">La segunda parte comenz\u00f3 con un Lugo m\u00e1s enchufado pero las primeras ocasiones han sido semillas. <\/span><span title=\"En el minut 51, bona combinaci\u00f3 entre Eman\u00e1 i Naranjo que culmina amb una rematada de l\u2019andal\u00fas directe a les mans de Roberto.\">En el minuto 51, buena combinaci\u00f3n entre Eman\u00e1 y Naranjo que culmina con un remate del andaluz directo a las manos de Roberto. <\/span><span title=\"I en el 54\u2019, passada de Tejera en profunditat per Naranjo, que trenca a un rival i deixa per Eman\u00e0 que xuta creuat.\">Y en el 54 &#8216;, pasada de Tejera en profundidad por Naranjo, que rompe a un rival y deja para emanar que chuta cruzado. <\/span><span title=\"La pilota marxa fora per ben poc.\n\">El bal\u00f3n marcha fuera por poco.<br \/>\n<\/span><\/span><\/p>\n<p style=\"text-align: justify;\"><span id=\"result_box\" class=\"\" lang=\"es\"><span title=\"En el 55\u2019 el Lugo ho ha provat amb un xut lluny\u00e0 de Lemos que ha marxat fora a l\u2019esquerra de Reina.\">En el 55 &#8216;el Lugo lo ha probado con un disparo lejano de Lemos que se march\u00f3 fuera a la izquierda de Reina. <\/span><span title=\"Els seg\u00fcents minuts els locals han dominat, arribant amb claredat en diverses ocasions.\">Los siguientes minutos los locales han dominado, llegando con claridad en varias ocasiones. <\/span><span title=\"En el 69\u2019, Madinda ha com\u00e9s penal quan intentava evitar que un davanter local arrib\u00e9s a una pilota morta dins l\u2019\u00e0rea.\">En el 69 &#8216;, Madinda ha cometido penalti cuando intentaba evitar que un delantero local llegara a un bal\u00f3n muerto dentro del \u00e1rea. <\/span><span title=\"El penal, xutat per Caballero, l\u2019ha aturat Reina amb una gran estirada, evitant que els gallecs retallessin dist\u00e0ncies en el marcador.\">El penalti, chutado por Caballero, lo ha detenido Reina con una gran estirada, evitando que los gallegos recortaran distancias en el marcador. <\/span><span title=\"\u00c9s el cinqu\u00e8 penal que atura el porter de Villanueva del Trabuco.\n\">Es el quinto penalti que detiene el portero de Villanueva del Trabuco.<\/span><\/span><\/p>\n<p style=\"text-align: justify;\"><span id=\"result_box\" class=\"\" lang=\"es\"><span title=\"En el 76\u2019 l\u2019ocasi\u00f3 ha estat grana.\">En el 76 &#8216;la ocasi\u00f3n ha sido grana. <\/span><span title=\"An\u00edbal ha engaltat un bon xut des de dins l\u2019\u00e0rea per\u00f2 la seva rematada ha marxa per poc per sobre la porteria de Roberto.\">An\u00edbal ha empalmado un buen disparo desde dentro del \u00e1rea pero su remate marcha por poco por encima de la porter\u00eda de Roberto. <\/span><span title=\"En el 79\u2019 ha estat el Lugo qui ho ha provat, per\u00f2 Reina, segur, ha aturat la rematada de Caballero amb el cap.\n\">En el 79 &#8216;fue el Lugo quien lo ha probado, pero Reina, seguro, ha parado el remate de Caballero con la cabeza.<\/span><\/span><\/p>\n<p style=\"text-align: justify;\"><span id=\"result_box\" class=\"\" lang=\"es\"><span title=\"En el 89\u2019 un Xavi Molina molt atent ha evitat una ocasi\u00f3 clara de gol dels locals.\">En el 89 &#8216;un Xavi Molina muy atento evit\u00f3 una ocasi\u00f3n clara de gol de los locales. <\/span><span title=\"El rebuig l\u2019ha aprofitat Naranjo que, en jugada personal, ha estat a punt de marcar el tercer, per\u00f2 el seu xut ha marxat fora per ben poc.\n\">El rechace lo ha aprovechado Naranjo que, en jugada personal, ha estado a punto de marcar el tercero, pero su disparo se march\u00f3 fuera por poco.<br \/>\n<\/span><span title=\"I en el darrer minut d\u2019afegit el N\u00e0stic ha robat una pilota a camp propi.\">Y en el \u00faltimo minuto de a\u00f1adido el N\u00e0stic rob\u00f3 un bal\u00f3n en campo propio. <\/span><span title=\"Jean Luc ha llen\u00e7at una gran contra Despr\u00e9s d\u2019una paret amb Madinda, el menut davanter grana ha enviat la pilota per An\u00edbal.\">Jean Luc ha lanzado una gran contra Tras una pared con Madinda, el menudo delantero grana ha enviado el bal\u00f3n por An\u00edbal. <\/span><span title=\"Z que ha encarat al porter i l\u2019ha batut posant el definitiu 0-3 en l\u2019electr\u00f2nic.\n\">Z que ha encarado al portero y le ha batido poniendo el definitivo 0-3 en el electr\u00f3nico.<\/span><\/span><\/p>\n<p style=\"text-align: justify;\"><span id=\"result_box\" class=\"\" lang=\"es\"><span title=\"Amb aquesta vict\u00f2ria el N\u00e0stic s\u2019assegura de manera matem\u00e0tica el 3r lloc en la classificaci\u00f3 i, per tant, l\u2019acc\u00e9s al play off amb el factor camp a favor.\">Con esta victoria el N\u00e0stic se asegura de manera matem\u00e1tica el 3er lugar en la clasificaci\u00f3n y, por tanto, el acceso al play off con el factor campo a favor. <\/span><span title=\"A m\u00e9s, els grana arriben a la darrera jornada amb opcions d\u2019ascens directe.\">Adem\u00e1s, los grana llegan a la \u00faltima jornada con opciones de ascenso directo. <\/span><span title=\"Els de Vicente Moreno hauran de guanyar a l\u2019Alav\u00e9s, ja ascendit i esperar que el Legan\u00e9s no guanyi al camp del Mirand\u00e9s.\">Los de Vicente Moreno deber\u00e1n ganar al Alav\u00e9s, ya ascendido y esperar que el Legan\u00e9s no gane en el campo del Mirand\u00e9s. <\/span><span title=\"El partit ser\u00e0 dissabte a les 20:30 hores, al Nou Estadi en horari unificat.\n\">El partido ser\u00e1 el s\u00e1bado a las 20:30 horas, en el Nuevo Estadio en horario unificado.<br \/>\n<\/span><span title=\"Alineacions\n\">alineaciones<\/span><\/span><\/p>\n<p><span id=\"result_box\" class=\"\" lang=\"es\"><span title=\"Alineacions\n\"><br \/>\n<\/span><span title=\"N\u00e0stic: M. Reina, Gerard V. (Iago Bouz\u00f3n, 79'), Suzuki, Xavi Molina, Ferran GP, Aburjania (Palanca, 68'), L. Madinda (An\u00edbal. Z, 56'), Tejera, C. Lobato\">N\u00e0stic: M. Reina, Gerard V. (Iago Bouz\u00f3n, 79 &#8216;), Suzuki, Xavi Molina, Fernando GP, Aburjania (Palanca, 68&#8217;), L. Madinda (An\u00edbal. Z, 56 &#8216;), Tejera, C. Lobato <\/span><span title=\"(J. Assoubre, 62'), Eman\u00e1 i Naranjo.\n\">(J. Assoubre, 62 &#8216;), Eman\u00e1 y Naranjo.<\/span><\/span><\/p>\n<p><span id=\"result_box\" class=\"\" lang=\"es\"><span title=\"CD Lugo: Roberto, Israel Puerto, Pita, Seoane, Caballero, Manu (Molinero, 79\u2019), Alvaro Lemos (Campillo, 71\u2019), Sergio Marcos (Joselu, 86\u2019), Jonathan Pereira, Iriome, Dealbert.\n\">CD Lugo: Roberto, Israel Puerto, Pita, Seoane, Caballero, Manu (Molinero, 79 &#8216;), Alvaro Lemos (Campillo, 71&#8217;), Sergio Marcos (Joselu, 86 &#8216;), Jonathan Pereira, Iriome, Dealbert.<\/span><\/span><\/p>\n<p><span id=\"result_box\" class=\"\" lang=\"es\"><span title=\"CD Lugo: Roberto, Israel Puerto, Pita, Seoane, Caballero, Manu (Molinero, 79\u2019), Alvaro Lemos (Campillo, 71\u2019), Sergio Marcos (Joselu, 86\u2019), Jonathan Pereira, Iriome, Dealbert.\n\">G<\/span><span title=\"Gols\n\">oles<br \/>\n<\/span><span title=\"0-1, Mossa (17\u2019) 0-2, Eman\u00e1 (34\u2019), 0-3, An\u00edbal.\">0-1, Mossa (17 &#8216;) 0-2, Eman\u00e1 (34&#8217;), 0-3, An\u00edbal. <\/span><span title=\"Z, (90\u2019+3\u2019)\n\">Z, (90 &#8216;+ 3&#8217;)<\/span><\/span><\/p>\n<p><span id=\"result_box\" class=\"\" lang=\"es\"><span title=\"Targetes\n\">Tarjetas<br \/>\n<\/span><span title=\"Pita (29\u2019), Madinda (34\u2019), Sergio Marcos (39\u2019), Seoane (42\u2019) Molinero (90\u2019), Tejera (90+2\u2019)\n\">Pita (29 &#8216;), Madinda (34&#8217;), Sergio Marcos (39 &#8216;), Seoane (42&#8217;) Molinero (90 &#8216;), Tejera (90 + 2&#8217;)<\/span><\/span><\/p>\n<p><span id=\"result_box\" class=\"\" lang=\"es\"><span title=\"Estadio \u00c1ngel Carro.\">Estadio \u00c1ngel Carro. <\/span><span title=\"2570 espectadores.\">2570 espectadoras. <\/span><span title=\"Jornada 41 Liga Adelante (15\/16)\">Jornada 41 Liga Adelante (15\/16)<\/span><\/span><\/p>\n<\/div>\n","protected":false},"excerpt":{"rendered":"<p>Tercera victoria consecutiva a domicilio<\/p>\n","protected":false},"author":1,"featured_media":61464,"comment_status":"open","ping_status":"open","sticky":false,"template":"","format":"standard","meta":{"_acf_changed":false,"footnotes":""},"categories":[113,126],"tags":[],"class_list":["post-61467","post","type-post","status-publish","format-standard","has-post-thumbnail","hentry","category-actualidad","category-primer-equipo"],"acf":[],"yoast_head":"<!-- This site is optimized with the Yoast SEO plugin v27.3 - https:\/\/yoast.com\/product\/yoast-seo-wordpress\/ -->\n<title>CD Lugo 0 - 3 N\u00e0stic - Gimn\u00e0stic de Tarragona SAD<\/title>\n<meta name=\"robots\" content=\"index, follow, max-snippet:-1, max-image-preview:large, max-video-preview:-1\" \/>\n<link rel=\"canonical\" href=\"https:\/\/gimnasticdetarragona.cat\/es\/cd-lugo-0-3-nastic\/\" \/>\n<meta property=\"og:locale\" content=\"es_ES\" \/>\n<meta property=\"og:type\" content=\"article\" \/>\n<meta property=\"og:title\" content=\"CD Lugo 0 - 3 N\u00e0stic - Gimn\u00e0stic de Tarragona SAD\" \/>\n<meta property=\"og:description\" content=\"Tercera victoria consecutiva a domicilio\" \/>\n<meta property=\"og:url\" content=\"https:\/\/gimnasticdetarragona.cat\/es\/cd-lugo-0-3-nastic\/\" \/>\n<meta property=\"og:site_name\" content=\"Gimn\u00e0stic de Tarragona SAD\" \/>\n<meta property=\"article:published_time\" content=\"2016-05-29T21:50:40+00:00\" \/>\n<meta property=\"og:image\" content=\"https:\/\/gimnasticdetarragona.cat\/wp-content\/uploads\/2022\/06\/05233816106492.jpg\" \/>\n\t<meta property=\"og:image:width\" content=\"1089\" \/>\n\t<meta property=\"og:image:height\" content=\"847\" \/>\n\t<meta property=\"og:image:type\" content=\"image\/jpeg\" \/>\n<meta name=\"author\" content=\"desarrollo\" \/>\n<meta name=\"twitter:card\" content=\"summary_large_image\" \/>\n<meta name=\"twitter:creator\" content=\"@NASTICTARRAGONA\" \/>\n<meta name=\"twitter:site\" content=\"@NASTICTARRAGONA\" \/>\n<meta name=\"twitter:label1\" content=\"Escrito por\" \/>\n\t<meta name=\"twitter:data1\" content=\"desarrollo\" \/>\n\t<meta name=\"twitter:label2\" content=\"Tiempo de lectura\" \/>\n\t<meta name=\"twitter:data2\" content=\"4 minutos\" \/>\n<script type=\"application\/ld+json\" class=\"yoast-schema-graph\">{\"@context\":\"https:\\\/\\\/schema.org\",\"@graph\":[{\"@type\":\"Article\",\"@id\":\"https:\\\/\\\/gimnasticdetarragona.cat\\\/es\\\/cd-lugo-0-3-nastic\\\/#article\",\"isPartOf\":{\"@id\":\"https:\\\/\\\/gimnasticdetarragona.cat\\\/es\\\/cd-lugo-0-3-nastic\\\/\"},\"author\":{\"name\":\"desarrollo\",\"@id\":\"https:\\\/\\\/gimnasticdetarragona.cat\\\/es\\\/#\\\/schema\\\/person\\\/47b6a637abf88f9bd835540f20ea069e\"},\"headline\":\"CD Lugo 0 &#8211; 3 N\u00e0stic\",\"datePublished\":\"2016-05-29T21:50:40+00:00\",\"mainEntityOfPage\":{\"@id\":\"https:\\\/\\\/gimnasticdetarragona.cat\\\/es\\\/cd-lugo-0-3-nastic\\\/\"},\"wordCount\":874,\"commentCount\":0,\"publisher\":{\"@id\":\"https:\\\/\\\/gimnasticdetarragona.cat\\\/es\\\/#organization\"},\"image\":{\"@id\":\"https:\\\/\\\/gimnasticdetarragona.cat\\\/es\\\/cd-lugo-0-3-nastic\\\/#primaryimage\"},\"thumbnailUrl\":\"https:\\\/\\\/gimnasticdetarragona.cat\\\/wp-content\\\/uploads\\\/2022\\\/06\\\/05233816106492.jpg\",\"articleSection\":[\"Actualidad\",\"Primer Equipo\"],\"inLanguage\":\"es\"},{\"@type\":\"WebPage\",\"@id\":\"https:\\\/\\\/gimnasticdetarragona.cat\\\/es\\\/cd-lugo-0-3-nastic\\\/\",\"url\":\"https:\\\/\\\/gimnasticdetarragona.cat\\\/es\\\/cd-lugo-0-3-nastic\\\/\",\"name\":\"CD Lugo 0 - 3 N\u00e0stic - Gimn\u00e0stic de Tarragona SAD\",\"isPartOf\":{\"@id\":\"https:\\\/\\\/gimnasticdetarragona.cat\\\/es\\\/#website\"},\"primaryImageOfPage\":{\"@id\":\"https:\\\/\\\/gimnasticdetarragona.cat\\\/es\\\/cd-lugo-0-3-nastic\\\/#primaryimage\"},\"image\":{\"@id\":\"https:\\\/\\\/gimnasticdetarragona.cat\\\/es\\\/cd-lugo-0-3-nastic\\\/#primaryimage\"},\"thumbnailUrl\":\"https:\\\/\\\/gimnasticdetarragona.cat\\\/wp-content\\\/uploads\\\/2022\\\/06\\\/05233816106492.jpg\",\"datePublished\":\"2016-05-29T21:50:40+00:00\",\"breadcrumb\":{\"@id\":\"https:\\\/\\\/gimnasticdetarragona.cat\\\/es\\\/cd-lugo-0-3-nastic\\\/#breadcrumb\"},\"inLanguage\":\"es\",\"potentialAction\":[{\"@type\":\"ReadAction\",\"target\":[\"https:\\\/\\\/gimnasticdetarragona.cat\\\/es\\\/cd-lugo-0-3-nastic\\\/\"]}]},{\"@type\":\"ImageObject\",\"inLanguage\":\"es\",\"@id\":\"https:\\\/\\\/gimnasticdetarragona.cat\\\/es\\\/cd-lugo-0-3-nastic\\\/#primaryimage\",\"url\":\"https:\\\/\\\/gimnasticdetarragona.cat\\\/wp-content\\\/uploads\\\/2022\\\/06\\\/05233816106492.jpg\",\"contentUrl\":\"https:\\\/\\\/gimnasticdetarragona.cat\\\/wp-content\\\/uploads\\\/2022\\\/06\\\/05233816106492.jpg\",\"width\":1089,\"height\":847},{\"@type\":\"BreadcrumbList\",\"@id\":\"https:\\\/\\\/gimnasticdetarragona.cat\\\/es\\\/cd-lugo-0-3-nastic\\\/#breadcrumb\",\"itemListElement\":[{\"@type\":\"ListItem\",\"position\":1,\"name\":\"Inici\",\"item\":\"https:\\\/\\\/gimnasticdetarragona.cat\\\/es\\\/nastic\\\/\"},{\"@type\":\"ListItem\",\"position\":2,\"name\":\"CD Lugo 0 &#8211; 3 N\u00e0stic\"}]},{\"@type\":\"WebSite\",\"@id\":\"https:\\\/\\\/gimnasticdetarragona.cat\\\/es\\\/#website\",\"url\":\"https:\\\/\\\/gimnasticdetarragona.cat\\\/es\\\/\",\"name\":\"Gimn\u00e0stic de Tarragona SAD\",\"description\":\"Gimn\u00e0stic de Tarragona\",\"publisher\":{\"@id\":\"https:\\\/\\\/gimnasticdetarragona.cat\\\/es\\\/#organization\"},\"potentialAction\":[{\"@type\":\"SearchAction\",\"target\":{\"@type\":\"EntryPoint\",\"urlTemplate\":\"https:\\\/\\\/gimnasticdetarragona.cat\\\/es\\\/?s={search_term_string}\"},\"query-input\":{\"@type\":\"PropertyValueSpecification\",\"valueRequired\":true,\"valueName\":\"search_term_string\"}}],\"inLanguage\":\"es\"},{\"@type\":\"Organization\",\"@id\":\"https:\\\/\\\/gimnasticdetarragona.cat\\\/es\\\/#organization\",\"name\":\"GIMN\u00c0STIC DE TARRAGONA\",\"alternateName\":\"N\u00c0STIC\",\"url\":\"https:\\\/\\\/gimnasticdetarragona.cat\\\/es\\\/\",\"logo\":{\"@type\":\"ImageObject\",\"inLanguage\":\"es\",\"@id\":\"https:\\\/\\\/gimnasticdetarragona.cat\\\/es\\\/#\\\/schema\\\/logo\\\/image\\\/\",\"url\":\"https:\\\/\\\/gimnasticdetarragona.cat\\\/wp-content\\\/uploads\\\/2022\\\/06\\\/cropped-logo-gimnastic.png\",\"contentUrl\":\"https:\\\/\\\/gimnasticdetarragona.cat\\\/wp-content\\\/uploads\\\/2022\\\/06\\\/cropped-logo-gimnastic.png\",\"width\":224,\"height\":83,\"caption\":\"GIMN\u00c0STIC DE TARRAGONA\"},\"image\":{\"@id\":\"https:\\\/\\\/gimnasticdetarragona.cat\\\/es\\\/#\\\/schema\\\/logo\\\/image\\\/\"},\"sameAs\":[\"https:\\\/\\\/x.com\\\/NASTICTARRAGONA\",\"https:\\\/\\\/www.instagram.com\\\/nastictarragona\\\/\"]},{\"@type\":\"Person\",\"@id\":\"https:\\\/\\\/gimnasticdetarragona.cat\\\/es\\\/#\\\/schema\\\/person\\\/47b6a637abf88f9bd835540f20ea069e\",\"name\":\"desarrollo\",\"sameAs\":[\"https:\\\/\\\/clone.gimnasticdetarragona.cat\"]}]}<\/script>\n<!-- \/ Yoast SEO plugin. -->","yoast_head_json":{"title":"CD Lugo 0 - 3 N\u00e0stic - Gimn\u00e0stic de Tarragona SAD","robots":{"index":"index","follow":"follow","max-snippet":"max-snippet:-1","max-image-preview":"max-image-preview:large","max-video-preview":"max-video-preview:-1"},"canonical":"https:\/\/gimnasticdetarragona.cat\/es\/cd-lugo-0-3-nastic\/","og_locale":"es_ES","og_type":"article","og_title":"CD Lugo 0 - 3 N\u00e0stic - Gimn\u00e0stic de Tarragona SAD","og_description":"Tercera victoria consecutiva a domicilio","og_url":"https:\/\/gimnasticdetarragona.cat\/es\/cd-lugo-0-3-nastic\/","og_site_name":"Gimn\u00e0stic de Tarragona SAD","article_published_time":"2016-05-29T21:50:40+00:00","og_image":[{"width":1089,"height":847,"url":"https:\/\/gimnasticdetarragona.cat\/wp-content\/uploads\/2022\/06\/05233816106492.jpg","type":"image\/jpeg"}],"author":"desarrollo","twitter_card":"summary_large_image","twitter_creator":"@NASTICTARRAGONA","twitter_site":"@NASTICTARRAGONA","twitter_misc":{"Escrito por":"desarrollo","Tiempo de lectura":"4 minutos"},"schema":{"@context":"https:\/\/schema.org","@graph":[{"@type":"Article","@id":"https:\/\/gimnasticdetarragona.cat\/es\/cd-lugo-0-3-nastic\/#article","isPartOf":{"@id":"https:\/\/gimnasticdetarragona.cat\/es\/cd-lugo-0-3-nastic\/"},"author":{"name":"desarrollo","@id":"https:\/\/gimnasticdetarragona.cat\/es\/#\/schema\/person\/47b6a637abf88f9bd835540f20ea069e"},"headline":"CD Lugo 0 &#8211; 3 N\u00e0stic","datePublished":"2016-05-29T21:50:40+00:00","mainEntityOfPage":{"@id":"https:\/\/gimnasticdetarragona.cat\/es\/cd-lugo-0-3-nastic\/"},"wordCount":874,"commentCount":0,"publisher":{"@id":"https:\/\/gimnasticdetarragona.cat\/es\/#organization"},"image":{"@id":"https:\/\/gimnasticdetarragona.cat\/es\/cd-lugo-0-3-nastic\/#primaryimage"},"thumbnailUrl":"https:\/\/gimnasticdetarragona.cat\/wp-content\/uploads\/2022\/06\/05233816106492.jpg","articleSection":["Actualidad","Primer Equipo"],"inLanguage":"es"},{"@type":"WebPage","@id":"https:\/\/gimnasticdetarragona.cat\/es\/cd-lugo-0-3-nastic\/","url":"https:\/\/gimnasticdetarragona.cat\/es\/cd-lugo-0-3-nastic\/","name":"CD Lugo 0 - 3 N\u00e0stic - Gimn\u00e0stic de Tarragona SAD","isPartOf":{"@id":"https:\/\/gimnasticdetarragona.cat\/es\/#website"},"primaryImageOfPage":{"@id":"https:\/\/gimnasticdetarragona.cat\/es\/cd-lugo-0-3-nastic\/#primaryimage"},"image":{"@id":"https:\/\/gimnasticdetarragona.cat\/es\/cd-lugo-0-3-nastic\/#primaryimage"},"thumbnailUrl":"https:\/\/gimnasticdetarragona.cat\/wp-content\/uploads\/2022\/06\/05233816106492.jpg","datePublished":"2016-05-29T21:50:40+00:00","breadcrumb":{"@id":"https:\/\/gimnasticdetarragona.cat\/es\/cd-lugo-0-3-nastic\/#breadcrumb"},"inLanguage":"es","potentialAction":[{"@type":"ReadAction","target":["https:\/\/gimnasticdetarragona.cat\/es\/cd-lugo-0-3-nastic\/"]}]},{"@type":"ImageObject","inLanguage":"es","@id":"https:\/\/gimnasticdetarragona.cat\/es\/cd-lugo-0-3-nastic\/#primaryimage","url":"https:\/\/gimnasticdetarragona.cat\/wp-content\/uploads\/2022\/06\/05233816106492.jpg","contentUrl":"https:\/\/gimnasticdetarragona.cat\/wp-content\/uploads\/2022\/06\/05233816106492.jpg","width":1089,"height":847},{"@type":"BreadcrumbList","@id":"https:\/\/gimnasticdetarragona.cat\/es\/cd-lugo-0-3-nastic\/#breadcrumb","itemListElement":[{"@type":"ListItem","position":1,"name":"Inici","item":"https:\/\/gimnasticdetarragona.cat\/es\/nastic\/"},{"@type":"ListItem","position":2,"name":"CD Lugo 0 &#8211; 3 N\u00e0stic"}]},{"@type":"WebSite","@id":"https:\/\/gimnasticdetarragona.cat\/es\/#website","url":"https:\/\/gimnasticdetarragona.cat\/es\/","name":"Gimn\u00e0stic de Tarragona SAD","description":"Gimn\u00e0stic de Tarragona","publisher":{"@id":"https:\/\/gimnasticdetarragona.cat\/es\/#organization"},"potentialAction":[{"@type":"SearchAction","target":{"@type":"EntryPoint","urlTemplate":"https:\/\/gimnasticdetarragona.cat\/es\/?s={search_term_string}"},"query-input":{"@type":"PropertyValueSpecification","valueRequired":true,"valueName":"search_term_string"}}],"inLanguage":"es"},{"@type":"Organization","@id":"https:\/\/gimnasticdetarragona.cat\/es\/#organization","name":"GIMN\u00c0STIC DE TARRAGONA","alternateName":"N\u00c0STIC","url":"https:\/\/gimnasticdetarragona.cat\/es\/","logo":{"@type":"ImageObject","inLanguage":"es","@id":"https:\/\/gimnasticdetarragona.cat\/es\/#\/schema\/logo\/image\/","url":"https:\/\/gimnasticdetarragona.cat\/wp-content\/uploads\/2022\/06\/cropped-logo-gimnastic.png","contentUrl":"https:\/\/gimnasticdetarragona.cat\/wp-content\/uploads\/2022\/06\/cropped-logo-gimnastic.png","width":224,"height":83,"caption":"GIMN\u00c0STIC DE TARRAGONA"},"image":{"@id":"https:\/\/gimnasticdetarragona.cat\/es\/#\/schema\/logo\/image\/"},"sameAs":["https:\/\/x.com\/NASTICTARRAGONA","https:\/\/www.instagram.com\/nastictarragona\/"]},{"@type":"Person","@id":"https:\/\/gimnasticdetarragona.cat\/es\/#\/schema\/person\/47b6a637abf88f9bd835540f20ea069e","name":"desarrollo","sameAs":["https:\/\/clone.gimnasticdetarragona.cat"]}]}},"_links":{"self":[{"href":"https:\/\/gimnasticdetarragona.cat\/es\/wp-json\/wp\/v2\/posts\/61467","targetHints":{"allow":["GET"]}}],"collection":[{"href":"https:\/\/gimnasticdetarragona.cat\/es\/wp-json\/wp\/v2\/posts"}],"about":[{"href":"https:\/\/gimnasticdetarragona.cat\/es\/wp-json\/wp\/v2\/types\/post"}],"author":[{"embeddable":true,"href":"https:\/\/gimnasticdetarragona.cat\/es\/wp-json\/wp\/v2\/users\/1"}],"replies":[{"embeddable":true,"href":"https:\/\/gimnasticdetarragona.cat\/es\/wp-json\/wp\/v2\/comments?post=61467"}],"version-history":[{"count":0,"href":"https:\/\/gimnasticdetarragona.cat\/es\/wp-json\/wp\/v2\/posts\/61467\/revisions"}],"wp:featuredmedia":[{"embeddable":true,"href":"https:\/\/gimnasticdetarragona.cat\/es\/wp-json\/wp\/v2\/media\/61464"}],"wp:attachment":[{"href":"https:\/\/gimnasticdetarragona.cat\/es\/wp-json\/wp\/v2\/media?parent=61467"}],"wp:term":[{"taxonomy":"category","embeddable":true,"href":"https:\/\/gimnasticdetarragona.cat\/es\/wp-json\/wp\/v2\/categories?post=61467"},{"taxonomy":"post_tag","embeddable":true,"href":"https:\/\/gimnasticdetarragona.cat\/es\/wp-json\/wp\/v2\/tags?post=61467"}],"curies":[{"name":"wp","href":"https:\/\/api.w.org\/{rel}","templated":true}]}}