{"id":61529,"date":"2016-05-21T21:23:38","date_gmt":"2016-05-21T21:23:38","guid":{"rendered":"https:\/\/clone.gimnasticdetarragona.cat\/josep-maria-grau-rep-la-distincio-damigos-del-arbitraje\/"},"modified":"2016-05-21T21:23:38","modified_gmt":"2016-05-21T21:23:38","slug":"josep-maria-grau-rep-la-distincio-damigos-del-arbitraje","status":"publish","type":"post","link":"https:\/\/gimnasticdetarragona.cat\/es\/josep-maria-grau-rep-la-distincio-damigos-del-arbitraje\/","title":{"rendered":"Jos\u00e9 Mar\u00eda Grau Otero recibe la distinci\u00f3n de Amigos del Arbitraje"},"content":{"rendered":"<p>Amigos del Arbitraje premian a JM Grau, delegado grana.<\/p>\n<p>Aprovechando el partido del primer equipo en Zaragoza, la Asociaci\u00f3n Amigos del Arbitraje ha homenajeado a Jose Mar\u00eda Grau Otero por su buen trato y comportamiento con los \u00e1rbitros.<\/p>\n<p>La entidad aragonesa ha querido reconocer la trayectoria y buen trabajo del delegado del Gimn\u00e0stic de Tarragona; JM Grau, despu\u00e9s de 18 temporadas como delegado grana, ha sido el elegido de esta temporada. Otros delegados del f\u00fatbol nacional, como Jos\u00e9 Mar\u00eda Calz\u00f3n, del RCD Espanyol; Juan Morgado, del Real Zaragoza; o Enrique Castro &#8216;Quini&#8217;, del Sporting de Gij\u00f3n, han sido distinguidos en anteriores campa\u00f1as.<\/p>\n","protected":false},"excerpt":{"rendered":"<p>Jos\u00e9 Mar\u00eda Grau Otero ha recibido a las 20.30 horas en Zaragoza la distinci\u00f3n de la Asociaci\u00f3n Amigos del Arbitraje de Zaragoza.<\/p>\n","protected":false},"author":1,"featured_media":61526,"comment_status":"open","ping_status":"open","sticky":false,"template":"","format":"standard","meta":{"_acf_changed":false,"footnotes":""},"categories":[113,121],"tags":[],"class_list":["post-61529","post","type-post","status-publish","format-standard","has-post-thumbnail","hentry","category-actualidad","category-home"],"acf":[],"yoast_head":"<!-- This site is optimized with the Yoast SEO plugin v27.3 - https:\/\/yoast.com\/product\/yoast-seo-wordpress\/ -->\n<title>Jos\u00e9 Mar\u00eda Grau Otero recibe la distinci\u00f3n de Amigos del Arbitraje - Gimn\u00e0stic de Tarragona SAD<\/title>\n<meta name=\"robots\" content=\"index, follow, max-snippet:-1, max-image-preview:large, max-video-preview:-1\" \/>\n<link rel=\"canonical\" href=\"https:\/\/gimnasticdetarragona.cat\/josep-maria-grau-rep-la-distincio-damigos-del-arbitraje\/\" \/>\n<meta property=\"og:locale\" content=\"es_ES\" \/>\n<meta property=\"og:type\" content=\"article\" \/>\n<meta property=\"og:title\" content=\"Jos\u00e9 Mar\u00eda Grau Otero recibe la distinci\u00f3n de Amigos del Arbitraje - Gimn\u00e0stic de Tarragona SAD\" \/>\n<meta property=\"og:description\" content=\"Jos\u00e9 Mar\u00eda Grau Otero ha recibido a las 20.30 horas en Zaragoza la distinci\u00f3n de la Asociaci\u00f3n Amigos del Arbitraje de Zaragoza.\" \/>\n<meta property=\"og:url\" content=\"https:\/\/gimnasticdetarragona.cat\/josep-maria-grau-rep-la-distincio-damigos-del-arbitraje\/\" \/>\n<meta property=\"og:site_name\" content=\"Gimn\u00e0stic de Tarragona SAD\" \/>\n<meta property=\"article:published_time\" content=\"2016-05-21T21:23:38+00:00\" \/>\n<meta property=\"og:image\" content=\"https:\/\/gimnasticdetarragona.cat\/wp-content\/uploads\/2022\/06\/05233759106211.png\" \/>\n\t<meta property=\"og:image:width\" content=\"1384\" \/>\n\t<meta property=\"og:image:height\" content=\"852\" \/>\n\t<meta property=\"og:image:type\" content=\"image\/png\" \/>\n<meta name=\"author\" content=\"desarrollo\" \/>\n<meta name=\"twitter:card\" content=\"summary_large_image\" \/>\n<meta name=\"twitter:creator\" content=\"@NASTICTARRAGONA\" \/>\n<meta name=\"twitter:site\" content=\"@NASTICTARRAGONA\" \/>\n<meta name=\"twitter:label1\" content=\"Escrito por\" \/>\n\t<meta name=\"twitter:data1\" content=\"desarrollo\" \/>\n\t<meta name=\"twitter:label2\" content=\"Tiempo de lectura\" \/>\n\t<meta name=\"twitter:data2\" content=\"1 minuto\" \/>\n<script type=\"application\/ld+json\" class=\"yoast-schema-graph\">{\"@context\":\"https:\\\/\\\/schema.org\",\"@graph\":[{\"@type\":\"Article\",\"@id\":\"https:\\\/\\\/gimnasticdetarragona.cat\\\/josep-maria-grau-rep-la-distincio-damigos-del-arbitraje\\\/#article\",\"isPartOf\":{\"@id\":\"https:\\\/\\\/gimnasticdetarragona.cat\\\/josep-maria-grau-rep-la-distincio-damigos-del-arbitraje\\\/\"},\"author\":{\"name\":\"desarrollo\",\"@id\":\"https:\\\/\\\/gimnasticdetarragona.cat\\\/es\\\/#\\\/schema\\\/person\\\/47b6a637abf88f9bd835540f20ea069e\"},\"headline\":\"Jos\u00e9 Mar\u00eda Grau Otero recibe la distinci\u00f3n de Amigos del Arbitraje\",\"datePublished\":\"2016-05-21T21:23:38+00:00\",\"mainEntityOfPage\":{\"@id\":\"https:\\\/\\\/gimnasticdetarragona.cat\\\/josep-maria-grau-rep-la-distincio-damigos-del-arbitraje\\\/\"},\"wordCount\":123,\"commentCount\":0,\"publisher\":{\"@id\":\"https:\\\/\\\/gimnasticdetarragona.cat\\\/es\\\/#organization\"},\"image\":{\"@id\":\"https:\\\/\\\/gimnasticdetarragona.cat\\\/josep-maria-grau-rep-la-distincio-damigos-del-arbitraje\\\/#primaryimage\"},\"thumbnailUrl\":\"https:\\\/\\\/gimnasticdetarragona.cat\\\/wp-content\\\/uploads\\\/2022\\\/06\\\/05233759106211.png\",\"articleSection\":[\"Actualidad\",\"Home\"],\"inLanguage\":\"es\"},{\"@type\":\"WebPage\",\"@id\":\"https:\\\/\\\/gimnasticdetarragona.cat\\\/josep-maria-grau-rep-la-distincio-damigos-del-arbitraje\\\/\",\"url\":\"https:\\\/\\\/gimnasticdetarragona.cat\\\/josep-maria-grau-rep-la-distincio-damigos-del-arbitraje\\\/\",\"name\":\"Jos\u00e9 Mar\u00eda Grau Otero recibe la distinci\u00f3n de Amigos del Arbitraje - Gimn\u00e0stic de Tarragona SAD\",\"isPartOf\":{\"@id\":\"https:\\\/\\\/gimnasticdetarragona.cat\\\/es\\\/#website\"},\"primaryImageOfPage\":{\"@id\":\"https:\\\/\\\/gimnasticdetarragona.cat\\\/josep-maria-grau-rep-la-distincio-damigos-del-arbitraje\\\/#primaryimage\"},\"image\":{\"@id\":\"https:\\\/\\\/gimnasticdetarragona.cat\\\/josep-maria-grau-rep-la-distincio-damigos-del-arbitraje\\\/#primaryimage\"},\"thumbnailUrl\":\"https:\\\/\\\/gimnasticdetarragona.cat\\\/wp-content\\\/uploads\\\/2022\\\/06\\\/05233759106211.png\",\"datePublished\":\"2016-05-21T21:23:38+00:00\",\"breadcrumb\":{\"@id\":\"https:\\\/\\\/gimnasticdetarragona.cat\\\/josep-maria-grau-rep-la-distincio-damigos-del-arbitraje\\\/#breadcrumb\"},\"inLanguage\":\"es\",\"potentialAction\":[{\"@type\":\"ReadAction\",\"target\":[\"https:\\\/\\\/gimnasticdetarragona.cat\\\/josep-maria-grau-rep-la-distincio-damigos-del-arbitraje\\\/\"]}]},{\"@type\":\"ImageObject\",\"inLanguage\":\"es\",\"@id\":\"https:\\\/\\\/gimnasticdetarragona.cat\\\/josep-maria-grau-rep-la-distincio-damigos-del-arbitraje\\\/#primaryimage\",\"url\":\"https:\\\/\\\/gimnasticdetarragona.cat\\\/wp-content\\\/uploads\\\/2022\\\/06\\\/05233759106211.png\",\"contentUrl\":\"https:\\\/\\\/gimnasticdetarragona.cat\\\/wp-content\\\/uploads\\\/2022\\\/06\\\/05233759106211.png\",\"width\":1384,\"height\":852},{\"@type\":\"BreadcrumbList\",\"@id\":\"https:\\\/\\\/gimnasticdetarragona.cat\\\/josep-maria-grau-rep-la-distincio-damigos-del-arbitraje\\\/#breadcrumb\",\"itemListElement\":[{\"@type\":\"ListItem\",\"position\":1,\"name\":\"Inici\",\"item\":\"https:\\\/\\\/gimnasticdetarragona.cat\\\/es\\\/nastic\\\/\"},{\"@type\":\"ListItem\",\"position\":2,\"name\":\"Jos\u00e9 Mar\u00eda Grau Otero recibe la distinci\u00f3n de Amigos del Arbitraje\"}]},{\"@type\":\"WebSite\",\"@id\":\"https:\\\/\\\/gimnasticdetarragona.cat\\\/es\\\/#website\",\"url\":\"https:\\\/\\\/gimnasticdetarragona.cat\\\/es\\\/\",\"name\":\"Gimn\u00e0stic de Tarragona SAD\",\"description\":\"Gimn\u00e0stic de Tarragona\",\"publisher\":{\"@id\":\"https:\\\/\\\/gimnasticdetarragona.cat\\\/es\\\/#organization\"},\"potentialAction\":[{\"@type\":\"SearchAction\",\"target\":{\"@type\":\"EntryPoint\",\"urlTemplate\":\"https:\\\/\\\/gimnasticdetarragona.cat\\\/es\\\/?s={search_term_string}\"},\"query-input\":{\"@type\":\"PropertyValueSpecification\",\"valueRequired\":true,\"valueName\":\"search_term_string\"}}],\"inLanguage\":\"es\"},{\"@type\":\"Organization\",\"@id\":\"https:\\\/\\\/gimnasticdetarragona.cat\\\/es\\\/#organization\",\"name\":\"GIMN\u00c0STIC DE TARRAGONA\",\"alternateName\":\"N\u00c0STIC\",\"url\":\"https:\\\/\\\/gimnasticdetarragona.cat\\\/es\\\/\",\"logo\":{\"@type\":\"ImageObject\",\"inLanguage\":\"es\",\"@id\":\"https:\\\/\\\/gimnasticdetarragona.cat\\\/es\\\/#\\\/schema\\\/logo\\\/image\\\/\",\"url\":\"https:\\\/\\\/gimnasticdetarragona.cat\\\/wp-content\\\/uploads\\\/2022\\\/06\\\/cropped-logo-gimnastic.png\",\"contentUrl\":\"https:\\\/\\\/gimnasticdetarragona.cat\\\/wp-content\\\/uploads\\\/2022\\\/06\\\/cropped-logo-gimnastic.png\",\"width\":224,\"height\":83,\"caption\":\"GIMN\u00c0STIC DE TARRAGONA\"},\"image\":{\"@id\":\"https:\\\/\\\/gimnasticdetarragona.cat\\\/es\\\/#\\\/schema\\\/logo\\\/image\\\/\"},\"sameAs\":[\"https:\\\/\\\/x.com\\\/NASTICTARRAGONA\",\"https:\\\/\\\/www.instagram.com\\\/nastictarragona\\\/\"]},{\"@type\":\"Person\",\"@id\":\"https:\\\/\\\/gimnasticdetarragona.cat\\\/es\\\/#\\\/schema\\\/person\\\/47b6a637abf88f9bd835540f20ea069e\",\"name\":\"desarrollo\",\"sameAs\":[\"https:\\\/\\\/clone.gimnasticdetarragona.cat\"]}]}<\/script>\n<!-- \/ Yoast SEO plugin. -->","yoast_head_json":{"title":"Jos\u00e9 Mar\u00eda Grau Otero recibe la distinci\u00f3n de Amigos del Arbitraje - Gimn\u00e0stic de Tarragona SAD","robots":{"index":"index","follow":"follow","max-snippet":"max-snippet:-1","max-image-preview":"max-image-preview:large","max-video-preview":"max-video-preview:-1"},"canonical":"https:\/\/gimnasticdetarragona.cat\/josep-maria-grau-rep-la-distincio-damigos-del-arbitraje\/","og_locale":"es_ES","og_type":"article","og_title":"Jos\u00e9 Mar\u00eda Grau Otero recibe la distinci\u00f3n de Amigos del Arbitraje - Gimn\u00e0stic de Tarragona SAD","og_description":"Jos\u00e9 Mar\u00eda Grau Otero ha recibido a las 20.30 horas en Zaragoza la distinci\u00f3n de la Asociaci\u00f3n Amigos del Arbitraje de Zaragoza.","og_url":"https:\/\/gimnasticdetarragona.cat\/josep-maria-grau-rep-la-distincio-damigos-del-arbitraje\/","og_site_name":"Gimn\u00e0stic de Tarragona SAD","article_published_time":"2016-05-21T21:23:38+00:00","og_image":[{"width":1384,"height":852,"url":"https:\/\/gimnasticdetarragona.cat\/wp-content\/uploads\/2022\/06\/05233759106211.png","type":"image\/png"}],"author":"desarrollo","twitter_card":"summary_large_image","twitter_creator":"@NASTICTARRAGONA","twitter_site":"@NASTICTARRAGONA","twitter_misc":{"Escrito por":"desarrollo","Tiempo de lectura":"1 minuto"},"schema":{"@context":"https:\/\/schema.org","@graph":[{"@type":"Article","@id":"https:\/\/gimnasticdetarragona.cat\/josep-maria-grau-rep-la-distincio-damigos-del-arbitraje\/#article","isPartOf":{"@id":"https:\/\/gimnasticdetarragona.cat\/josep-maria-grau-rep-la-distincio-damigos-del-arbitraje\/"},"author":{"name":"desarrollo","@id":"https:\/\/gimnasticdetarragona.cat\/es\/#\/schema\/person\/47b6a637abf88f9bd835540f20ea069e"},"headline":"Jos\u00e9 Mar\u00eda Grau Otero recibe la distinci\u00f3n de Amigos del Arbitraje","datePublished":"2016-05-21T21:23:38+00:00","mainEntityOfPage":{"@id":"https:\/\/gimnasticdetarragona.cat\/josep-maria-grau-rep-la-distincio-damigos-del-arbitraje\/"},"wordCount":123,"commentCount":0,"publisher":{"@id":"https:\/\/gimnasticdetarragona.cat\/es\/#organization"},"image":{"@id":"https:\/\/gimnasticdetarragona.cat\/josep-maria-grau-rep-la-distincio-damigos-del-arbitraje\/#primaryimage"},"thumbnailUrl":"https:\/\/gimnasticdetarragona.cat\/wp-content\/uploads\/2022\/06\/05233759106211.png","articleSection":["Actualidad","Home"],"inLanguage":"es"},{"@type":"WebPage","@id":"https:\/\/gimnasticdetarragona.cat\/josep-maria-grau-rep-la-distincio-damigos-del-arbitraje\/","url":"https:\/\/gimnasticdetarragona.cat\/josep-maria-grau-rep-la-distincio-damigos-del-arbitraje\/","name":"Jos\u00e9 Mar\u00eda Grau Otero recibe la distinci\u00f3n de Amigos del Arbitraje - Gimn\u00e0stic de Tarragona SAD","isPartOf":{"@id":"https:\/\/gimnasticdetarragona.cat\/es\/#website"},"primaryImageOfPage":{"@id":"https:\/\/gimnasticdetarragona.cat\/josep-maria-grau-rep-la-distincio-damigos-del-arbitraje\/#primaryimage"},"image":{"@id":"https:\/\/gimnasticdetarragona.cat\/josep-maria-grau-rep-la-distincio-damigos-del-arbitraje\/#primaryimage"},"thumbnailUrl":"https:\/\/gimnasticdetarragona.cat\/wp-content\/uploads\/2022\/06\/05233759106211.png","datePublished":"2016-05-21T21:23:38+00:00","breadcrumb":{"@id":"https:\/\/gimnasticdetarragona.cat\/josep-maria-grau-rep-la-distincio-damigos-del-arbitraje\/#breadcrumb"},"inLanguage":"es","potentialAction":[{"@type":"ReadAction","target":["https:\/\/gimnasticdetarragona.cat\/josep-maria-grau-rep-la-distincio-damigos-del-arbitraje\/"]}]},{"@type":"ImageObject","inLanguage":"es","@id":"https:\/\/gimnasticdetarragona.cat\/josep-maria-grau-rep-la-distincio-damigos-del-arbitraje\/#primaryimage","url":"https:\/\/gimnasticdetarragona.cat\/wp-content\/uploads\/2022\/06\/05233759106211.png","contentUrl":"https:\/\/gimnasticdetarragona.cat\/wp-content\/uploads\/2022\/06\/05233759106211.png","width":1384,"height":852},{"@type":"BreadcrumbList","@id":"https:\/\/gimnasticdetarragona.cat\/josep-maria-grau-rep-la-distincio-damigos-del-arbitraje\/#breadcrumb","itemListElement":[{"@type":"ListItem","position":1,"name":"Inici","item":"https:\/\/gimnasticdetarragona.cat\/es\/nastic\/"},{"@type":"ListItem","position":2,"name":"Jos\u00e9 Mar\u00eda Grau Otero recibe la distinci\u00f3n de Amigos del Arbitraje"}]},{"@type":"WebSite","@id":"https:\/\/gimnasticdetarragona.cat\/es\/#website","url":"https:\/\/gimnasticdetarragona.cat\/es\/","name":"Gimn\u00e0stic de Tarragona SAD","description":"Gimn\u00e0stic de Tarragona","publisher":{"@id":"https:\/\/gimnasticdetarragona.cat\/es\/#organization"},"potentialAction":[{"@type":"SearchAction","target":{"@type":"EntryPoint","urlTemplate":"https:\/\/gimnasticdetarragona.cat\/es\/?s={search_term_string}"},"query-input":{"@type":"PropertyValueSpecification","valueRequired":true,"valueName":"search_term_string"}}],"inLanguage":"es"},{"@type":"Organization","@id":"https:\/\/gimnasticdetarragona.cat\/es\/#organization","name":"GIMN\u00c0STIC DE TARRAGONA","alternateName":"N\u00c0STIC","url":"https:\/\/gimnasticdetarragona.cat\/es\/","logo":{"@type":"ImageObject","inLanguage":"es","@id":"https:\/\/gimnasticdetarragona.cat\/es\/#\/schema\/logo\/image\/","url":"https:\/\/gimnasticdetarragona.cat\/wp-content\/uploads\/2022\/06\/cropped-logo-gimnastic.png","contentUrl":"https:\/\/gimnasticdetarragona.cat\/wp-content\/uploads\/2022\/06\/cropped-logo-gimnastic.png","width":224,"height":83,"caption":"GIMN\u00c0STIC DE TARRAGONA"},"image":{"@id":"https:\/\/gimnasticdetarragona.cat\/es\/#\/schema\/logo\/image\/"},"sameAs":["https:\/\/x.com\/NASTICTARRAGONA","https:\/\/www.instagram.com\/nastictarragona\/"]},{"@type":"Person","@id":"https:\/\/gimnasticdetarragona.cat\/es\/#\/schema\/person\/47b6a637abf88f9bd835540f20ea069e","name":"desarrollo","sameAs":["https:\/\/clone.gimnasticdetarragona.cat"]}]}},"_links":{"self":[{"href":"https:\/\/gimnasticdetarragona.cat\/es\/wp-json\/wp\/v2\/posts\/61529","targetHints":{"allow":["GET"]}}],"collection":[{"href":"https:\/\/gimnasticdetarragona.cat\/es\/wp-json\/wp\/v2\/posts"}],"about":[{"href":"https:\/\/gimnasticdetarragona.cat\/es\/wp-json\/wp\/v2\/types\/post"}],"author":[{"embeddable":true,"href":"https:\/\/gimnasticdetarragona.cat\/es\/wp-json\/wp\/v2\/users\/1"}],"replies":[{"embeddable":true,"href":"https:\/\/gimnasticdetarragona.cat\/es\/wp-json\/wp\/v2\/comments?post=61529"}],"version-history":[{"count":0,"href":"https:\/\/gimnasticdetarragona.cat\/es\/wp-json\/wp\/v2\/posts\/61529\/revisions"}],"wp:featuredmedia":[{"embeddable":true,"href":"https:\/\/gimnasticdetarragona.cat\/es\/wp-json\/wp\/v2\/media\/61526"}],"wp:attachment":[{"href":"https:\/\/gimnasticdetarragona.cat\/es\/wp-json\/wp\/v2\/media?parent=61529"}],"wp:term":[{"taxonomy":"category","embeddable":true,"href":"https:\/\/gimnasticdetarragona.cat\/es\/wp-json\/wp\/v2\/categories?post=61529"},{"taxonomy":"post_tag","embeddable":true,"href":"https:\/\/gimnasticdetarragona.cat\/es\/wp-json\/wp\/v2\/tags?post=61529"}],"curies":[{"name":"wp","href":"https:\/\/api.w.org\/{rel}","templated":true}]}}