{"id":61577,"date":"2016-05-17T17:29:02","date_gmt":"2016-05-17T17:29:02","guid":{"rendered":"https:\/\/clone.gimnasticdetarragona.cat\/nou-premi-internacional-per-adernats\/"},"modified":"2016-05-17T17:29:02","modified_gmt":"2016-05-17T17:29:02","slug":"nou-premi-internacional-per-adernats","status":"publish","type":"post","link":"https:\/\/gimnasticdetarragona.cat\/es\/nou-premi-internacional-per-adernats\/","title":{"rendered":"Nuevo premio internacional para Adernats"},"content":{"rendered":"<p><strong>Nuevo reconocimiento para los vinos y cavas de Adernats &#8211; Vin\u00edcola de Nulles<\/strong><\/p>\n<p style=\"text-align: justify;\">Adernats &#8211; Vin\u00edcola de Nulles ha recibido un nuevo gran reconocimiento internacional, esta vez en el Concurso Mundial de Bruselas. Concretamente, la Gran Medalla de Oro y el premio Revelaci\u00f3n del Jurado para el cava Adernats Reserva Brut 2012 y la Medalla de Plata para el blanco Seducci\u00f3n. Es por ello, que desde el Gimn\u00e0stic de Tarragona SAD queremos felicitar a nuestros amigos de Adernats &#8211; Vin\u00edcola de Nulles por este nuevo premio que reconoce el gran trabajo hecho y el gran nivel de sus vinos y cavas, entre ellos, el cava del N\u00e0stic .<\/p>\n<p style=\"text-align: justify;\">El Concurso Mundial de Bruselas es uno de los concursos con m\u00e1s prestigio del mundo y al que m\u00e1s vinos espa\u00f1oles se presentan. Cuenta con 22 a\u00f1os de experiencia y 320 expertos mundiales que seleccionan rigurosamente los reconocimientos internacionales. Los casi 9.000 vinos presentados a concurso, procedentes de 52 pa\u00edses productores, son catados a ciegas por el jurado que este a\u00f1o, s\u00f3lo ha otorgado una gran medalla de oro por un cava, el Adernats Reserva Brut, que adem\u00e1s, es uno de los 6 premios revelaci\u00f3n del jurado y el \u00fanico cava con esta distinci\u00f3n en todo el estado espa\u00f1ol.<\/p>\n<p style=\"text-align: justify;\">As\u00ed pues Adernats, vuelve a estar de enhorabuena por partida doble. El pasado diciembre, la revista &#8217;50 Great Cavas &#8216;, editada por Wine Pleasures, catalog\u00f3 el exclusivo cava Gran Reserva Adernats XC como \u00abel mejor cava del mundo\u00bb con 98 puntos sobre 100 en su clasificaci\u00f3n mundial. Incluyendo tambi\u00e9n, el cava Brut premiado en Bruselas y el cava Gran Reserva Brut Nature entre su selecci\u00f3n de los 50 mejores cavas del planeta.<\/p>\n<p>Muchas felicidades para todos estos reconocimientos !!<\/p>\n","protected":false},"excerpt":{"rendered":"<p>Nuevo reconocimiento para los vinos y cavas de Adernats &#8211; Vin\u00edcola de Nulles<\/p>\n","protected":false},"author":1,"featured_media":61574,"comment_status":"open","ping_status":"open","sticky":false,"template":"","format":"standard","meta":{"_acf_changed":false,"footnotes":""},"categories":[113,116],"tags":[],"class_list":["post-61577","post","type-post","status-publish","format-standard","has-post-thumbnail","hentry","category-actualidad","category-club-empresa"],"acf":[],"yoast_head":"<!-- This site is optimized with the Yoast SEO plugin v27.3 - https:\/\/yoast.com\/product\/yoast-seo-wordpress\/ -->\n<title>Nuevo premio internacional para Adernats - Gimn\u00e0stic de Tarragona SAD<\/title>\n<meta name=\"robots\" content=\"index, follow, max-snippet:-1, max-image-preview:large, max-video-preview:-1\" \/>\n<link rel=\"canonical\" href=\"https:\/\/gimnasticdetarragona.cat\/nou-premi-internacional-per-adernats\/\" \/>\n<meta property=\"og:locale\" content=\"es_ES\" \/>\n<meta property=\"og:type\" content=\"article\" \/>\n<meta property=\"og:title\" content=\"Nuevo premio internacional para Adernats - Gimn\u00e0stic de Tarragona SAD\" \/>\n<meta property=\"og:description\" content=\"Nuevo reconocimiento para los vinos y cavas de Adernats - Vin\u00edcola de Nulles\" \/>\n<meta property=\"og:url\" content=\"https:\/\/gimnasticdetarragona.cat\/nou-premi-internacional-per-adernats\/\" \/>\n<meta property=\"og:site_name\" content=\"Gimn\u00e0stic de Tarragona SAD\" \/>\n<meta property=\"article:published_time\" content=\"2016-05-17T17:29:02+00:00\" \/>\n<meta property=\"og:image\" content=\"https:\/\/gimnasticdetarragona.cat\/wp-content\/uploads\/2022\/06\/05233742106042.jpg\" \/>\n\t<meta property=\"og:image:width\" content=\"746\" \/>\n\t<meta property=\"og:image:height\" content=\"587\" \/>\n\t<meta property=\"og:image:type\" content=\"image\/jpeg\" \/>\n<meta name=\"author\" content=\"desarrollo\" \/>\n<meta name=\"twitter:card\" content=\"summary_large_image\" \/>\n<meta name=\"twitter:creator\" content=\"@NASTICTARRAGONA\" \/>\n<meta name=\"twitter:site\" content=\"@NASTICTARRAGONA\" \/>\n<meta name=\"twitter:label1\" content=\"Escrito por\" \/>\n\t<meta name=\"twitter:data1\" content=\"desarrollo\" \/>\n\t<meta name=\"twitter:label2\" content=\"Tiempo de lectura\" \/>\n\t<meta name=\"twitter:data2\" content=\"1 minuto\" \/>\n<script type=\"application\/ld+json\" class=\"yoast-schema-graph\">{\"@context\":\"https:\\\/\\\/schema.org\",\"@graph\":[{\"@type\":\"Article\",\"@id\":\"https:\\\/\\\/gimnasticdetarragona.cat\\\/nou-premi-internacional-per-adernats\\\/#article\",\"isPartOf\":{\"@id\":\"https:\\\/\\\/gimnasticdetarragona.cat\\\/nou-premi-internacional-per-adernats\\\/\"},\"author\":{\"name\":\"desarrollo\",\"@id\":\"https:\\\/\\\/gimnasticdetarragona.cat\\\/es\\\/#\\\/schema\\\/person\\\/47b6a637abf88f9bd835540f20ea069e\"},\"headline\":\"Nuevo premio internacional para Adernats\",\"datePublished\":\"2016-05-17T17:29:02+00:00\",\"mainEntityOfPage\":{\"@id\":\"https:\\\/\\\/gimnasticdetarragona.cat\\\/nou-premi-internacional-per-adernats\\\/\"},\"wordCount\":299,\"commentCount\":0,\"publisher\":{\"@id\":\"https:\\\/\\\/gimnasticdetarragona.cat\\\/es\\\/#organization\"},\"image\":{\"@id\":\"https:\\\/\\\/gimnasticdetarragona.cat\\\/nou-premi-internacional-per-adernats\\\/#primaryimage\"},\"thumbnailUrl\":\"https:\\\/\\\/gimnasticdetarragona.cat\\\/wp-content\\\/uploads\\\/2022\\\/06\\\/05233742106042.jpg\",\"articleSection\":[\"Actualidad\",\"Club Empresa\"],\"inLanguage\":\"es\"},{\"@type\":\"WebPage\",\"@id\":\"https:\\\/\\\/gimnasticdetarragona.cat\\\/nou-premi-internacional-per-adernats\\\/\",\"url\":\"https:\\\/\\\/gimnasticdetarragona.cat\\\/nou-premi-internacional-per-adernats\\\/\",\"name\":\"Nuevo premio internacional para Adernats - Gimn\u00e0stic de Tarragona SAD\",\"isPartOf\":{\"@id\":\"https:\\\/\\\/gimnasticdetarragona.cat\\\/es\\\/#website\"},\"primaryImageOfPage\":{\"@id\":\"https:\\\/\\\/gimnasticdetarragona.cat\\\/nou-premi-internacional-per-adernats\\\/#primaryimage\"},\"image\":{\"@id\":\"https:\\\/\\\/gimnasticdetarragona.cat\\\/nou-premi-internacional-per-adernats\\\/#primaryimage\"},\"thumbnailUrl\":\"https:\\\/\\\/gimnasticdetarragona.cat\\\/wp-content\\\/uploads\\\/2022\\\/06\\\/05233742106042.jpg\",\"datePublished\":\"2016-05-17T17:29:02+00:00\",\"breadcrumb\":{\"@id\":\"https:\\\/\\\/gimnasticdetarragona.cat\\\/nou-premi-internacional-per-adernats\\\/#breadcrumb\"},\"inLanguage\":\"es\",\"potentialAction\":[{\"@type\":\"ReadAction\",\"target\":[\"https:\\\/\\\/gimnasticdetarragona.cat\\\/nou-premi-internacional-per-adernats\\\/\"]}]},{\"@type\":\"ImageObject\",\"inLanguage\":\"es\",\"@id\":\"https:\\\/\\\/gimnasticdetarragona.cat\\\/nou-premi-internacional-per-adernats\\\/#primaryimage\",\"url\":\"https:\\\/\\\/gimnasticdetarragona.cat\\\/wp-content\\\/uploads\\\/2022\\\/06\\\/05233742106042.jpg\",\"contentUrl\":\"https:\\\/\\\/gimnasticdetarragona.cat\\\/wp-content\\\/uploads\\\/2022\\\/06\\\/05233742106042.jpg\",\"width\":746,\"height\":587},{\"@type\":\"BreadcrumbList\",\"@id\":\"https:\\\/\\\/gimnasticdetarragona.cat\\\/nou-premi-internacional-per-adernats\\\/#breadcrumb\",\"itemListElement\":[{\"@type\":\"ListItem\",\"position\":1,\"name\":\"Inici\",\"item\":\"https:\\\/\\\/gimnasticdetarragona.cat\\\/es\\\/nastic\\\/\"},{\"@type\":\"ListItem\",\"position\":2,\"name\":\"Nuevo premio internacional para Adernats\"}]},{\"@type\":\"WebSite\",\"@id\":\"https:\\\/\\\/gimnasticdetarragona.cat\\\/es\\\/#website\",\"url\":\"https:\\\/\\\/gimnasticdetarragona.cat\\\/es\\\/\",\"name\":\"Gimn\u00e0stic de Tarragona SAD\",\"description\":\"Gimn\u00e0stic de Tarragona\",\"publisher\":{\"@id\":\"https:\\\/\\\/gimnasticdetarragona.cat\\\/es\\\/#organization\"},\"potentialAction\":[{\"@type\":\"SearchAction\",\"target\":{\"@type\":\"EntryPoint\",\"urlTemplate\":\"https:\\\/\\\/gimnasticdetarragona.cat\\\/es\\\/?s={search_term_string}\"},\"query-input\":{\"@type\":\"PropertyValueSpecification\",\"valueRequired\":true,\"valueName\":\"search_term_string\"}}],\"inLanguage\":\"es\"},{\"@type\":\"Organization\",\"@id\":\"https:\\\/\\\/gimnasticdetarragona.cat\\\/es\\\/#organization\",\"name\":\"GIMN\u00c0STIC DE TARRAGONA\",\"alternateName\":\"N\u00c0STIC\",\"url\":\"https:\\\/\\\/gimnasticdetarragona.cat\\\/es\\\/\",\"logo\":{\"@type\":\"ImageObject\",\"inLanguage\":\"es\",\"@id\":\"https:\\\/\\\/gimnasticdetarragona.cat\\\/es\\\/#\\\/schema\\\/logo\\\/image\\\/\",\"url\":\"https:\\\/\\\/gimnasticdetarragona.cat\\\/wp-content\\\/uploads\\\/2022\\\/06\\\/cropped-logo-gimnastic.png\",\"contentUrl\":\"https:\\\/\\\/gimnasticdetarragona.cat\\\/wp-content\\\/uploads\\\/2022\\\/06\\\/cropped-logo-gimnastic.png\",\"width\":224,\"height\":83,\"caption\":\"GIMN\u00c0STIC DE TARRAGONA\"},\"image\":{\"@id\":\"https:\\\/\\\/gimnasticdetarragona.cat\\\/es\\\/#\\\/schema\\\/logo\\\/image\\\/\"},\"sameAs\":[\"https:\\\/\\\/x.com\\\/NASTICTARRAGONA\",\"https:\\\/\\\/www.instagram.com\\\/nastictarragona\\\/\"]},{\"@type\":\"Person\",\"@id\":\"https:\\\/\\\/gimnasticdetarragona.cat\\\/es\\\/#\\\/schema\\\/person\\\/47b6a637abf88f9bd835540f20ea069e\",\"name\":\"desarrollo\",\"sameAs\":[\"https:\\\/\\\/clone.gimnasticdetarragona.cat\"]}]}<\/script>\n<!-- \/ Yoast SEO plugin. -->","yoast_head_json":{"title":"Nuevo premio internacional para Adernats - Gimn\u00e0stic de Tarragona SAD","robots":{"index":"index","follow":"follow","max-snippet":"max-snippet:-1","max-image-preview":"max-image-preview:large","max-video-preview":"max-video-preview:-1"},"canonical":"https:\/\/gimnasticdetarragona.cat\/nou-premi-internacional-per-adernats\/","og_locale":"es_ES","og_type":"article","og_title":"Nuevo premio internacional para Adernats - Gimn\u00e0stic de Tarragona SAD","og_description":"Nuevo reconocimiento para los vinos y cavas de Adernats - Vin\u00edcola de Nulles","og_url":"https:\/\/gimnasticdetarragona.cat\/nou-premi-internacional-per-adernats\/","og_site_name":"Gimn\u00e0stic de Tarragona SAD","article_published_time":"2016-05-17T17:29:02+00:00","og_image":[{"width":746,"height":587,"url":"https:\/\/gimnasticdetarragona.cat\/wp-content\/uploads\/2022\/06\/05233742106042.jpg","type":"image\/jpeg"}],"author":"desarrollo","twitter_card":"summary_large_image","twitter_creator":"@NASTICTARRAGONA","twitter_site":"@NASTICTARRAGONA","twitter_misc":{"Escrito por":"desarrollo","Tiempo de lectura":"1 minuto"},"schema":{"@context":"https:\/\/schema.org","@graph":[{"@type":"Article","@id":"https:\/\/gimnasticdetarragona.cat\/nou-premi-internacional-per-adernats\/#article","isPartOf":{"@id":"https:\/\/gimnasticdetarragona.cat\/nou-premi-internacional-per-adernats\/"},"author":{"name":"desarrollo","@id":"https:\/\/gimnasticdetarragona.cat\/es\/#\/schema\/person\/47b6a637abf88f9bd835540f20ea069e"},"headline":"Nuevo premio internacional para Adernats","datePublished":"2016-05-17T17:29:02+00:00","mainEntityOfPage":{"@id":"https:\/\/gimnasticdetarragona.cat\/nou-premi-internacional-per-adernats\/"},"wordCount":299,"commentCount":0,"publisher":{"@id":"https:\/\/gimnasticdetarragona.cat\/es\/#organization"},"image":{"@id":"https:\/\/gimnasticdetarragona.cat\/nou-premi-internacional-per-adernats\/#primaryimage"},"thumbnailUrl":"https:\/\/gimnasticdetarragona.cat\/wp-content\/uploads\/2022\/06\/05233742106042.jpg","articleSection":["Actualidad","Club Empresa"],"inLanguage":"es"},{"@type":"WebPage","@id":"https:\/\/gimnasticdetarragona.cat\/nou-premi-internacional-per-adernats\/","url":"https:\/\/gimnasticdetarragona.cat\/nou-premi-internacional-per-adernats\/","name":"Nuevo premio internacional para Adernats - Gimn\u00e0stic de Tarragona SAD","isPartOf":{"@id":"https:\/\/gimnasticdetarragona.cat\/es\/#website"},"primaryImageOfPage":{"@id":"https:\/\/gimnasticdetarragona.cat\/nou-premi-internacional-per-adernats\/#primaryimage"},"image":{"@id":"https:\/\/gimnasticdetarragona.cat\/nou-premi-internacional-per-adernats\/#primaryimage"},"thumbnailUrl":"https:\/\/gimnasticdetarragona.cat\/wp-content\/uploads\/2022\/06\/05233742106042.jpg","datePublished":"2016-05-17T17:29:02+00:00","breadcrumb":{"@id":"https:\/\/gimnasticdetarragona.cat\/nou-premi-internacional-per-adernats\/#breadcrumb"},"inLanguage":"es","potentialAction":[{"@type":"ReadAction","target":["https:\/\/gimnasticdetarragona.cat\/nou-premi-internacional-per-adernats\/"]}]},{"@type":"ImageObject","inLanguage":"es","@id":"https:\/\/gimnasticdetarragona.cat\/nou-premi-internacional-per-adernats\/#primaryimage","url":"https:\/\/gimnasticdetarragona.cat\/wp-content\/uploads\/2022\/06\/05233742106042.jpg","contentUrl":"https:\/\/gimnasticdetarragona.cat\/wp-content\/uploads\/2022\/06\/05233742106042.jpg","width":746,"height":587},{"@type":"BreadcrumbList","@id":"https:\/\/gimnasticdetarragona.cat\/nou-premi-internacional-per-adernats\/#breadcrumb","itemListElement":[{"@type":"ListItem","position":1,"name":"Inici","item":"https:\/\/gimnasticdetarragona.cat\/es\/nastic\/"},{"@type":"ListItem","position":2,"name":"Nuevo premio internacional para Adernats"}]},{"@type":"WebSite","@id":"https:\/\/gimnasticdetarragona.cat\/es\/#website","url":"https:\/\/gimnasticdetarragona.cat\/es\/","name":"Gimn\u00e0stic de Tarragona SAD","description":"Gimn\u00e0stic de Tarragona","publisher":{"@id":"https:\/\/gimnasticdetarragona.cat\/es\/#organization"},"potentialAction":[{"@type":"SearchAction","target":{"@type":"EntryPoint","urlTemplate":"https:\/\/gimnasticdetarragona.cat\/es\/?s={search_term_string}"},"query-input":{"@type":"PropertyValueSpecification","valueRequired":true,"valueName":"search_term_string"}}],"inLanguage":"es"},{"@type":"Organization","@id":"https:\/\/gimnasticdetarragona.cat\/es\/#organization","name":"GIMN\u00c0STIC DE TARRAGONA","alternateName":"N\u00c0STIC","url":"https:\/\/gimnasticdetarragona.cat\/es\/","logo":{"@type":"ImageObject","inLanguage":"es","@id":"https:\/\/gimnasticdetarragona.cat\/es\/#\/schema\/logo\/image\/","url":"https:\/\/gimnasticdetarragona.cat\/wp-content\/uploads\/2022\/06\/cropped-logo-gimnastic.png","contentUrl":"https:\/\/gimnasticdetarragona.cat\/wp-content\/uploads\/2022\/06\/cropped-logo-gimnastic.png","width":224,"height":83,"caption":"GIMN\u00c0STIC DE TARRAGONA"},"image":{"@id":"https:\/\/gimnasticdetarragona.cat\/es\/#\/schema\/logo\/image\/"},"sameAs":["https:\/\/x.com\/NASTICTARRAGONA","https:\/\/www.instagram.com\/nastictarragona\/"]},{"@type":"Person","@id":"https:\/\/gimnasticdetarragona.cat\/es\/#\/schema\/person\/47b6a637abf88f9bd835540f20ea069e","name":"desarrollo","sameAs":["https:\/\/clone.gimnasticdetarragona.cat"]}]}},"_links":{"self":[{"href":"https:\/\/gimnasticdetarragona.cat\/es\/wp-json\/wp\/v2\/posts\/61577","targetHints":{"allow":["GET"]}}],"collection":[{"href":"https:\/\/gimnasticdetarragona.cat\/es\/wp-json\/wp\/v2\/posts"}],"about":[{"href":"https:\/\/gimnasticdetarragona.cat\/es\/wp-json\/wp\/v2\/types\/post"}],"author":[{"embeddable":true,"href":"https:\/\/gimnasticdetarragona.cat\/es\/wp-json\/wp\/v2\/users\/1"}],"replies":[{"embeddable":true,"href":"https:\/\/gimnasticdetarragona.cat\/es\/wp-json\/wp\/v2\/comments?post=61577"}],"version-history":[{"count":0,"href":"https:\/\/gimnasticdetarragona.cat\/es\/wp-json\/wp\/v2\/posts\/61577\/revisions"}],"wp:featuredmedia":[{"embeddable":true,"href":"https:\/\/gimnasticdetarragona.cat\/es\/wp-json\/wp\/v2\/media\/61574"}],"wp:attachment":[{"href":"https:\/\/gimnasticdetarragona.cat\/es\/wp-json\/wp\/v2\/media?parent=61577"}],"wp:term":[{"taxonomy":"category","embeddable":true,"href":"https:\/\/gimnasticdetarragona.cat\/es\/wp-json\/wp\/v2\/categories?post=61577"},{"taxonomy":"post_tag","embeddable":true,"href":"https:\/\/gimnasticdetarragona.cat\/es\/wp-json\/wp\/v2\/tags?post=61577"}],"curies":[{"name":"wp","href":"https:\/\/api.w.org\/{rel}","templated":true}]}}