{"id":61581,"date":"2016-05-17T13:47:02","date_gmt":"2016-05-17T13:47:02","guid":{"rendered":"https:\/\/clone.gimnasticdetarragona.cat\/gran-paper-de-lalevi-a-a-la-danone-cup\/"},"modified":"2016-05-17T13:47:02","modified_gmt":"2016-05-17T13:47:02","slug":"gran-paper-de-lalevi-a-a-la-danone-cup","status":"publish","type":"post","link":"https:\/\/gimnasticdetarragona.cat\/es\/gran-paper-de-lalevi-a-a-la-danone-cup\/","title":{"rendered":"Gran paper de l\u2019Alev\u00ed A a la Danone Cup"},"content":{"rendered":"<p><strong>L\u2019ALev\u00ed A del N\u00e0stic va arribar a la final de la fase sectorial de la prestigiosa Danone Cup, caient contra la Damm<\/strong><\/p>\n<p style=\"text-align: justify;\">A la fase de grups van guanyar els tres partits que van disputar, contra EDD Barcelona, Matar\u00f3 i Igualada. (AA 8-0 EDD Barcelona), (Matar\u00f3 0-3 AA), (AA 2-1 Igualada).<\/p>\n<p style=\"text-align: justify;\">A vuitens els de Kiko Algar van superar al N\u00e0stic Manresa per un ajustat 1-0. (AA 1-0 N\u00e0stic de Manresa). A quarts van superar a l\u2019Atl\u00e8tic Segre (AA 2-1 At.Segre) i a semis van guanyar als penats al Gimn\u00e0stic de Manresa. (AA 1-1 Gimnastic de Manresa (3-2) ).<\/p>\n<p style=\"text-align: justify;\">Esl grana van arribar a la final amb les piles molt esgotades, degut al gran desgast produ\u00eft en tots els partits del torneig que van ser molt igualats. Aquest desgast el van acabar pagant el d\u2019Algar que es van veure superats per la Damm. \u00a0(Damm 3-0 AA)<\/p>\n<p style=\"text-align: justify;\">Malgrat la derrota el t\u00e8cnic dels grana, Kiko Algar, es mostrava molt satisfet de la feina feta pels seus jugadors. \u201cLa valoraci\u00f3 del torneig \u00e9s molt positiva, per\u00f2 marxem amb la sensaci\u00f3 que a la final hagu\u00e9ssim pogut fer alguna cosa m\u00e9s. Ha estat un torneig molt exigent, comen\u00e7ant pel fet que ens hem hagut de llevar abans de les 6, fer un viatge llarg, jugar sota la pluja, competir cada partit en un calendari molt dur, &#8230; Per tot plegat a semis ja an\u00e0vem molt cansats i a la final ho hem pagat. Per\u00f2 estem molt contents amb l\u2019esfor\u00e7 i l\u2019actitud dels nanos. Estan fent una gran temporada. \u201c<\/p>\n<p style=\"text-align: justify;\">D\u2019altra banda, l\u2019Alev\u00ed C, de primer any, tamb\u00e9 va participar en aquesta Danone Cup, fent un paper molt digne arribant a vuitens de final.<\/p>\n","protected":false},"excerpt":{"rendered":"<p>L\u2019ALev\u00ed A del N\u00e0stic va arribar a la final de la fase sectorial de la prestigiosa Danone Cup, caient contra la Damm<\/p>\n","protected":false},"author":1,"featured_media":61578,"comment_status":"open","ping_status":"open","sticky":false,"template":"","format":"standard","meta":{"_acf_changed":false,"footnotes":""},"categories":[113,117],"tags":[],"class_list":["post-61581","post","type-post","status-publish","format-standard","has-post-thumbnail","hentry","category-actualidad","category-futbol-base"],"acf":[],"yoast_head":"<!-- This site is optimized with the Yoast SEO plugin v27.3 - https:\/\/yoast.com\/product\/yoast-seo-wordpress\/ -->\n<title>Gran paper de l\u2019Alev\u00ed A a la Danone Cup - Gimn\u00e0stic de Tarragona SAD<\/title>\n<meta name=\"robots\" content=\"index, follow, max-snippet:-1, max-image-preview:large, max-video-preview:-1\" \/>\n<link rel=\"canonical\" href=\"https:\/\/gimnasticdetarragona.cat\/es\/gran-paper-de-lalevi-a-a-la-danone-cup\/\" \/>\n<meta property=\"og:locale\" content=\"es_ES\" \/>\n<meta property=\"og:type\" content=\"article\" \/>\n<meta property=\"og:title\" content=\"Gran paper de l\u2019Alev\u00ed A a la Danone Cup - Gimn\u00e0stic de Tarragona SAD\" \/>\n<meta property=\"og:description\" content=\"L\u2019ALev\u00ed A del N\u00e0stic va arribar a la final de la fase sectorial de la prestigiosa Danone Cup, caient contra la Damm\" \/>\n<meta property=\"og:url\" content=\"https:\/\/gimnasticdetarragona.cat\/es\/gran-paper-de-lalevi-a-a-la-danone-cup\/\" \/>\n<meta property=\"og:site_name\" content=\"Gimn\u00e0stic de Tarragona SAD\" \/>\n<meta property=\"article:published_time\" content=\"2016-05-17T13:47:02+00:00\" \/>\n<meta property=\"og:image\" content=\"https:\/\/gimnasticdetarragona.cat\/wp-content\/uploads\/2022\/06\/05233740106021.jpg\" \/>\n\t<meta property=\"og:image:width\" content=\"1024\" \/>\n\t<meta property=\"og:image:height\" content=\"768\" \/>\n\t<meta property=\"og:image:type\" content=\"image\/jpeg\" \/>\n<meta name=\"author\" content=\"desarrollo\" \/>\n<meta name=\"twitter:card\" content=\"summary_large_image\" \/>\n<meta name=\"twitter:creator\" content=\"@NASTICTARRAGONA\" \/>\n<meta name=\"twitter:site\" content=\"@NASTICTARRAGONA\" \/>\n<meta name=\"twitter:label1\" content=\"Escrito por\" \/>\n\t<meta name=\"twitter:data1\" content=\"desarrollo\" \/>\n\t<meta name=\"twitter:label2\" content=\"Tiempo de lectura\" \/>\n\t<meta name=\"twitter:data2\" content=\"1 minuto\" \/>\n<script type=\"application\/ld+json\" class=\"yoast-schema-graph\">{\"@context\":\"https:\\\/\\\/schema.org\",\"@graph\":[{\"@type\":\"Article\",\"@id\":\"https:\\\/\\\/gimnasticdetarragona.cat\\\/es\\\/gran-paper-de-lalevi-a-a-la-danone-cup\\\/#article\",\"isPartOf\":{\"@id\":\"https:\\\/\\\/gimnasticdetarragona.cat\\\/es\\\/gran-paper-de-lalevi-a-a-la-danone-cup\\\/\"},\"author\":{\"name\":\"desarrollo\",\"@id\":\"https:\\\/\\\/gimnasticdetarragona.cat\\\/es\\\/#\\\/schema\\\/person\\\/47b6a637abf88f9bd835540f20ea069e\"},\"headline\":\"Gran paper de l\u2019Alev\u00ed A a la Danone Cup\",\"datePublished\":\"2016-05-17T13:47:02+00:00\",\"mainEntityOfPage\":{\"@id\":\"https:\\\/\\\/gimnasticdetarragona.cat\\\/es\\\/gran-paper-de-lalevi-a-a-la-danone-cup\\\/\"},\"wordCount\":305,\"commentCount\":0,\"publisher\":{\"@id\":\"https:\\\/\\\/gimnasticdetarragona.cat\\\/es\\\/#organization\"},\"image\":{\"@id\":\"https:\\\/\\\/gimnasticdetarragona.cat\\\/es\\\/gran-paper-de-lalevi-a-a-la-danone-cup\\\/#primaryimage\"},\"thumbnailUrl\":\"https:\\\/\\\/gimnasticdetarragona.cat\\\/wp-content\\\/uploads\\\/2022\\\/06\\\/05233740106021.jpg\",\"articleSection\":[\"Actualidad\",\"F\u00fatbol Base\"],\"inLanguage\":\"es\"},{\"@type\":\"WebPage\",\"@id\":\"https:\\\/\\\/gimnasticdetarragona.cat\\\/es\\\/gran-paper-de-lalevi-a-a-la-danone-cup\\\/\",\"url\":\"https:\\\/\\\/gimnasticdetarragona.cat\\\/es\\\/gran-paper-de-lalevi-a-a-la-danone-cup\\\/\",\"name\":\"Gran paper de l\u2019Alev\u00ed A a la Danone Cup - Gimn\u00e0stic de Tarragona SAD\",\"isPartOf\":{\"@id\":\"https:\\\/\\\/gimnasticdetarragona.cat\\\/es\\\/#website\"},\"primaryImageOfPage\":{\"@id\":\"https:\\\/\\\/gimnasticdetarragona.cat\\\/es\\\/gran-paper-de-lalevi-a-a-la-danone-cup\\\/#primaryimage\"},\"image\":{\"@id\":\"https:\\\/\\\/gimnasticdetarragona.cat\\\/es\\\/gran-paper-de-lalevi-a-a-la-danone-cup\\\/#primaryimage\"},\"thumbnailUrl\":\"https:\\\/\\\/gimnasticdetarragona.cat\\\/wp-content\\\/uploads\\\/2022\\\/06\\\/05233740106021.jpg\",\"datePublished\":\"2016-05-17T13:47:02+00:00\",\"breadcrumb\":{\"@id\":\"https:\\\/\\\/gimnasticdetarragona.cat\\\/es\\\/gran-paper-de-lalevi-a-a-la-danone-cup\\\/#breadcrumb\"},\"inLanguage\":\"es\",\"potentialAction\":[{\"@type\":\"ReadAction\",\"target\":[\"https:\\\/\\\/gimnasticdetarragona.cat\\\/es\\\/gran-paper-de-lalevi-a-a-la-danone-cup\\\/\"]}]},{\"@type\":\"ImageObject\",\"inLanguage\":\"es\",\"@id\":\"https:\\\/\\\/gimnasticdetarragona.cat\\\/es\\\/gran-paper-de-lalevi-a-a-la-danone-cup\\\/#primaryimage\",\"url\":\"https:\\\/\\\/gimnasticdetarragona.cat\\\/wp-content\\\/uploads\\\/2022\\\/06\\\/05233740106021.jpg\",\"contentUrl\":\"https:\\\/\\\/gimnasticdetarragona.cat\\\/wp-content\\\/uploads\\\/2022\\\/06\\\/05233740106021.jpg\",\"width\":1024,\"height\":768},{\"@type\":\"BreadcrumbList\",\"@id\":\"https:\\\/\\\/gimnasticdetarragona.cat\\\/es\\\/gran-paper-de-lalevi-a-a-la-danone-cup\\\/#breadcrumb\",\"itemListElement\":[{\"@type\":\"ListItem\",\"position\":1,\"name\":\"Inici\",\"item\":\"https:\\\/\\\/gimnasticdetarragona.cat\\\/es\\\/nastic\\\/\"},{\"@type\":\"ListItem\",\"position\":2,\"name\":\"Gran paper de l\u2019Alev\u00ed A a la Danone Cup\"}]},{\"@type\":\"WebSite\",\"@id\":\"https:\\\/\\\/gimnasticdetarragona.cat\\\/es\\\/#website\",\"url\":\"https:\\\/\\\/gimnasticdetarragona.cat\\\/es\\\/\",\"name\":\"Gimn\u00e0stic de Tarragona SAD\",\"description\":\"Gimn\u00e0stic de Tarragona\",\"publisher\":{\"@id\":\"https:\\\/\\\/gimnasticdetarragona.cat\\\/es\\\/#organization\"},\"potentialAction\":[{\"@type\":\"SearchAction\",\"target\":{\"@type\":\"EntryPoint\",\"urlTemplate\":\"https:\\\/\\\/gimnasticdetarragona.cat\\\/es\\\/?s={search_term_string}\"},\"query-input\":{\"@type\":\"PropertyValueSpecification\",\"valueRequired\":true,\"valueName\":\"search_term_string\"}}],\"inLanguage\":\"es\"},{\"@type\":\"Organization\",\"@id\":\"https:\\\/\\\/gimnasticdetarragona.cat\\\/es\\\/#organization\",\"name\":\"GIMN\u00c0STIC DE TARRAGONA\",\"alternateName\":\"N\u00c0STIC\",\"url\":\"https:\\\/\\\/gimnasticdetarragona.cat\\\/es\\\/\",\"logo\":{\"@type\":\"ImageObject\",\"inLanguage\":\"es\",\"@id\":\"https:\\\/\\\/gimnasticdetarragona.cat\\\/es\\\/#\\\/schema\\\/logo\\\/image\\\/\",\"url\":\"https:\\\/\\\/gimnasticdetarragona.cat\\\/wp-content\\\/uploads\\\/2022\\\/06\\\/cropped-logo-gimnastic.png\",\"contentUrl\":\"https:\\\/\\\/gimnasticdetarragona.cat\\\/wp-content\\\/uploads\\\/2022\\\/06\\\/cropped-logo-gimnastic.png\",\"width\":224,\"height\":83,\"caption\":\"GIMN\u00c0STIC DE TARRAGONA\"},\"image\":{\"@id\":\"https:\\\/\\\/gimnasticdetarragona.cat\\\/es\\\/#\\\/schema\\\/logo\\\/image\\\/\"},\"sameAs\":[\"https:\\\/\\\/x.com\\\/NASTICTARRAGONA\",\"https:\\\/\\\/www.instagram.com\\\/nastictarragona\\\/\"]},{\"@type\":\"Person\",\"@id\":\"https:\\\/\\\/gimnasticdetarragona.cat\\\/es\\\/#\\\/schema\\\/person\\\/47b6a637abf88f9bd835540f20ea069e\",\"name\":\"desarrollo\",\"sameAs\":[\"https:\\\/\\\/clone.gimnasticdetarragona.cat\"]}]}<\/script>\n<!-- \/ Yoast SEO plugin. -->","yoast_head_json":{"title":"Gran paper de l\u2019Alev\u00ed A a la Danone Cup - Gimn\u00e0stic de Tarragona SAD","robots":{"index":"index","follow":"follow","max-snippet":"max-snippet:-1","max-image-preview":"max-image-preview:large","max-video-preview":"max-video-preview:-1"},"canonical":"https:\/\/gimnasticdetarragona.cat\/es\/gran-paper-de-lalevi-a-a-la-danone-cup\/","og_locale":"es_ES","og_type":"article","og_title":"Gran paper de l\u2019Alev\u00ed A a la Danone Cup - Gimn\u00e0stic de Tarragona SAD","og_description":"L\u2019ALev\u00ed A del N\u00e0stic va arribar a la final de la fase sectorial de la prestigiosa Danone Cup, caient contra la Damm","og_url":"https:\/\/gimnasticdetarragona.cat\/es\/gran-paper-de-lalevi-a-a-la-danone-cup\/","og_site_name":"Gimn\u00e0stic de Tarragona SAD","article_published_time":"2016-05-17T13:47:02+00:00","og_image":[{"width":1024,"height":768,"url":"https:\/\/gimnasticdetarragona.cat\/wp-content\/uploads\/2022\/06\/05233740106021.jpg","type":"image\/jpeg"}],"author":"desarrollo","twitter_card":"summary_large_image","twitter_creator":"@NASTICTARRAGONA","twitter_site":"@NASTICTARRAGONA","twitter_misc":{"Escrito por":"desarrollo","Tiempo de lectura":"1 minuto"},"schema":{"@context":"https:\/\/schema.org","@graph":[{"@type":"Article","@id":"https:\/\/gimnasticdetarragona.cat\/es\/gran-paper-de-lalevi-a-a-la-danone-cup\/#article","isPartOf":{"@id":"https:\/\/gimnasticdetarragona.cat\/es\/gran-paper-de-lalevi-a-a-la-danone-cup\/"},"author":{"name":"desarrollo","@id":"https:\/\/gimnasticdetarragona.cat\/es\/#\/schema\/person\/47b6a637abf88f9bd835540f20ea069e"},"headline":"Gran paper de l\u2019Alev\u00ed A a la Danone Cup","datePublished":"2016-05-17T13:47:02+00:00","mainEntityOfPage":{"@id":"https:\/\/gimnasticdetarragona.cat\/es\/gran-paper-de-lalevi-a-a-la-danone-cup\/"},"wordCount":305,"commentCount":0,"publisher":{"@id":"https:\/\/gimnasticdetarragona.cat\/es\/#organization"},"image":{"@id":"https:\/\/gimnasticdetarragona.cat\/es\/gran-paper-de-lalevi-a-a-la-danone-cup\/#primaryimage"},"thumbnailUrl":"https:\/\/gimnasticdetarragona.cat\/wp-content\/uploads\/2022\/06\/05233740106021.jpg","articleSection":["Actualidad","F\u00fatbol Base"],"inLanguage":"es"},{"@type":"WebPage","@id":"https:\/\/gimnasticdetarragona.cat\/es\/gran-paper-de-lalevi-a-a-la-danone-cup\/","url":"https:\/\/gimnasticdetarragona.cat\/es\/gran-paper-de-lalevi-a-a-la-danone-cup\/","name":"Gran paper de l\u2019Alev\u00ed A a la Danone Cup - Gimn\u00e0stic de Tarragona SAD","isPartOf":{"@id":"https:\/\/gimnasticdetarragona.cat\/es\/#website"},"primaryImageOfPage":{"@id":"https:\/\/gimnasticdetarragona.cat\/es\/gran-paper-de-lalevi-a-a-la-danone-cup\/#primaryimage"},"image":{"@id":"https:\/\/gimnasticdetarragona.cat\/es\/gran-paper-de-lalevi-a-a-la-danone-cup\/#primaryimage"},"thumbnailUrl":"https:\/\/gimnasticdetarragona.cat\/wp-content\/uploads\/2022\/06\/05233740106021.jpg","datePublished":"2016-05-17T13:47:02+00:00","breadcrumb":{"@id":"https:\/\/gimnasticdetarragona.cat\/es\/gran-paper-de-lalevi-a-a-la-danone-cup\/#breadcrumb"},"inLanguage":"es","potentialAction":[{"@type":"ReadAction","target":["https:\/\/gimnasticdetarragona.cat\/es\/gran-paper-de-lalevi-a-a-la-danone-cup\/"]}]},{"@type":"ImageObject","inLanguage":"es","@id":"https:\/\/gimnasticdetarragona.cat\/es\/gran-paper-de-lalevi-a-a-la-danone-cup\/#primaryimage","url":"https:\/\/gimnasticdetarragona.cat\/wp-content\/uploads\/2022\/06\/05233740106021.jpg","contentUrl":"https:\/\/gimnasticdetarragona.cat\/wp-content\/uploads\/2022\/06\/05233740106021.jpg","width":1024,"height":768},{"@type":"BreadcrumbList","@id":"https:\/\/gimnasticdetarragona.cat\/es\/gran-paper-de-lalevi-a-a-la-danone-cup\/#breadcrumb","itemListElement":[{"@type":"ListItem","position":1,"name":"Inici","item":"https:\/\/gimnasticdetarragona.cat\/es\/nastic\/"},{"@type":"ListItem","position":2,"name":"Gran paper de l\u2019Alev\u00ed A a la Danone Cup"}]},{"@type":"WebSite","@id":"https:\/\/gimnasticdetarragona.cat\/es\/#website","url":"https:\/\/gimnasticdetarragona.cat\/es\/","name":"Gimn\u00e0stic de Tarragona SAD","description":"Gimn\u00e0stic de Tarragona","publisher":{"@id":"https:\/\/gimnasticdetarragona.cat\/es\/#organization"},"potentialAction":[{"@type":"SearchAction","target":{"@type":"EntryPoint","urlTemplate":"https:\/\/gimnasticdetarragona.cat\/es\/?s={search_term_string}"},"query-input":{"@type":"PropertyValueSpecification","valueRequired":true,"valueName":"search_term_string"}}],"inLanguage":"es"},{"@type":"Organization","@id":"https:\/\/gimnasticdetarragona.cat\/es\/#organization","name":"GIMN\u00c0STIC DE TARRAGONA","alternateName":"N\u00c0STIC","url":"https:\/\/gimnasticdetarragona.cat\/es\/","logo":{"@type":"ImageObject","inLanguage":"es","@id":"https:\/\/gimnasticdetarragona.cat\/es\/#\/schema\/logo\/image\/","url":"https:\/\/gimnasticdetarragona.cat\/wp-content\/uploads\/2022\/06\/cropped-logo-gimnastic.png","contentUrl":"https:\/\/gimnasticdetarragona.cat\/wp-content\/uploads\/2022\/06\/cropped-logo-gimnastic.png","width":224,"height":83,"caption":"GIMN\u00c0STIC DE TARRAGONA"},"image":{"@id":"https:\/\/gimnasticdetarragona.cat\/es\/#\/schema\/logo\/image\/"},"sameAs":["https:\/\/x.com\/NASTICTARRAGONA","https:\/\/www.instagram.com\/nastictarragona\/"]},{"@type":"Person","@id":"https:\/\/gimnasticdetarragona.cat\/es\/#\/schema\/person\/47b6a637abf88f9bd835540f20ea069e","name":"desarrollo","sameAs":["https:\/\/clone.gimnasticdetarragona.cat"]}]}},"_links":{"self":[{"href":"https:\/\/gimnasticdetarragona.cat\/es\/wp-json\/wp\/v2\/posts\/61581","targetHints":{"allow":["GET"]}}],"collection":[{"href":"https:\/\/gimnasticdetarragona.cat\/es\/wp-json\/wp\/v2\/posts"}],"about":[{"href":"https:\/\/gimnasticdetarragona.cat\/es\/wp-json\/wp\/v2\/types\/post"}],"author":[{"embeddable":true,"href":"https:\/\/gimnasticdetarragona.cat\/es\/wp-json\/wp\/v2\/users\/1"}],"replies":[{"embeddable":true,"href":"https:\/\/gimnasticdetarragona.cat\/es\/wp-json\/wp\/v2\/comments?post=61581"}],"version-history":[{"count":0,"href":"https:\/\/gimnasticdetarragona.cat\/es\/wp-json\/wp\/v2\/posts\/61581\/revisions"}],"wp:featuredmedia":[{"embeddable":true,"href":"https:\/\/gimnasticdetarragona.cat\/es\/wp-json\/wp\/v2\/media\/61578"}],"wp:attachment":[{"href":"https:\/\/gimnasticdetarragona.cat\/es\/wp-json\/wp\/v2\/media?parent=61581"}],"wp:term":[{"taxonomy":"category","embeddable":true,"href":"https:\/\/gimnasticdetarragona.cat\/es\/wp-json\/wp\/v2\/categories?post=61581"},{"taxonomy":"post_tag","embeddable":true,"href":"https:\/\/gimnasticdetarragona.cat\/es\/wp-json\/wp\/v2\/tags?post=61581"}],"curies":[{"name":"wp","href":"https:\/\/api.w.org\/{rel}","templated":true}]}}