{"id":61585,"date":"2016-05-15T14:39:31","date_gmt":"2016-05-15T14:39:31","guid":{"rendered":"https:\/\/clone.gimnasticdetarragona.cat\/nastic-0-0-leganes\/"},"modified":"2016-05-15T14:39:31","modified_gmt":"2016-05-15T14:39:31","slug":"nastic-0-0-leganes","status":"publish","type":"post","link":"https:\/\/gimnasticdetarragona.cat\/es\/nastic-0-0-leganes\/","title":{"rendered":"N\u00e0stic 0-0 CD Legan\u00e9s"},"content":{"rendered":"<p><strong>El N\u00e0stic ha empatado a cero contra el l\u00edder, el Legan\u00e9s, en un partido en que los grana han sido claramente superiores<\/strong><\/p>\n<p style=\"text-align: justify;\">Con un Nou Estadi\u00a0lleno, el N\u00e0stic ha salido a dar guerra al l\u00edder desde el principio. La primera ocasi\u00f3n grana no se ha hecho esperar, y en el minuto dos de juego, una buena acci\u00f3n por banda izquierda de Eman\u00e1 la ha culminado Aburjania pero su disparo rebot\u00f3 en el cuerpo de un defensor del Legan\u00e9s. Los visitantes se han visto obligados a cortar el buen juego inicial de los granos a base de faltas constantes, impidiendo que los tarraconenses pudieran imponer el ritmo de juego alto que quer\u00edan. Con el paso de los minutos los visitantes se han recuperado de la salida del N\u00e0stic, pero han sido los granas los que han seguido dominando.<\/p>\n<p style=\"text-align: justify;\">En el minuto 11, tras un gran cambio de orientaci\u00f3n de Tejera, la pelota ha llegado a Valent\u00edn que se ha internado en el \u00e1rea deshaci\u00e9ndose de dos marcadores hasta que ha sido derribado por un defensor del Legan\u00e9s, en un claro penalti que ha se\u00f1alado el \u00e1rbitro. Eman\u00e1 ha asumido la responsabilidad pero su potente disparo se march\u00f3 por encima de la porter\u00eda de Serrantes.<\/p>\n<p style=\"text-align: justify;\">Despu\u00e9s del penal el Legan\u00e9s ha reaccionado y se ha lanzado con m\u00e1s convicci\u00f3n al ataque. En el 18 el visitante Gabriel lo ha probado con un disparo lejano y un minuto m\u00e1s tarde ha sido Szymanowski quien lo ha intentado desde la frontal con un disparo que ha ido directo a las manos de Reina.<\/p>\n<p style=\"text-align: justify;\">En el minuto 20 lleg\u00f3 la respuesta de los locales. Con los gritos de N\u00e0stic N\u00e0stic del Nuevo Estadio, los grana han reaccionado y han vuelto a aproximarse con peligro al \u00e1rea de Serantes. La primera ocasi\u00f3n la ha tenido Eman\u00e1, tras una buena combinaci\u00f3n con Naranjo, pero su disparo lo rechaz\u00f3 la defensa. El bal\u00f3n ha acabado muerta a los pies de Tejera, que lo ha probado desde la frontal, pero su disparo lo ha vuelto a alejar la defensa madrile\u00f1a.<\/p>\n<p style=\"text-align: justify;\">En el 30&#8242; tras una jugada trenzada del Legan\u00e9s, Guillermo ha empalmado un potente disparo que ha acabado en el larguero dando el susto en el Nou Estadi. Un minuto m\u00e1s tarde, en el 31&#8242;, gran acci\u00f3n de Naranjo que muy vivo ropa en la presi\u00f3n un bal\u00f3n al central del Legan\u00e9s \u00cdnsua. Tras superar a todos los rivales, el mismo \u00cdnsua ha derivado en Naranjo y ha sido expulsado por el colegiado. El disparo de falta de Tejera la ha tenido que enviar a c\u00f3rner Serantes con una muy buena estirada.<\/p>\n<p style=\"text-align: justify;\">En el minuto 40 el N\u00e0stic ha disfrutado de una nueva ocasi\u00f3n de gol. Espectacular pase en profundidad de Eman\u00e1 por Tejera pero el control del barcelon\u00e9s se le ha escapado por muy poco, evitando que pudiera culminar la jugada. Tres minutos m\u00e1s trad los granas han vuelto a llegar al \u00e1rea del Legan\u00e9s. Gran internada de Fernando Giner por banda izquierda que tras dejar atr\u00e1s a dos rivales ha metido un centro al \u00e1rea para Eman\u00e1. El camerun\u00e9s ha dejado atr\u00e1s por Naranjo y el disparo del andaluz se ha estrellado en el larguero de la porter\u00eda del Legan\u00e9s.<\/p>\n<p style=\"text-align: justify;\">Al descanso se lleg\u00f3 con empate a 0 en el marcador pero con la sensaci\u00f3n de que los locales han sido muy superiores al Legan\u00e9s durante los primeros 45 minutos de juego.<\/p>\n<p style=\"text-align: justify;\">La segunda mitad comenz\u00f3 con un N\u00e0stic dominador y un Legan\u00e9s cerrado en defensa y esperando sus oportunidades. En el minuto 48&#8242; el N\u00e0stic ha sacado el primer c\u00f3rner de la segunda. La centrada la ha rechazado la defensa y el N\u00e0stic ha recuperado la posesi\u00f3n. En el minuto 55&#8242; el N\u00e0stic ha llegado nuevamente por parte, aprovechando la profundidad de Valent\u00edn y su centro chut se ha marchado a la izquierda de Serrantes.<\/p>\n<p style=\"text-align: justify;\">El N\u00e0stic era el dominador claro y en el 73&#8242; un gran centro de Naranjo ha estado a punto de convertirse en gol despu\u00e9s de que la defensa rechazas de cabeza y estuviera a punto de marcar en propia. A la salida del c\u00f3rner De la Espada remat\u00f3 desviado pero el bal\u00f3n acab\u00f3 llegando a Naranjo que con un gran remate ha obligado a Serrantes a sacar una buena mano para evitar el gol.<\/p>\n<p style=\"text-align: justify;\">Los granas han seguido atacando con convicci\u00f3n y mostr\u00e1ndose s\u00f3lidos en defensa, a pesar de las puntuales llegadas del Legan\u00e9s en contraataque. En el 79&#8242; el N\u00e0stic ha tenido una nueva ocasi\u00f3n con un disparo de Naranjo, pero el portero pudo detener evitando el peligro. En el 83&#8242; fue Palanca quien ha penetrado en el \u00e1rea del Lega pero la defensa ha evitado su remate final.<\/p>\n<p style=\"text-align: justify;\">El N\u00e0stic ha intentado hasta el \u00faltimo instante y ya en el tiempo de a\u00f1adido una combinaci\u00f3n dentro del \u00e1rea del Legan\u00e9s la ha culminado Palanca pero su disparo, demasiado centrado, ha acabado en las manos de Serantes. Con esta \u00faltima ocasi\u00f3n se ha puesto punto y final al partido. Al final un punto que sabe a poco para un N\u00e0stic que ha dominado al l\u00edder en todo momento.<\/p>\n<p style=\"text-align: justify;\">La pr\u00f3xima semana vamos a jugar en la Romareda contra el Real Zaragoza. El partido corresponde a la jornada 39 de liga y se disputar\u00e1 el domingo 22 de mayo, a las 12.00 horas. Para este partido la federaci\u00f3n de pe\u00f1as del N\u00e0stic ha organizado desplazamiento y el club espera que, aprovechando la proximidad, la afici\u00f3n se desplace en masa en Zaragoza.<\/p>\n<p><strong>Alineaciones<\/strong><\/p>\n<p>N\u00e0stic: M. Reina, Gerard V, Suzuki, Xavi Molina, Ferran GP, Aburjania (Palanca, 68\u2019), L. Madinda, Tejera, C. Lobato (Marcos de la Espada, 56\u2019), Eman\u00e1 (Juan Mu\u00f1iz, 84&#8242;)\u00a0i Naranjo.<\/p>\n<p>CD Legan\u00e9s: Serantes, Bustinza, Guillermo (Galarreta, 68\u2019), Szymanowski (Abizua 35\u2019), C\u00e9sar, V\u00edctor D\u00edaz, \u00cdnsua, Sastre (A. Mart\u00f3in, 90&#8242;), Ramos, Timor SV. i Gabriel.<\/p>\n<p><strong>Tarjetas<\/strong><br \/>\nTejera (24\u2019), Naranjo (26\u2019), \u00cdnsua (31\u2019 expulsi\u00f3 per vermella directe); Gabriel (47\u2019), Guillermo (52\u2019), Bustinza (62\u2019), Tejera (80\u2019), Sastre (85\u2019).<\/p>\n<p><strong>\u00c1rbitro<\/strong><br \/>\nSr. Jorge Figueroa V\u00e1zquez\u00a0(Colegio\u00a0andaluz).<\/p>\n<p>Nou Estadi. 11.198 espectadors. Jornada 38 Liga Adelante (15\/16)<\/p>\n","protected":false},"excerpt":{"rendered":"<p>El N\u00e0stic empata contra el l\u00edder, el Legan\u00e9s, en un partit en que los grana han sido superiores. <\/p>\n","protected":false},"author":1,"featured_media":61582,"comment_status":"open","ping_status":"open","sticky":false,"template":"","format":"standard","meta":{"_acf_changed":false,"footnotes":""},"categories":[113,126],"tags":[],"class_list":["post-61585","post","type-post","status-publish","format-standard","has-post-thumbnail","hentry","category-actualidad","category-primer-equipo"],"acf":[],"yoast_head":"<!-- This site is optimized with the Yoast SEO plugin v27.3 - https:\/\/yoast.com\/product\/yoast-seo-wordpress\/ -->\n<title>N\u00e0stic 0-0 CD Legan\u00e9s - Gimn\u00e0stic de Tarragona SAD<\/title>\n<meta name=\"robots\" content=\"index, follow, max-snippet:-1, max-image-preview:large, max-video-preview:-1\" \/>\n<link rel=\"canonical\" href=\"https:\/\/gimnasticdetarragona.cat\/es\/nastic-0-0-leganes\/\" \/>\n<meta property=\"og:locale\" content=\"es_ES\" \/>\n<meta property=\"og:type\" content=\"article\" \/>\n<meta property=\"og:title\" content=\"N\u00e0stic 0-0 CD Legan\u00e9s - Gimn\u00e0stic de Tarragona SAD\" \/>\n<meta property=\"og:description\" content=\"El N\u00e0stic empata contra el l\u00edder, el Legan\u00e9s, en un partit en que los grana han sido superiores.\" \/>\n<meta property=\"og:url\" content=\"https:\/\/gimnasticdetarragona.cat\/es\/nastic-0-0-leganes\/\" \/>\n<meta property=\"og:site_name\" content=\"Gimn\u00e0stic de Tarragona SAD\" \/>\n<meta property=\"article:published_time\" content=\"2016-05-15T14:39:31+00:00\" \/>\n<meta property=\"og:image\" content=\"https:\/\/gimnasticdetarragona.cat\/wp-content\/uploads\/2022\/06\/05233743105981-scaled.jpg\" \/>\n\t<meta property=\"og:image:width\" content=\"2560\" \/>\n\t<meta property=\"og:image:height\" content=\"1707\" \/>\n\t<meta property=\"og:image:type\" content=\"image\/jpeg\" \/>\n<meta name=\"author\" content=\"desarrollo\" \/>\n<meta name=\"twitter:card\" content=\"summary_large_image\" \/>\n<meta name=\"twitter:creator\" content=\"@NASTICTARRAGONA\" \/>\n<meta name=\"twitter:site\" content=\"@NASTICTARRAGONA\" \/>\n<meta name=\"twitter:label1\" content=\"Escrito por\" \/>\n\t<meta name=\"twitter:data1\" content=\"desarrollo\" \/>\n\t<meta name=\"twitter:label2\" content=\"Tiempo de lectura\" \/>\n\t<meta name=\"twitter:data2\" content=\"5 minutos\" \/>\n<script type=\"application\/ld+json\" class=\"yoast-schema-graph\">{\"@context\":\"https:\\\/\\\/schema.org\",\"@graph\":[{\"@type\":\"Article\",\"@id\":\"https:\\\/\\\/gimnasticdetarragona.cat\\\/es\\\/nastic-0-0-leganes\\\/#article\",\"isPartOf\":{\"@id\":\"https:\\\/\\\/gimnasticdetarragona.cat\\\/es\\\/nastic-0-0-leganes\\\/\"},\"author\":{\"name\":\"desarrollo\",\"@id\":\"https:\\\/\\\/gimnasticdetarragona.cat\\\/es\\\/#\\\/schema\\\/person\\\/47b6a637abf88f9bd835540f20ea069e\"},\"headline\":\"N\u00e0stic 0-0 CD Legan\u00e9s\",\"datePublished\":\"2016-05-15T14:39:31+00:00\",\"mainEntityOfPage\":{\"@id\":\"https:\\\/\\\/gimnasticdetarragona.cat\\\/es\\\/nastic-0-0-leganes\\\/\"},\"wordCount\":1058,\"commentCount\":0,\"publisher\":{\"@id\":\"https:\\\/\\\/gimnasticdetarragona.cat\\\/es\\\/#organization\"},\"image\":{\"@id\":\"https:\\\/\\\/gimnasticdetarragona.cat\\\/es\\\/nastic-0-0-leganes\\\/#primaryimage\"},\"thumbnailUrl\":\"https:\\\/\\\/gimnasticdetarragona.cat\\\/wp-content\\\/uploads\\\/2022\\\/06\\\/05233743105981-scaled.jpg\",\"articleSection\":[\"Actualidad\",\"Primer Equipo\"],\"inLanguage\":\"es\"},{\"@type\":\"WebPage\",\"@id\":\"https:\\\/\\\/gimnasticdetarragona.cat\\\/es\\\/nastic-0-0-leganes\\\/\",\"url\":\"https:\\\/\\\/gimnasticdetarragona.cat\\\/es\\\/nastic-0-0-leganes\\\/\",\"name\":\"N\u00e0stic 0-0 CD Legan\u00e9s - Gimn\u00e0stic de Tarragona SAD\",\"isPartOf\":{\"@id\":\"https:\\\/\\\/gimnasticdetarragona.cat\\\/es\\\/#website\"},\"primaryImageOfPage\":{\"@id\":\"https:\\\/\\\/gimnasticdetarragona.cat\\\/es\\\/nastic-0-0-leganes\\\/#primaryimage\"},\"image\":{\"@id\":\"https:\\\/\\\/gimnasticdetarragona.cat\\\/es\\\/nastic-0-0-leganes\\\/#primaryimage\"},\"thumbnailUrl\":\"https:\\\/\\\/gimnasticdetarragona.cat\\\/wp-content\\\/uploads\\\/2022\\\/06\\\/05233743105981-scaled.jpg\",\"datePublished\":\"2016-05-15T14:39:31+00:00\",\"breadcrumb\":{\"@id\":\"https:\\\/\\\/gimnasticdetarragona.cat\\\/es\\\/nastic-0-0-leganes\\\/#breadcrumb\"},\"inLanguage\":\"es\",\"potentialAction\":[{\"@type\":\"ReadAction\",\"target\":[\"https:\\\/\\\/gimnasticdetarragona.cat\\\/es\\\/nastic-0-0-leganes\\\/\"]}]},{\"@type\":\"ImageObject\",\"inLanguage\":\"es\",\"@id\":\"https:\\\/\\\/gimnasticdetarragona.cat\\\/es\\\/nastic-0-0-leganes\\\/#primaryimage\",\"url\":\"https:\\\/\\\/gimnasticdetarragona.cat\\\/wp-content\\\/uploads\\\/2022\\\/06\\\/05233743105981-scaled.jpg\",\"contentUrl\":\"https:\\\/\\\/gimnasticdetarragona.cat\\\/wp-content\\\/uploads\\\/2022\\\/06\\\/05233743105981-scaled.jpg\",\"width\":2560,\"height\":1707},{\"@type\":\"BreadcrumbList\",\"@id\":\"https:\\\/\\\/gimnasticdetarragona.cat\\\/es\\\/nastic-0-0-leganes\\\/#breadcrumb\",\"itemListElement\":[{\"@type\":\"ListItem\",\"position\":1,\"name\":\"Inici\",\"item\":\"https:\\\/\\\/gimnasticdetarragona.cat\\\/es\\\/nastic\\\/\"},{\"@type\":\"ListItem\",\"position\":2,\"name\":\"N\u00e0stic 0-0 CD Legan\u00e9s\"}]},{\"@type\":\"WebSite\",\"@id\":\"https:\\\/\\\/gimnasticdetarragona.cat\\\/es\\\/#website\",\"url\":\"https:\\\/\\\/gimnasticdetarragona.cat\\\/es\\\/\",\"name\":\"Gimn\u00e0stic de Tarragona SAD\",\"description\":\"Gimn\u00e0stic de Tarragona\",\"publisher\":{\"@id\":\"https:\\\/\\\/gimnasticdetarragona.cat\\\/es\\\/#organization\"},\"potentialAction\":[{\"@type\":\"SearchAction\",\"target\":{\"@type\":\"EntryPoint\",\"urlTemplate\":\"https:\\\/\\\/gimnasticdetarragona.cat\\\/es\\\/?s={search_term_string}\"},\"query-input\":{\"@type\":\"PropertyValueSpecification\",\"valueRequired\":true,\"valueName\":\"search_term_string\"}}],\"inLanguage\":\"es\"},{\"@type\":\"Organization\",\"@id\":\"https:\\\/\\\/gimnasticdetarragona.cat\\\/es\\\/#organization\",\"name\":\"GIMN\u00c0STIC DE TARRAGONA\",\"alternateName\":\"N\u00c0STIC\",\"url\":\"https:\\\/\\\/gimnasticdetarragona.cat\\\/es\\\/\",\"logo\":{\"@type\":\"ImageObject\",\"inLanguage\":\"es\",\"@id\":\"https:\\\/\\\/gimnasticdetarragona.cat\\\/es\\\/#\\\/schema\\\/logo\\\/image\\\/\",\"url\":\"https:\\\/\\\/gimnasticdetarragona.cat\\\/wp-content\\\/uploads\\\/2022\\\/06\\\/cropped-logo-gimnastic.png\",\"contentUrl\":\"https:\\\/\\\/gimnasticdetarragona.cat\\\/wp-content\\\/uploads\\\/2022\\\/06\\\/cropped-logo-gimnastic.png\",\"width\":224,\"height\":83,\"caption\":\"GIMN\u00c0STIC DE TARRAGONA\"},\"image\":{\"@id\":\"https:\\\/\\\/gimnasticdetarragona.cat\\\/es\\\/#\\\/schema\\\/logo\\\/image\\\/\"},\"sameAs\":[\"https:\\\/\\\/x.com\\\/NASTICTARRAGONA\",\"https:\\\/\\\/www.instagram.com\\\/nastictarragona\\\/\"]},{\"@type\":\"Person\",\"@id\":\"https:\\\/\\\/gimnasticdetarragona.cat\\\/es\\\/#\\\/schema\\\/person\\\/47b6a637abf88f9bd835540f20ea069e\",\"name\":\"desarrollo\",\"sameAs\":[\"https:\\\/\\\/clone.gimnasticdetarragona.cat\"]}]}<\/script>\n<!-- \/ Yoast SEO plugin. -->","yoast_head_json":{"title":"N\u00e0stic 0-0 CD Legan\u00e9s - Gimn\u00e0stic de Tarragona SAD","robots":{"index":"index","follow":"follow","max-snippet":"max-snippet:-1","max-image-preview":"max-image-preview:large","max-video-preview":"max-video-preview:-1"},"canonical":"https:\/\/gimnasticdetarragona.cat\/es\/nastic-0-0-leganes\/","og_locale":"es_ES","og_type":"article","og_title":"N\u00e0stic 0-0 CD Legan\u00e9s - Gimn\u00e0stic de Tarragona SAD","og_description":"El N\u00e0stic empata contra el l\u00edder, el Legan\u00e9s, en un partit en que los grana han sido superiores.","og_url":"https:\/\/gimnasticdetarragona.cat\/es\/nastic-0-0-leganes\/","og_site_name":"Gimn\u00e0stic de Tarragona SAD","article_published_time":"2016-05-15T14:39:31+00:00","og_image":[{"width":2560,"height":1707,"url":"https:\/\/gimnasticdetarragona.cat\/wp-content\/uploads\/2022\/06\/05233743105981-scaled.jpg","type":"image\/jpeg"}],"author":"desarrollo","twitter_card":"summary_large_image","twitter_creator":"@NASTICTARRAGONA","twitter_site":"@NASTICTARRAGONA","twitter_misc":{"Escrito por":"desarrollo","Tiempo de lectura":"5 minutos"},"schema":{"@context":"https:\/\/schema.org","@graph":[{"@type":"Article","@id":"https:\/\/gimnasticdetarragona.cat\/es\/nastic-0-0-leganes\/#article","isPartOf":{"@id":"https:\/\/gimnasticdetarragona.cat\/es\/nastic-0-0-leganes\/"},"author":{"name":"desarrollo","@id":"https:\/\/gimnasticdetarragona.cat\/es\/#\/schema\/person\/47b6a637abf88f9bd835540f20ea069e"},"headline":"N\u00e0stic 0-0 CD Legan\u00e9s","datePublished":"2016-05-15T14:39:31+00:00","mainEntityOfPage":{"@id":"https:\/\/gimnasticdetarragona.cat\/es\/nastic-0-0-leganes\/"},"wordCount":1058,"commentCount":0,"publisher":{"@id":"https:\/\/gimnasticdetarragona.cat\/es\/#organization"},"image":{"@id":"https:\/\/gimnasticdetarragona.cat\/es\/nastic-0-0-leganes\/#primaryimage"},"thumbnailUrl":"https:\/\/gimnasticdetarragona.cat\/wp-content\/uploads\/2022\/06\/05233743105981-scaled.jpg","articleSection":["Actualidad","Primer Equipo"],"inLanguage":"es"},{"@type":"WebPage","@id":"https:\/\/gimnasticdetarragona.cat\/es\/nastic-0-0-leganes\/","url":"https:\/\/gimnasticdetarragona.cat\/es\/nastic-0-0-leganes\/","name":"N\u00e0stic 0-0 CD Legan\u00e9s - Gimn\u00e0stic de Tarragona SAD","isPartOf":{"@id":"https:\/\/gimnasticdetarragona.cat\/es\/#website"},"primaryImageOfPage":{"@id":"https:\/\/gimnasticdetarragona.cat\/es\/nastic-0-0-leganes\/#primaryimage"},"image":{"@id":"https:\/\/gimnasticdetarragona.cat\/es\/nastic-0-0-leganes\/#primaryimage"},"thumbnailUrl":"https:\/\/gimnasticdetarragona.cat\/wp-content\/uploads\/2022\/06\/05233743105981-scaled.jpg","datePublished":"2016-05-15T14:39:31+00:00","breadcrumb":{"@id":"https:\/\/gimnasticdetarragona.cat\/es\/nastic-0-0-leganes\/#breadcrumb"},"inLanguage":"es","potentialAction":[{"@type":"ReadAction","target":["https:\/\/gimnasticdetarragona.cat\/es\/nastic-0-0-leganes\/"]}]},{"@type":"ImageObject","inLanguage":"es","@id":"https:\/\/gimnasticdetarragona.cat\/es\/nastic-0-0-leganes\/#primaryimage","url":"https:\/\/gimnasticdetarragona.cat\/wp-content\/uploads\/2022\/06\/05233743105981-scaled.jpg","contentUrl":"https:\/\/gimnasticdetarragona.cat\/wp-content\/uploads\/2022\/06\/05233743105981-scaled.jpg","width":2560,"height":1707},{"@type":"BreadcrumbList","@id":"https:\/\/gimnasticdetarragona.cat\/es\/nastic-0-0-leganes\/#breadcrumb","itemListElement":[{"@type":"ListItem","position":1,"name":"Inici","item":"https:\/\/gimnasticdetarragona.cat\/es\/nastic\/"},{"@type":"ListItem","position":2,"name":"N\u00e0stic 0-0 CD Legan\u00e9s"}]},{"@type":"WebSite","@id":"https:\/\/gimnasticdetarragona.cat\/es\/#website","url":"https:\/\/gimnasticdetarragona.cat\/es\/","name":"Gimn\u00e0stic de Tarragona SAD","description":"Gimn\u00e0stic de Tarragona","publisher":{"@id":"https:\/\/gimnasticdetarragona.cat\/es\/#organization"},"potentialAction":[{"@type":"SearchAction","target":{"@type":"EntryPoint","urlTemplate":"https:\/\/gimnasticdetarragona.cat\/es\/?s={search_term_string}"},"query-input":{"@type":"PropertyValueSpecification","valueRequired":true,"valueName":"search_term_string"}}],"inLanguage":"es"},{"@type":"Organization","@id":"https:\/\/gimnasticdetarragona.cat\/es\/#organization","name":"GIMN\u00c0STIC DE TARRAGONA","alternateName":"N\u00c0STIC","url":"https:\/\/gimnasticdetarragona.cat\/es\/","logo":{"@type":"ImageObject","inLanguage":"es","@id":"https:\/\/gimnasticdetarragona.cat\/es\/#\/schema\/logo\/image\/","url":"https:\/\/gimnasticdetarragona.cat\/wp-content\/uploads\/2022\/06\/cropped-logo-gimnastic.png","contentUrl":"https:\/\/gimnasticdetarragona.cat\/wp-content\/uploads\/2022\/06\/cropped-logo-gimnastic.png","width":224,"height":83,"caption":"GIMN\u00c0STIC DE TARRAGONA"},"image":{"@id":"https:\/\/gimnasticdetarragona.cat\/es\/#\/schema\/logo\/image\/"},"sameAs":["https:\/\/x.com\/NASTICTARRAGONA","https:\/\/www.instagram.com\/nastictarragona\/"]},{"@type":"Person","@id":"https:\/\/gimnasticdetarragona.cat\/es\/#\/schema\/person\/47b6a637abf88f9bd835540f20ea069e","name":"desarrollo","sameAs":["https:\/\/clone.gimnasticdetarragona.cat"]}]}},"_links":{"self":[{"href":"https:\/\/gimnasticdetarragona.cat\/es\/wp-json\/wp\/v2\/posts\/61585","targetHints":{"allow":["GET"]}}],"collection":[{"href":"https:\/\/gimnasticdetarragona.cat\/es\/wp-json\/wp\/v2\/posts"}],"about":[{"href":"https:\/\/gimnasticdetarragona.cat\/es\/wp-json\/wp\/v2\/types\/post"}],"author":[{"embeddable":true,"href":"https:\/\/gimnasticdetarragona.cat\/es\/wp-json\/wp\/v2\/users\/1"}],"replies":[{"embeddable":true,"href":"https:\/\/gimnasticdetarragona.cat\/es\/wp-json\/wp\/v2\/comments?post=61585"}],"version-history":[{"count":0,"href":"https:\/\/gimnasticdetarragona.cat\/es\/wp-json\/wp\/v2\/posts\/61585\/revisions"}],"wp:featuredmedia":[{"embeddable":true,"href":"https:\/\/gimnasticdetarragona.cat\/es\/wp-json\/wp\/v2\/media\/61582"}],"wp:attachment":[{"href":"https:\/\/gimnasticdetarragona.cat\/es\/wp-json\/wp\/v2\/media?parent=61585"}],"wp:term":[{"taxonomy":"category","embeddable":true,"href":"https:\/\/gimnasticdetarragona.cat\/es\/wp-json\/wp\/v2\/categories?post=61585"},{"taxonomy":"post_tag","embeddable":true,"href":"https:\/\/gimnasticdetarragona.cat\/es\/wp-json\/wp\/v2\/tags?post=61585"}],"curies":[{"name":"wp","href":"https:\/\/api.w.org\/{rel}","templated":true}]}}