{"id":61673,"date":"2016-04-28T21:02:00","date_gmt":"2016-04-28T21:02:00","guid":{"rendered":"https:\/\/clone.gimnasticdetarragona.cat\/nova-promocio-conjunta-per-a-socis-de-nastic-i-cbt\/"},"modified":"2016-04-28T21:02:00","modified_gmt":"2016-04-28T21:02:00","slug":"nova-promocio-conjunta-per-a-socis-de-nastic-i-cbt","status":"publish","type":"post","link":"https:\/\/gimnasticdetarragona.cat\/es\/nova-promocio-conjunta-per-a-socis-de-nastic-i-cbt\/","title":{"rendered":"Nueva promoci\u00f3n conjunta para socios de N\u00e0stic y CBT"},"content":{"rendered":"<p style=\"text-align: justify;\"><strong>Las dos entidades tarraconenses realizan una nueva acci\u00f3n para que todos los socios y aficionados puedan disfrutar de los importantes partidos que se disputar\u00e1n este fin de semana en la ciudad.<\/strong><\/p>\n<p style=\"text-align: justify;\">Despu\u00e9s de sumar esfuerzos hace dos semanas, los dos clubes realizan nuevamente esta acci\u00f3n conjunta para que las dos aficiones vivan tres partidos vibrantes en Tarragona. Por un lado, el Club B\u00e0squet Tarragona disputar\u00e1 dos partidos clave de la semifinal del play-off ante el Araberri; el viernes a las 21.00 horas y el domingo a las 19.30 horas, ambos en el Pavell\u00f3 del Serrallo. Mientras que el Nou Estadi vivir\u00e1 la 36\u00aa jornada de la Liga Adelante, ante el CD Mirand\u00e9s, el domingo a las 17.00 horas.<\/p>\n<p style=\"text-align: justify;\">En esta acci\u00f3n, los socios grana podr\u00e1n disfrutar gratis de los dos partidos del CBT ante el Araberri, el tercero y el cuarto de la semifinal del play-off de ascenso a LEB Oro. Ser\u00e1 necesario que los socios se dirijan a las taquillas del Pavell\u00f3 del Serrallo y muestren su carn\u00e9 de socio del N\u00e0stic para recibir la respectiva entrada de cada uno de los dos partidos.<\/p>\n<p style=\"text-align: justify;\">Por su parte, el domingo, todos los socios del CBT tendr\u00e1n entrada gratuita al Nou Estadi para el partido entre el N\u00e0stic y CD Mirand\u00e9s. Los socios del CBT tendr\u00e1n que ir a las oficinas de la entidad grana y mostrar su carn\u00e9 para obtener la entrada del\u00a0partido.<\/p>\n<p style=\"text-align: justify;\">En ambos casos las promociones est\u00e1n sujetas a la disponibilidad de aforo de las instalaciones.<\/p>\n<p style=\"text-align: justify;\">Foto:\u00a0David Fern\u00e1ndez y Xisco Campos, capitanes de CBT y N\u00e0stic respectivamente, esta tarde se han hecho la fotograf\u00eda protocolaria en el Pavell\u00f3 del Serrallo para desearse suerte mutuamente.<\/p>\n","protected":false},"excerpt":{"rendered":"<p>Las dos entidades tarraconenses realizan una nueva acci\u00f3n para que todos los socios y aficionados puedan disfrutar de los importantes partidos que se disputar\u00e1n este fin de semana en la ciudad<\/p>\n","protected":false},"author":1,"featured_media":61670,"comment_status":"open","ping_status":"open","sticky":false,"template":"","format":"standard","meta":{"_acf_changed":false,"footnotes":""},"categories":[113],"tags":[],"class_list":["post-61673","post","type-post","status-publish","format-standard","has-post-thumbnail","hentry","category-actualidad"],"acf":[],"yoast_head":"<!-- This site is optimized with the Yoast SEO plugin v27.3 - https:\/\/yoast.com\/product\/yoast-seo-wordpress\/ -->\n<title>Nueva promoci\u00f3n conjunta para socios de N\u00e0stic y CBT - Gimn\u00e0stic de Tarragona SAD<\/title>\n<meta name=\"robots\" content=\"index, follow, max-snippet:-1, max-image-preview:large, max-video-preview:-1\" \/>\n<link rel=\"canonical\" href=\"https:\/\/gimnasticdetarragona.cat\/es\/nova-promocio-conjunta-per-a-socis-de-nastic-i-cbt\/\" \/>\n<meta property=\"og:locale\" content=\"es_ES\" \/>\n<meta property=\"og:type\" content=\"article\" \/>\n<meta property=\"og:title\" content=\"Nueva promoci\u00f3n conjunta para socios de N\u00e0stic y CBT - Gimn\u00e0stic de Tarragona SAD\" \/>\n<meta property=\"og:description\" content=\"Las dos entidades tarraconenses realizan una nueva acci\u00f3n para que todos los socios y aficionados puedan disfrutar de los importantes partidos que se disputar\u00e1n este fin de semana en la ciudad\" \/>\n<meta property=\"og:url\" content=\"https:\/\/gimnasticdetarragona.cat\/es\/nova-promocio-conjunta-per-a-socis-de-nastic-i-cbt\/\" \/>\n<meta property=\"og:site_name\" content=\"Gimn\u00e0stic de Tarragona SAD\" \/>\n<meta property=\"article:published_time\" content=\"2016-04-28T21:02:00+00:00\" \/>\n<meta property=\"og:image\" content=\"https:\/\/gimnasticdetarragona.cat\/wp-content\/uploads\/2022\/06\/05233707105461.jpg\" \/>\n\t<meta property=\"og:image:width\" content=\"1800\" \/>\n\t<meta property=\"og:image:height\" content=\"1200\" \/>\n\t<meta property=\"og:image:type\" content=\"image\/jpeg\" \/>\n<meta name=\"author\" content=\"desarrollo\" \/>\n<meta name=\"twitter:card\" content=\"summary_large_image\" \/>\n<meta name=\"twitter:creator\" content=\"@NASTICTARRAGONA\" \/>\n<meta name=\"twitter:site\" content=\"@NASTICTARRAGONA\" \/>\n<meta name=\"twitter:label1\" content=\"Escrito por\" \/>\n\t<meta name=\"twitter:data1\" content=\"desarrollo\" \/>\n\t<meta name=\"twitter:label2\" content=\"Tiempo de lectura\" \/>\n\t<meta name=\"twitter:data2\" content=\"1 minuto\" \/>\n<script type=\"application\/ld+json\" class=\"yoast-schema-graph\">{\"@context\":\"https:\\\/\\\/schema.org\",\"@graph\":[{\"@type\":\"Article\",\"@id\":\"https:\\\/\\\/gimnasticdetarragona.cat\\\/es\\\/nova-promocio-conjunta-per-a-socis-de-nastic-i-cbt\\\/#article\",\"isPartOf\":{\"@id\":\"https:\\\/\\\/gimnasticdetarragona.cat\\\/es\\\/nova-promocio-conjunta-per-a-socis-de-nastic-i-cbt\\\/\"},\"author\":{\"name\":\"desarrollo\",\"@id\":\"https:\\\/\\\/gimnasticdetarragona.cat\\\/es\\\/#\\\/schema\\\/person\\\/47b6a637abf88f9bd835540f20ea069e\"},\"headline\":\"Nueva promoci\u00f3n conjunta para socios de N\u00e0stic y CBT\",\"datePublished\":\"2016-04-28T21:02:00+00:00\",\"mainEntityOfPage\":{\"@id\":\"https:\\\/\\\/gimnasticdetarragona.cat\\\/es\\\/nova-promocio-conjunta-per-a-socis-de-nastic-i-cbt\\\/\"},\"wordCount\":302,\"commentCount\":0,\"publisher\":{\"@id\":\"https:\\\/\\\/gimnasticdetarragona.cat\\\/es\\\/#organization\"},\"image\":{\"@id\":\"https:\\\/\\\/gimnasticdetarragona.cat\\\/es\\\/nova-promocio-conjunta-per-a-socis-de-nastic-i-cbt\\\/#primaryimage\"},\"thumbnailUrl\":\"https:\\\/\\\/gimnasticdetarragona.cat\\\/wp-content\\\/uploads\\\/2022\\\/06\\\/05233707105461.jpg\",\"articleSection\":[\"Actualidad\"],\"inLanguage\":\"es\"},{\"@type\":\"WebPage\",\"@id\":\"https:\\\/\\\/gimnasticdetarragona.cat\\\/es\\\/nova-promocio-conjunta-per-a-socis-de-nastic-i-cbt\\\/\",\"url\":\"https:\\\/\\\/gimnasticdetarragona.cat\\\/es\\\/nova-promocio-conjunta-per-a-socis-de-nastic-i-cbt\\\/\",\"name\":\"Nueva promoci\u00f3n conjunta para socios de N\u00e0stic y CBT - Gimn\u00e0stic de Tarragona SAD\",\"isPartOf\":{\"@id\":\"https:\\\/\\\/gimnasticdetarragona.cat\\\/es\\\/#website\"},\"primaryImageOfPage\":{\"@id\":\"https:\\\/\\\/gimnasticdetarragona.cat\\\/es\\\/nova-promocio-conjunta-per-a-socis-de-nastic-i-cbt\\\/#primaryimage\"},\"image\":{\"@id\":\"https:\\\/\\\/gimnasticdetarragona.cat\\\/es\\\/nova-promocio-conjunta-per-a-socis-de-nastic-i-cbt\\\/#primaryimage\"},\"thumbnailUrl\":\"https:\\\/\\\/gimnasticdetarragona.cat\\\/wp-content\\\/uploads\\\/2022\\\/06\\\/05233707105461.jpg\",\"datePublished\":\"2016-04-28T21:02:00+00:00\",\"breadcrumb\":{\"@id\":\"https:\\\/\\\/gimnasticdetarragona.cat\\\/es\\\/nova-promocio-conjunta-per-a-socis-de-nastic-i-cbt\\\/#breadcrumb\"},\"inLanguage\":\"es\",\"potentialAction\":[{\"@type\":\"ReadAction\",\"target\":[\"https:\\\/\\\/gimnasticdetarragona.cat\\\/es\\\/nova-promocio-conjunta-per-a-socis-de-nastic-i-cbt\\\/\"]}]},{\"@type\":\"ImageObject\",\"inLanguage\":\"es\",\"@id\":\"https:\\\/\\\/gimnasticdetarragona.cat\\\/es\\\/nova-promocio-conjunta-per-a-socis-de-nastic-i-cbt\\\/#primaryimage\",\"url\":\"https:\\\/\\\/gimnasticdetarragona.cat\\\/wp-content\\\/uploads\\\/2022\\\/06\\\/05233707105461.jpg\",\"contentUrl\":\"https:\\\/\\\/gimnasticdetarragona.cat\\\/wp-content\\\/uploads\\\/2022\\\/06\\\/05233707105461.jpg\",\"width\":1800,\"height\":1200,\"caption\":\"????????????????????????????????????\"},{\"@type\":\"BreadcrumbList\",\"@id\":\"https:\\\/\\\/gimnasticdetarragona.cat\\\/es\\\/nova-promocio-conjunta-per-a-socis-de-nastic-i-cbt\\\/#breadcrumb\",\"itemListElement\":[{\"@type\":\"ListItem\",\"position\":1,\"name\":\"Inici\",\"item\":\"https:\\\/\\\/gimnasticdetarragona.cat\\\/es\\\/nastic\\\/\"},{\"@type\":\"ListItem\",\"position\":2,\"name\":\"Nueva promoci\u00f3n conjunta para socios de N\u00e0stic y CBT\"}]},{\"@type\":\"WebSite\",\"@id\":\"https:\\\/\\\/gimnasticdetarragona.cat\\\/es\\\/#website\",\"url\":\"https:\\\/\\\/gimnasticdetarragona.cat\\\/es\\\/\",\"name\":\"Gimn\u00e0stic de Tarragona SAD\",\"description\":\"Gimn\u00e0stic de Tarragona\",\"publisher\":{\"@id\":\"https:\\\/\\\/gimnasticdetarragona.cat\\\/es\\\/#organization\"},\"potentialAction\":[{\"@type\":\"SearchAction\",\"target\":{\"@type\":\"EntryPoint\",\"urlTemplate\":\"https:\\\/\\\/gimnasticdetarragona.cat\\\/es\\\/?s={search_term_string}\"},\"query-input\":{\"@type\":\"PropertyValueSpecification\",\"valueRequired\":true,\"valueName\":\"search_term_string\"}}],\"inLanguage\":\"es\"},{\"@type\":\"Organization\",\"@id\":\"https:\\\/\\\/gimnasticdetarragona.cat\\\/es\\\/#organization\",\"name\":\"GIMN\u00c0STIC DE TARRAGONA\",\"alternateName\":\"N\u00c0STIC\",\"url\":\"https:\\\/\\\/gimnasticdetarragona.cat\\\/es\\\/\",\"logo\":{\"@type\":\"ImageObject\",\"inLanguage\":\"es\",\"@id\":\"https:\\\/\\\/gimnasticdetarragona.cat\\\/es\\\/#\\\/schema\\\/logo\\\/image\\\/\",\"url\":\"https:\\\/\\\/gimnasticdetarragona.cat\\\/wp-content\\\/uploads\\\/2022\\\/06\\\/cropped-logo-gimnastic.png\",\"contentUrl\":\"https:\\\/\\\/gimnasticdetarragona.cat\\\/wp-content\\\/uploads\\\/2022\\\/06\\\/cropped-logo-gimnastic.png\",\"width\":224,\"height\":83,\"caption\":\"GIMN\u00c0STIC DE TARRAGONA\"},\"image\":{\"@id\":\"https:\\\/\\\/gimnasticdetarragona.cat\\\/es\\\/#\\\/schema\\\/logo\\\/image\\\/\"},\"sameAs\":[\"https:\\\/\\\/x.com\\\/NASTICTARRAGONA\",\"https:\\\/\\\/www.instagram.com\\\/nastictarragona\\\/\"]},{\"@type\":\"Person\",\"@id\":\"https:\\\/\\\/gimnasticdetarragona.cat\\\/es\\\/#\\\/schema\\\/person\\\/47b6a637abf88f9bd835540f20ea069e\",\"name\":\"desarrollo\",\"sameAs\":[\"https:\\\/\\\/clone.gimnasticdetarragona.cat\"]}]}<\/script>\n<!-- \/ Yoast SEO plugin. -->","yoast_head_json":{"title":"Nueva promoci\u00f3n conjunta para socios de N\u00e0stic y CBT - Gimn\u00e0stic de Tarragona SAD","robots":{"index":"index","follow":"follow","max-snippet":"max-snippet:-1","max-image-preview":"max-image-preview:large","max-video-preview":"max-video-preview:-1"},"canonical":"https:\/\/gimnasticdetarragona.cat\/es\/nova-promocio-conjunta-per-a-socis-de-nastic-i-cbt\/","og_locale":"es_ES","og_type":"article","og_title":"Nueva promoci\u00f3n conjunta para socios de N\u00e0stic y CBT - Gimn\u00e0stic de Tarragona SAD","og_description":"Las dos entidades tarraconenses realizan una nueva acci\u00f3n para que todos los socios y aficionados puedan disfrutar de los importantes partidos que se disputar\u00e1n este fin de semana en la ciudad","og_url":"https:\/\/gimnasticdetarragona.cat\/es\/nova-promocio-conjunta-per-a-socis-de-nastic-i-cbt\/","og_site_name":"Gimn\u00e0stic de Tarragona SAD","article_published_time":"2016-04-28T21:02:00+00:00","og_image":[{"width":1800,"height":1200,"url":"https:\/\/gimnasticdetarragona.cat\/wp-content\/uploads\/2022\/06\/05233707105461.jpg","type":"image\/jpeg"}],"author":"desarrollo","twitter_card":"summary_large_image","twitter_creator":"@NASTICTARRAGONA","twitter_site":"@NASTICTARRAGONA","twitter_misc":{"Escrito por":"desarrollo","Tiempo de lectura":"1 minuto"},"schema":{"@context":"https:\/\/schema.org","@graph":[{"@type":"Article","@id":"https:\/\/gimnasticdetarragona.cat\/es\/nova-promocio-conjunta-per-a-socis-de-nastic-i-cbt\/#article","isPartOf":{"@id":"https:\/\/gimnasticdetarragona.cat\/es\/nova-promocio-conjunta-per-a-socis-de-nastic-i-cbt\/"},"author":{"name":"desarrollo","@id":"https:\/\/gimnasticdetarragona.cat\/es\/#\/schema\/person\/47b6a637abf88f9bd835540f20ea069e"},"headline":"Nueva promoci\u00f3n conjunta para socios de N\u00e0stic y CBT","datePublished":"2016-04-28T21:02:00+00:00","mainEntityOfPage":{"@id":"https:\/\/gimnasticdetarragona.cat\/es\/nova-promocio-conjunta-per-a-socis-de-nastic-i-cbt\/"},"wordCount":302,"commentCount":0,"publisher":{"@id":"https:\/\/gimnasticdetarragona.cat\/es\/#organization"},"image":{"@id":"https:\/\/gimnasticdetarragona.cat\/es\/nova-promocio-conjunta-per-a-socis-de-nastic-i-cbt\/#primaryimage"},"thumbnailUrl":"https:\/\/gimnasticdetarragona.cat\/wp-content\/uploads\/2022\/06\/05233707105461.jpg","articleSection":["Actualidad"],"inLanguage":"es"},{"@type":"WebPage","@id":"https:\/\/gimnasticdetarragona.cat\/es\/nova-promocio-conjunta-per-a-socis-de-nastic-i-cbt\/","url":"https:\/\/gimnasticdetarragona.cat\/es\/nova-promocio-conjunta-per-a-socis-de-nastic-i-cbt\/","name":"Nueva promoci\u00f3n conjunta para socios de N\u00e0stic y CBT - Gimn\u00e0stic de Tarragona SAD","isPartOf":{"@id":"https:\/\/gimnasticdetarragona.cat\/es\/#website"},"primaryImageOfPage":{"@id":"https:\/\/gimnasticdetarragona.cat\/es\/nova-promocio-conjunta-per-a-socis-de-nastic-i-cbt\/#primaryimage"},"image":{"@id":"https:\/\/gimnasticdetarragona.cat\/es\/nova-promocio-conjunta-per-a-socis-de-nastic-i-cbt\/#primaryimage"},"thumbnailUrl":"https:\/\/gimnasticdetarragona.cat\/wp-content\/uploads\/2022\/06\/05233707105461.jpg","datePublished":"2016-04-28T21:02:00+00:00","breadcrumb":{"@id":"https:\/\/gimnasticdetarragona.cat\/es\/nova-promocio-conjunta-per-a-socis-de-nastic-i-cbt\/#breadcrumb"},"inLanguage":"es","potentialAction":[{"@type":"ReadAction","target":["https:\/\/gimnasticdetarragona.cat\/es\/nova-promocio-conjunta-per-a-socis-de-nastic-i-cbt\/"]}]},{"@type":"ImageObject","inLanguage":"es","@id":"https:\/\/gimnasticdetarragona.cat\/es\/nova-promocio-conjunta-per-a-socis-de-nastic-i-cbt\/#primaryimage","url":"https:\/\/gimnasticdetarragona.cat\/wp-content\/uploads\/2022\/06\/05233707105461.jpg","contentUrl":"https:\/\/gimnasticdetarragona.cat\/wp-content\/uploads\/2022\/06\/05233707105461.jpg","width":1800,"height":1200,"caption":"????????????????????????????????????"},{"@type":"BreadcrumbList","@id":"https:\/\/gimnasticdetarragona.cat\/es\/nova-promocio-conjunta-per-a-socis-de-nastic-i-cbt\/#breadcrumb","itemListElement":[{"@type":"ListItem","position":1,"name":"Inici","item":"https:\/\/gimnasticdetarragona.cat\/es\/nastic\/"},{"@type":"ListItem","position":2,"name":"Nueva promoci\u00f3n conjunta para socios de N\u00e0stic y CBT"}]},{"@type":"WebSite","@id":"https:\/\/gimnasticdetarragona.cat\/es\/#website","url":"https:\/\/gimnasticdetarragona.cat\/es\/","name":"Gimn\u00e0stic de Tarragona SAD","description":"Gimn\u00e0stic de Tarragona","publisher":{"@id":"https:\/\/gimnasticdetarragona.cat\/es\/#organization"},"potentialAction":[{"@type":"SearchAction","target":{"@type":"EntryPoint","urlTemplate":"https:\/\/gimnasticdetarragona.cat\/es\/?s={search_term_string}"},"query-input":{"@type":"PropertyValueSpecification","valueRequired":true,"valueName":"search_term_string"}}],"inLanguage":"es"},{"@type":"Organization","@id":"https:\/\/gimnasticdetarragona.cat\/es\/#organization","name":"GIMN\u00c0STIC DE TARRAGONA","alternateName":"N\u00c0STIC","url":"https:\/\/gimnasticdetarragona.cat\/es\/","logo":{"@type":"ImageObject","inLanguage":"es","@id":"https:\/\/gimnasticdetarragona.cat\/es\/#\/schema\/logo\/image\/","url":"https:\/\/gimnasticdetarragona.cat\/wp-content\/uploads\/2022\/06\/cropped-logo-gimnastic.png","contentUrl":"https:\/\/gimnasticdetarragona.cat\/wp-content\/uploads\/2022\/06\/cropped-logo-gimnastic.png","width":224,"height":83,"caption":"GIMN\u00c0STIC DE TARRAGONA"},"image":{"@id":"https:\/\/gimnasticdetarragona.cat\/es\/#\/schema\/logo\/image\/"},"sameAs":["https:\/\/x.com\/NASTICTARRAGONA","https:\/\/www.instagram.com\/nastictarragona\/"]},{"@type":"Person","@id":"https:\/\/gimnasticdetarragona.cat\/es\/#\/schema\/person\/47b6a637abf88f9bd835540f20ea069e","name":"desarrollo","sameAs":["https:\/\/clone.gimnasticdetarragona.cat"]}]}},"_links":{"self":[{"href":"https:\/\/gimnasticdetarragona.cat\/es\/wp-json\/wp\/v2\/posts\/61673","targetHints":{"allow":["GET"]}}],"collection":[{"href":"https:\/\/gimnasticdetarragona.cat\/es\/wp-json\/wp\/v2\/posts"}],"about":[{"href":"https:\/\/gimnasticdetarragona.cat\/es\/wp-json\/wp\/v2\/types\/post"}],"author":[{"embeddable":true,"href":"https:\/\/gimnasticdetarragona.cat\/es\/wp-json\/wp\/v2\/users\/1"}],"replies":[{"embeddable":true,"href":"https:\/\/gimnasticdetarragona.cat\/es\/wp-json\/wp\/v2\/comments?post=61673"}],"version-history":[{"count":0,"href":"https:\/\/gimnasticdetarragona.cat\/es\/wp-json\/wp\/v2\/posts\/61673\/revisions"}],"wp:featuredmedia":[{"embeddable":true,"href":"https:\/\/gimnasticdetarragona.cat\/es\/wp-json\/wp\/v2\/media\/61670"}],"wp:attachment":[{"href":"https:\/\/gimnasticdetarragona.cat\/es\/wp-json\/wp\/v2\/media?parent=61673"}],"wp:term":[{"taxonomy":"category","embeddable":true,"href":"https:\/\/gimnasticdetarragona.cat\/es\/wp-json\/wp\/v2\/categories?post=61673"},{"taxonomy":"post_tag","embeddable":true,"href":"https:\/\/gimnasticdetarragona.cat\/es\/wp-json\/wp\/v2\/tags?post=61673"}],"curies":[{"name":"wp","href":"https:\/\/api.w.org\/{rel}","templated":true}]}}