{"id":61699,"date":"2016-04-25T18:46:46","date_gmt":"2016-04-25T18:46:46","guid":{"rendered":"https:\/\/clone.gimnasticdetarragona.cat\/promocions-nastic-cd-mirandes\/"},"modified":"2016-04-25T18:46:46","modified_gmt":"2016-04-25T18:46:46","slug":"promocions-nastic-cd-mirandes","status":"publish","type":"post","link":"https:\/\/gimnasticdetarragona.cat\/es\/promocions-nastic-cd-mirandes\/","title":{"rendered":"Promociones N\u00e0stic \u2013 CD Mirand\u00e9s"},"content":{"rendered":"<p style=\"text-align: justify;\">El equipo afronta la recta final de Liga Adelante inmerso en las posiciones de play-off de ascenso a la Primera Divisi\u00f3n. El pr\u00f3ximo partido se juega en el Nou\u00a0Estadi, ante el CD Mirand\u00e9s, el domingo a las 17.00 horas, y la entidad grana ofrece dos promociones para socios y aficionados para que haya el m\u00e1ximo n\u00famero de aficionados animando al equipo.<\/p>\n<p style=\"text-align: justify;\">Con la primera promoci\u00f3n, todos los socios podr\u00e1n adquirir entradas en Gol y Preferente a un precio de 5\u20ac la entrada, hasta un m\u00e1ximo de cuatro. En este caso, los socios podr\u00e1n escoger la localidad que deseen, independientemente de la zona donde est\u00e9n abonados. La promoci\u00f3n no incluye la zona de Tribuna, ya que dispone de pocos asientos libres.<\/p>\n<p style=\"text-align: justify;\">Recordamos que todos aquellos aficionados que a\u00fan no sean socios, pueden formalizar su abono dentro de la campa\u00f1a \u00abPrimavera Grana\u00bb, a partir de 50 \u20ac, para vivir los \u00faltimos cuatro enfrentamientos en el Nou Estadi; ante CD Mirand\u00e9s, CD Legan\u00e9s y CA Osasuna y Deportivo Alav\u00e9s. El horario de las oficinas para esta semana es de lunes a viernes de 9 a 13.30 y de 16 a 19 horas;\u00a0y\u00a0el domingo, abrir\u00e1 a las 15 horas, dos horas antes del inicio del partido ante el CD Mirand\u00e9s.<\/p>\n<p style=\"text-align: justify;\">Mientras que en la segunda promoci\u00f3n, todos los aficionados que hagan una compra igual o superior a 12\u20ac la N\u00e0stic Hummel Store tendr\u00e1n una entrada gratis para el partido del domingo a las 17 horas. El cliente podr\u00e1 elegir la zona de la entrada: Gol Sur, Gol Norte o Preferente.<\/p>\n<p style=\"text-align: justify;\">El horario de la tienda grana es de lunes a viernes de 17 a 20.30 horas, y el s\u00e1bado de 10 a 13.30 y de 17 a 20.00 horas. Mientras que el domingo, la N\u00e0stic Hummel Store abrir\u00e1 sus puertas a las 15.00h, dos horas antes del inicio del encuentro.<\/p>\n","protected":false},"excerpt":{"rendered":"<p>El equipo afronta la recta final de Liga Adelante inmerso en las posiciones de play-off de ascenso a la Primera Divisi\u00f3n. El pr\u00f3ximo partido se juega en el Nou Estadi, ante el CD Mirand\u00e9s, el domingo a las 17.00 horas, y la entidad grana ofrece dos promociones para socios y aficionados para que haya el m\u00e1ximo n\u00famero de aficionados animando al equipo.<\/p>\n","protected":false},"author":1,"featured_media":61696,"comment_status":"open","ping_status":"open","sticky":false,"template":"","format":"standard","meta":{"_acf_changed":false,"footnotes":""},"categories":[113,121],"tags":[],"class_list":["post-61699","post","type-post","status-publish","format-standard","has-post-thumbnail","hentry","category-actualidad","category-home"],"acf":[],"yoast_head":"<!-- This site is optimized with the Yoast SEO plugin v27.3 - https:\/\/yoast.com\/product\/yoast-seo-wordpress\/ -->\n<title>Promociones N\u00e0stic \u2013 CD Mirand\u00e9s - Gimn\u00e0stic de Tarragona SAD<\/title>\n<meta name=\"robots\" content=\"index, follow, max-snippet:-1, max-image-preview:large, max-video-preview:-1\" \/>\n<link rel=\"canonical\" href=\"https:\/\/gimnasticdetarragona.cat\/promocions-nastic-cd-mirandes\/\" \/>\n<meta property=\"og:locale\" content=\"es_ES\" \/>\n<meta property=\"og:type\" content=\"article\" \/>\n<meta property=\"og:title\" content=\"Promociones N\u00e0stic \u2013 CD Mirand\u00e9s - Gimn\u00e0stic de Tarragona SAD\" \/>\n<meta property=\"og:description\" content=\"El equipo afronta la recta final de Liga Adelante inmerso en las posiciones de play-off de ascenso a la Primera Divisi\u00f3n. El pr\u00f3ximo partido se juega en el Nou Estadi, ante el CD Mirand\u00e9s, el domingo a las 17.00 horas, y la entidad grana ofrece dos promociones para socios y aficionados para que haya el m\u00e1ximo n\u00famero de aficionados animando al equipo.\" \/>\n<meta property=\"og:url\" content=\"https:\/\/gimnasticdetarragona.cat\/promocions-nastic-cd-mirandes\/\" \/>\n<meta property=\"og:site_name\" content=\"Gimn\u00e0stic de Tarragona SAD\" \/>\n<meta property=\"article:published_time\" content=\"2016-04-25T18:46:46+00:00\" \/>\n<meta property=\"og:image\" content=\"https:\/\/gimnasticdetarragona.cat\/wp-content\/uploads\/2022\/06\/05233702105339.jpg\" \/>\n\t<meta property=\"og:image:width\" content=\"1024\" \/>\n\t<meta property=\"og:image:height\" content=\"512\" \/>\n\t<meta property=\"og:image:type\" content=\"image\/jpeg\" \/>\n<meta name=\"author\" content=\"desarrollo\" \/>\n<meta name=\"twitter:card\" content=\"summary_large_image\" \/>\n<meta name=\"twitter:creator\" content=\"@NASTICTARRAGONA\" \/>\n<meta name=\"twitter:site\" content=\"@NASTICTARRAGONA\" \/>\n<meta name=\"twitter:label1\" content=\"Escrito por\" \/>\n\t<meta name=\"twitter:data1\" content=\"desarrollo\" \/>\n\t<meta name=\"twitter:label2\" content=\"Tiempo de lectura\" \/>\n\t<meta name=\"twitter:data2\" content=\"2 minutos\" \/>\n<script type=\"application\/ld+json\" class=\"yoast-schema-graph\">{\"@context\":\"https:\\\/\\\/schema.org\",\"@graph\":[{\"@type\":\"Article\",\"@id\":\"https:\\\/\\\/gimnasticdetarragona.cat\\\/promocions-nastic-cd-mirandes\\\/#article\",\"isPartOf\":{\"@id\":\"https:\\\/\\\/gimnasticdetarragona.cat\\\/promocions-nastic-cd-mirandes\\\/\"},\"author\":{\"name\":\"desarrollo\",\"@id\":\"https:\\\/\\\/gimnasticdetarragona.cat\\\/es\\\/#\\\/schema\\\/person\\\/47b6a637abf88f9bd835540f20ea069e\"},\"headline\":\"Promociones N\u00e0stic \u2013 CD Mirand\u00e9s\",\"datePublished\":\"2016-04-25T18:46:46+00:00\",\"mainEntityOfPage\":{\"@id\":\"https:\\\/\\\/gimnasticdetarragona.cat\\\/promocions-nastic-cd-mirandes\\\/\"},\"wordCount\":320,\"commentCount\":0,\"publisher\":{\"@id\":\"https:\\\/\\\/gimnasticdetarragona.cat\\\/es\\\/#organization\"},\"image\":{\"@id\":\"https:\\\/\\\/gimnasticdetarragona.cat\\\/promocions-nastic-cd-mirandes\\\/#primaryimage\"},\"thumbnailUrl\":\"https:\\\/\\\/gimnasticdetarragona.cat\\\/wp-content\\\/uploads\\\/2022\\\/06\\\/05233702105339.jpg\",\"articleSection\":[\"Actualidad\",\"Home\"],\"inLanguage\":\"es\"},{\"@type\":\"WebPage\",\"@id\":\"https:\\\/\\\/gimnasticdetarragona.cat\\\/promocions-nastic-cd-mirandes\\\/\",\"url\":\"https:\\\/\\\/gimnasticdetarragona.cat\\\/promocions-nastic-cd-mirandes\\\/\",\"name\":\"Promociones N\u00e0stic \u2013 CD Mirand\u00e9s - Gimn\u00e0stic de Tarragona SAD\",\"isPartOf\":{\"@id\":\"https:\\\/\\\/gimnasticdetarragona.cat\\\/es\\\/#website\"},\"primaryImageOfPage\":{\"@id\":\"https:\\\/\\\/gimnasticdetarragona.cat\\\/promocions-nastic-cd-mirandes\\\/#primaryimage\"},\"image\":{\"@id\":\"https:\\\/\\\/gimnasticdetarragona.cat\\\/promocions-nastic-cd-mirandes\\\/#primaryimage\"},\"thumbnailUrl\":\"https:\\\/\\\/gimnasticdetarragona.cat\\\/wp-content\\\/uploads\\\/2022\\\/06\\\/05233702105339.jpg\",\"datePublished\":\"2016-04-25T18:46:46+00:00\",\"breadcrumb\":{\"@id\":\"https:\\\/\\\/gimnasticdetarragona.cat\\\/promocions-nastic-cd-mirandes\\\/#breadcrumb\"},\"inLanguage\":\"es\",\"potentialAction\":[{\"@type\":\"ReadAction\",\"target\":[\"https:\\\/\\\/gimnasticdetarragona.cat\\\/promocions-nastic-cd-mirandes\\\/\"]}]},{\"@type\":\"ImageObject\",\"inLanguage\":\"es\",\"@id\":\"https:\\\/\\\/gimnasticdetarragona.cat\\\/promocions-nastic-cd-mirandes\\\/#primaryimage\",\"url\":\"https:\\\/\\\/gimnasticdetarragona.cat\\\/wp-content\\\/uploads\\\/2022\\\/06\\\/05233702105339.jpg\",\"contentUrl\":\"https:\\\/\\\/gimnasticdetarragona.cat\\\/wp-content\\\/uploads\\\/2022\\\/06\\\/05233702105339.jpg\",\"width\":1024,\"height\":512},{\"@type\":\"BreadcrumbList\",\"@id\":\"https:\\\/\\\/gimnasticdetarragona.cat\\\/promocions-nastic-cd-mirandes\\\/#breadcrumb\",\"itemListElement\":[{\"@type\":\"ListItem\",\"position\":1,\"name\":\"Inici\",\"item\":\"https:\\\/\\\/gimnasticdetarragona.cat\\\/es\\\/nastic\\\/\"},{\"@type\":\"ListItem\",\"position\":2,\"name\":\"Promociones N\u00e0stic \u2013 CD Mirand\u00e9s\"}]},{\"@type\":\"WebSite\",\"@id\":\"https:\\\/\\\/gimnasticdetarragona.cat\\\/es\\\/#website\",\"url\":\"https:\\\/\\\/gimnasticdetarragona.cat\\\/es\\\/\",\"name\":\"Gimn\u00e0stic de Tarragona SAD\",\"description\":\"Gimn\u00e0stic de Tarragona\",\"publisher\":{\"@id\":\"https:\\\/\\\/gimnasticdetarragona.cat\\\/es\\\/#organization\"},\"potentialAction\":[{\"@type\":\"SearchAction\",\"target\":{\"@type\":\"EntryPoint\",\"urlTemplate\":\"https:\\\/\\\/gimnasticdetarragona.cat\\\/es\\\/?s={search_term_string}\"},\"query-input\":{\"@type\":\"PropertyValueSpecification\",\"valueRequired\":true,\"valueName\":\"search_term_string\"}}],\"inLanguage\":\"es\"},{\"@type\":\"Organization\",\"@id\":\"https:\\\/\\\/gimnasticdetarragona.cat\\\/es\\\/#organization\",\"name\":\"GIMN\u00c0STIC DE TARRAGONA\",\"alternateName\":\"N\u00c0STIC\",\"url\":\"https:\\\/\\\/gimnasticdetarragona.cat\\\/es\\\/\",\"logo\":{\"@type\":\"ImageObject\",\"inLanguage\":\"es\",\"@id\":\"https:\\\/\\\/gimnasticdetarragona.cat\\\/es\\\/#\\\/schema\\\/logo\\\/image\\\/\",\"url\":\"https:\\\/\\\/gimnasticdetarragona.cat\\\/wp-content\\\/uploads\\\/2022\\\/06\\\/cropped-logo-gimnastic.png\",\"contentUrl\":\"https:\\\/\\\/gimnasticdetarragona.cat\\\/wp-content\\\/uploads\\\/2022\\\/06\\\/cropped-logo-gimnastic.png\",\"width\":224,\"height\":83,\"caption\":\"GIMN\u00c0STIC DE TARRAGONA\"},\"image\":{\"@id\":\"https:\\\/\\\/gimnasticdetarragona.cat\\\/es\\\/#\\\/schema\\\/logo\\\/image\\\/\"},\"sameAs\":[\"https:\\\/\\\/x.com\\\/NASTICTARRAGONA\",\"https:\\\/\\\/www.instagram.com\\\/nastictarragona\\\/\"]},{\"@type\":\"Person\",\"@id\":\"https:\\\/\\\/gimnasticdetarragona.cat\\\/es\\\/#\\\/schema\\\/person\\\/47b6a637abf88f9bd835540f20ea069e\",\"name\":\"desarrollo\",\"sameAs\":[\"https:\\\/\\\/clone.gimnasticdetarragona.cat\"]}]}<\/script>\n<!-- \/ Yoast SEO plugin. -->","yoast_head_json":{"title":"Promociones N\u00e0stic \u2013 CD Mirand\u00e9s - Gimn\u00e0stic de Tarragona SAD","robots":{"index":"index","follow":"follow","max-snippet":"max-snippet:-1","max-image-preview":"max-image-preview:large","max-video-preview":"max-video-preview:-1"},"canonical":"https:\/\/gimnasticdetarragona.cat\/promocions-nastic-cd-mirandes\/","og_locale":"es_ES","og_type":"article","og_title":"Promociones N\u00e0stic \u2013 CD Mirand\u00e9s - Gimn\u00e0stic de Tarragona SAD","og_description":"El equipo afronta la recta final de Liga Adelante inmerso en las posiciones de play-off de ascenso a la Primera Divisi\u00f3n. El pr\u00f3ximo partido se juega en el Nou Estadi, ante el CD Mirand\u00e9s, el domingo a las 17.00 horas, y la entidad grana ofrece dos promociones para socios y aficionados para que haya el m\u00e1ximo n\u00famero de aficionados animando al equipo.","og_url":"https:\/\/gimnasticdetarragona.cat\/promocions-nastic-cd-mirandes\/","og_site_name":"Gimn\u00e0stic de Tarragona SAD","article_published_time":"2016-04-25T18:46:46+00:00","og_image":[{"width":1024,"height":512,"url":"https:\/\/gimnasticdetarragona.cat\/wp-content\/uploads\/2022\/06\/05233702105339.jpg","type":"image\/jpeg"}],"author":"desarrollo","twitter_card":"summary_large_image","twitter_creator":"@NASTICTARRAGONA","twitter_site":"@NASTICTARRAGONA","twitter_misc":{"Escrito por":"desarrollo","Tiempo de lectura":"2 minutos"},"schema":{"@context":"https:\/\/schema.org","@graph":[{"@type":"Article","@id":"https:\/\/gimnasticdetarragona.cat\/promocions-nastic-cd-mirandes\/#article","isPartOf":{"@id":"https:\/\/gimnasticdetarragona.cat\/promocions-nastic-cd-mirandes\/"},"author":{"name":"desarrollo","@id":"https:\/\/gimnasticdetarragona.cat\/es\/#\/schema\/person\/47b6a637abf88f9bd835540f20ea069e"},"headline":"Promociones N\u00e0stic \u2013 CD Mirand\u00e9s","datePublished":"2016-04-25T18:46:46+00:00","mainEntityOfPage":{"@id":"https:\/\/gimnasticdetarragona.cat\/promocions-nastic-cd-mirandes\/"},"wordCount":320,"commentCount":0,"publisher":{"@id":"https:\/\/gimnasticdetarragona.cat\/es\/#organization"},"image":{"@id":"https:\/\/gimnasticdetarragona.cat\/promocions-nastic-cd-mirandes\/#primaryimage"},"thumbnailUrl":"https:\/\/gimnasticdetarragona.cat\/wp-content\/uploads\/2022\/06\/05233702105339.jpg","articleSection":["Actualidad","Home"],"inLanguage":"es"},{"@type":"WebPage","@id":"https:\/\/gimnasticdetarragona.cat\/promocions-nastic-cd-mirandes\/","url":"https:\/\/gimnasticdetarragona.cat\/promocions-nastic-cd-mirandes\/","name":"Promociones N\u00e0stic \u2013 CD Mirand\u00e9s - Gimn\u00e0stic de Tarragona SAD","isPartOf":{"@id":"https:\/\/gimnasticdetarragona.cat\/es\/#website"},"primaryImageOfPage":{"@id":"https:\/\/gimnasticdetarragona.cat\/promocions-nastic-cd-mirandes\/#primaryimage"},"image":{"@id":"https:\/\/gimnasticdetarragona.cat\/promocions-nastic-cd-mirandes\/#primaryimage"},"thumbnailUrl":"https:\/\/gimnasticdetarragona.cat\/wp-content\/uploads\/2022\/06\/05233702105339.jpg","datePublished":"2016-04-25T18:46:46+00:00","breadcrumb":{"@id":"https:\/\/gimnasticdetarragona.cat\/promocions-nastic-cd-mirandes\/#breadcrumb"},"inLanguage":"es","potentialAction":[{"@type":"ReadAction","target":["https:\/\/gimnasticdetarragona.cat\/promocions-nastic-cd-mirandes\/"]}]},{"@type":"ImageObject","inLanguage":"es","@id":"https:\/\/gimnasticdetarragona.cat\/promocions-nastic-cd-mirandes\/#primaryimage","url":"https:\/\/gimnasticdetarragona.cat\/wp-content\/uploads\/2022\/06\/05233702105339.jpg","contentUrl":"https:\/\/gimnasticdetarragona.cat\/wp-content\/uploads\/2022\/06\/05233702105339.jpg","width":1024,"height":512},{"@type":"BreadcrumbList","@id":"https:\/\/gimnasticdetarragona.cat\/promocions-nastic-cd-mirandes\/#breadcrumb","itemListElement":[{"@type":"ListItem","position":1,"name":"Inici","item":"https:\/\/gimnasticdetarragona.cat\/es\/nastic\/"},{"@type":"ListItem","position":2,"name":"Promociones N\u00e0stic \u2013 CD Mirand\u00e9s"}]},{"@type":"WebSite","@id":"https:\/\/gimnasticdetarragona.cat\/es\/#website","url":"https:\/\/gimnasticdetarragona.cat\/es\/","name":"Gimn\u00e0stic de Tarragona SAD","description":"Gimn\u00e0stic de Tarragona","publisher":{"@id":"https:\/\/gimnasticdetarragona.cat\/es\/#organization"},"potentialAction":[{"@type":"SearchAction","target":{"@type":"EntryPoint","urlTemplate":"https:\/\/gimnasticdetarragona.cat\/es\/?s={search_term_string}"},"query-input":{"@type":"PropertyValueSpecification","valueRequired":true,"valueName":"search_term_string"}}],"inLanguage":"es"},{"@type":"Organization","@id":"https:\/\/gimnasticdetarragona.cat\/es\/#organization","name":"GIMN\u00c0STIC DE TARRAGONA","alternateName":"N\u00c0STIC","url":"https:\/\/gimnasticdetarragona.cat\/es\/","logo":{"@type":"ImageObject","inLanguage":"es","@id":"https:\/\/gimnasticdetarragona.cat\/es\/#\/schema\/logo\/image\/","url":"https:\/\/gimnasticdetarragona.cat\/wp-content\/uploads\/2022\/06\/cropped-logo-gimnastic.png","contentUrl":"https:\/\/gimnasticdetarragona.cat\/wp-content\/uploads\/2022\/06\/cropped-logo-gimnastic.png","width":224,"height":83,"caption":"GIMN\u00c0STIC DE TARRAGONA"},"image":{"@id":"https:\/\/gimnasticdetarragona.cat\/es\/#\/schema\/logo\/image\/"},"sameAs":["https:\/\/x.com\/NASTICTARRAGONA","https:\/\/www.instagram.com\/nastictarragona\/"]},{"@type":"Person","@id":"https:\/\/gimnasticdetarragona.cat\/es\/#\/schema\/person\/47b6a637abf88f9bd835540f20ea069e","name":"desarrollo","sameAs":["https:\/\/clone.gimnasticdetarragona.cat"]}]}},"_links":{"self":[{"href":"https:\/\/gimnasticdetarragona.cat\/es\/wp-json\/wp\/v2\/posts\/61699","targetHints":{"allow":["GET"]}}],"collection":[{"href":"https:\/\/gimnasticdetarragona.cat\/es\/wp-json\/wp\/v2\/posts"}],"about":[{"href":"https:\/\/gimnasticdetarragona.cat\/es\/wp-json\/wp\/v2\/types\/post"}],"author":[{"embeddable":true,"href":"https:\/\/gimnasticdetarragona.cat\/es\/wp-json\/wp\/v2\/users\/1"}],"replies":[{"embeddable":true,"href":"https:\/\/gimnasticdetarragona.cat\/es\/wp-json\/wp\/v2\/comments?post=61699"}],"version-history":[{"count":0,"href":"https:\/\/gimnasticdetarragona.cat\/es\/wp-json\/wp\/v2\/posts\/61699\/revisions"}],"wp:featuredmedia":[{"embeddable":true,"href":"https:\/\/gimnasticdetarragona.cat\/es\/wp-json\/wp\/v2\/media\/61696"}],"wp:attachment":[{"href":"https:\/\/gimnasticdetarragona.cat\/es\/wp-json\/wp\/v2\/media?parent=61699"}],"wp:term":[{"taxonomy":"category","embeddable":true,"href":"https:\/\/gimnasticdetarragona.cat\/es\/wp-json\/wp\/v2\/categories?post=61699"},{"taxonomy":"post_tag","embeddable":true,"href":"https:\/\/gimnasticdetarragona.cat\/es\/wp-json\/wp\/v2\/tags?post=61699"}],"curies":[{"name":"wp","href":"https:\/\/api.w.org\/{rel}","templated":true}]}}