{"id":61763,"date":"2016-04-13T20:10:39","date_gmt":"2016-04-13T20:10:39","guid":{"rendered":"https:\/\/clone.gimnasticdetarragona.cat\/el-junts-provincia-bbva-cx-visita-salou\/"},"modified":"2016-04-13T20:10:39","modified_gmt":"2016-04-13T20:10:39","slug":"el-junts-provincia-bbva-cx-visita-salou","status":"publish","type":"post","link":"https:\/\/gimnasticdetarragona.cat\/es\/el-junts-provincia-bbva-cx-visita-salou\/","title":{"rendered":"El \u00abJunts Prov\u00edncia BBVA CX\u00bb visita Salou"},"content":{"rendered":"<p style=\"text-align: justify;\">El primer equipo del Gimn\u00e0stic de Tarragona ha visitado esta tarde el cuarto municipio del proyecto &#8216;Junts Prov\u00cdncia BBVA CX&#8217;. El Estadio Municipal de Salou ha reunido el f\u00fatbol base de la UD Salou y la EFB Salou Costa Dorada para recibir la visita de diez jugadores de la plantilla.<\/p>\n<p style=\"text-align: justify;\">Los futbolistas Xisco Campos, Manolo Mart\u00ednez, Gerard Valent\u00edn, Mossa, Tejera, Madinda, Jean Luc, Naranjo, Palanca y \u00c1lex L\u00f3pez han compartido un rato con la juventud salouense. Los nastiquers han estado cerca de una\u00a0hora firmando un buen pu\u00f1ado de aut\u00f3grafos en las botas de f\u00fatbol de los ni\u00f1os y tambi\u00e9n se han fotografiado conjuntamente.<\/p>\n<p style=\"text-align: justify;\">Jordi Ruiz, responsable del \u00c1rea Social grana, y Jose Maria Andreu Sol\u00e9, responsable de Marketing y Patrocinios del N\u00e0stic, tambi\u00e9n se han sumado en este cuarto desplazamiento del \u00abJunts Prov\u00edncia BBVA CX\u00bb. Adem\u00e1s, cabe destacar la asistencia de \u00c0ngels Caballero, directora de CBC de BBVA; Carlos Freixas, director del CBC de Catalunya Caixa; y Patxi Galea, gestor comercial de Catalunya Caixa.<\/p>\n<p style=\"text-align: justify;\">Los jugadores del f\u00fatbol base de la UD Salou y la EFB Salou Costa Dorada saltar\u00e1n al c\u00edrculo central del Nou Estadi en la media parte del partido del domingo entre el N\u00e0stic y el Real Oviedo. Los diferentes equipos ser\u00e1n los protagonistas durante el tiempo de descanso del encuentro y se fotografiar\u00e1n para recordar el momento.<\/p>\n","protected":false},"excerpt":{"rendered":"<p>El primer equipo del Gimn\u00e0stic de Tarragona ha visitado esta tarde el cuarto municipio del proyecto &#8216;Junts Prov\u00cdncia BBVA CX&#8217;. El Estadio Municipal de Salou ha reunido el f\u00fatbol base de la UD Salou y la EFB Salou Costa Dorada para recibir la visita de diez jugadores de la plantilla.<\/p>\n","protected":false},"author":1,"featured_media":61760,"comment_status":"open","ping_status":"open","sticky":false,"template":"","format":"standard","meta":{"_acf_changed":false,"footnotes":""},"categories":[113,139],"tags":[],"class_list":["post-61763","post","type-post","status-publish","format-standard","has-post-thumbnail","hentry","category-actualidad","category-social"],"acf":[],"yoast_head":"<!-- This site is optimized with the Yoast SEO plugin v27.3 - https:\/\/yoast.com\/product\/yoast-seo-wordpress\/ -->\n<title>El &quot;Junts Prov\u00edncia BBVA CX&quot; visita Salou - Gimn\u00e0stic de Tarragona SAD<\/title>\n<meta name=\"robots\" content=\"index, follow, max-snippet:-1, max-image-preview:large, max-video-preview:-1\" \/>\n<link rel=\"canonical\" href=\"https:\/\/gimnasticdetarragona.cat\/es\/el-junts-provincia-bbva-cx-visita-salou\/\" \/>\n<meta property=\"og:locale\" content=\"es_ES\" \/>\n<meta property=\"og:type\" content=\"article\" \/>\n<meta property=\"og:title\" content=\"El &quot;Junts Prov\u00edncia BBVA CX&quot; visita Salou - Gimn\u00e0stic de Tarragona SAD\" \/>\n<meta property=\"og:description\" content=\"El primer equipo del Gimn\u00e0stic de Tarragona ha visitado esta tarde el cuarto municipio del proyecto &#039;Junts Prov\u00cdncia BBVA CX&#039;. El Estadio Municipal de Salou ha reunido el f\u00fatbol base de la UD Salou y la EFB Salou Costa Dorada para recibir la visita de diez jugadores de la plantilla.\" \/>\n<meta property=\"og:url\" content=\"https:\/\/gimnasticdetarragona.cat\/es\/el-junts-provincia-bbva-cx-visita-salou\/\" \/>\n<meta property=\"og:site_name\" content=\"Gimn\u00e0stic de Tarragona SAD\" \/>\n<meta property=\"article:published_time\" content=\"2016-04-13T20:10:39+00:00\" \/>\n<meta property=\"og:image\" content=\"https:\/\/gimnasticdetarragona.cat\/wp-content\/uploads\/2022\/06\/05233657104951-scaled.jpg\" \/>\n\t<meta property=\"og:image:width\" content=\"2560\" \/>\n\t<meta property=\"og:image:height\" content=\"1031\" \/>\n\t<meta property=\"og:image:type\" content=\"image\/jpeg\" \/>\n<meta name=\"author\" content=\"desarrollo\" \/>\n<meta name=\"twitter:card\" content=\"summary_large_image\" \/>\n<meta name=\"twitter:creator\" content=\"@NASTICTARRAGONA\" \/>\n<meta name=\"twitter:site\" content=\"@NASTICTARRAGONA\" \/>\n<meta name=\"twitter:label1\" content=\"Escrito por\" \/>\n\t<meta name=\"twitter:data1\" content=\"desarrollo\" \/>\n\t<meta name=\"twitter:label2\" content=\"Tiempo de lectura\" \/>\n\t<meta name=\"twitter:data2\" content=\"1 minuto\" \/>\n<script type=\"application\/ld+json\" class=\"yoast-schema-graph\">{\"@context\":\"https:\\\/\\\/schema.org\",\"@graph\":[{\"@type\":\"Article\",\"@id\":\"https:\\\/\\\/gimnasticdetarragona.cat\\\/es\\\/el-junts-provincia-bbva-cx-visita-salou\\\/#article\",\"isPartOf\":{\"@id\":\"https:\\\/\\\/gimnasticdetarragona.cat\\\/es\\\/el-junts-provincia-bbva-cx-visita-salou\\\/\"},\"author\":{\"name\":\"desarrollo\",\"@id\":\"https:\\\/\\\/gimnasticdetarragona.cat\\\/es\\\/#\\\/schema\\\/person\\\/47b6a637abf88f9bd835540f20ea069e\"},\"headline\":\"El \u00abJunts Prov\u00edncia BBVA CX\u00bb visita Salou\",\"datePublished\":\"2016-04-13T20:10:39+00:00\",\"mainEntityOfPage\":{\"@id\":\"https:\\\/\\\/gimnasticdetarragona.cat\\\/es\\\/el-junts-provincia-bbva-cx-visita-salou\\\/\"},\"wordCount\":251,\"commentCount\":0,\"publisher\":{\"@id\":\"https:\\\/\\\/gimnasticdetarragona.cat\\\/es\\\/#organization\"},\"image\":{\"@id\":\"https:\\\/\\\/gimnasticdetarragona.cat\\\/es\\\/el-junts-provincia-bbva-cx-visita-salou\\\/#primaryimage\"},\"thumbnailUrl\":\"https:\\\/\\\/gimnasticdetarragona.cat\\\/wp-content\\\/uploads\\\/2022\\\/06\\\/05233657104951-scaled.jpg\",\"articleSection\":[\"Actualidad\",\"Social\"],\"inLanguage\":\"es\"},{\"@type\":\"WebPage\",\"@id\":\"https:\\\/\\\/gimnasticdetarragona.cat\\\/es\\\/el-junts-provincia-bbva-cx-visita-salou\\\/\",\"url\":\"https:\\\/\\\/gimnasticdetarragona.cat\\\/es\\\/el-junts-provincia-bbva-cx-visita-salou\\\/\",\"name\":\"El \\\"Junts Prov\u00edncia BBVA CX\\\" visita Salou - Gimn\u00e0stic de Tarragona SAD\",\"isPartOf\":{\"@id\":\"https:\\\/\\\/gimnasticdetarragona.cat\\\/es\\\/#website\"},\"primaryImageOfPage\":{\"@id\":\"https:\\\/\\\/gimnasticdetarragona.cat\\\/es\\\/el-junts-provincia-bbva-cx-visita-salou\\\/#primaryimage\"},\"image\":{\"@id\":\"https:\\\/\\\/gimnasticdetarragona.cat\\\/es\\\/el-junts-provincia-bbva-cx-visita-salou\\\/#primaryimage\"},\"thumbnailUrl\":\"https:\\\/\\\/gimnasticdetarragona.cat\\\/wp-content\\\/uploads\\\/2022\\\/06\\\/05233657104951-scaled.jpg\",\"datePublished\":\"2016-04-13T20:10:39+00:00\",\"breadcrumb\":{\"@id\":\"https:\\\/\\\/gimnasticdetarragona.cat\\\/es\\\/el-junts-provincia-bbva-cx-visita-salou\\\/#breadcrumb\"},\"inLanguage\":\"es\",\"potentialAction\":[{\"@type\":\"ReadAction\",\"target\":[\"https:\\\/\\\/gimnasticdetarragona.cat\\\/es\\\/el-junts-provincia-bbva-cx-visita-salou\\\/\"]}]},{\"@type\":\"ImageObject\",\"inLanguage\":\"es\",\"@id\":\"https:\\\/\\\/gimnasticdetarragona.cat\\\/es\\\/el-junts-provincia-bbva-cx-visita-salou\\\/#primaryimage\",\"url\":\"https:\\\/\\\/gimnasticdetarragona.cat\\\/wp-content\\\/uploads\\\/2022\\\/06\\\/05233657104951-scaled.jpg\",\"contentUrl\":\"https:\\\/\\\/gimnasticdetarragona.cat\\\/wp-content\\\/uploads\\\/2022\\\/06\\\/05233657104951-scaled.jpg\",\"width\":2560,\"height\":1031,\"caption\":\"????????????????????????????????????\"},{\"@type\":\"BreadcrumbList\",\"@id\":\"https:\\\/\\\/gimnasticdetarragona.cat\\\/es\\\/el-junts-provincia-bbva-cx-visita-salou\\\/#breadcrumb\",\"itemListElement\":[{\"@type\":\"ListItem\",\"position\":1,\"name\":\"Inici\",\"item\":\"https:\\\/\\\/gimnasticdetarragona.cat\\\/es\\\/nastic\\\/\"},{\"@type\":\"ListItem\",\"position\":2,\"name\":\"El \u00abJunts Prov\u00edncia BBVA CX\u00bb visita Salou\"}]},{\"@type\":\"WebSite\",\"@id\":\"https:\\\/\\\/gimnasticdetarragona.cat\\\/es\\\/#website\",\"url\":\"https:\\\/\\\/gimnasticdetarragona.cat\\\/es\\\/\",\"name\":\"Gimn\u00e0stic de Tarragona SAD\",\"description\":\"Gimn\u00e0stic de Tarragona\",\"publisher\":{\"@id\":\"https:\\\/\\\/gimnasticdetarragona.cat\\\/es\\\/#organization\"},\"potentialAction\":[{\"@type\":\"SearchAction\",\"target\":{\"@type\":\"EntryPoint\",\"urlTemplate\":\"https:\\\/\\\/gimnasticdetarragona.cat\\\/es\\\/?s={search_term_string}\"},\"query-input\":{\"@type\":\"PropertyValueSpecification\",\"valueRequired\":true,\"valueName\":\"search_term_string\"}}],\"inLanguage\":\"es\"},{\"@type\":\"Organization\",\"@id\":\"https:\\\/\\\/gimnasticdetarragona.cat\\\/es\\\/#organization\",\"name\":\"GIMN\u00c0STIC DE TARRAGONA\",\"alternateName\":\"N\u00c0STIC\",\"url\":\"https:\\\/\\\/gimnasticdetarragona.cat\\\/es\\\/\",\"logo\":{\"@type\":\"ImageObject\",\"inLanguage\":\"es\",\"@id\":\"https:\\\/\\\/gimnasticdetarragona.cat\\\/es\\\/#\\\/schema\\\/logo\\\/image\\\/\",\"url\":\"https:\\\/\\\/gimnasticdetarragona.cat\\\/wp-content\\\/uploads\\\/2022\\\/06\\\/cropped-logo-gimnastic.png\",\"contentUrl\":\"https:\\\/\\\/gimnasticdetarragona.cat\\\/wp-content\\\/uploads\\\/2022\\\/06\\\/cropped-logo-gimnastic.png\",\"width\":224,\"height\":83,\"caption\":\"GIMN\u00c0STIC DE TARRAGONA\"},\"image\":{\"@id\":\"https:\\\/\\\/gimnasticdetarragona.cat\\\/es\\\/#\\\/schema\\\/logo\\\/image\\\/\"},\"sameAs\":[\"https:\\\/\\\/x.com\\\/NASTICTARRAGONA\",\"https:\\\/\\\/www.instagram.com\\\/nastictarragona\\\/\"]},{\"@type\":\"Person\",\"@id\":\"https:\\\/\\\/gimnasticdetarragona.cat\\\/es\\\/#\\\/schema\\\/person\\\/47b6a637abf88f9bd835540f20ea069e\",\"name\":\"desarrollo\",\"sameAs\":[\"https:\\\/\\\/clone.gimnasticdetarragona.cat\"]}]}<\/script>\n<!-- \/ Yoast SEO plugin. -->","yoast_head_json":{"title":"El \"Junts Prov\u00edncia BBVA CX\" visita Salou - Gimn\u00e0stic de Tarragona SAD","robots":{"index":"index","follow":"follow","max-snippet":"max-snippet:-1","max-image-preview":"max-image-preview:large","max-video-preview":"max-video-preview:-1"},"canonical":"https:\/\/gimnasticdetarragona.cat\/es\/el-junts-provincia-bbva-cx-visita-salou\/","og_locale":"es_ES","og_type":"article","og_title":"El \"Junts Prov\u00edncia BBVA CX\" visita Salou - Gimn\u00e0stic de Tarragona SAD","og_description":"El primer equipo del Gimn\u00e0stic de Tarragona ha visitado esta tarde el cuarto municipio del proyecto 'Junts Prov\u00cdncia BBVA CX'. El Estadio Municipal de Salou ha reunido el f\u00fatbol base de la UD Salou y la EFB Salou Costa Dorada para recibir la visita de diez jugadores de la plantilla.","og_url":"https:\/\/gimnasticdetarragona.cat\/es\/el-junts-provincia-bbva-cx-visita-salou\/","og_site_name":"Gimn\u00e0stic de Tarragona SAD","article_published_time":"2016-04-13T20:10:39+00:00","og_image":[{"width":2560,"height":1031,"url":"https:\/\/gimnasticdetarragona.cat\/wp-content\/uploads\/2022\/06\/05233657104951-scaled.jpg","type":"image\/jpeg"}],"author":"desarrollo","twitter_card":"summary_large_image","twitter_creator":"@NASTICTARRAGONA","twitter_site":"@NASTICTARRAGONA","twitter_misc":{"Escrito por":"desarrollo","Tiempo de lectura":"1 minuto"},"schema":{"@context":"https:\/\/schema.org","@graph":[{"@type":"Article","@id":"https:\/\/gimnasticdetarragona.cat\/es\/el-junts-provincia-bbva-cx-visita-salou\/#article","isPartOf":{"@id":"https:\/\/gimnasticdetarragona.cat\/es\/el-junts-provincia-bbva-cx-visita-salou\/"},"author":{"name":"desarrollo","@id":"https:\/\/gimnasticdetarragona.cat\/es\/#\/schema\/person\/47b6a637abf88f9bd835540f20ea069e"},"headline":"El \u00abJunts Prov\u00edncia BBVA CX\u00bb visita Salou","datePublished":"2016-04-13T20:10:39+00:00","mainEntityOfPage":{"@id":"https:\/\/gimnasticdetarragona.cat\/es\/el-junts-provincia-bbva-cx-visita-salou\/"},"wordCount":251,"commentCount":0,"publisher":{"@id":"https:\/\/gimnasticdetarragona.cat\/es\/#organization"},"image":{"@id":"https:\/\/gimnasticdetarragona.cat\/es\/el-junts-provincia-bbva-cx-visita-salou\/#primaryimage"},"thumbnailUrl":"https:\/\/gimnasticdetarragona.cat\/wp-content\/uploads\/2022\/06\/05233657104951-scaled.jpg","articleSection":["Actualidad","Social"],"inLanguage":"es"},{"@type":"WebPage","@id":"https:\/\/gimnasticdetarragona.cat\/es\/el-junts-provincia-bbva-cx-visita-salou\/","url":"https:\/\/gimnasticdetarragona.cat\/es\/el-junts-provincia-bbva-cx-visita-salou\/","name":"El \"Junts Prov\u00edncia BBVA CX\" visita Salou - Gimn\u00e0stic de Tarragona SAD","isPartOf":{"@id":"https:\/\/gimnasticdetarragona.cat\/es\/#website"},"primaryImageOfPage":{"@id":"https:\/\/gimnasticdetarragona.cat\/es\/el-junts-provincia-bbva-cx-visita-salou\/#primaryimage"},"image":{"@id":"https:\/\/gimnasticdetarragona.cat\/es\/el-junts-provincia-bbva-cx-visita-salou\/#primaryimage"},"thumbnailUrl":"https:\/\/gimnasticdetarragona.cat\/wp-content\/uploads\/2022\/06\/05233657104951-scaled.jpg","datePublished":"2016-04-13T20:10:39+00:00","breadcrumb":{"@id":"https:\/\/gimnasticdetarragona.cat\/es\/el-junts-provincia-bbva-cx-visita-salou\/#breadcrumb"},"inLanguage":"es","potentialAction":[{"@type":"ReadAction","target":["https:\/\/gimnasticdetarragona.cat\/es\/el-junts-provincia-bbva-cx-visita-salou\/"]}]},{"@type":"ImageObject","inLanguage":"es","@id":"https:\/\/gimnasticdetarragona.cat\/es\/el-junts-provincia-bbva-cx-visita-salou\/#primaryimage","url":"https:\/\/gimnasticdetarragona.cat\/wp-content\/uploads\/2022\/06\/05233657104951-scaled.jpg","contentUrl":"https:\/\/gimnasticdetarragona.cat\/wp-content\/uploads\/2022\/06\/05233657104951-scaled.jpg","width":2560,"height":1031,"caption":"????????????????????????????????????"},{"@type":"BreadcrumbList","@id":"https:\/\/gimnasticdetarragona.cat\/es\/el-junts-provincia-bbva-cx-visita-salou\/#breadcrumb","itemListElement":[{"@type":"ListItem","position":1,"name":"Inici","item":"https:\/\/gimnasticdetarragona.cat\/es\/nastic\/"},{"@type":"ListItem","position":2,"name":"El \u00abJunts Prov\u00edncia BBVA CX\u00bb visita Salou"}]},{"@type":"WebSite","@id":"https:\/\/gimnasticdetarragona.cat\/es\/#website","url":"https:\/\/gimnasticdetarragona.cat\/es\/","name":"Gimn\u00e0stic de Tarragona SAD","description":"Gimn\u00e0stic de Tarragona","publisher":{"@id":"https:\/\/gimnasticdetarragona.cat\/es\/#organization"},"potentialAction":[{"@type":"SearchAction","target":{"@type":"EntryPoint","urlTemplate":"https:\/\/gimnasticdetarragona.cat\/es\/?s={search_term_string}"},"query-input":{"@type":"PropertyValueSpecification","valueRequired":true,"valueName":"search_term_string"}}],"inLanguage":"es"},{"@type":"Organization","@id":"https:\/\/gimnasticdetarragona.cat\/es\/#organization","name":"GIMN\u00c0STIC DE TARRAGONA","alternateName":"N\u00c0STIC","url":"https:\/\/gimnasticdetarragona.cat\/es\/","logo":{"@type":"ImageObject","inLanguage":"es","@id":"https:\/\/gimnasticdetarragona.cat\/es\/#\/schema\/logo\/image\/","url":"https:\/\/gimnasticdetarragona.cat\/wp-content\/uploads\/2022\/06\/cropped-logo-gimnastic.png","contentUrl":"https:\/\/gimnasticdetarragona.cat\/wp-content\/uploads\/2022\/06\/cropped-logo-gimnastic.png","width":224,"height":83,"caption":"GIMN\u00c0STIC DE TARRAGONA"},"image":{"@id":"https:\/\/gimnasticdetarragona.cat\/es\/#\/schema\/logo\/image\/"},"sameAs":["https:\/\/x.com\/NASTICTARRAGONA","https:\/\/www.instagram.com\/nastictarragona\/"]},{"@type":"Person","@id":"https:\/\/gimnasticdetarragona.cat\/es\/#\/schema\/person\/47b6a637abf88f9bd835540f20ea069e","name":"desarrollo","sameAs":["https:\/\/clone.gimnasticdetarragona.cat"]}]}},"_links":{"self":[{"href":"https:\/\/gimnasticdetarragona.cat\/es\/wp-json\/wp\/v2\/posts\/61763","targetHints":{"allow":["GET"]}}],"collection":[{"href":"https:\/\/gimnasticdetarragona.cat\/es\/wp-json\/wp\/v2\/posts"}],"about":[{"href":"https:\/\/gimnasticdetarragona.cat\/es\/wp-json\/wp\/v2\/types\/post"}],"author":[{"embeddable":true,"href":"https:\/\/gimnasticdetarragona.cat\/es\/wp-json\/wp\/v2\/users\/1"}],"replies":[{"embeddable":true,"href":"https:\/\/gimnasticdetarragona.cat\/es\/wp-json\/wp\/v2\/comments?post=61763"}],"version-history":[{"count":0,"href":"https:\/\/gimnasticdetarragona.cat\/es\/wp-json\/wp\/v2\/posts\/61763\/revisions"}],"wp:featuredmedia":[{"embeddable":true,"href":"https:\/\/gimnasticdetarragona.cat\/es\/wp-json\/wp\/v2\/media\/61760"}],"wp:attachment":[{"href":"https:\/\/gimnasticdetarragona.cat\/es\/wp-json\/wp\/v2\/media?parent=61763"}],"wp:term":[{"taxonomy":"category","embeddable":true,"href":"https:\/\/gimnasticdetarragona.cat\/es\/wp-json\/wp\/v2\/categories?post=61763"},{"taxonomy":"post_tag","embeddable":true,"href":"https:\/\/gimnasticdetarragona.cat\/es\/wp-json\/wp\/v2\/tags?post=61763"}],"curies":[{"name":"wp","href":"https:\/\/api.w.org\/{rel}","templated":true}]}}