{"id":61830,"date":"2016-04-03T14:01:59","date_gmt":"2016-04-03T14:01:59","guid":{"rendered":"https:\/\/clone.gimnasticdetarragona.cat\/nastic-4-4-cordoba-cf\/"},"modified":"2016-04-03T14:01:59","modified_gmt":"2016-04-03T14:01:59","slug":"nastic-4-4-cordoba-cf","status":"publish","type":"post","link":"https:\/\/gimnasticdetarragona.cat\/es\/nastic-4-4-cordoba-cf\/","title":{"rendered":"N\u00e0stic 4 &#8211; 4 C\u00f3rdoba CF"},"content":{"rendered":"<p style=\"text-align: justify;\"><strong>El N\u00e0stic ha conseguido un empate contra el C\u00f3rdoba en un partido trepidante<\/strong><\/p>\n<p style=\"text-align: justify;\">Hasta ocho goles se han podido ver hoy en el Nou Estadi. Los granas han trabajado duro para conseguir empatar un partido que han tenido en contra en varias ocasiones. El empate final de Eman\u00e1 en el 85&#8242; ha hecho enloquecer a una afici\u00f3n que ha cre\u00eddo en la remontada hasta el \u00faltimo instante.<\/p>\n<p style=\"text-align: justify;\">Partido complicado hoy en Tarragona ante el conjunto andaluz. El equipo entrenado por Jos\u00e9 Luis Oltra, tambi\u00e9n en posiciones de play-off, necesitaba puntuar para no verse fuera de las posiciones privilegiadas\u00a0despu\u00e9s de muchas jornadas. El N\u00e0stic afrontaba el segundo partido consecutivo en el Nou Estadi en busca de una nueva victoria, tras vencer hace una semana al CD Numancia. Adem\u00e1s, de incrementar la racha de 11 partidos encadenados sin conocer la derrota.<\/p>\n<p style=\"text-align: justify;\">El partido se ha iniciado con mucha intensidad y en el minuto 5, el \u00e1rbitro decret\u00f3 penalti favorable a los visitantes. Fidel ha superado a Reina y ha inaugurado el videomarcador del campo. Los aficionados, un total de 10.227, han seguido animando a los jugadores a pesar del tempranero gol. La primera ocasi\u00f3n local ha sido a bal\u00f3n parado en el minuto 10. An\u00edbal lo ha probado de falta y el bal\u00f3n acab\u00f3 en c\u00f3rner tras colisionar en la barrera\u00a0defensiva. A la salida de esquina, Suzuki remat\u00f3 de cabeza y el portero Razak ha atrapado. Lobato ha disfrutado de una buena ocasi\u00f3n en el minuto 15, pero su remate desde dentro del \u00e1rea sali\u00f3 rozando el palo. Buenos minutos los del N\u00e0stic, que se acercaba cada vez m\u00e1s al \u00e1rea rival en busca del gol. En el 17&#8242; fue Assoubre, en un remate que sali\u00f3 alto tras el centro de Mossa. Y en el minuto 18, An\u00edbal ha empatado. Una buena combinaci\u00f3n en la frontal ha acabado con\u00a0la asistencia de Lobato para\u00a0An\u00edbal y \u00e9ste no ha fallado. A pesar del empate, los de Vicente Moreno quer\u00edan m\u00e1s. En el 22&#8242;, Eman\u00e1 a bal\u00f3n parado se ha sacado un potente disparo que ha rechazado Razak. Cuatro minutos despu\u00e9s, la defensa andaluza ha rechazado el peligro del \u00e1rea tras una buena combinaci\u00f3n grana. An\u00edbal lo ha vuelto a intentar en el minuto 34, pero su remate fue blando y no ha puesto dificultades al portero visitante. El mismo portero ha cortado una jugada entre Eman\u00e1 y An\u00edbal en el 37&#8242;. Los visitantes lo intentaban con juego directo y en el 40&#8242; lo ha probado Markovic con un remate desviado. Un minuto despu\u00e9s, Andone adelantaba a la defensa y hac\u00eda el 1-2. Y en el minuto 42, Lobato volv\u00eda a poner el empate con un golazo. Primer gol del catal\u00e1n con la camiseta nastiquera; la volea del centrocampista acab\u00f3 en la escuadra derecha de Razak. Y en el minuto 44, s\u00f3lo servir de mediocampo, los franjiverdes han vuelto a marcar mediante Andone. Antes de llegar a la media parte, Lobato lo ha vuelto a probar desde fuera del \u00e1rea, pero en esta ocasi\u00f3n, sin fortuna. Con el 2-3 se ha llegado al final de los primeros 45 minutos, donde se han visto muchos de goles y ocasiones favorables del N\u00e0stic.<\/p>\n<p style=\"text-align: justify;\">En la media parte, siguiendo con el proyecto &#8216;Junts Prov\u00edncia&#8217; los equipos de la base del CF Amposta han saltado en el c\u00edrculo central para hacerse la fotograf\u00eda conjunta.<\/p>\n<p style=\"text-align: justify;\">En la reanudaci\u00f3n, la primera aproximaci\u00f3n tambi\u00e9n ha sido local. Achille Eman\u00e1 ha centrado y el remate de J. Assoubre ha salido excesivamente cruzado. Vicente Moreno ha introducido el primer cambio en el minuto 60; el goleador Lobato ha dado entrada a Palanca. Y tres minutos despu\u00e9s, una buena triangulaci\u00f3n entre An\u00edbal y Eman\u00e1 ha significado una clara ocasi\u00f3n pero el bal\u00f3n se ha escapado por muy poco. En el 65&#8242;, Aburjania dejaba su lugar a Juan Mu\u00f1iz. Y en el minuto 70, un saque de esquina del mismo Mu\u00f1iz ha significado un gran gol de Palanca, que ha puesto el 3-3 en el electr\u00f3nico. El tarraconense ha hecho su primer gol en liga tras una magn\u00edfica volea de primeras, imparable para el meta africano. En los minutos siguientes baj\u00f3 la intensidad en las \u00e1reas hasta que en el 80&#8242;, Andone hac\u00eda el cuarto gol y el tercero de su cuenta goleadora. El \u00faltimo cambio ha sido el de Jean Luc Assoubre, dando entrada a Marcos. En la jugada posterior, Barrera ha cometido penalti sobre An\u00edbal y ha sido expulsado. Eman\u00e1 no ha fallado desde los 11 metros y puso el 4-4. La afici\u00f3n grana, sabedora del gran partido del N\u00e0stic en el que no ha dejado de luchar para remontar, ha seguido animando en busca de los tres puntos y ya en el minuto 93, de nuevo Eman\u00e1, ha tenido la victoria pero su remate lo ha parado el portero Razak.<\/p>\n<p style=\"text-align: justify;\">Despu\u00e9s de los 93 minutos vibrantes y emocionantes que se han visto hoy en el Nou Estadi, ante una gran multitud de aficionados nastiquers, el empate a 4 ha sido el resultado definitivo.<\/p>\n<p style=\"text-align: justify;\">La jornada que viene el N\u00e0stic buscar\u00e1 la segunda victoria consecutiva lejos de Tarragona, en este caso, ante la SD Huesca. El partido se disputar\u00e1 el domingo 10, a las 17.00 horas, en el Alcoraz.<\/p>\n<p style=\"text-align: justify;\">\n<p style=\"text-align: justify;\">Alineaciones<\/p>\n<p style=\"text-align: justify;\">N\u00e0stic: M. Reina, Suzuki, I. Bouz\u00f3n U.Z, P. Mar\u00ed, Mossa, L. Madinda, Aburjania (Juan Mu\u00f1iz, 65&#8242;), C. Lobato (Palanca, 60&#8242;), J. Assoubre (De la Espada, 85&#8242;), An\u00edbal. Z y Eman\u00e1.<\/p>\n<p style=\"text-align: justify;\">C\u00f3rdoba CF: Razak, H. Rodas, Andone (Xisco F, 89 &#8216;), Deivid, Fidel (J. Pineda, 85&#8217;), Stankevicius, R\u00edos, Caballero, Markovic (Luso, 71 &#8216;) Abel y Jonathan.<\/p>\n<p style=\"text-align: justify;\">\n<p style=\"text-align: justify;\">Goles<br \/>\n0-1, Fidel (6&#8242; p.); 1-1, An\u00edbal .Z (18&#8242;); 1-2, Andone (41&#8242;); 2-2, C. Lobato (42&#8242;); 2-3, Andone (44&#8242;); 3-3, Palanca (70&#8242;); 3-4, Andone (80&#8242;); 4-4, Eman\u00e1 (85&#8242; p.).<\/p>\n<p style=\"text-align: justify;\">\n<p style=\"text-align: justify;\">Tarjetas<br \/>\nJ. Assoubre (5&#8242;), H. Rodas (8&#8242;), Aburjania (37&#8242;), C. Caballero (69&#8242;), D. Barrera (73&#8242;; 85&#8242;, expulsi\u00f3n por doble amarilla), J. Mu\u00f1iz ( 75&#8242;).<\/p>\n<p style=\"text-align: justify;\">\n<p style=\"text-align: justify;\">\u00c1rbitro<br \/>\nSr. Francisco Manuel Arias L\u00f3pez (Colegio c\u00e1ntabro).<\/p>\n<p style=\"text-align: justify;\">\n<p style=\"text-align: justify;\">Nou Estadi. 10.227 espectadores. Jornada 32 Liga Adelante (15\/16).<\/p>\n","protected":false},"excerpt":{"rendered":"<p>Fins a vuit gols s\u2019han pogut veure avui al Nou Estadi. Els granes treballat de valent per aconseguir empatar un partit que han tingut en contra en diverses ocasions. L\u2019empat final d\u2019Eman\u00e1 al 85\u2019 ha fet embogir a un Nou Estadi que ha cregut en la remuntada fins al darrer instant.<\/p>\n","protected":false},"author":1,"featured_media":61827,"comment_status":"open","ping_status":"open","sticky":false,"template":"","format":"standard","meta":{"_acf_changed":false,"footnotes":""},"categories":[113,121,126],"tags":[],"class_list":["post-61830","post","type-post","status-publish","format-standard","has-post-thumbnail","hentry","category-actualidad","category-home","category-primer-equipo"],"acf":[],"yoast_head":"<!-- This site is optimized with the Yoast SEO plugin v27.3 - https:\/\/yoast.com\/product\/yoast-seo-wordpress\/ -->\n<title>N\u00e0stic 4 - 4 C\u00f3rdoba CF - Gimn\u00e0stic de Tarragona SAD<\/title>\n<meta name=\"robots\" content=\"index, follow, max-snippet:-1, max-image-preview:large, max-video-preview:-1\" \/>\n<link rel=\"canonical\" href=\"https:\/\/gimnasticdetarragona.cat\/nastic-4-4-cordoba-cf\/\" \/>\n<meta property=\"og:locale\" content=\"es_ES\" \/>\n<meta property=\"og:type\" content=\"article\" \/>\n<meta property=\"og:title\" content=\"N\u00e0stic 4 - 4 C\u00f3rdoba CF - Gimn\u00e0stic de Tarragona SAD\" \/>\n<meta property=\"og:description\" content=\"Fins a vuit gols s\u2019han pogut veure avui al Nou Estadi. Els granes treballat de valent per aconseguir empatar un partit que han tingut en contra en diverses ocasions. L\u2019empat final d\u2019Eman\u00e1 al 85\u2019 ha fet embogir a un Nou Estadi que ha cregut en la remuntada fins al darrer instant.\" \/>\n<meta property=\"og:url\" content=\"https:\/\/gimnasticdetarragona.cat\/nastic-4-4-cordoba-cf\/\" \/>\n<meta property=\"og:site_name\" content=\"Gimn\u00e0stic de Tarragona SAD\" \/>\n<meta property=\"article:published_time\" content=\"2016-04-03T14:01:59+00:00\" \/>\n<meta property=\"og:image\" content=\"https:\/\/gimnasticdetarragona.cat\/wp-content\/uploads\/2022\/06\/05233634104517-scaled.jpg\" \/>\n\t<meta property=\"og:image:width\" content=\"2560\" \/>\n\t<meta property=\"og:image:height\" content=\"1707\" \/>\n\t<meta property=\"og:image:type\" content=\"image\/jpeg\" \/>\n<meta name=\"author\" content=\"desarrollo\" \/>\n<meta name=\"twitter:card\" content=\"summary_large_image\" \/>\n<meta name=\"twitter:creator\" content=\"@NASTICTARRAGONA\" \/>\n<meta name=\"twitter:site\" content=\"@NASTICTARRAGONA\" \/>\n<meta name=\"twitter:label1\" content=\"Escrito por\" \/>\n\t<meta name=\"twitter:data1\" content=\"desarrollo\" \/>\n\t<meta name=\"twitter:label2\" content=\"Tiempo de lectura\" \/>\n\t<meta name=\"twitter:data2\" content=\"5 minutos\" \/>\n<script type=\"application\/ld+json\" class=\"yoast-schema-graph\">{\"@context\":\"https:\\\/\\\/schema.org\",\"@graph\":[{\"@type\":\"Article\",\"@id\":\"https:\\\/\\\/gimnasticdetarragona.cat\\\/nastic-4-4-cordoba-cf\\\/#article\",\"isPartOf\":{\"@id\":\"https:\\\/\\\/gimnasticdetarragona.cat\\\/nastic-4-4-cordoba-cf\\\/\"},\"author\":{\"name\":\"desarrollo\",\"@id\":\"https:\\\/\\\/gimnasticdetarragona.cat\\\/es\\\/#\\\/schema\\\/person\\\/47b6a637abf88f9bd835540f20ea069e\"},\"headline\":\"N\u00e0stic 4 &#8211; 4 C\u00f3rdoba CF\",\"datePublished\":\"2016-04-03T14:01:59+00:00\",\"mainEntityOfPage\":{\"@id\":\"https:\\\/\\\/gimnasticdetarragona.cat\\\/nastic-4-4-cordoba-cf\\\/\"},\"wordCount\":1015,\"commentCount\":0,\"publisher\":{\"@id\":\"https:\\\/\\\/gimnasticdetarragona.cat\\\/es\\\/#organization\"},\"image\":{\"@id\":\"https:\\\/\\\/gimnasticdetarragona.cat\\\/nastic-4-4-cordoba-cf\\\/#primaryimage\"},\"thumbnailUrl\":\"https:\\\/\\\/gimnasticdetarragona.cat\\\/wp-content\\\/uploads\\\/2022\\\/06\\\/05233634104517-scaled.jpg\",\"articleSection\":[\"Actualidad\",\"Home\",\"Primer Equipo\"],\"inLanguage\":\"es\"},{\"@type\":\"WebPage\",\"@id\":\"https:\\\/\\\/gimnasticdetarragona.cat\\\/nastic-4-4-cordoba-cf\\\/\",\"url\":\"https:\\\/\\\/gimnasticdetarragona.cat\\\/nastic-4-4-cordoba-cf\\\/\",\"name\":\"N\u00e0stic 4 - 4 C\u00f3rdoba CF - Gimn\u00e0stic de Tarragona SAD\",\"isPartOf\":{\"@id\":\"https:\\\/\\\/gimnasticdetarragona.cat\\\/es\\\/#website\"},\"primaryImageOfPage\":{\"@id\":\"https:\\\/\\\/gimnasticdetarragona.cat\\\/nastic-4-4-cordoba-cf\\\/#primaryimage\"},\"image\":{\"@id\":\"https:\\\/\\\/gimnasticdetarragona.cat\\\/nastic-4-4-cordoba-cf\\\/#primaryimage\"},\"thumbnailUrl\":\"https:\\\/\\\/gimnasticdetarragona.cat\\\/wp-content\\\/uploads\\\/2022\\\/06\\\/05233634104517-scaled.jpg\",\"datePublished\":\"2016-04-03T14:01:59+00:00\",\"breadcrumb\":{\"@id\":\"https:\\\/\\\/gimnasticdetarragona.cat\\\/nastic-4-4-cordoba-cf\\\/#breadcrumb\"},\"inLanguage\":\"es\",\"potentialAction\":[{\"@type\":\"ReadAction\",\"target\":[\"https:\\\/\\\/gimnasticdetarragona.cat\\\/nastic-4-4-cordoba-cf\\\/\"]}]},{\"@type\":\"ImageObject\",\"inLanguage\":\"es\",\"@id\":\"https:\\\/\\\/gimnasticdetarragona.cat\\\/nastic-4-4-cordoba-cf\\\/#primaryimage\",\"url\":\"https:\\\/\\\/gimnasticdetarragona.cat\\\/wp-content\\\/uploads\\\/2022\\\/06\\\/05233634104517-scaled.jpg\",\"contentUrl\":\"https:\\\/\\\/gimnasticdetarragona.cat\\\/wp-content\\\/uploads\\\/2022\\\/06\\\/05233634104517-scaled.jpg\",\"width\":2560,\"height\":1707},{\"@type\":\"BreadcrumbList\",\"@id\":\"https:\\\/\\\/gimnasticdetarragona.cat\\\/nastic-4-4-cordoba-cf\\\/#breadcrumb\",\"itemListElement\":[{\"@type\":\"ListItem\",\"position\":1,\"name\":\"Inici\",\"item\":\"https:\\\/\\\/gimnasticdetarragona.cat\\\/es\\\/nastic\\\/\"},{\"@type\":\"ListItem\",\"position\":2,\"name\":\"N\u00e0stic 4 &#8211; 4 C\u00f3rdoba CF\"}]},{\"@type\":\"WebSite\",\"@id\":\"https:\\\/\\\/gimnasticdetarragona.cat\\\/es\\\/#website\",\"url\":\"https:\\\/\\\/gimnasticdetarragona.cat\\\/es\\\/\",\"name\":\"Gimn\u00e0stic de Tarragona SAD\",\"description\":\"Gimn\u00e0stic de Tarragona\",\"publisher\":{\"@id\":\"https:\\\/\\\/gimnasticdetarragona.cat\\\/es\\\/#organization\"},\"potentialAction\":[{\"@type\":\"SearchAction\",\"target\":{\"@type\":\"EntryPoint\",\"urlTemplate\":\"https:\\\/\\\/gimnasticdetarragona.cat\\\/es\\\/?s={search_term_string}\"},\"query-input\":{\"@type\":\"PropertyValueSpecification\",\"valueRequired\":true,\"valueName\":\"search_term_string\"}}],\"inLanguage\":\"es\"},{\"@type\":\"Organization\",\"@id\":\"https:\\\/\\\/gimnasticdetarragona.cat\\\/es\\\/#organization\",\"name\":\"GIMN\u00c0STIC DE TARRAGONA\",\"alternateName\":\"N\u00c0STIC\",\"url\":\"https:\\\/\\\/gimnasticdetarragona.cat\\\/es\\\/\",\"logo\":{\"@type\":\"ImageObject\",\"inLanguage\":\"es\",\"@id\":\"https:\\\/\\\/gimnasticdetarragona.cat\\\/es\\\/#\\\/schema\\\/logo\\\/image\\\/\",\"url\":\"https:\\\/\\\/gimnasticdetarragona.cat\\\/wp-content\\\/uploads\\\/2022\\\/06\\\/cropped-logo-gimnastic.png\",\"contentUrl\":\"https:\\\/\\\/gimnasticdetarragona.cat\\\/wp-content\\\/uploads\\\/2022\\\/06\\\/cropped-logo-gimnastic.png\",\"width\":224,\"height\":83,\"caption\":\"GIMN\u00c0STIC DE TARRAGONA\"},\"image\":{\"@id\":\"https:\\\/\\\/gimnasticdetarragona.cat\\\/es\\\/#\\\/schema\\\/logo\\\/image\\\/\"},\"sameAs\":[\"https:\\\/\\\/x.com\\\/NASTICTARRAGONA\",\"https:\\\/\\\/www.instagram.com\\\/nastictarragona\\\/\"]},{\"@type\":\"Person\",\"@id\":\"https:\\\/\\\/gimnasticdetarragona.cat\\\/es\\\/#\\\/schema\\\/person\\\/47b6a637abf88f9bd835540f20ea069e\",\"name\":\"desarrollo\",\"sameAs\":[\"https:\\\/\\\/clone.gimnasticdetarragona.cat\"]}]}<\/script>\n<!-- \/ Yoast SEO plugin. -->","yoast_head_json":{"title":"N\u00e0stic 4 - 4 C\u00f3rdoba CF - Gimn\u00e0stic de Tarragona SAD","robots":{"index":"index","follow":"follow","max-snippet":"max-snippet:-1","max-image-preview":"max-image-preview:large","max-video-preview":"max-video-preview:-1"},"canonical":"https:\/\/gimnasticdetarragona.cat\/nastic-4-4-cordoba-cf\/","og_locale":"es_ES","og_type":"article","og_title":"N\u00e0stic 4 - 4 C\u00f3rdoba CF - Gimn\u00e0stic de Tarragona SAD","og_description":"Fins a vuit gols s\u2019han pogut veure avui al Nou Estadi. Els granes treballat de valent per aconseguir empatar un partit que han tingut en contra en diverses ocasions. L\u2019empat final d\u2019Eman\u00e1 al 85\u2019 ha fet embogir a un Nou Estadi que ha cregut en la remuntada fins al darrer instant.","og_url":"https:\/\/gimnasticdetarragona.cat\/nastic-4-4-cordoba-cf\/","og_site_name":"Gimn\u00e0stic de Tarragona SAD","article_published_time":"2016-04-03T14:01:59+00:00","og_image":[{"width":2560,"height":1707,"url":"https:\/\/gimnasticdetarragona.cat\/wp-content\/uploads\/2022\/06\/05233634104517-scaled.jpg","type":"image\/jpeg"}],"author":"desarrollo","twitter_card":"summary_large_image","twitter_creator":"@NASTICTARRAGONA","twitter_site":"@NASTICTARRAGONA","twitter_misc":{"Escrito por":"desarrollo","Tiempo de lectura":"5 minutos"},"schema":{"@context":"https:\/\/schema.org","@graph":[{"@type":"Article","@id":"https:\/\/gimnasticdetarragona.cat\/nastic-4-4-cordoba-cf\/#article","isPartOf":{"@id":"https:\/\/gimnasticdetarragona.cat\/nastic-4-4-cordoba-cf\/"},"author":{"name":"desarrollo","@id":"https:\/\/gimnasticdetarragona.cat\/es\/#\/schema\/person\/47b6a637abf88f9bd835540f20ea069e"},"headline":"N\u00e0stic 4 &#8211; 4 C\u00f3rdoba CF","datePublished":"2016-04-03T14:01:59+00:00","mainEntityOfPage":{"@id":"https:\/\/gimnasticdetarragona.cat\/nastic-4-4-cordoba-cf\/"},"wordCount":1015,"commentCount":0,"publisher":{"@id":"https:\/\/gimnasticdetarragona.cat\/es\/#organization"},"image":{"@id":"https:\/\/gimnasticdetarragona.cat\/nastic-4-4-cordoba-cf\/#primaryimage"},"thumbnailUrl":"https:\/\/gimnasticdetarragona.cat\/wp-content\/uploads\/2022\/06\/05233634104517-scaled.jpg","articleSection":["Actualidad","Home","Primer Equipo"],"inLanguage":"es"},{"@type":"WebPage","@id":"https:\/\/gimnasticdetarragona.cat\/nastic-4-4-cordoba-cf\/","url":"https:\/\/gimnasticdetarragona.cat\/nastic-4-4-cordoba-cf\/","name":"N\u00e0stic 4 - 4 C\u00f3rdoba CF - Gimn\u00e0stic de Tarragona SAD","isPartOf":{"@id":"https:\/\/gimnasticdetarragona.cat\/es\/#website"},"primaryImageOfPage":{"@id":"https:\/\/gimnasticdetarragona.cat\/nastic-4-4-cordoba-cf\/#primaryimage"},"image":{"@id":"https:\/\/gimnasticdetarragona.cat\/nastic-4-4-cordoba-cf\/#primaryimage"},"thumbnailUrl":"https:\/\/gimnasticdetarragona.cat\/wp-content\/uploads\/2022\/06\/05233634104517-scaled.jpg","datePublished":"2016-04-03T14:01:59+00:00","breadcrumb":{"@id":"https:\/\/gimnasticdetarragona.cat\/nastic-4-4-cordoba-cf\/#breadcrumb"},"inLanguage":"es","potentialAction":[{"@type":"ReadAction","target":["https:\/\/gimnasticdetarragona.cat\/nastic-4-4-cordoba-cf\/"]}]},{"@type":"ImageObject","inLanguage":"es","@id":"https:\/\/gimnasticdetarragona.cat\/nastic-4-4-cordoba-cf\/#primaryimage","url":"https:\/\/gimnasticdetarragona.cat\/wp-content\/uploads\/2022\/06\/05233634104517-scaled.jpg","contentUrl":"https:\/\/gimnasticdetarragona.cat\/wp-content\/uploads\/2022\/06\/05233634104517-scaled.jpg","width":2560,"height":1707},{"@type":"BreadcrumbList","@id":"https:\/\/gimnasticdetarragona.cat\/nastic-4-4-cordoba-cf\/#breadcrumb","itemListElement":[{"@type":"ListItem","position":1,"name":"Inici","item":"https:\/\/gimnasticdetarragona.cat\/es\/nastic\/"},{"@type":"ListItem","position":2,"name":"N\u00e0stic 4 &#8211; 4 C\u00f3rdoba CF"}]},{"@type":"WebSite","@id":"https:\/\/gimnasticdetarragona.cat\/es\/#website","url":"https:\/\/gimnasticdetarragona.cat\/es\/","name":"Gimn\u00e0stic de Tarragona SAD","description":"Gimn\u00e0stic de Tarragona","publisher":{"@id":"https:\/\/gimnasticdetarragona.cat\/es\/#organization"},"potentialAction":[{"@type":"SearchAction","target":{"@type":"EntryPoint","urlTemplate":"https:\/\/gimnasticdetarragona.cat\/es\/?s={search_term_string}"},"query-input":{"@type":"PropertyValueSpecification","valueRequired":true,"valueName":"search_term_string"}}],"inLanguage":"es"},{"@type":"Organization","@id":"https:\/\/gimnasticdetarragona.cat\/es\/#organization","name":"GIMN\u00c0STIC DE TARRAGONA","alternateName":"N\u00c0STIC","url":"https:\/\/gimnasticdetarragona.cat\/es\/","logo":{"@type":"ImageObject","inLanguage":"es","@id":"https:\/\/gimnasticdetarragona.cat\/es\/#\/schema\/logo\/image\/","url":"https:\/\/gimnasticdetarragona.cat\/wp-content\/uploads\/2022\/06\/cropped-logo-gimnastic.png","contentUrl":"https:\/\/gimnasticdetarragona.cat\/wp-content\/uploads\/2022\/06\/cropped-logo-gimnastic.png","width":224,"height":83,"caption":"GIMN\u00c0STIC DE TARRAGONA"},"image":{"@id":"https:\/\/gimnasticdetarragona.cat\/es\/#\/schema\/logo\/image\/"},"sameAs":["https:\/\/x.com\/NASTICTARRAGONA","https:\/\/www.instagram.com\/nastictarragona\/"]},{"@type":"Person","@id":"https:\/\/gimnasticdetarragona.cat\/es\/#\/schema\/person\/47b6a637abf88f9bd835540f20ea069e","name":"desarrollo","sameAs":["https:\/\/clone.gimnasticdetarragona.cat"]}]}},"_links":{"self":[{"href":"https:\/\/gimnasticdetarragona.cat\/es\/wp-json\/wp\/v2\/posts\/61830","targetHints":{"allow":["GET"]}}],"collection":[{"href":"https:\/\/gimnasticdetarragona.cat\/es\/wp-json\/wp\/v2\/posts"}],"about":[{"href":"https:\/\/gimnasticdetarragona.cat\/es\/wp-json\/wp\/v2\/types\/post"}],"author":[{"embeddable":true,"href":"https:\/\/gimnasticdetarragona.cat\/es\/wp-json\/wp\/v2\/users\/1"}],"replies":[{"embeddable":true,"href":"https:\/\/gimnasticdetarragona.cat\/es\/wp-json\/wp\/v2\/comments?post=61830"}],"version-history":[{"count":0,"href":"https:\/\/gimnasticdetarragona.cat\/es\/wp-json\/wp\/v2\/posts\/61830\/revisions"}],"wp:featuredmedia":[{"embeddable":true,"href":"https:\/\/gimnasticdetarragona.cat\/es\/wp-json\/wp\/v2\/media\/61827"}],"wp:attachment":[{"href":"https:\/\/gimnasticdetarragona.cat\/es\/wp-json\/wp\/v2\/media?parent=61830"}],"wp:term":[{"taxonomy":"category","embeddable":true,"href":"https:\/\/gimnasticdetarragona.cat\/es\/wp-json\/wp\/v2\/categories?post=61830"},{"taxonomy":"post_tag","embeddable":true,"href":"https:\/\/gimnasticdetarragona.cat\/es\/wp-json\/wp\/v2\/tags?post=61830"}],"curies":[{"name":"wp","href":"https:\/\/api.w.org\/{rel}","templated":true}]}}