{"id":61904,"date":"2016-03-20T21:32:32","date_gmt":"2016-03-20T21:32:32","guid":{"rendered":"https:\/\/clone.gimnasticdetarragona.cat\/bilbao-athletic-0-4-nastic\/"},"modified":"2016-03-20T21:32:32","modified_gmt":"2016-03-20T21:32:32","slug":"bilbao-athletic-0-4-nastic","status":"publish","type":"post","link":"https:\/\/gimnasticdetarragona.cat\/es\/bilbao-athletic-0-4-nastic\/","title":{"rendered":"Bilbao Athletic 0 &#8211; 4 N\u00e0stic"},"content":{"rendered":"<p style=\"text-align: justify;\">El conjunt grana arribava al Nou San Mam\u00e9s, un dels millors estadis del panorama futbol\u00edstic, en busca de la vict\u00f2ria per entrar novament en zona de play-off. Despr\u00e9s de quatre empats consecutius i nou partits seguits puntuant, la vict\u00f2ria a Bilbao era clau per seguir en posicions capdavanteres.<\/p>\n<p style=\"text-align: justify;\">El matx s\u2019ha iniciat amb la primera ocasi\u00f3 pels locals, per\u00f2 Suzuki i, posteriorment, Reina, han esva\u00eft el perill. Al minut 13 ha estat J. Naranjo el que hauria pogut marcar en un potent xut, per\u00f2 el porter Remiro l\u2019ha refusat amb el peu. Cinc minuts despr\u00e9s, Pablo Mar\u00ed ha tret la pilota sota els pals, despr\u00e9s d\u2019una vaselina dels bilbains. Al 20\u2019, Naranjo enviava la pilota a l\u2019esquerra de la porteria local. El partit estava emocionant i tots dos equips trepitjaven l\u2019\u00e0rea rival amb facilitat. Al minut 23, Suzuki s\u2019anticipava al davanter local per evitar la rematada. I al minut 25, Naranjo inaugurava el marcador. Una assist\u00e8ncia de Juan Mu\u00f1iz per sobre la defensava la culminava el davanter andal\u00fas amb una rematada de primeres. Naranjo es mant\u00e9 com a m\u00e0xim golejador del N\u00e0stic, amb 9 gols. Reina tamb\u00e9 apareixia; al minut 33, allunyava el perill amb els punys. I al minut 38, Juan Mu\u00f1iz culminava una jugada col\u00b7lectiva sense sort. Un minut despr\u00e9s era Reina qui responia a rematada de Villalibre a la mitja volta. El mateix davanter dels cachorros tamb\u00e9 rematava a fora una pilota centrada des de banda esquerra. Amb el resultat de 0-1 s\u2019ha arribat al temps de descans.<\/p>\n<p style=\"text-align: justify;\">A la represa, la primera ocasi\u00f3 ha estat per Naranjo. Al minut 50, una passada en profunditat de Jean Luc per l\u2019andal\u00fas no ha estat gol per poc. El porter Remiro s\u2019ha anticipat a la rematada. Dos minuts despr\u00e9s, era Reina qui feia una acci\u00f3 semblant i esva\u00efa el perill. Els de Ziganda seguien buscant el gol de l\u2019empat i al minut 55 han gaudit d\u2019una bona ocasi\u00f3 mitjan\u00e7ant Santamar\u00eda. La pilota ha sortit fregant el pal esquerre de Reina. I al minut 57, el georgi\u00e0 Aburjania marcava el seu primer gol amb la samarreta grana. Una bona jugada de Juan Mu\u00f1iz per banda esquerra, arribava a peus de Naranjo i li deixava la pilota franca per provar-ho des de fora l\u2019\u00e0rea. Aburjania s\u2019ha tret un gran xut, que ha entrat fregant el pal dret de Remiro. Al 59\u2019, una rematada dels locals topava amb Iago Bouz\u00f3n i atrapava Reina. El primer canvi de Vicente Moreno ha estat el de Juan Mu\u00f1iz, deixant el seu lloc a Cristian Lobato al minut 64. Achille Eman\u00e1 feia el 0-3 al minut 69. Una bona jugada d\u2019associaci\u00f3 dels atacants del N\u00e0stic l\u2019ha culminat el camerun\u00e9s amb un potent xut ajustat al primer pal. Santamar\u00eda ho seguit intentant pels bascos, per\u00f2 novament la pilota s\u2019escapava a fora de porteria. Al minut 76 s\u2019ha vist una de les jugades del partit. Achille Eman\u00e1 dintre de l\u2019\u00e0rea i en posici\u00f3 de remat ha deixat la pilota a plaer amb l\u2019esper\u00f3 per Jean Luc. L\u2019ivori\u00e0 ha trigat en respondre i la rematada final ha sortit a fora. El golejador Naranjo deixava el seu lloc a Xisco Mu\u00f1oz, al minut 78. Un minut despr\u00e9s, Achille tornava a marcar i posava el marcador en 0-4. Jean Luc ha arribat fins a l\u00ednia de fons i ha posat la pilota per Xisco Mu\u00f1oz, que l\u2019ha tocat lleugerament i Eman\u00e1 rematava gaireb\u00e9 a plaer. El bigolejador de la tarda, Eman\u00e1, era substitu\u00eft per Ferran Giner al minut 84. Aquesta ha estat l\u2019\u00faltima ocasi\u00f3 del partit, que despr\u00e9s dels dos minuts d\u2019afegit, l&#8217;\u00e0rbitre ha decretat la fi de l\u2019enfrontament. El N\u00e0stic ha aconseguit la vict\u00f2ria m\u00e9s contundent de la temporada al nou San Mam\u00e9s i es situa a la tercera posici\u00f3 de la Liga Adelante.<\/p>\n<p style=\"text-align: justify;\">La setmana vinent, el N\u00e0stic afrontar\u00e0 la jornada 31 de lliga davant el CD Numancia. El matx es disputar\u00e0 el dissabte 26, a les 18.00 hores, al Nou Estadi.<\/p>\n<p style=\"text-align: justify;\">Alineacions<\/p>\n<p style=\"text-align: justify;\">Bilbao Athletic: Remiro, Ramalho, Saborit, Gil, Villalibre (Guarrotxena, 77\u2019), Jon Iru (Santamar\u00eda, 46\u2019), Olaetxea, Iriondo (Segu\u00edn, 65\u2019), Vesga, Etxeberria i Aketxe.<\/p>\n<p style=\"text-align: justify;\">N\u00e0stic: M. Reina, Suzuki, I. Bouz\u00f3n U.Z, Pablo Mar\u00ed, Mossa, Aburjania, Madinda, J. Mu\u00f1iz (C. Lobato, 64\u2019), J. Assoubre, J. Naranjo (Xisco M, 78\u2019) i Eman\u00e1 (Ferran Giner, 84\u2019).<\/p>\n<p style=\"text-align: justify;\">Targetes<br \/>\nJuan Mu\u00f1iz (39\u2019).<\/p>\n<p style=\"text-align: justify;\">Gols<\/p>\n<p style=\"text-align: justify;\">0-1, J. Naranjo (25\u2019); 0-2, Aburjania (57\u2019); 0-3, Eman\u00e1 (69\u2019); 0-4, Eman\u00e1 (79\u2019).<\/p>\n<p style=\"text-align: justify;\">\u00c0rbitre<br \/>\nSr. Adri\u00e1n Cordero (Col\u00b7legi c\u00e0ntabre).<\/p>\n<p style=\"text-align: justify;\">San Mam\u00e9s. Jornada 30 Liga Adelante (15\/16). Abans de l\u2019inici, s\u2019ha guardat un minut de silenci per les v\u00edctimes de l\u2019accident a l\u2019AP-7, a les Terres de l\u2019Ebre.<\/p>\n","protected":false},"excerpt":{"rendered":"<p>El conjunt grana aconseguiex la vict\u00f2ria m\u00e9s contundent de la temporada amb gols de Naranjo, Aburjania i Eman\u00e1, per partida doble.<\/p>\n","protected":false},"author":1,"featured_media":61901,"comment_status":"open","ping_status":"open","sticky":false,"template":"","format":"standard","meta":{"_acf_changed":false,"footnotes":""},"categories":[113,121,126],"tags":[],"class_list":["post-61904","post","type-post","status-publish","format-standard","has-post-thumbnail","hentry","category-actualidad","category-home","category-primer-equipo"],"acf":[],"yoast_head":"<!-- This site is optimized with the Yoast SEO plugin v27.3 - https:\/\/yoast.com\/product\/yoast-seo-wordpress\/ -->\n<title>Bilbao Athletic 0 - 4 N\u00e0stic - Gimn\u00e0stic de Tarragona SAD<\/title>\n<meta name=\"robots\" content=\"index, follow, max-snippet:-1, max-image-preview:large, max-video-preview:-1\" \/>\n<link rel=\"canonical\" href=\"https:\/\/gimnasticdetarragona.cat\/bilbao-athletic-0-4-nastic\/\" \/>\n<meta property=\"og:locale\" content=\"es_ES\" \/>\n<meta property=\"og:type\" content=\"article\" \/>\n<meta property=\"og:title\" content=\"Bilbao Athletic 0 - 4 N\u00e0stic - Gimn\u00e0stic de Tarragona SAD\" \/>\n<meta property=\"og:description\" content=\"El conjunt grana aconseguiex la vict\u00f2ria m\u00e9s contundent de la temporada amb gols de Naranjo, Aburjania i Eman\u00e1, per partida doble.\" \/>\n<meta property=\"og:url\" content=\"https:\/\/gimnasticdetarragona.cat\/bilbao-athletic-0-4-nastic\/\" \/>\n<meta property=\"og:site_name\" content=\"Gimn\u00e0stic de Tarragona SAD\" \/>\n<meta property=\"article:published_time\" content=\"2016-03-20T21:32:32+00:00\" \/>\n<meta property=\"og:image\" content=\"https:\/\/gimnasticdetarragona.cat\/wp-content\/uploads\/2022\/06\/05233553104080.jpg\" \/>\n\t<meta property=\"og:image:width\" content=\"1276\" \/>\n\t<meta property=\"og:image:height\" content=\"898\" \/>\n\t<meta property=\"og:image:type\" content=\"image\/jpeg\" \/>\n<meta name=\"author\" content=\"desarrollo\" \/>\n<meta name=\"twitter:card\" content=\"summary_large_image\" \/>\n<meta name=\"twitter:creator\" content=\"@NASTICTARRAGONA\" \/>\n<meta name=\"twitter:site\" content=\"@NASTICTARRAGONA\" \/>\n<meta name=\"twitter:label1\" content=\"Escrito por\" \/>\n\t<meta name=\"twitter:data1\" content=\"desarrollo\" \/>\n\t<meta name=\"twitter:label2\" content=\"Tiempo de lectura\" \/>\n\t<meta name=\"twitter:data2\" content=\"4 minutos\" \/>\n<script type=\"application\/ld+json\" class=\"yoast-schema-graph\">{\"@context\":\"https:\\\/\\\/schema.org\",\"@graph\":[{\"@type\":\"Article\",\"@id\":\"https:\\\/\\\/gimnasticdetarragona.cat\\\/bilbao-athletic-0-4-nastic\\\/#article\",\"isPartOf\":{\"@id\":\"https:\\\/\\\/gimnasticdetarragona.cat\\\/bilbao-athletic-0-4-nastic\\\/\"},\"author\":{\"name\":\"desarrollo\",\"@id\":\"https:\\\/\\\/gimnasticdetarragona.cat\\\/es\\\/#\\\/schema\\\/person\\\/47b6a637abf88f9bd835540f20ea069e\"},\"headline\":\"Bilbao Athletic 0 &#8211; 4 N\u00e0stic\",\"datePublished\":\"2016-03-20T21:32:32+00:00\",\"mainEntityOfPage\":{\"@id\":\"https:\\\/\\\/gimnasticdetarragona.cat\\\/bilbao-athletic-0-4-nastic\\\/\"},\"wordCount\":809,\"commentCount\":0,\"publisher\":{\"@id\":\"https:\\\/\\\/gimnasticdetarragona.cat\\\/es\\\/#organization\"},\"image\":{\"@id\":\"https:\\\/\\\/gimnasticdetarragona.cat\\\/bilbao-athletic-0-4-nastic\\\/#primaryimage\"},\"thumbnailUrl\":\"https:\\\/\\\/gimnasticdetarragona.cat\\\/wp-content\\\/uploads\\\/2022\\\/06\\\/05233553104080.jpg\",\"articleSection\":[\"Actualidad\",\"Home\",\"Primer Equipo\"],\"inLanguage\":\"es\"},{\"@type\":\"WebPage\",\"@id\":\"https:\\\/\\\/gimnasticdetarragona.cat\\\/bilbao-athletic-0-4-nastic\\\/\",\"url\":\"https:\\\/\\\/gimnasticdetarragona.cat\\\/bilbao-athletic-0-4-nastic\\\/\",\"name\":\"Bilbao Athletic 0 - 4 N\u00e0stic - Gimn\u00e0stic de Tarragona SAD\",\"isPartOf\":{\"@id\":\"https:\\\/\\\/gimnasticdetarragona.cat\\\/es\\\/#website\"},\"primaryImageOfPage\":{\"@id\":\"https:\\\/\\\/gimnasticdetarragona.cat\\\/bilbao-athletic-0-4-nastic\\\/#primaryimage\"},\"image\":{\"@id\":\"https:\\\/\\\/gimnasticdetarragona.cat\\\/bilbao-athletic-0-4-nastic\\\/#primaryimage\"},\"thumbnailUrl\":\"https:\\\/\\\/gimnasticdetarragona.cat\\\/wp-content\\\/uploads\\\/2022\\\/06\\\/05233553104080.jpg\",\"datePublished\":\"2016-03-20T21:32:32+00:00\",\"breadcrumb\":{\"@id\":\"https:\\\/\\\/gimnasticdetarragona.cat\\\/bilbao-athletic-0-4-nastic\\\/#breadcrumb\"},\"inLanguage\":\"es\",\"potentialAction\":[{\"@type\":\"ReadAction\",\"target\":[\"https:\\\/\\\/gimnasticdetarragona.cat\\\/bilbao-athletic-0-4-nastic\\\/\"]}]},{\"@type\":\"ImageObject\",\"inLanguage\":\"es\",\"@id\":\"https:\\\/\\\/gimnasticdetarragona.cat\\\/bilbao-athletic-0-4-nastic\\\/#primaryimage\",\"url\":\"https:\\\/\\\/gimnasticdetarragona.cat\\\/wp-content\\\/uploads\\\/2022\\\/06\\\/05233553104080.jpg\",\"contentUrl\":\"https:\\\/\\\/gimnasticdetarragona.cat\\\/wp-content\\\/uploads\\\/2022\\\/06\\\/05233553104080.jpg\",\"width\":1276,\"height\":898},{\"@type\":\"BreadcrumbList\",\"@id\":\"https:\\\/\\\/gimnasticdetarragona.cat\\\/bilbao-athletic-0-4-nastic\\\/#breadcrumb\",\"itemListElement\":[{\"@type\":\"ListItem\",\"position\":1,\"name\":\"Inici\",\"item\":\"https:\\\/\\\/gimnasticdetarragona.cat\\\/es\\\/nastic\\\/\"},{\"@type\":\"ListItem\",\"position\":2,\"name\":\"Bilbao Athletic 0 &#8211; 4 N\u00e0stic\"}]},{\"@type\":\"WebSite\",\"@id\":\"https:\\\/\\\/gimnasticdetarragona.cat\\\/es\\\/#website\",\"url\":\"https:\\\/\\\/gimnasticdetarragona.cat\\\/es\\\/\",\"name\":\"Gimn\u00e0stic de Tarragona SAD\",\"description\":\"Gimn\u00e0stic de Tarragona\",\"publisher\":{\"@id\":\"https:\\\/\\\/gimnasticdetarragona.cat\\\/es\\\/#organization\"},\"potentialAction\":[{\"@type\":\"SearchAction\",\"target\":{\"@type\":\"EntryPoint\",\"urlTemplate\":\"https:\\\/\\\/gimnasticdetarragona.cat\\\/es\\\/?s={search_term_string}\"},\"query-input\":{\"@type\":\"PropertyValueSpecification\",\"valueRequired\":true,\"valueName\":\"search_term_string\"}}],\"inLanguage\":\"es\"},{\"@type\":\"Organization\",\"@id\":\"https:\\\/\\\/gimnasticdetarragona.cat\\\/es\\\/#organization\",\"name\":\"GIMN\u00c0STIC DE TARRAGONA\",\"alternateName\":\"N\u00c0STIC\",\"url\":\"https:\\\/\\\/gimnasticdetarragona.cat\\\/es\\\/\",\"logo\":{\"@type\":\"ImageObject\",\"inLanguage\":\"es\",\"@id\":\"https:\\\/\\\/gimnasticdetarragona.cat\\\/es\\\/#\\\/schema\\\/logo\\\/image\\\/\",\"url\":\"https:\\\/\\\/gimnasticdetarragona.cat\\\/wp-content\\\/uploads\\\/2022\\\/06\\\/cropped-logo-gimnastic.png\",\"contentUrl\":\"https:\\\/\\\/gimnasticdetarragona.cat\\\/wp-content\\\/uploads\\\/2022\\\/06\\\/cropped-logo-gimnastic.png\",\"width\":224,\"height\":83,\"caption\":\"GIMN\u00c0STIC DE TARRAGONA\"},\"image\":{\"@id\":\"https:\\\/\\\/gimnasticdetarragona.cat\\\/es\\\/#\\\/schema\\\/logo\\\/image\\\/\"},\"sameAs\":[\"https:\\\/\\\/x.com\\\/NASTICTARRAGONA\",\"https:\\\/\\\/www.instagram.com\\\/nastictarragona\\\/\"]},{\"@type\":\"Person\",\"@id\":\"https:\\\/\\\/gimnasticdetarragona.cat\\\/es\\\/#\\\/schema\\\/person\\\/47b6a637abf88f9bd835540f20ea069e\",\"name\":\"desarrollo\",\"sameAs\":[\"https:\\\/\\\/clone.gimnasticdetarragona.cat\"]}]}<\/script>\n<!-- \/ Yoast SEO plugin. -->","yoast_head_json":{"title":"Bilbao Athletic 0 - 4 N\u00e0stic - Gimn\u00e0stic de Tarragona SAD","robots":{"index":"index","follow":"follow","max-snippet":"max-snippet:-1","max-image-preview":"max-image-preview:large","max-video-preview":"max-video-preview:-1"},"canonical":"https:\/\/gimnasticdetarragona.cat\/bilbao-athletic-0-4-nastic\/","og_locale":"es_ES","og_type":"article","og_title":"Bilbao Athletic 0 - 4 N\u00e0stic - Gimn\u00e0stic de Tarragona SAD","og_description":"El conjunt grana aconseguiex la vict\u00f2ria m\u00e9s contundent de la temporada amb gols de Naranjo, Aburjania i Eman\u00e1, per partida doble.","og_url":"https:\/\/gimnasticdetarragona.cat\/bilbao-athletic-0-4-nastic\/","og_site_name":"Gimn\u00e0stic de Tarragona SAD","article_published_time":"2016-03-20T21:32:32+00:00","og_image":[{"width":1276,"height":898,"url":"https:\/\/gimnasticdetarragona.cat\/wp-content\/uploads\/2022\/06\/05233553104080.jpg","type":"image\/jpeg"}],"author":"desarrollo","twitter_card":"summary_large_image","twitter_creator":"@NASTICTARRAGONA","twitter_site":"@NASTICTARRAGONA","twitter_misc":{"Escrito por":"desarrollo","Tiempo de lectura":"4 minutos"},"schema":{"@context":"https:\/\/schema.org","@graph":[{"@type":"Article","@id":"https:\/\/gimnasticdetarragona.cat\/bilbao-athletic-0-4-nastic\/#article","isPartOf":{"@id":"https:\/\/gimnasticdetarragona.cat\/bilbao-athletic-0-4-nastic\/"},"author":{"name":"desarrollo","@id":"https:\/\/gimnasticdetarragona.cat\/es\/#\/schema\/person\/47b6a637abf88f9bd835540f20ea069e"},"headline":"Bilbao Athletic 0 &#8211; 4 N\u00e0stic","datePublished":"2016-03-20T21:32:32+00:00","mainEntityOfPage":{"@id":"https:\/\/gimnasticdetarragona.cat\/bilbao-athletic-0-4-nastic\/"},"wordCount":809,"commentCount":0,"publisher":{"@id":"https:\/\/gimnasticdetarragona.cat\/es\/#organization"},"image":{"@id":"https:\/\/gimnasticdetarragona.cat\/bilbao-athletic-0-4-nastic\/#primaryimage"},"thumbnailUrl":"https:\/\/gimnasticdetarragona.cat\/wp-content\/uploads\/2022\/06\/05233553104080.jpg","articleSection":["Actualidad","Home","Primer Equipo"],"inLanguage":"es"},{"@type":"WebPage","@id":"https:\/\/gimnasticdetarragona.cat\/bilbao-athletic-0-4-nastic\/","url":"https:\/\/gimnasticdetarragona.cat\/bilbao-athletic-0-4-nastic\/","name":"Bilbao Athletic 0 - 4 N\u00e0stic - Gimn\u00e0stic de Tarragona SAD","isPartOf":{"@id":"https:\/\/gimnasticdetarragona.cat\/es\/#website"},"primaryImageOfPage":{"@id":"https:\/\/gimnasticdetarragona.cat\/bilbao-athletic-0-4-nastic\/#primaryimage"},"image":{"@id":"https:\/\/gimnasticdetarragona.cat\/bilbao-athletic-0-4-nastic\/#primaryimage"},"thumbnailUrl":"https:\/\/gimnasticdetarragona.cat\/wp-content\/uploads\/2022\/06\/05233553104080.jpg","datePublished":"2016-03-20T21:32:32+00:00","breadcrumb":{"@id":"https:\/\/gimnasticdetarragona.cat\/bilbao-athletic-0-4-nastic\/#breadcrumb"},"inLanguage":"es","potentialAction":[{"@type":"ReadAction","target":["https:\/\/gimnasticdetarragona.cat\/bilbao-athletic-0-4-nastic\/"]}]},{"@type":"ImageObject","inLanguage":"es","@id":"https:\/\/gimnasticdetarragona.cat\/bilbao-athletic-0-4-nastic\/#primaryimage","url":"https:\/\/gimnasticdetarragona.cat\/wp-content\/uploads\/2022\/06\/05233553104080.jpg","contentUrl":"https:\/\/gimnasticdetarragona.cat\/wp-content\/uploads\/2022\/06\/05233553104080.jpg","width":1276,"height":898},{"@type":"BreadcrumbList","@id":"https:\/\/gimnasticdetarragona.cat\/bilbao-athletic-0-4-nastic\/#breadcrumb","itemListElement":[{"@type":"ListItem","position":1,"name":"Inici","item":"https:\/\/gimnasticdetarragona.cat\/es\/nastic\/"},{"@type":"ListItem","position":2,"name":"Bilbao Athletic 0 &#8211; 4 N\u00e0stic"}]},{"@type":"WebSite","@id":"https:\/\/gimnasticdetarragona.cat\/es\/#website","url":"https:\/\/gimnasticdetarragona.cat\/es\/","name":"Gimn\u00e0stic de Tarragona SAD","description":"Gimn\u00e0stic de Tarragona","publisher":{"@id":"https:\/\/gimnasticdetarragona.cat\/es\/#organization"},"potentialAction":[{"@type":"SearchAction","target":{"@type":"EntryPoint","urlTemplate":"https:\/\/gimnasticdetarragona.cat\/es\/?s={search_term_string}"},"query-input":{"@type":"PropertyValueSpecification","valueRequired":true,"valueName":"search_term_string"}}],"inLanguage":"es"},{"@type":"Organization","@id":"https:\/\/gimnasticdetarragona.cat\/es\/#organization","name":"GIMN\u00c0STIC DE TARRAGONA","alternateName":"N\u00c0STIC","url":"https:\/\/gimnasticdetarragona.cat\/es\/","logo":{"@type":"ImageObject","inLanguage":"es","@id":"https:\/\/gimnasticdetarragona.cat\/es\/#\/schema\/logo\/image\/","url":"https:\/\/gimnasticdetarragona.cat\/wp-content\/uploads\/2022\/06\/cropped-logo-gimnastic.png","contentUrl":"https:\/\/gimnasticdetarragona.cat\/wp-content\/uploads\/2022\/06\/cropped-logo-gimnastic.png","width":224,"height":83,"caption":"GIMN\u00c0STIC DE TARRAGONA"},"image":{"@id":"https:\/\/gimnasticdetarragona.cat\/es\/#\/schema\/logo\/image\/"},"sameAs":["https:\/\/x.com\/NASTICTARRAGONA","https:\/\/www.instagram.com\/nastictarragona\/"]},{"@type":"Person","@id":"https:\/\/gimnasticdetarragona.cat\/es\/#\/schema\/person\/47b6a637abf88f9bd835540f20ea069e","name":"desarrollo","sameAs":["https:\/\/clone.gimnasticdetarragona.cat"]}]}},"_links":{"self":[{"href":"https:\/\/gimnasticdetarragona.cat\/es\/wp-json\/wp\/v2\/posts\/61904","targetHints":{"allow":["GET"]}}],"collection":[{"href":"https:\/\/gimnasticdetarragona.cat\/es\/wp-json\/wp\/v2\/posts"}],"about":[{"href":"https:\/\/gimnasticdetarragona.cat\/es\/wp-json\/wp\/v2\/types\/post"}],"author":[{"embeddable":true,"href":"https:\/\/gimnasticdetarragona.cat\/es\/wp-json\/wp\/v2\/users\/1"}],"replies":[{"embeddable":true,"href":"https:\/\/gimnasticdetarragona.cat\/es\/wp-json\/wp\/v2\/comments?post=61904"}],"version-history":[{"count":0,"href":"https:\/\/gimnasticdetarragona.cat\/es\/wp-json\/wp\/v2\/posts\/61904\/revisions"}],"wp:featuredmedia":[{"embeddable":true,"href":"https:\/\/gimnasticdetarragona.cat\/es\/wp-json\/wp\/v2\/media\/61901"}],"wp:attachment":[{"href":"https:\/\/gimnasticdetarragona.cat\/es\/wp-json\/wp\/v2\/media?parent=61904"}],"wp:term":[{"taxonomy":"category","embeddable":true,"href":"https:\/\/gimnasticdetarragona.cat\/es\/wp-json\/wp\/v2\/categories?post=61904"},{"taxonomy":"post_tag","embeddable":true,"href":"https:\/\/gimnasticdetarragona.cat\/es\/wp-json\/wp\/v2\/tags?post=61904"}],"curies":[{"name":"wp","href":"https:\/\/api.w.org\/{rel}","templated":true}]}}