{"id":61920,"date":"2016-03-17T11:16:57","date_gmt":"2016-03-17T11:16:57","guid":{"rendered":"https:\/\/clone.gimnasticdetarragona.cat\/futbol-base-el-cadet-b-guanya-al-cadet-a-del-reus\/"},"modified":"2016-03-17T11:16:57","modified_gmt":"2016-03-17T11:16:57","slug":"futbol-base-el-cadet-b-guanya-al-cadet-a-del-reus","status":"publish","type":"post","link":"https:\/\/gimnasticdetarragona.cat\/es\/futbol-base-el-cadet-b-guanya-al-cadet-a-del-reus\/","title":{"rendered":"F\u00daTBOL BASE | El Cadete B gana al Cadete A del Reus"},"content":{"rendered":"<p><strong>El cadete de primer a\u00f1o del N\u00e0stic gan\u00f3 el s\u00e1bado contra el cadete A del Reus Deportiu<\/strong><\/p>\n<p>Los hombres de Dani Rubio fueron capaces de imponerse a un equipo que, te\u00f3ricamente, deber\u00eda ser superior a los granas por el hecho de tratarse del equipo A del club vecino. Los tarraconenses hicieron una gran primera mitad, siendo capaces de dominar y evitar que el Reus generara peligro. El N\u00e0stic, en cambio, llegaba con cierta facilidad al \u00e1rea de los del Baix Camp, generando sensaci\u00f3n de peligro y desbordando la defensa local.<\/p>\n<p>El primer gol lleg\u00f3 tras una internada por banda derecha de I\u00f1aki que fue cortada con falta por la defensa loacl. La centrada de falta de Joan Capdevila fue aprovechada a la perfecci\u00f3n por Guillem Mart\u00ednez, que con un buen remate de cabeza, pon\u00eda el 0-1 en el marcador. Pocos minutos m\u00e1s tarde el mismo Mart\u00ednez se encargaba de encarrilar el encuentro con el segundo gol visitante. En una jugada individual, el grana romp\u00eda por velocidad entre\u00a0los dos centrales del Reus y defin\u00eda con un gran disparo ajustado a la base del poste haciendo in\u00fatil la estirada del portero local.<\/p>\n<p>En la segunda mitad el dominio sigui\u00f3 siendo del N\u00e0stic que control\u00f3 el partido en todo momento. En los \u00faltimos minutos de juego, y tras un error de marca en una falta lateral, el Reus consegu\u00eda recortar diferencias. De ah\u00ed al final, los visitantes estuvieron mejor que nunca y anular\u00f3n por absoluto la reacci\u00f3n local, llev\u00e1ndose una gran victoria en el derbi de la categor\u00eda.<\/p>\n<p>El entrenador del Cadete B, Dani Rubio, destacaba el gran partido de los suyos. \u00abHemos estado a un gran nivel. Nosotros somos todos de primer a\u00f1o, somos el B y ellos el A, y eso a\u00fan da m\u00e1s m\u00e9rito a la victoria. Hemos salido a por los tres puntos y nuestro empuje ha tenido recompensa. Hemos dominado al Reus\u00a0en todo momento y estoy muy contento con el partido de todo el equipo. \u00ab.<\/p>\n","protected":false},"excerpt":{"rendered":"<p>El cadete de primer a\u00f1o del N\u00e0stic gan\u00f3 el s\u00e1bado contra el cadete A del Reus Deportiu<\/p>\n","protected":false},"author":1,"featured_media":61917,"comment_status":"open","ping_status":"open","sticky":false,"template":"","format":"standard","meta":{"_acf_changed":false,"footnotes":""},"categories":[113,117,121],"tags":[],"class_list":["post-61920","post","type-post","status-publish","format-standard","has-post-thumbnail","hentry","category-actualidad","category-futbol-base","category-home"],"acf":[],"yoast_head":"<!-- This site is optimized with the Yoast SEO plugin v27.3 - https:\/\/yoast.com\/product\/yoast-seo-wordpress\/ -->\n<title>F\u00daTBOL BASE | El Cadete B gana al Cadete A del Reus - Gimn\u00e0stic de Tarragona SAD<\/title>\n<meta name=\"robots\" content=\"index, follow, max-snippet:-1, max-image-preview:large, max-video-preview:-1\" \/>\n<link rel=\"canonical\" href=\"https:\/\/gimnasticdetarragona.cat\/es\/futbol-base-el-cadet-b-guanya-al-cadet-a-del-reus\/\" \/>\n<meta property=\"og:locale\" content=\"es_ES\" \/>\n<meta property=\"og:type\" content=\"article\" \/>\n<meta property=\"og:title\" content=\"F\u00daTBOL BASE | El Cadete B gana al Cadete A del Reus - Gimn\u00e0stic de Tarragona SAD\" \/>\n<meta property=\"og:description\" content=\"El cadete de primer a\u00f1o del N\u00e0stic gan\u00f3 el s\u00e1bado contra el cadete A del Reus Deportiu\" \/>\n<meta property=\"og:url\" content=\"https:\/\/gimnasticdetarragona.cat\/es\/futbol-base-el-cadet-b-guanya-al-cadet-a-del-reus\/\" \/>\n<meta property=\"og:site_name\" content=\"Gimn\u00e0stic de Tarragona SAD\" \/>\n<meta property=\"article:published_time\" content=\"2016-03-17T11:16:57+00:00\" \/>\n<meta property=\"og:image\" content=\"https:\/\/gimnasticdetarragona.cat\/wp-content\/uploads\/2022\/06\/05233550103863.jpg\" \/>\n\t<meta property=\"og:image:width\" content=\"500\" \/>\n\t<meta property=\"og:image:height\" content=\"250\" \/>\n\t<meta property=\"og:image:type\" content=\"image\/jpeg\" \/>\n<meta name=\"author\" content=\"desarrollo\" \/>\n<meta name=\"twitter:card\" content=\"summary_large_image\" \/>\n<meta name=\"twitter:creator\" content=\"@NASTICTARRAGONA\" \/>\n<meta name=\"twitter:site\" content=\"@NASTICTARRAGONA\" \/>\n<meta name=\"twitter:label1\" content=\"Escrito por\" \/>\n\t<meta name=\"twitter:data1\" content=\"desarrollo\" \/>\n\t<meta name=\"twitter:label2\" content=\"Tiempo de lectura\" \/>\n\t<meta name=\"twitter:data2\" content=\"2 minutos\" \/>\n<script type=\"application\/ld+json\" class=\"yoast-schema-graph\">{\"@context\":\"https:\\\/\\\/schema.org\",\"@graph\":[{\"@type\":\"Article\",\"@id\":\"https:\\\/\\\/gimnasticdetarragona.cat\\\/es\\\/futbol-base-el-cadet-b-guanya-al-cadet-a-del-reus\\\/#article\",\"isPartOf\":{\"@id\":\"https:\\\/\\\/gimnasticdetarragona.cat\\\/es\\\/futbol-base-el-cadet-b-guanya-al-cadet-a-del-reus\\\/\"},\"author\":{\"name\":\"desarrollo\",\"@id\":\"https:\\\/\\\/gimnasticdetarragona.cat\\\/es\\\/#\\\/schema\\\/person\\\/47b6a637abf88f9bd835540f20ea069e\"},\"headline\":\"F\u00daTBOL BASE | El Cadete B gana al Cadete A del Reus\",\"datePublished\":\"2016-03-17T11:16:57+00:00\",\"mainEntityOfPage\":{\"@id\":\"https:\\\/\\\/gimnasticdetarragona.cat\\\/es\\\/futbol-base-el-cadet-b-guanya-al-cadet-a-del-reus\\\/\"},\"wordCount\":367,\"commentCount\":0,\"publisher\":{\"@id\":\"https:\\\/\\\/gimnasticdetarragona.cat\\\/es\\\/#organization\"},\"image\":{\"@id\":\"https:\\\/\\\/gimnasticdetarragona.cat\\\/es\\\/futbol-base-el-cadet-b-guanya-al-cadet-a-del-reus\\\/#primaryimage\"},\"thumbnailUrl\":\"https:\\\/\\\/gimnasticdetarragona.cat\\\/wp-content\\\/uploads\\\/2022\\\/06\\\/05233550103863.jpg\",\"articleSection\":[\"Actualidad\",\"F\u00fatbol Base\",\"Home\"],\"inLanguage\":\"es\"},{\"@type\":\"WebPage\",\"@id\":\"https:\\\/\\\/gimnasticdetarragona.cat\\\/es\\\/futbol-base-el-cadet-b-guanya-al-cadet-a-del-reus\\\/\",\"url\":\"https:\\\/\\\/gimnasticdetarragona.cat\\\/es\\\/futbol-base-el-cadet-b-guanya-al-cadet-a-del-reus\\\/\",\"name\":\"F\u00daTBOL BASE | El Cadete B gana al Cadete A del Reus - Gimn\u00e0stic de Tarragona SAD\",\"isPartOf\":{\"@id\":\"https:\\\/\\\/gimnasticdetarragona.cat\\\/es\\\/#website\"},\"primaryImageOfPage\":{\"@id\":\"https:\\\/\\\/gimnasticdetarragona.cat\\\/es\\\/futbol-base-el-cadet-b-guanya-al-cadet-a-del-reus\\\/#primaryimage\"},\"image\":{\"@id\":\"https:\\\/\\\/gimnasticdetarragona.cat\\\/es\\\/futbol-base-el-cadet-b-guanya-al-cadet-a-del-reus\\\/#primaryimage\"},\"thumbnailUrl\":\"https:\\\/\\\/gimnasticdetarragona.cat\\\/wp-content\\\/uploads\\\/2022\\\/06\\\/05233550103863.jpg\",\"datePublished\":\"2016-03-17T11:16:57+00:00\",\"breadcrumb\":{\"@id\":\"https:\\\/\\\/gimnasticdetarragona.cat\\\/es\\\/futbol-base-el-cadet-b-guanya-al-cadet-a-del-reus\\\/#breadcrumb\"},\"inLanguage\":\"es\",\"potentialAction\":[{\"@type\":\"ReadAction\",\"target\":[\"https:\\\/\\\/gimnasticdetarragona.cat\\\/es\\\/futbol-base-el-cadet-b-guanya-al-cadet-a-del-reus\\\/\"]}]},{\"@type\":\"ImageObject\",\"inLanguage\":\"es\",\"@id\":\"https:\\\/\\\/gimnasticdetarragona.cat\\\/es\\\/futbol-base-el-cadet-b-guanya-al-cadet-a-del-reus\\\/#primaryimage\",\"url\":\"https:\\\/\\\/gimnasticdetarragona.cat\\\/wp-content\\\/uploads\\\/2022\\\/06\\\/05233550103863.jpg\",\"contentUrl\":\"https:\\\/\\\/gimnasticdetarragona.cat\\\/wp-content\\\/uploads\\\/2022\\\/06\\\/05233550103863.jpg\",\"width\":500,\"height\":250},{\"@type\":\"BreadcrumbList\",\"@id\":\"https:\\\/\\\/gimnasticdetarragona.cat\\\/es\\\/futbol-base-el-cadet-b-guanya-al-cadet-a-del-reus\\\/#breadcrumb\",\"itemListElement\":[{\"@type\":\"ListItem\",\"position\":1,\"name\":\"Inici\",\"item\":\"https:\\\/\\\/gimnasticdetarragona.cat\\\/es\\\/nastic\\\/\"},{\"@type\":\"ListItem\",\"position\":2,\"name\":\"F\u00daTBOL BASE | El Cadete B gana al Cadete A del Reus\"}]},{\"@type\":\"WebSite\",\"@id\":\"https:\\\/\\\/gimnasticdetarragona.cat\\\/es\\\/#website\",\"url\":\"https:\\\/\\\/gimnasticdetarragona.cat\\\/es\\\/\",\"name\":\"Gimn\u00e0stic de Tarragona SAD\",\"description\":\"Gimn\u00e0stic de Tarragona\",\"publisher\":{\"@id\":\"https:\\\/\\\/gimnasticdetarragona.cat\\\/es\\\/#organization\"},\"potentialAction\":[{\"@type\":\"SearchAction\",\"target\":{\"@type\":\"EntryPoint\",\"urlTemplate\":\"https:\\\/\\\/gimnasticdetarragona.cat\\\/es\\\/?s={search_term_string}\"},\"query-input\":{\"@type\":\"PropertyValueSpecification\",\"valueRequired\":true,\"valueName\":\"search_term_string\"}}],\"inLanguage\":\"es\"},{\"@type\":\"Organization\",\"@id\":\"https:\\\/\\\/gimnasticdetarragona.cat\\\/es\\\/#organization\",\"name\":\"GIMN\u00c0STIC DE TARRAGONA\",\"alternateName\":\"N\u00c0STIC\",\"url\":\"https:\\\/\\\/gimnasticdetarragona.cat\\\/es\\\/\",\"logo\":{\"@type\":\"ImageObject\",\"inLanguage\":\"es\",\"@id\":\"https:\\\/\\\/gimnasticdetarragona.cat\\\/es\\\/#\\\/schema\\\/logo\\\/image\\\/\",\"url\":\"https:\\\/\\\/gimnasticdetarragona.cat\\\/wp-content\\\/uploads\\\/2022\\\/06\\\/cropped-logo-gimnastic.png\",\"contentUrl\":\"https:\\\/\\\/gimnasticdetarragona.cat\\\/wp-content\\\/uploads\\\/2022\\\/06\\\/cropped-logo-gimnastic.png\",\"width\":224,\"height\":83,\"caption\":\"GIMN\u00c0STIC DE TARRAGONA\"},\"image\":{\"@id\":\"https:\\\/\\\/gimnasticdetarragona.cat\\\/es\\\/#\\\/schema\\\/logo\\\/image\\\/\"},\"sameAs\":[\"https:\\\/\\\/x.com\\\/NASTICTARRAGONA\",\"https:\\\/\\\/www.instagram.com\\\/nastictarragona\\\/\"]},{\"@type\":\"Person\",\"@id\":\"https:\\\/\\\/gimnasticdetarragona.cat\\\/es\\\/#\\\/schema\\\/person\\\/47b6a637abf88f9bd835540f20ea069e\",\"name\":\"desarrollo\",\"sameAs\":[\"https:\\\/\\\/clone.gimnasticdetarragona.cat\"]}]}<\/script>\n<!-- \/ Yoast SEO plugin. -->","yoast_head_json":{"title":"F\u00daTBOL BASE | El Cadete B gana al Cadete A del Reus - Gimn\u00e0stic de Tarragona SAD","robots":{"index":"index","follow":"follow","max-snippet":"max-snippet:-1","max-image-preview":"max-image-preview:large","max-video-preview":"max-video-preview:-1"},"canonical":"https:\/\/gimnasticdetarragona.cat\/es\/futbol-base-el-cadet-b-guanya-al-cadet-a-del-reus\/","og_locale":"es_ES","og_type":"article","og_title":"F\u00daTBOL BASE | El Cadete B gana al Cadete A del Reus - Gimn\u00e0stic de Tarragona SAD","og_description":"El cadete de primer a\u00f1o del N\u00e0stic gan\u00f3 el s\u00e1bado contra el cadete A del Reus Deportiu","og_url":"https:\/\/gimnasticdetarragona.cat\/es\/futbol-base-el-cadet-b-guanya-al-cadet-a-del-reus\/","og_site_name":"Gimn\u00e0stic de Tarragona SAD","article_published_time":"2016-03-17T11:16:57+00:00","og_image":[{"width":500,"height":250,"url":"https:\/\/gimnasticdetarragona.cat\/wp-content\/uploads\/2022\/06\/05233550103863.jpg","type":"image\/jpeg"}],"author":"desarrollo","twitter_card":"summary_large_image","twitter_creator":"@NASTICTARRAGONA","twitter_site":"@NASTICTARRAGONA","twitter_misc":{"Escrito por":"desarrollo","Tiempo de lectura":"2 minutos"},"schema":{"@context":"https:\/\/schema.org","@graph":[{"@type":"Article","@id":"https:\/\/gimnasticdetarragona.cat\/es\/futbol-base-el-cadet-b-guanya-al-cadet-a-del-reus\/#article","isPartOf":{"@id":"https:\/\/gimnasticdetarragona.cat\/es\/futbol-base-el-cadet-b-guanya-al-cadet-a-del-reus\/"},"author":{"name":"desarrollo","@id":"https:\/\/gimnasticdetarragona.cat\/es\/#\/schema\/person\/47b6a637abf88f9bd835540f20ea069e"},"headline":"F\u00daTBOL BASE | El Cadete B gana al Cadete A del Reus","datePublished":"2016-03-17T11:16:57+00:00","mainEntityOfPage":{"@id":"https:\/\/gimnasticdetarragona.cat\/es\/futbol-base-el-cadet-b-guanya-al-cadet-a-del-reus\/"},"wordCount":367,"commentCount":0,"publisher":{"@id":"https:\/\/gimnasticdetarragona.cat\/es\/#organization"},"image":{"@id":"https:\/\/gimnasticdetarragona.cat\/es\/futbol-base-el-cadet-b-guanya-al-cadet-a-del-reus\/#primaryimage"},"thumbnailUrl":"https:\/\/gimnasticdetarragona.cat\/wp-content\/uploads\/2022\/06\/05233550103863.jpg","articleSection":["Actualidad","F\u00fatbol Base","Home"],"inLanguage":"es"},{"@type":"WebPage","@id":"https:\/\/gimnasticdetarragona.cat\/es\/futbol-base-el-cadet-b-guanya-al-cadet-a-del-reus\/","url":"https:\/\/gimnasticdetarragona.cat\/es\/futbol-base-el-cadet-b-guanya-al-cadet-a-del-reus\/","name":"F\u00daTBOL BASE | El Cadete B gana al Cadete A del Reus - Gimn\u00e0stic de Tarragona SAD","isPartOf":{"@id":"https:\/\/gimnasticdetarragona.cat\/es\/#website"},"primaryImageOfPage":{"@id":"https:\/\/gimnasticdetarragona.cat\/es\/futbol-base-el-cadet-b-guanya-al-cadet-a-del-reus\/#primaryimage"},"image":{"@id":"https:\/\/gimnasticdetarragona.cat\/es\/futbol-base-el-cadet-b-guanya-al-cadet-a-del-reus\/#primaryimage"},"thumbnailUrl":"https:\/\/gimnasticdetarragona.cat\/wp-content\/uploads\/2022\/06\/05233550103863.jpg","datePublished":"2016-03-17T11:16:57+00:00","breadcrumb":{"@id":"https:\/\/gimnasticdetarragona.cat\/es\/futbol-base-el-cadet-b-guanya-al-cadet-a-del-reus\/#breadcrumb"},"inLanguage":"es","potentialAction":[{"@type":"ReadAction","target":["https:\/\/gimnasticdetarragona.cat\/es\/futbol-base-el-cadet-b-guanya-al-cadet-a-del-reus\/"]}]},{"@type":"ImageObject","inLanguage":"es","@id":"https:\/\/gimnasticdetarragona.cat\/es\/futbol-base-el-cadet-b-guanya-al-cadet-a-del-reus\/#primaryimage","url":"https:\/\/gimnasticdetarragona.cat\/wp-content\/uploads\/2022\/06\/05233550103863.jpg","contentUrl":"https:\/\/gimnasticdetarragona.cat\/wp-content\/uploads\/2022\/06\/05233550103863.jpg","width":500,"height":250},{"@type":"BreadcrumbList","@id":"https:\/\/gimnasticdetarragona.cat\/es\/futbol-base-el-cadet-b-guanya-al-cadet-a-del-reus\/#breadcrumb","itemListElement":[{"@type":"ListItem","position":1,"name":"Inici","item":"https:\/\/gimnasticdetarragona.cat\/es\/nastic\/"},{"@type":"ListItem","position":2,"name":"F\u00daTBOL BASE | El Cadete B gana al Cadete A del Reus"}]},{"@type":"WebSite","@id":"https:\/\/gimnasticdetarragona.cat\/es\/#website","url":"https:\/\/gimnasticdetarragona.cat\/es\/","name":"Gimn\u00e0stic de Tarragona SAD","description":"Gimn\u00e0stic de Tarragona","publisher":{"@id":"https:\/\/gimnasticdetarragona.cat\/es\/#organization"},"potentialAction":[{"@type":"SearchAction","target":{"@type":"EntryPoint","urlTemplate":"https:\/\/gimnasticdetarragona.cat\/es\/?s={search_term_string}"},"query-input":{"@type":"PropertyValueSpecification","valueRequired":true,"valueName":"search_term_string"}}],"inLanguage":"es"},{"@type":"Organization","@id":"https:\/\/gimnasticdetarragona.cat\/es\/#organization","name":"GIMN\u00c0STIC DE TARRAGONA","alternateName":"N\u00c0STIC","url":"https:\/\/gimnasticdetarragona.cat\/es\/","logo":{"@type":"ImageObject","inLanguage":"es","@id":"https:\/\/gimnasticdetarragona.cat\/es\/#\/schema\/logo\/image\/","url":"https:\/\/gimnasticdetarragona.cat\/wp-content\/uploads\/2022\/06\/cropped-logo-gimnastic.png","contentUrl":"https:\/\/gimnasticdetarragona.cat\/wp-content\/uploads\/2022\/06\/cropped-logo-gimnastic.png","width":224,"height":83,"caption":"GIMN\u00c0STIC DE TARRAGONA"},"image":{"@id":"https:\/\/gimnasticdetarragona.cat\/es\/#\/schema\/logo\/image\/"},"sameAs":["https:\/\/x.com\/NASTICTARRAGONA","https:\/\/www.instagram.com\/nastictarragona\/"]},{"@type":"Person","@id":"https:\/\/gimnasticdetarragona.cat\/es\/#\/schema\/person\/47b6a637abf88f9bd835540f20ea069e","name":"desarrollo","sameAs":["https:\/\/clone.gimnasticdetarragona.cat"]}]}},"_links":{"self":[{"href":"https:\/\/gimnasticdetarragona.cat\/es\/wp-json\/wp\/v2\/posts\/61920","targetHints":{"allow":["GET"]}}],"collection":[{"href":"https:\/\/gimnasticdetarragona.cat\/es\/wp-json\/wp\/v2\/posts"}],"about":[{"href":"https:\/\/gimnasticdetarragona.cat\/es\/wp-json\/wp\/v2\/types\/post"}],"author":[{"embeddable":true,"href":"https:\/\/gimnasticdetarragona.cat\/es\/wp-json\/wp\/v2\/users\/1"}],"replies":[{"embeddable":true,"href":"https:\/\/gimnasticdetarragona.cat\/es\/wp-json\/wp\/v2\/comments?post=61920"}],"version-history":[{"count":0,"href":"https:\/\/gimnasticdetarragona.cat\/es\/wp-json\/wp\/v2\/posts\/61920\/revisions"}],"wp:featuredmedia":[{"embeddable":true,"href":"https:\/\/gimnasticdetarragona.cat\/es\/wp-json\/wp\/v2\/media\/61917"}],"wp:attachment":[{"href":"https:\/\/gimnasticdetarragona.cat\/es\/wp-json\/wp\/v2\/media?parent=61920"}],"wp:term":[{"taxonomy":"category","embeddable":true,"href":"https:\/\/gimnasticdetarragona.cat\/es\/wp-json\/wp\/v2\/categories?post=61920"},{"taxonomy":"post_tag","embeddable":true,"href":"https:\/\/gimnasticdetarragona.cat\/es\/wp-json\/wp\/v2\/tags?post=61920"}],"curies":[{"name":"wp","href":"https:\/\/api.w.org\/{rel}","templated":true}]}}