{"id":61936,"date":"2016-03-17T10:58:51","date_gmt":"2016-03-17T10:58:51","guid":{"rendered":"https:\/\/clone.gimnasticdetarragona.cat\/futbol-base-el-cadet-a-no-pot-donar-la-campanada\/"},"modified":"2016-03-17T10:58:51","modified_gmt":"2016-03-17T10:58:51","slug":"futbol-base-el-cadet-a-no-pot-donar-la-campanada","status":"publish","type":"post","link":"https:\/\/gimnasticdetarragona.cat\/es\/futbol-base-el-cadet-a-no-pot-donar-la-campanada\/","title":{"rendered":"F\u00daTBOL BASE | El Cadete A no pudo dar la campanada"},"content":{"rendered":"<p><strong>El Cadete A de Daniel Vidal no fue capaz de dar la campanada ante el Bar\u00e7a y cay\u00f3 de manera clara en casa por 0-4<\/strong><\/p>\n<p>Los tarraconenses sab\u00edan de la dificultad del enfrentamiento y de la importancia de empezar el partido enchufados. El trabajo durante la semana iba en esta l\u00ednea para buscar los pocos puntos d\u00e9biles del rival. Los locales lo intentaron y salieron a morder y fruto de este empuje disfrutaron de dos claras ocasiones en los primeros instantes. Primero con un remate de cabeza dentro del \u00e1rea que no fue gol por poco, y luego con una situaci\u00f3n de 1&#215;1 en el \u00e1rea, pero el \u00faltimo control le qued\u00f3 atr\u00e1s al delantero, impidiendo que el remate fuera franco.<\/p>\n<p>El Bar\u00e7a, en cambio, no fall\u00f3. En dos saques de esquina, con bal\u00f3n dividido, los cul\u00e9s fueron m\u00e1s contundentes y supieron aprovechar para ponerse por delante en el marcador. Con el cambio de gui\u00f3n los azulgranas se sintieron mucho m\u00e1s c\u00f3modos, controlando el juego e impidiendo que el N\u00e0stic pudiera intentar recortar distancias.<br \/>\nAntes del descanso, el \u00e1rbitro pit\u00f3 penalti a favor de los visitantes por unas manos involuntarias dentro del \u00e1rea, terminando de sentenciar el partido.<\/p>\n<p>En la segunda mitad el N\u00e0stic no dio en ning\u00fan momento la espalda al partido, luchando cada acci\u00f3n como si el marcador fuera otro, pero el esfuerzo grana no tuvo recompensa. De hecho, el Bar\u00e7a a\u00fan tendr\u00eda tiempo de hacer el definitivo 0-4.<\/p>\n<p>\u00abSab\u00edamos k ser\u00eda complicado pero quer\u00edamos competir. Hab\u00eda que salir fuertes y as\u00ed lo hicimos, tuvimos dos pero no las supimos aprovechar y ellos en cambio no fallaron.\u00bb, comentaba Daniel Vidal, entrenador del Cadete A, al finalizar el partido. \u00abSon un gran equipo y lo han demostrado. Ahora toca pasar p\u00e1gina y pensar en el siguiente rival. El Gav\u00e0 es un equipo de nuestra liga y queremos sumar contra ellos para seguir aspirando a las posiciones altas de la tabla. \u00ab.<\/p>\n","protected":false},"excerpt":{"rendered":"<p>El Cadete A de Daniel Vidal no fue capaz de dar la campanada ante el Bar\u00e7a y cay\u00f3 de manera clara en casa por 0-4<\/p>\n","protected":false},"author":1,"featured_media":61933,"comment_status":"open","ping_status":"open","sticky":false,"template":"","format":"standard","meta":{"_acf_changed":false,"footnotes":""},"categories":[113,117],"tags":[],"class_list":["post-61936","post","type-post","status-publish","format-standard","has-post-thumbnail","hentry","category-actualidad","category-futbol-base"],"acf":[],"yoast_head":"<!-- This site is optimized with the Yoast SEO plugin v27.3 - https:\/\/yoast.com\/product\/yoast-seo-wordpress\/ -->\n<title>F\u00daTBOL BASE | El Cadete A no pudo dar la campanada - Gimn\u00e0stic de Tarragona SAD<\/title>\n<meta name=\"robots\" content=\"index, follow, max-snippet:-1, max-image-preview:large, max-video-preview:-1\" \/>\n<link rel=\"canonical\" href=\"https:\/\/gimnasticdetarragona.cat\/es\/futbol-base-el-cadet-a-no-pot-donar-la-campanada\/\" \/>\n<meta property=\"og:locale\" content=\"es_ES\" \/>\n<meta property=\"og:type\" content=\"article\" \/>\n<meta property=\"og:title\" content=\"F\u00daTBOL BASE | El Cadete A no pudo dar la campanada - Gimn\u00e0stic de Tarragona SAD\" \/>\n<meta property=\"og:description\" content=\"El Cadete A de Daniel Vidal no fue capaz de dar la campanada ante el Bar\u00e7a y cay\u00f3 de manera clara en casa por 0-4\" \/>\n<meta property=\"og:url\" content=\"https:\/\/gimnasticdetarragona.cat\/es\/futbol-base-el-cadet-a-no-pot-donar-la-campanada\/\" \/>\n<meta property=\"og:site_name\" content=\"Gimn\u00e0stic de Tarragona SAD\" \/>\n<meta property=\"article:published_time\" content=\"2016-03-17T10:58:51+00:00\" \/>\n<meta property=\"og:image\" content=\"https:\/\/gimnasticdetarragona.cat\/wp-content\/uploads\/2022\/06\/05233549103837.jpg\" \/>\n\t<meta property=\"og:image:width\" content=\"500\" \/>\n\t<meta property=\"og:image:height\" content=\"250\" \/>\n\t<meta property=\"og:image:type\" content=\"image\/jpeg\" \/>\n<meta name=\"author\" content=\"desarrollo\" \/>\n<meta name=\"twitter:card\" content=\"summary_large_image\" \/>\n<meta name=\"twitter:creator\" content=\"@NASTICTARRAGONA\" \/>\n<meta name=\"twitter:site\" content=\"@NASTICTARRAGONA\" \/>\n<meta name=\"twitter:label1\" content=\"Escrito por\" \/>\n\t<meta name=\"twitter:data1\" content=\"desarrollo\" \/>\n\t<meta name=\"twitter:label2\" content=\"Tiempo de lectura\" \/>\n\t<meta name=\"twitter:data2\" content=\"2 minutos\" \/>\n<script type=\"application\/ld+json\" class=\"yoast-schema-graph\">{\"@context\":\"https:\\\/\\\/schema.org\",\"@graph\":[{\"@type\":\"Article\",\"@id\":\"https:\\\/\\\/gimnasticdetarragona.cat\\\/es\\\/futbol-base-el-cadet-a-no-pot-donar-la-campanada\\\/#article\",\"isPartOf\":{\"@id\":\"https:\\\/\\\/gimnasticdetarragona.cat\\\/es\\\/futbol-base-el-cadet-a-no-pot-donar-la-campanada\\\/\"},\"author\":{\"name\":\"desarrollo\",\"@id\":\"https:\\\/\\\/gimnasticdetarragona.cat\\\/es\\\/#\\\/schema\\\/person\\\/47b6a637abf88f9bd835540f20ea069e\"},\"headline\":\"F\u00daTBOL BASE | El Cadete A no pudo dar la campanada\",\"datePublished\":\"2016-03-17T10:58:51+00:00\",\"mainEntityOfPage\":{\"@id\":\"https:\\\/\\\/gimnasticdetarragona.cat\\\/es\\\/futbol-base-el-cadet-a-no-pot-donar-la-campanada\\\/\"},\"wordCount\":357,\"commentCount\":0,\"publisher\":{\"@id\":\"https:\\\/\\\/gimnasticdetarragona.cat\\\/es\\\/#organization\"},\"image\":{\"@id\":\"https:\\\/\\\/gimnasticdetarragona.cat\\\/es\\\/futbol-base-el-cadet-a-no-pot-donar-la-campanada\\\/#primaryimage\"},\"thumbnailUrl\":\"https:\\\/\\\/gimnasticdetarragona.cat\\\/wp-content\\\/uploads\\\/2022\\\/06\\\/05233549103837.jpg\",\"articleSection\":[\"Actualidad\",\"F\u00fatbol Base\"],\"inLanguage\":\"es\"},{\"@type\":\"WebPage\",\"@id\":\"https:\\\/\\\/gimnasticdetarragona.cat\\\/es\\\/futbol-base-el-cadet-a-no-pot-donar-la-campanada\\\/\",\"url\":\"https:\\\/\\\/gimnasticdetarragona.cat\\\/es\\\/futbol-base-el-cadet-a-no-pot-donar-la-campanada\\\/\",\"name\":\"F\u00daTBOL BASE | El Cadete A no pudo dar la campanada - Gimn\u00e0stic de Tarragona SAD\",\"isPartOf\":{\"@id\":\"https:\\\/\\\/gimnasticdetarragona.cat\\\/es\\\/#website\"},\"primaryImageOfPage\":{\"@id\":\"https:\\\/\\\/gimnasticdetarragona.cat\\\/es\\\/futbol-base-el-cadet-a-no-pot-donar-la-campanada\\\/#primaryimage\"},\"image\":{\"@id\":\"https:\\\/\\\/gimnasticdetarragona.cat\\\/es\\\/futbol-base-el-cadet-a-no-pot-donar-la-campanada\\\/#primaryimage\"},\"thumbnailUrl\":\"https:\\\/\\\/gimnasticdetarragona.cat\\\/wp-content\\\/uploads\\\/2022\\\/06\\\/05233549103837.jpg\",\"datePublished\":\"2016-03-17T10:58:51+00:00\",\"breadcrumb\":{\"@id\":\"https:\\\/\\\/gimnasticdetarragona.cat\\\/es\\\/futbol-base-el-cadet-a-no-pot-donar-la-campanada\\\/#breadcrumb\"},\"inLanguage\":\"es\",\"potentialAction\":[{\"@type\":\"ReadAction\",\"target\":[\"https:\\\/\\\/gimnasticdetarragona.cat\\\/es\\\/futbol-base-el-cadet-a-no-pot-donar-la-campanada\\\/\"]}]},{\"@type\":\"ImageObject\",\"inLanguage\":\"es\",\"@id\":\"https:\\\/\\\/gimnasticdetarragona.cat\\\/es\\\/futbol-base-el-cadet-a-no-pot-donar-la-campanada\\\/#primaryimage\",\"url\":\"https:\\\/\\\/gimnasticdetarragona.cat\\\/wp-content\\\/uploads\\\/2022\\\/06\\\/05233549103837.jpg\",\"contentUrl\":\"https:\\\/\\\/gimnasticdetarragona.cat\\\/wp-content\\\/uploads\\\/2022\\\/06\\\/05233549103837.jpg\",\"width\":500,\"height\":250},{\"@type\":\"BreadcrumbList\",\"@id\":\"https:\\\/\\\/gimnasticdetarragona.cat\\\/es\\\/futbol-base-el-cadet-a-no-pot-donar-la-campanada\\\/#breadcrumb\",\"itemListElement\":[{\"@type\":\"ListItem\",\"position\":1,\"name\":\"Inici\",\"item\":\"https:\\\/\\\/gimnasticdetarragona.cat\\\/es\\\/nastic\\\/\"},{\"@type\":\"ListItem\",\"position\":2,\"name\":\"F\u00daTBOL BASE | El Cadete A no pudo dar la campanada\"}]},{\"@type\":\"WebSite\",\"@id\":\"https:\\\/\\\/gimnasticdetarragona.cat\\\/es\\\/#website\",\"url\":\"https:\\\/\\\/gimnasticdetarragona.cat\\\/es\\\/\",\"name\":\"Gimn\u00e0stic de Tarragona SAD\",\"description\":\"Gimn\u00e0stic de Tarragona\",\"publisher\":{\"@id\":\"https:\\\/\\\/gimnasticdetarragona.cat\\\/es\\\/#organization\"},\"potentialAction\":[{\"@type\":\"SearchAction\",\"target\":{\"@type\":\"EntryPoint\",\"urlTemplate\":\"https:\\\/\\\/gimnasticdetarragona.cat\\\/es\\\/?s={search_term_string}\"},\"query-input\":{\"@type\":\"PropertyValueSpecification\",\"valueRequired\":true,\"valueName\":\"search_term_string\"}}],\"inLanguage\":\"es\"},{\"@type\":\"Organization\",\"@id\":\"https:\\\/\\\/gimnasticdetarragona.cat\\\/es\\\/#organization\",\"name\":\"GIMN\u00c0STIC DE TARRAGONA\",\"alternateName\":\"N\u00c0STIC\",\"url\":\"https:\\\/\\\/gimnasticdetarragona.cat\\\/es\\\/\",\"logo\":{\"@type\":\"ImageObject\",\"inLanguage\":\"es\",\"@id\":\"https:\\\/\\\/gimnasticdetarragona.cat\\\/es\\\/#\\\/schema\\\/logo\\\/image\\\/\",\"url\":\"https:\\\/\\\/gimnasticdetarragona.cat\\\/wp-content\\\/uploads\\\/2022\\\/06\\\/cropped-logo-gimnastic.png\",\"contentUrl\":\"https:\\\/\\\/gimnasticdetarragona.cat\\\/wp-content\\\/uploads\\\/2022\\\/06\\\/cropped-logo-gimnastic.png\",\"width\":224,\"height\":83,\"caption\":\"GIMN\u00c0STIC DE TARRAGONA\"},\"image\":{\"@id\":\"https:\\\/\\\/gimnasticdetarragona.cat\\\/es\\\/#\\\/schema\\\/logo\\\/image\\\/\"},\"sameAs\":[\"https:\\\/\\\/x.com\\\/NASTICTARRAGONA\",\"https:\\\/\\\/www.instagram.com\\\/nastictarragona\\\/\"]},{\"@type\":\"Person\",\"@id\":\"https:\\\/\\\/gimnasticdetarragona.cat\\\/es\\\/#\\\/schema\\\/person\\\/47b6a637abf88f9bd835540f20ea069e\",\"name\":\"desarrollo\",\"sameAs\":[\"https:\\\/\\\/clone.gimnasticdetarragona.cat\"]}]}<\/script>\n<!-- \/ Yoast SEO plugin. -->","yoast_head_json":{"title":"F\u00daTBOL BASE | El Cadete A no pudo dar la campanada - Gimn\u00e0stic de Tarragona SAD","robots":{"index":"index","follow":"follow","max-snippet":"max-snippet:-1","max-image-preview":"max-image-preview:large","max-video-preview":"max-video-preview:-1"},"canonical":"https:\/\/gimnasticdetarragona.cat\/es\/futbol-base-el-cadet-a-no-pot-donar-la-campanada\/","og_locale":"es_ES","og_type":"article","og_title":"F\u00daTBOL BASE | El Cadete A no pudo dar la campanada - Gimn\u00e0stic de Tarragona SAD","og_description":"El Cadete A de Daniel Vidal no fue capaz de dar la campanada ante el Bar\u00e7a y cay\u00f3 de manera clara en casa por 0-4","og_url":"https:\/\/gimnasticdetarragona.cat\/es\/futbol-base-el-cadet-a-no-pot-donar-la-campanada\/","og_site_name":"Gimn\u00e0stic de Tarragona SAD","article_published_time":"2016-03-17T10:58:51+00:00","og_image":[{"width":500,"height":250,"url":"https:\/\/gimnasticdetarragona.cat\/wp-content\/uploads\/2022\/06\/05233549103837.jpg","type":"image\/jpeg"}],"author":"desarrollo","twitter_card":"summary_large_image","twitter_creator":"@NASTICTARRAGONA","twitter_site":"@NASTICTARRAGONA","twitter_misc":{"Escrito por":"desarrollo","Tiempo de lectura":"2 minutos"},"schema":{"@context":"https:\/\/schema.org","@graph":[{"@type":"Article","@id":"https:\/\/gimnasticdetarragona.cat\/es\/futbol-base-el-cadet-a-no-pot-donar-la-campanada\/#article","isPartOf":{"@id":"https:\/\/gimnasticdetarragona.cat\/es\/futbol-base-el-cadet-a-no-pot-donar-la-campanada\/"},"author":{"name":"desarrollo","@id":"https:\/\/gimnasticdetarragona.cat\/es\/#\/schema\/person\/47b6a637abf88f9bd835540f20ea069e"},"headline":"F\u00daTBOL BASE | El Cadete A no pudo dar la campanada","datePublished":"2016-03-17T10:58:51+00:00","mainEntityOfPage":{"@id":"https:\/\/gimnasticdetarragona.cat\/es\/futbol-base-el-cadet-a-no-pot-donar-la-campanada\/"},"wordCount":357,"commentCount":0,"publisher":{"@id":"https:\/\/gimnasticdetarragona.cat\/es\/#organization"},"image":{"@id":"https:\/\/gimnasticdetarragona.cat\/es\/futbol-base-el-cadet-a-no-pot-donar-la-campanada\/#primaryimage"},"thumbnailUrl":"https:\/\/gimnasticdetarragona.cat\/wp-content\/uploads\/2022\/06\/05233549103837.jpg","articleSection":["Actualidad","F\u00fatbol Base"],"inLanguage":"es"},{"@type":"WebPage","@id":"https:\/\/gimnasticdetarragona.cat\/es\/futbol-base-el-cadet-a-no-pot-donar-la-campanada\/","url":"https:\/\/gimnasticdetarragona.cat\/es\/futbol-base-el-cadet-a-no-pot-donar-la-campanada\/","name":"F\u00daTBOL BASE | El Cadete A no pudo dar la campanada - Gimn\u00e0stic de Tarragona SAD","isPartOf":{"@id":"https:\/\/gimnasticdetarragona.cat\/es\/#website"},"primaryImageOfPage":{"@id":"https:\/\/gimnasticdetarragona.cat\/es\/futbol-base-el-cadet-a-no-pot-donar-la-campanada\/#primaryimage"},"image":{"@id":"https:\/\/gimnasticdetarragona.cat\/es\/futbol-base-el-cadet-a-no-pot-donar-la-campanada\/#primaryimage"},"thumbnailUrl":"https:\/\/gimnasticdetarragona.cat\/wp-content\/uploads\/2022\/06\/05233549103837.jpg","datePublished":"2016-03-17T10:58:51+00:00","breadcrumb":{"@id":"https:\/\/gimnasticdetarragona.cat\/es\/futbol-base-el-cadet-a-no-pot-donar-la-campanada\/#breadcrumb"},"inLanguage":"es","potentialAction":[{"@type":"ReadAction","target":["https:\/\/gimnasticdetarragona.cat\/es\/futbol-base-el-cadet-a-no-pot-donar-la-campanada\/"]}]},{"@type":"ImageObject","inLanguage":"es","@id":"https:\/\/gimnasticdetarragona.cat\/es\/futbol-base-el-cadet-a-no-pot-donar-la-campanada\/#primaryimage","url":"https:\/\/gimnasticdetarragona.cat\/wp-content\/uploads\/2022\/06\/05233549103837.jpg","contentUrl":"https:\/\/gimnasticdetarragona.cat\/wp-content\/uploads\/2022\/06\/05233549103837.jpg","width":500,"height":250},{"@type":"BreadcrumbList","@id":"https:\/\/gimnasticdetarragona.cat\/es\/futbol-base-el-cadet-a-no-pot-donar-la-campanada\/#breadcrumb","itemListElement":[{"@type":"ListItem","position":1,"name":"Inici","item":"https:\/\/gimnasticdetarragona.cat\/es\/nastic\/"},{"@type":"ListItem","position":2,"name":"F\u00daTBOL BASE | El Cadete A no pudo dar la campanada"}]},{"@type":"WebSite","@id":"https:\/\/gimnasticdetarragona.cat\/es\/#website","url":"https:\/\/gimnasticdetarragona.cat\/es\/","name":"Gimn\u00e0stic de Tarragona SAD","description":"Gimn\u00e0stic de Tarragona","publisher":{"@id":"https:\/\/gimnasticdetarragona.cat\/es\/#organization"},"potentialAction":[{"@type":"SearchAction","target":{"@type":"EntryPoint","urlTemplate":"https:\/\/gimnasticdetarragona.cat\/es\/?s={search_term_string}"},"query-input":{"@type":"PropertyValueSpecification","valueRequired":true,"valueName":"search_term_string"}}],"inLanguage":"es"},{"@type":"Organization","@id":"https:\/\/gimnasticdetarragona.cat\/es\/#organization","name":"GIMN\u00c0STIC DE TARRAGONA","alternateName":"N\u00c0STIC","url":"https:\/\/gimnasticdetarragona.cat\/es\/","logo":{"@type":"ImageObject","inLanguage":"es","@id":"https:\/\/gimnasticdetarragona.cat\/es\/#\/schema\/logo\/image\/","url":"https:\/\/gimnasticdetarragona.cat\/wp-content\/uploads\/2022\/06\/cropped-logo-gimnastic.png","contentUrl":"https:\/\/gimnasticdetarragona.cat\/wp-content\/uploads\/2022\/06\/cropped-logo-gimnastic.png","width":224,"height":83,"caption":"GIMN\u00c0STIC DE TARRAGONA"},"image":{"@id":"https:\/\/gimnasticdetarragona.cat\/es\/#\/schema\/logo\/image\/"},"sameAs":["https:\/\/x.com\/NASTICTARRAGONA","https:\/\/www.instagram.com\/nastictarragona\/"]},{"@type":"Person","@id":"https:\/\/gimnasticdetarragona.cat\/es\/#\/schema\/person\/47b6a637abf88f9bd835540f20ea069e","name":"desarrollo","sameAs":["https:\/\/clone.gimnasticdetarragona.cat"]}]}},"_links":{"self":[{"href":"https:\/\/gimnasticdetarragona.cat\/es\/wp-json\/wp\/v2\/posts\/61936","targetHints":{"allow":["GET"]}}],"collection":[{"href":"https:\/\/gimnasticdetarragona.cat\/es\/wp-json\/wp\/v2\/posts"}],"about":[{"href":"https:\/\/gimnasticdetarragona.cat\/es\/wp-json\/wp\/v2\/types\/post"}],"author":[{"embeddable":true,"href":"https:\/\/gimnasticdetarragona.cat\/es\/wp-json\/wp\/v2\/users\/1"}],"replies":[{"embeddable":true,"href":"https:\/\/gimnasticdetarragona.cat\/es\/wp-json\/wp\/v2\/comments?post=61936"}],"version-history":[{"count":0,"href":"https:\/\/gimnasticdetarragona.cat\/es\/wp-json\/wp\/v2\/posts\/61936\/revisions"}],"wp:featuredmedia":[{"embeddable":true,"href":"https:\/\/gimnasticdetarragona.cat\/es\/wp-json\/wp\/v2\/media\/61933"}],"wp:attachment":[{"href":"https:\/\/gimnasticdetarragona.cat\/es\/wp-json\/wp\/v2\/media?parent=61936"}],"wp:term":[{"taxonomy":"category","embeddable":true,"href":"https:\/\/gimnasticdetarragona.cat\/es\/wp-json\/wp\/v2\/categories?post=61936"},{"taxonomy":"post_tag","embeddable":true,"href":"https:\/\/gimnasticdetarragona.cat\/es\/wp-json\/wp\/v2\/tags?post=61936"}],"curies":[{"name":"wp","href":"https:\/\/api.w.org\/{rel}","templated":true}]}}