{"id":61948,"date":"2016-03-10T13:43:04","date_gmt":"2016-03-10T13:43:04","guid":{"rendered":"https:\/\/clone.gimnasticdetarragona.cat\/vine-a-bilbao-amb-la-federacio-de-penyes-i-el-petit-tarraco\/"},"modified":"2016-03-10T13:43:04","modified_gmt":"2016-03-10T13:43:04","slug":"vine-a-bilbao-amb-la-federacio-de-penyes-i-el-petit-tarraco","status":"publish","type":"post","link":"https:\/\/gimnasticdetarragona.cat\/es\/vine-a-bilbao-amb-la-federacio-de-penyes-i-el-petit-tarraco\/","title":{"rendered":"Ven a Bilbao con la Federaci\u00f3n de Pe\u00f1as y el Petit Tarraco"},"content":{"rendered":"<p>La Federaci\u00f3n de Pe\u00f1as del N\u00e0stic y el Bar Petit Tarraco organizan el desplazamiento en autocar a Bilbao, para asistir al partido de liga del pr\u00f3ximo domingo, en el nuevo San Mam\u00e9s, entre el Bilbao Athletic y el N\u00e0stic (17.00h).<\/p>\n<p>La expedici\u00f3n partir\u00e1 desde la Plaza Imperial Tarraco\u00a0a la 1.15h de la madrugada\u00a0del domingo 20, y la 1.30h desde el Nou\u00a0Estadi. La llegada estimada en Bilbao ser\u00e1 entre las 8:45-09:00 horas del mismo domingo. La vuelta tendr\u00e1 lugar una vez finalice el encuentro. El precio del viaje es de 60\u20ac para los mayores de 14 a\u00f1os, y de 40\u20ac para los menores. El pack incluye el desplazamiento y la entrada para el partido correspondiente a la jornada 29 de la Liga Adelante.<\/p>\n<p>Todos los interesados ??en formar parte de la Marea Grana en Bilbao se pueden apuntar en las oficinas de la Federaci\u00f3n de Pe\u00f1as hasta el viernes 18 de marzo, en horario de 18 a 20 horas; y el domingo 13 de marzo, una hora antes del inicio del encuentro entre N\u00e0stic y SD Ponferradina, programado a las 17 horas. Los socios y aficionados nastiquers tambi\u00e9n se pueden apuntar en el Bar Petit Tarraco (C \/ Bar\u00f3n de las Cuatro Torres n\u00ba 1, Tarragona) de 11 a 13 horas, hasta el viernes 18 de marzo.<\/p>\n<p>Te esperamos en San Mam\u00e9s para animar hasta el final al equipo, juntos seremos m\u00e1s fuertes!<\/p>\n","protected":false},"excerpt":{"rendered":"<p>La Federaci\u00f3 de Penyes del N\u00e0stic i el Bar Petit Tarraco organitzen el despla\u00e7ament en autocar a Bilbao.<\/p>\n","protected":false},"author":1,"featured_media":61945,"comment_status":"open","ping_status":"open","sticky":false,"template":"","format":"standard","meta":{"_acf_changed":false,"footnotes":""},"categories":[113,121,139],"tags":[],"class_list":["post-61948","post","type-post","status-publish","format-standard","has-post-thumbnail","hentry","category-actualidad","category-home","category-social"],"acf":[],"yoast_head":"<!-- This site is optimized with the Yoast SEO plugin v27.3 - https:\/\/yoast.com\/product\/yoast-seo-wordpress\/ -->\n<title>Ven a Bilbao con la Federaci\u00f3n de Pe\u00f1as y el Petit Tarraco - Gimn\u00e0stic de Tarragona SAD<\/title>\n<meta name=\"robots\" content=\"index, follow, max-snippet:-1, max-image-preview:large, max-video-preview:-1\" \/>\n<link rel=\"canonical\" href=\"https:\/\/gimnasticdetarragona.cat\/vine-a-bilbao-amb-la-federacio-de-penyes-i-el-petit-tarraco\/\" \/>\n<meta property=\"og:locale\" content=\"es_ES\" \/>\n<meta property=\"og:type\" content=\"article\" \/>\n<meta property=\"og:title\" content=\"Ven a Bilbao con la Federaci\u00f3n de Pe\u00f1as y el Petit Tarraco - Gimn\u00e0stic de Tarragona SAD\" \/>\n<meta property=\"og:description\" content=\"La Federaci\u00f3 de Penyes del N\u00e0stic i el Bar Petit Tarraco organitzen el despla\u00e7ament en autocar a Bilbao.\" \/>\n<meta property=\"og:url\" content=\"https:\/\/gimnasticdetarragona.cat\/vine-a-bilbao-amb-la-federacio-de-penyes-i-el-petit-tarraco\/\" \/>\n<meta property=\"og:site_name\" content=\"Gimn\u00e0stic de Tarragona SAD\" \/>\n<meta property=\"article:published_time\" content=\"2016-03-10T13:43:04+00:00\" \/>\n<meta property=\"og:image\" content=\"https:\/\/gimnasticdetarragona.cat\/wp-content\/uploads\/2022\/06\/0519471170060.jpg\" \/>\n\t<meta property=\"og:image:width\" content=\"500\" \/>\n\t<meta property=\"og:image:height\" content=\"250\" \/>\n\t<meta property=\"og:image:type\" content=\"image\/jpeg\" \/>\n<meta name=\"author\" content=\"desarrollo\" \/>\n<meta name=\"twitter:card\" content=\"summary_large_image\" \/>\n<meta name=\"twitter:creator\" content=\"@NASTICTARRAGONA\" \/>\n<meta name=\"twitter:site\" content=\"@NASTICTARRAGONA\" \/>\n<meta name=\"twitter:label1\" content=\"Escrito por\" \/>\n\t<meta name=\"twitter:data1\" content=\"desarrollo\" \/>\n\t<meta name=\"twitter:label2\" content=\"Tiempo de lectura\" \/>\n\t<meta name=\"twitter:data2\" content=\"1 minuto\" \/>\n<script type=\"application\/ld+json\" class=\"yoast-schema-graph\">{\"@context\":\"https:\\\/\\\/schema.org\",\"@graph\":[{\"@type\":\"Article\",\"@id\":\"https:\\\/\\\/gimnasticdetarragona.cat\\\/vine-a-bilbao-amb-la-federacio-de-penyes-i-el-petit-tarraco\\\/#article\",\"isPartOf\":{\"@id\":\"https:\\\/\\\/gimnasticdetarragona.cat\\\/vine-a-bilbao-amb-la-federacio-de-penyes-i-el-petit-tarraco\\\/\"},\"author\":{\"name\":\"desarrollo\",\"@id\":\"https:\\\/\\\/gimnasticdetarragona.cat\\\/es\\\/#\\\/schema\\\/person\\\/47b6a637abf88f9bd835540f20ea069e\"},\"headline\":\"Ven a Bilbao con la Federaci\u00f3n de Pe\u00f1as y el Petit Tarraco\",\"datePublished\":\"2016-03-10T13:43:04+00:00\",\"mainEntityOfPage\":{\"@id\":\"https:\\\/\\\/gimnasticdetarragona.cat\\\/vine-a-bilbao-amb-la-federacio-de-penyes-i-el-petit-tarraco\\\/\"},\"wordCount\":249,\"commentCount\":0,\"publisher\":{\"@id\":\"https:\\\/\\\/gimnasticdetarragona.cat\\\/es\\\/#organization\"},\"image\":{\"@id\":\"https:\\\/\\\/gimnasticdetarragona.cat\\\/vine-a-bilbao-amb-la-federacio-de-penyes-i-el-petit-tarraco\\\/#primaryimage\"},\"thumbnailUrl\":\"https:\\\/\\\/gimnasticdetarragona.cat\\\/wp-content\\\/uploads\\\/2022\\\/06\\\/0519471170060.jpg\",\"articleSection\":[\"Actualidad\",\"Home\",\"Social\"],\"inLanguage\":\"es\"},{\"@type\":\"WebPage\",\"@id\":\"https:\\\/\\\/gimnasticdetarragona.cat\\\/vine-a-bilbao-amb-la-federacio-de-penyes-i-el-petit-tarraco\\\/\",\"url\":\"https:\\\/\\\/gimnasticdetarragona.cat\\\/vine-a-bilbao-amb-la-federacio-de-penyes-i-el-petit-tarraco\\\/\",\"name\":\"Ven a Bilbao con la Federaci\u00f3n de Pe\u00f1as y el Petit Tarraco - Gimn\u00e0stic de Tarragona SAD\",\"isPartOf\":{\"@id\":\"https:\\\/\\\/gimnasticdetarragona.cat\\\/es\\\/#website\"},\"primaryImageOfPage\":{\"@id\":\"https:\\\/\\\/gimnasticdetarragona.cat\\\/vine-a-bilbao-amb-la-federacio-de-penyes-i-el-petit-tarraco\\\/#primaryimage\"},\"image\":{\"@id\":\"https:\\\/\\\/gimnasticdetarragona.cat\\\/vine-a-bilbao-amb-la-federacio-de-penyes-i-el-petit-tarraco\\\/#primaryimage\"},\"thumbnailUrl\":\"https:\\\/\\\/gimnasticdetarragona.cat\\\/wp-content\\\/uploads\\\/2022\\\/06\\\/0519471170060.jpg\",\"datePublished\":\"2016-03-10T13:43:04+00:00\",\"breadcrumb\":{\"@id\":\"https:\\\/\\\/gimnasticdetarragona.cat\\\/vine-a-bilbao-amb-la-federacio-de-penyes-i-el-petit-tarraco\\\/#breadcrumb\"},\"inLanguage\":\"es\",\"potentialAction\":[{\"@type\":\"ReadAction\",\"target\":[\"https:\\\/\\\/gimnasticdetarragona.cat\\\/vine-a-bilbao-amb-la-federacio-de-penyes-i-el-petit-tarraco\\\/\"]}]},{\"@type\":\"ImageObject\",\"inLanguage\":\"es\",\"@id\":\"https:\\\/\\\/gimnasticdetarragona.cat\\\/vine-a-bilbao-amb-la-federacio-de-penyes-i-el-petit-tarraco\\\/#primaryimage\",\"url\":\"https:\\\/\\\/gimnasticdetarragona.cat\\\/wp-content\\\/uploads\\\/2022\\\/06\\\/0519471170060.jpg\",\"contentUrl\":\"https:\\\/\\\/gimnasticdetarragona.cat\\\/wp-content\\\/uploads\\\/2022\\\/06\\\/0519471170060.jpg\",\"width\":500,\"height\":250},{\"@type\":\"BreadcrumbList\",\"@id\":\"https:\\\/\\\/gimnasticdetarragona.cat\\\/vine-a-bilbao-amb-la-federacio-de-penyes-i-el-petit-tarraco\\\/#breadcrumb\",\"itemListElement\":[{\"@type\":\"ListItem\",\"position\":1,\"name\":\"Inici\",\"item\":\"https:\\\/\\\/gimnasticdetarragona.cat\\\/es\\\/nastic\\\/\"},{\"@type\":\"ListItem\",\"position\":2,\"name\":\"Ven a Bilbao con la Federaci\u00f3n de Pe\u00f1as y el Petit Tarraco\"}]},{\"@type\":\"WebSite\",\"@id\":\"https:\\\/\\\/gimnasticdetarragona.cat\\\/es\\\/#website\",\"url\":\"https:\\\/\\\/gimnasticdetarragona.cat\\\/es\\\/\",\"name\":\"Gimn\u00e0stic de Tarragona SAD\",\"description\":\"Gimn\u00e0stic de Tarragona\",\"publisher\":{\"@id\":\"https:\\\/\\\/gimnasticdetarragona.cat\\\/es\\\/#organization\"},\"potentialAction\":[{\"@type\":\"SearchAction\",\"target\":{\"@type\":\"EntryPoint\",\"urlTemplate\":\"https:\\\/\\\/gimnasticdetarragona.cat\\\/es\\\/?s={search_term_string}\"},\"query-input\":{\"@type\":\"PropertyValueSpecification\",\"valueRequired\":true,\"valueName\":\"search_term_string\"}}],\"inLanguage\":\"es\"},{\"@type\":\"Organization\",\"@id\":\"https:\\\/\\\/gimnasticdetarragona.cat\\\/es\\\/#organization\",\"name\":\"GIMN\u00c0STIC DE TARRAGONA\",\"alternateName\":\"N\u00c0STIC\",\"url\":\"https:\\\/\\\/gimnasticdetarragona.cat\\\/es\\\/\",\"logo\":{\"@type\":\"ImageObject\",\"inLanguage\":\"es\",\"@id\":\"https:\\\/\\\/gimnasticdetarragona.cat\\\/es\\\/#\\\/schema\\\/logo\\\/image\\\/\",\"url\":\"https:\\\/\\\/gimnasticdetarragona.cat\\\/wp-content\\\/uploads\\\/2022\\\/06\\\/cropped-logo-gimnastic.png\",\"contentUrl\":\"https:\\\/\\\/gimnasticdetarragona.cat\\\/wp-content\\\/uploads\\\/2022\\\/06\\\/cropped-logo-gimnastic.png\",\"width\":224,\"height\":83,\"caption\":\"GIMN\u00c0STIC DE TARRAGONA\"},\"image\":{\"@id\":\"https:\\\/\\\/gimnasticdetarragona.cat\\\/es\\\/#\\\/schema\\\/logo\\\/image\\\/\"},\"sameAs\":[\"https:\\\/\\\/x.com\\\/NASTICTARRAGONA\",\"https:\\\/\\\/www.instagram.com\\\/nastictarragona\\\/\"]},{\"@type\":\"Person\",\"@id\":\"https:\\\/\\\/gimnasticdetarragona.cat\\\/es\\\/#\\\/schema\\\/person\\\/47b6a637abf88f9bd835540f20ea069e\",\"name\":\"desarrollo\",\"sameAs\":[\"https:\\\/\\\/clone.gimnasticdetarragona.cat\"]}]}<\/script>\n<!-- \/ Yoast SEO plugin. -->","yoast_head_json":{"title":"Ven a Bilbao con la Federaci\u00f3n de Pe\u00f1as y el Petit Tarraco - Gimn\u00e0stic de Tarragona SAD","robots":{"index":"index","follow":"follow","max-snippet":"max-snippet:-1","max-image-preview":"max-image-preview:large","max-video-preview":"max-video-preview:-1"},"canonical":"https:\/\/gimnasticdetarragona.cat\/vine-a-bilbao-amb-la-federacio-de-penyes-i-el-petit-tarraco\/","og_locale":"es_ES","og_type":"article","og_title":"Ven a Bilbao con la Federaci\u00f3n de Pe\u00f1as y el Petit Tarraco - Gimn\u00e0stic de Tarragona SAD","og_description":"La Federaci\u00f3 de Penyes del N\u00e0stic i el Bar Petit Tarraco organitzen el despla\u00e7ament en autocar a Bilbao.","og_url":"https:\/\/gimnasticdetarragona.cat\/vine-a-bilbao-amb-la-federacio-de-penyes-i-el-petit-tarraco\/","og_site_name":"Gimn\u00e0stic de Tarragona SAD","article_published_time":"2016-03-10T13:43:04+00:00","og_image":[{"width":500,"height":250,"url":"https:\/\/gimnasticdetarragona.cat\/wp-content\/uploads\/2022\/06\/0519471170060.jpg","type":"image\/jpeg"}],"author":"desarrollo","twitter_card":"summary_large_image","twitter_creator":"@NASTICTARRAGONA","twitter_site":"@NASTICTARRAGONA","twitter_misc":{"Escrito por":"desarrollo","Tiempo de lectura":"1 minuto"},"schema":{"@context":"https:\/\/schema.org","@graph":[{"@type":"Article","@id":"https:\/\/gimnasticdetarragona.cat\/vine-a-bilbao-amb-la-federacio-de-penyes-i-el-petit-tarraco\/#article","isPartOf":{"@id":"https:\/\/gimnasticdetarragona.cat\/vine-a-bilbao-amb-la-federacio-de-penyes-i-el-petit-tarraco\/"},"author":{"name":"desarrollo","@id":"https:\/\/gimnasticdetarragona.cat\/es\/#\/schema\/person\/47b6a637abf88f9bd835540f20ea069e"},"headline":"Ven a Bilbao con la Federaci\u00f3n de Pe\u00f1as y el Petit Tarraco","datePublished":"2016-03-10T13:43:04+00:00","mainEntityOfPage":{"@id":"https:\/\/gimnasticdetarragona.cat\/vine-a-bilbao-amb-la-federacio-de-penyes-i-el-petit-tarraco\/"},"wordCount":249,"commentCount":0,"publisher":{"@id":"https:\/\/gimnasticdetarragona.cat\/es\/#organization"},"image":{"@id":"https:\/\/gimnasticdetarragona.cat\/vine-a-bilbao-amb-la-federacio-de-penyes-i-el-petit-tarraco\/#primaryimage"},"thumbnailUrl":"https:\/\/gimnasticdetarragona.cat\/wp-content\/uploads\/2022\/06\/0519471170060.jpg","articleSection":["Actualidad","Home","Social"],"inLanguage":"es"},{"@type":"WebPage","@id":"https:\/\/gimnasticdetarragona.cat\/vine-a-bilbao-amb-la-federacio-de-penyes-i-el-petit-tarraco\/","url":"https:\/\/gimnasticdetarragona.cat\/vine-a-bilbao-amb-la-federacio-de-penyes-i-el-petit-tarraco\/","name":"Ven a Bilbao con la Federaci\u00f3n de Pe\u00f1as y el Petit Tarraco - Gimn\u00e0stic de Tarragona SAD","isPartOf":{"@id":"https:\/\/gimnasticdetarragona.cat\/es\/#website"},"primaryImageOfPage":{"@id":"https:\/\/gimnasticdetarragona.cat\/vine-a-bilbao-amb-la-federacio-de-penyes-i-el-petit-tarraco\/#primaryimage"},"image":{"@id":"https:\/\/gimnasticdetarragona.cat\/vine-a-bilbao-amb-la-federacio-de-penyes-i-el-petit-tarraco\/#primaryimage"},"thumbnailUrl":"https:\/\/gimnasticdetarragona.cat\/wp-content\/uploads\/2022\/06\/0519471170060.jpg","datePublished":"2016-03-10T13:43:04+00:00","breadcrumb":{"@id":"https:\/\/gimnasticdetarragona.cat\/vine-a-bilbao-amb-la-federacio-de-penyes-i-el-petit-tarraco\/#breadcrumb"},"inLanguage":"es","potentialAction":[{"@type":"ReadAction","target":["https:\/\/gimnasticdetarragona.cat\/vine-a-bilbao-amb-la-federacio-de-penyes-i-el-petit-tarraco\/"]}]},{"@type":"ImageObject","inLanguage":"es","@id":"https:\/\/gimnasticdetarragona.cat\/vine-a-bilbao-amb-la-federacio-de-penyes-i-el-petit-tarraco\/#primaryimage","url":"https:\/\/gimnasticdetarragona.cat\/wp-content\/uploads\/2022\/06\/0519471170060.jpg","contentUrl":"https:\/\/gimnasticdetarragona.cat\/wp-content\/uploads\/2022\/06\/0519471170060.jpg","width":500,"height":250},{"@type":"BreadcrumbList","@id":"https:\/\/gimnasticdetarragona.cat\/vine-a-bilbao-amb-la-federacio-de-penyes-i-el-petit-tarraco\/#breadcrumb","itemListElement":[{"@type":"ListItem","position":1,"name":"Inici","item":"https:\/\/gimnasticdetarragona.cat\/es\/nastic\/"},{"@type":"ListItem","position":2,"name":"Ven a Bilbao con la Federaci\u00f3n de Pe\u00f1as y el Petit Tarraco"}]},{"@type":"WebSite","@id":"https:\/\/gimnasticdetarragona.cat\/es\/#website","url":"https:\/\/gimnasticdetarragona.cat\/es\/","name":"Gimn\u00e0stic de Tarragona SAD","description":"Gimn\u00e0stic de Tarragona","publisher":{"@id":"https:\/\/gimnasticdetarragona.cat\/es\/#organization"},"potentialAction":[{"@type":"SearchAction","target":{"@type":"EntryPoint","urlTemplate":"https:\/\/gimnasticdetarragona.cat\/es\/?s={search_term_string}"},"query-input":{"@type":"PropertyValueSpecification","valueRequired":true,"valueName":"search_term_string"}}],"inLanguage":"es"},{"@type":"Organization","@id":"https:\/\/gimnasticdetarragona.cat\/es\/#organization","name":"GIMN\u00c0STIC DE TARRAGONA","alternateName":"N\u00c0STIC","url":"https:\/\/gimnasticdetarragona.cat\/es\/","logo":{"@type":"ImageObject","inLanguage":"es","@id":"https:\/\/gimnasticdetarragona.cat\/es\/#\/schema\/logo\/image\/","url":"https:\/\/gimnasticdetarragona.cat\/wp-content\/uploads\/2022\/06\/cropped-logo-gimnastic.png","contentUrl":"https:\/\/gimnasticdetarragona.cat\/wp-content\/uploads\/2022\/06\/cropped-logo-gimnastic.png","width":224,"height":83,"caption":"GIMN\u00c0STIC DE TARRAGONA"},"image":{"@id":"https:\/\/gimnasticdetarragona.cat\/es\/#\/schema\/logo\/image\/"},"sameAs":["https:\/\/x.com\/NASTICTARRAGONA","https:\/\/www.instagram.com\/nastictarragona\/"]},{"@type":"Person","@id":"https:\/\/gimnasticdetarragona.cat\/es\/#\/schema\/person\/47b6a637abf88f9bd835540f20ea069e","name":"desarrollo","sameAs":["https:\/\/clone.gimnasticdetarragona.cat"]}]}},"_links":{"self":[{"href":"https:\/\/gimnasticdetarragona.cat\/es\/wp-json\/wp\/v2\/posts\/61948","targetHints":{"allow":["GET"]}}],"collection":[{"href":"https:\/\/gimnasticdetarragona.cat\/es\/wp-json\/wp\/v2\/posts"}],"about":[{"href":"https:\/\/gimnasticdetarragona.cat\/es\/wp-json\/wp\/v2\/types\/post"}],"author":[{"embeddable":true,"href":"https:\/\/gimnasticdetarragona.cat\/es\/wp-json\/wp\/v2\/users\/1"}],"replies":[{"embeddable":true,"href":"https:\/\/gimnasticdetarragona.cat\/es\/wp-json\/wp\/v2\/comments?post=61948"}],"version-history":[{"count":0,"href":"https:\/\/gimnasticdetarragona.cat\/es\/wp-json\/wp\/v2\/posts\/61948\/revisions"}],"wp:featuredmedia":[{"embeddable":true,"href":"https:\/\/gimnasticdetarragona.cat\/es\/wp-json\/wp\/v2\/media\/61945"}],"wp:attachment":[{"href":"https:\/\/gimnasticdetarragona.cat\/es\/wp-json\/wp\/v2\/media?parent=61948"}],"wp:term":[{"taxonomy":"category","embeddable":true,"href":"https:\/\/gimnasticdetarragona.cat\/es\/wp-json\/wp\/v2\/categories?post=61948"},{"taxonomy":"post_tag","embeddable":true,"href":"https:\/\/gimnasticdetarragona.cat\/es\/wp-json\/wp\/v2\/tags?post=61948"}],"curies":[{"name":"wp","href":"https:\/\/api.w.org\/{rel}","templated":true}]}}