{"id":61976,"date":"2016-03-06T13:42:10","date_gmt":"2016-03-06T13:42:10","guid":{"rendered":"https:\/\/clone.gimnasticdetarragona.cat\/ad-alcorcon-1-1-nastic\/"},"modified":"2016-03-06T13:42:10","modified_gmt":"2016-03-06T13:42:10","slug":"ad-alcorcon-1-1-nastic","status":"publish","type":"post","link":"https:\/\/gimnasticdetarragona.cat\/es\/ad-alcorcon-1-1-nastic\/","title":{"rendered":"AD Alcorc\u00f3n 1 &#8211; 1 N\u00e0stic"},"content":{"rendered":"<p><strong>El conjunt grana empata el partit en els \u00faltims minuts mitjan\u00e7ant el gol Levy Madinda. <\/strong><\/p>\n<p>Aquest resultat suposa incrementar la ratxa fins als vuit partits sense con\u00e8ixer la derrota. Despr\u00e9s de les 2\/3 parts de campionat disputades, el N\u00e0stic es mant\u00e9 en posicions de play-off d\u2019ascens amb 44 punts.<\/p>\n<p>Els instants inicials han estat de molta lluita a zona de mitjos, tots dos equips es mostraven molt comprimits i amb la l\u00ednia defensiva avan\u00e7ada. El camp de l\u2019Alcorc\u00f3n, el Municipal de Santo Domingo, a priori, es presentava com una pla\u00e7a dif\u00edcil on poder guanyar els de Vicente Moreno. Els jugadors grana que avui han saltat d\u2019inici han mostrat car\u00e0cter en tot moment. De fet, durant el primer quart d\u2019hora de joc s\u2019han fet amb el domini de partit, tot i no veures ocasions de gol. El primer xut entre pals ha estat d\u2019Achille Eman\u00e1 al minut 20, despr\u00e9s d\u2019una passada enrere d\u2019An\u00edbal. Reina ha hagut d\u2019intervenir per primer cop al minut 26, quan ha blocat en dos temps una rematada local a la sortida d\u2019una falta. Al 30\u2019, M\u00e1yor ha rematat de cap una falta botada des de la banda. La pilota s\u2019ha perdut a fora de porteria. En aquest segon tram de partit, els madrilenys gaudien del domini de l\u2019esf\u00e8ric i s\u2019aproximaven a l\u2019\u00e0rea grana en pilotes centrades o xuts llunyans. Natxo Insa ho ha intentat al minut 37 i Reina ha atrapat sense problemes. Ens els \u00faltims instants de la primera meitat, minut 42, Tejera ha rematat de falta directa i la pilota s\u2019ha estavellat a la tanca defensiva. En la jugada posterior, Assoubre centrava i la rematada de Mossa acabava en c\u00f3rner; i al servei de cantonada, Tejera ha buscat el gol ol\u00edmpic sense sort. La pilota centrada ha impactat a l\u2019exterior de la xarxa de Dmitrovic. L\u2019\u00faltima ocasi\u00f3 dels primers 45 minuts tamb\u00e9 ha estat tarragonina. Una bona combinaci\u00f3 al migcamp ha arribat als peus de Xisco Campos i la seva centrada des de banda dreta l\u2019ha tallat la defensa. Amb el marcador inicial s\u2019ha arribat al temps de descans.<\/p>\n<p>A la represa, Jos\u00e9 Naranjo ha for\u00e7at dues faltes que han suposat dues targetes grogues pels locals Fausto Tienza i M\u00e1yor. Al minut 52 el N\u00e0stic ha realitzat un bon contraatac que ha finalitzat Achille Eman\u00e1 i el porter ha refusat. Assoubre no l\u2019ha pogut aprofitar en bones condicions per marcar i el porter ha aturat novament. Al 61\u2019 nova ocasi\u00f3 del N\u00e0stic despr\u00e9s de la passada en profunditat d\u2019Eman\u00e1 i que Assoubre ha rematat per sobre el travesser. El primer canvi nastiquer ha estat el d\u2019An\u00edbal, que ha donat entrada a L. Madinda. L\u2019Alcorc\u00f3n s\u2019ha avan\u00e7at al marcador despr\u00e9s d\u2019un gol de falta directa executat per J. Campa\u00f1a al 68\u2019. Dos minuts despr\u00e9s, el defensa Djen\u00e9 ha vist la segona targeta groga, fent que els de Vicente Moreno tinguessin superioritat d\u2019efectius en l\u2019\u00faltim tram d\u2019enfrontament. El segon canvi grana ha estat el del capit\u00e0 Xisco Campos, al minut 77, deixant el seu lloc a Juan Mu\u00f1iz. El mateix jugador asturi\u00e0 ho ha provat de falta directa; Dmitrovic ha atrapat l\u2019esf\u00e8ric. I l\u2019\u00faltim canvi grana es produ\u00efa al minut 82, quan De la Espada entrava al lloc d\u2019Aburjania. En el mateix minut, L. Madinda ha controlat la pilota a la frontal de l\u2019\u00e0rea, s\u2019ha buscat l\u2019espai i el seu potent xut ha acabat al fons de la xarxa. El N\u00e0stic n\u2019ha tingut una \u00faltima per culminar la remuntada. De la Espada ha controlat una passada alta i la seva rematada s\u2019ha escapat per poc. Els madrilenys tamb\u00e9 han gaudit d\u2019una \u00faltima ocasi\u00f3 dintre dels dos minuts de temps afegit, per\u00f2 la rematada no ha trobat la porteria de Reina. Tot i les ocasions finals, l\u2019empat ja no s\u2019ha mogut del marcador i els nastiquers tornen a Tarragona amb un punt m\u00e9s.<\/p>\n<p>La setmana vinent el N\u00e0stic rebr\u00e0 la visita de la SD Ponferradina en el partit corresponent a la jornada 29. El matx es disputar\u00e0 el diumenge 13 a partir de les 17 hores al Nou Estadi.<\/p>\n<p>Alineacions<\/p>\n<p>N\u00e0stic: Reina, Xisco Campos (Juan Mu\u00f1iz, 77\u2019), I. Bouz\u00f3n U.Z, Xavi Molina, Mossa, Aburjania (De la Espada, 82&#8242;), Tejera, J. Assoubre, J. Naranjo, Eman\u00e1 i An\u00edbal .Z (Madinda 61\u2019).<\/p>\n<p>AD Alcorc\u00f3n: Dmitrovic, Fede Vega, Djen\u00e9, Chema Rodr\u00edguez, David Rodr\u00edguez, M\u00e1yor (J. Campa\u00f1a 54\u2019), \u00c1lvaro Rey, Bellv\u00eds, Fausto Tienza (Toribio 54\u2019), \u00d3scar Plano i Natxo Insa (Rom\u00e1n, 71\u2019).<\/p>\n","protected":false},"excerpt":{"rendered":"<p>El conjunt grana empata el partit en els \u00faltims minuts mitjan\u00e7ant el gol Levy Madinda.<\/p>\n","protected":false},"author":1,"featured_media":61973,"comment_status":"open","ping_status":"open","sticky":false,"template":"","format":"standard","meta":{"_acf_changed":false,"footnotes":""},"categories":[113,121,126],"tags":[],"class_list":["post-61976","post","type-post","status-publish","format-standard","has-post-thumbnail","hentry","category-actualidad","category-home","category-primer-equipo"],"acf":[],"yoast_head":"<!-- This site is optimized with the Yoast SEO plugin v27.3 - https:\/\/yoast.com\/product\/yoast-seo-wordpress\/ -->\n<title>AD Alcorc\u00f3n 1 - 1 N\u00e0stic - Gimn\u00e0stic de Tarragona SAD<\/title>\n<meta name=\"robots\" content=\"index, follow, max-snippet:-1, max-image-preview:large, max-video-preview:-1\" \/>\n<link rel=\"canonical\" href=\"https:\/\/gimnasticdetarragona.cat\/ad-alcorcon-1-1-nastic\/\" \/>\n<meta property=\"og:locale\" content=\"es_ES\" \/>\n<meta property=\"og:type\" content=\"article\" \/>\n<meta property=\"og:title\" content=\"AD Alcorc\u00f3n 1 - 1 N\u00e0stic - Gimn\u00e0stic de Tarragona SAD\" \/>\n<meta property=\"og:description\" content=\"El conjunt grana empata el partit en els \u00faltims minuts mitjan\u00e7ant el gol Levy Madinda.\" \/>\n<meta property=\"og:url\" content=\"https:\/\/gimnasticdetarragona.cat\/ad-alcorcon-1-1-nastic\/\" \/>\n<meta property=\"og:site_name\" content=\"Gimn\u00e0stic de Tarragona SAD\" \/>\n<meta property=\"article:published_time\" content=\"2016-03-06T13:42:10+00:00\" \/>\n<meta property=\"og:image\" content=\"https:\/\/gimnasticdetarragona.cat\/wp-content\/uploads\/2022\/06\/0519460167391.jpg\" \/>\n\t<meta property=\"og:image:width\" content=\"376\" \/>\n\t<meta property=\"og:image:height\" content=\"375\" \/>\n\t<meta property=\"og:image:type\" content=\"image\/jpeg\" \/>\n<meta name=\"author\" content=\"desarrollo\" \/>\n<meta name=\"twitter:card\" content=\"summary_large_image\" \/>\n<meta name=\"twitter:creator\" content=\"@NASTICTARRAGONA\" \/>\n<meta name=\"twitter:site\" content=\"@NASTICTARRAGONA\" \/>\n<meta name=\"twitter:label1\" content=\"Escrito por\" \/>\n\t<meta name=\"twitter:data1\" content=\"desarrollo\" \/>\n\t<meta name=\"twitter:label2\" content=\"Tiempo de lectura\" \/>\n\t<meta name=\"twitter:data2\" content=\"4 minutos\" \/>\n<script type=\"application\/ld+json\" class=\"yoast-schema-graph\">{\"@context\":\"https:\\\/\\\/schema.org\",\"@graph\":[{\"@type\":\"Article\",\"@id\":\"https:\\\/\\\/gimnasticdetarragona.cat\\\/ad-alcorcon-1-1-nastic\\\/#article\",\"isPartOf\":{\"@id\":\"https:\\\/\\\/gimnasticdetarragona.cat\\\/ad-alcorcon-1-1-nastic\\\/\"},\"author\":{\"name\":\"desarrollo\",\"@id\":\"https:\\\/\\\/gimnasticdetarragona.cat\\\/es\\\/#\\\/schema\\\/person\\\/47b6a637abf88f9bd835540f20ea069e\"},\"headline\":\"AD Alcorc\u00f3n 1 &#8211; 1 N\u00e0stic\",\"datePublished\":\"2016-03-06T13:42:10+00:00\",\"mainEntityOfPage\":{\"@id\":\"https:\\\/\\\/gimnasticdetarragona.cat\\\/ad-alcorcon-1-1-nastic\\\/\"},\"wordCount\":797,\"commentCount\":0,\"publisher\":{\"@id\":\"https:\\\/\\\/gimnasticdetarragona.cat\\\/es\\\/#organization\"},\"image\":{\"@id\":\"https:\\\/\\\/gimnasticdetarragona.cat\\\/ad-alcorcon-1-1-nastic\\\/#primaryimage\"},\"thumbnailUrl\":\"https:\\\/\\\/gimnasticdetarragona.cat\\\/wp-content\\\/uploads\\\/2022\\\/06\\\/0519460167391.jpg\",\"articleSection\":[\"Actualidad\",\"Home\",\"Primer Equipo\"],\"inLanguage\":\"es\"},{\"@type\":\"WebPage\",\"@id\":\"https:\\\/\\\/gimnasticdetarragona.cat\\\/ad-alcorcon-1-1-nastic\\\/\",\"url\":\"https:\\\/\\\/gimnasticdetarragona.cat\\\/ad-alcorcon-1-1-nastic\\\/\",\"name\":\"AD Alcorc\u00f3n 1 - 1 N\u00e0stic - Gimn\u00e0stic de Tarragona SAD\",\"isPartOf\":{\"@id\":\"https:\\\/\\\/gimnasticdetarragona.cat\\\/es\\\/#website\"},\"primaryImageOfPage\":{\"@id\":\"https:\\\/\\\/gimnasticdetarragona.cat\\\/ad-alcorcon-1-1-nastic\\\/#primaryimage\"},\"image\":{\"@id\":\"https:\\\/\\\/gimnasticdetarragona.cat\\\/ad-alcorcon-1-1-nastic\\\/#primaryimage\"},\"thumbnailUrl\":\"https:\\\/\\\/gimnasticdetarragona.cat\\\/wp-content\\\/uploads\\\/2022\\\/06\\\/0519460167391.jpg\",\"datePublished\":\"2016-03-06T13:42:10+00:00\",\"breadcrumb\":{\"@id\":\"https:\\\/\\\/gimnasticdetarragona.cat\\\/ad-alcorcon-1-1-nastic\\\/#breadcrumb\"},\"inLanguage\":\"es\",\"potentialAction\":[{\"@type\":\"ReadAction\",\"target\":[\"https:\\\/\\\/gimnasticdetarragona.cat\\\/ad-alcorcon-1-1-nastic\\\/\"]}]},{\"@type\":\"ImageObject\",\"inLanguage\":\"es\",\"@id\":\"https:\\\/\\\/gimnasticdetarragona.cat\\\/ad-alcorcon-1-1-nastic\\\/#primaryimage\",\"url\":\"https:\\\/\\\/gimnasticdetarragona.cat\\\/wp-content\\\/uploads\\\/2022\\\/06\\\/0519460167391.jpg\",\"contentUrl\":\"https:\\\/\\\/gimnasticdetarragona.cat\\\/wp-content\\\/uploads\\\/2022\\\/06\\\/0519460167391.jpg\",\"width\":376,\"height\":375},{\"@type\":\"BreadcrumbList\",\"@id\":\"https:\\\/\\\/gimnasticdetarragona.cat\\\/ad-alcorcon-1-1-nastic\\\/#breadcrumb\",\"itemListElement\":[{\"@type\":\"ListItem\",\"position\":1,\"name\":\"Inici\",\"item\":\"https:\\\/\\\/gimnasticdetarragona.cat\\\/es\\\/nastic\\\/\"},{\"@type\":\"ListItem\",\"position\":2,\"name\":\"AD Alcorc\u00f3n 1 &#8211; 1 N\u00e0stic\"}]},{\"@type\":\"WebSite\",\"@id\":\"https:\\\/\\\/gimnasticdetarragona.cat\\\/es\\\/#website\",\"url\":\"https:\\\/\\\/gimnasticdetarragona.cat\\\/es\\\/\",\"name\":\"Gimn\u00e0stic de Tarragona SAD\",\"description\":\"Gimn\u00e0stic de Tarragona\",\"publisher\":{\"@id\":\"https:\\\/\\\/gimnasticdetarragona.cat\\\/es\\\/#organization\"},\"potentialAction\":[{\"@type\":\"SearchAction\",\"target\":{\"@type\":\"EntryPoint\",\"urlTemplate\":\"https:\\\/\\\/gimnasticdetarragona.cat\\\/es\\\/?s={search_term_string}\"},\"query-input\":{\"@type\":\"PropertyValueSpecification\",\"valueRequired\":true,\"valueName\":\"search_term_string\"}}],\"inLanguage\":\"es\"},{\"@type\":\"Organization\",\"@id\":\"https:\\\/\\\/gimnasticdetarragona.cat\\\/es\\\/#organization\",\"name\":\"GIMN\u00c0STIC DE TARRAGONA\",\"alternateName\":\"N\u00c0STIC\",\"url\":\"https:\\\/\\\/gimnasticdetarragona.cat\\\/es\\\/\",\"logo\":{\"@type\":\"ImageObject\",\"inLanguage\":\"es\",\"@id\":\"https:\\\/\\\/gimnasticdetarragona.cat\\\/es\\\/#\\\/schema\\\/logo\\\/image\\\/\",\"url\":\"https:\\\/\\\/gimnasticdetarragona.cat\\\/wp-content\\\/uploads\\\/2022\\\/06\\\/cropped-logo-gimnastic.png\",\"contentUrl\":\"https:\\\/\\\/gimnasticdetarragona.cat\\\/wp-content\\\/uploads\\\/2022\\\/06\\\/cropped-logo-gimnastic.png\",\"width\":224,\"height\":83,\"caption\":\"GIMN\u00c0STIC DE TARRAGONA\"},\"image\":{\"@id\":\"https:\\\/\\\/gimnasticdetarragona.cat\\\/es\\\/#\\\/schema\\\/logo\\\/image\\\/\"},\"sameAs\":[\"https:\\\/\\\/x.com\\\/NASTICTARRAGONA\",\"https:\\\/\\\/www.instagram.com\\\/nastictarragona\\\/\"]},{\"@type\":\"Person\",\"@id\":\"https:\\\/\\\/gimnasticdetarragona.cat\\\/es\\\/#\\\/schema\\\/person\\\/47b6a637abf88f9bd835540f20ea069e\",\"name\":\"desarrollo\",\"sameAs\":[\"https:\\\/\\\/clone.gimnasticdetarragona.cat\"]}]}<\/script>\n<!-- \/ Yoast SEO plugin. -->","yoast_head_json":{"title":"AD Alcorc\u00f3n 1 - 1 N\u00e0stic - Gimn\u00e0stic de Tarragona SAD","robots":{"index":"index","follow":"follow","max-snippet":"max-snippet:-1","max-image-preview":"max-image-preview:large","max-video-preview":"max-video-preview:-1"},"canonical":"https:\/\/gimnasticdetarragona.cat\/ad-alcorcon-1-1-nastic\/","og_locale":"es_ES","og_type":"article","og_title":"AD Alcorc\u00f3n 1 - 1 N\u00e0stic - Gimn\u00e0stic de Tarragona SAD","og_description":"El conjunt grana empata el partit en els \u00faltims minuts mitjan\u00e7ant el gol Levy Madinda.","og_url":"https:\/\/gimnasticdetarragona.cat\/ad-alcorcon-1-1-nastic\/","og_site_name":"Gimn\u00e0stic de Tarragona SAD","article_published_time":"2016-03-06T13:42:10+00:00","og_image":[{"width":376,"height":375,"url":"https:\/\/gimnasticdetarragona.cat\/wp-content\/uploads\/2022\/06\/0519460167391.jpg","type":"image\/jpeg"}],"author":"desarrollo","twitter_card":"summary_large_image","twitter_creator":"@NASTICTARRAGONA","twitter_site":"@NASTICTARRAGONA","twitter_misc":{"Escrito por":"desarrollo","Tiempo de lectura":"4 minutos"},"schema":{"@context":"https:\/\/schema.org","@graph":[{"@type":"Article","@id":"https:\/\/gimnasticdetarragona.cat\/ad-alcorcon-1-1-nastic\/#article","isPartOf":{"@id":"https:\/\/gimnasticdetarragona.cat\/ad-alcorcon-1-1-nastic\/"},"author":{"name":"desarrollo","@id":"https:\/\/gimnasticdetarragona.cat\/es\/#\/schema\/person\/47b6a637abf88f9bd835540f20ea069e"},"headline":"AD Alcorc\u00f3n 1 &#8211; 1 N\u00e0stic","datePublished":"2016-03-06T13:42:10+00:00","mainEntityOfPage":{"@id":"https:\/\/gimnasticdetarragona.cat\/ad-alcorcon-1-1-nastic\/"},"wordCount":797,"commentCount":0,"publisher":{"@id":"https:\/\/gimnasticdetarragona.cat\/es\/#organization"},"image":{"@id":"https:\/\/gimnasticdetarragona.cat\/ad-alcorcon-1-1-nastic\/#primaryimage"},"thumbnailUrl":"https:\/\/gimnasticdetarragona.cat\/wp-content\/uploads\/2022\/06\/0519460167391.jpg","articleSection":["Actualidad","Home","Primer Equipo"],"inLanguage":"es"},{"@type":"WebPage","@id":"https:\/\/gimnasticdetarragona.cat\/ad-alcorcon-1-1-nastic\/","url":"https:\/\/gimnasticdetarragona.cat\/ad-alcorcon-1-1-nastic\/","name":"AD Alcorc\u00f3n 1 - 1 N\u00e0stic - Gimn\u00e0stic de Tarragona SAD","isPartOf":{"@id":"https:\/\/gimnasticdetarragona.cat\/es\/#website"},"primaryImageOfPage":{"@id":"https:\/\/gimnasticdetarragona.cat\/ad-alcorcon-1-1-nastic\/#primaryimage"},"image":{"@id":"https:\/\/gimnasticdetarragona.cat\/ad-alcorcon-1-1-nastic\/#primaryimage"},"thumbnailUrl":"https:\/\/gimnasticdetarragona.cat\/wp-content\/uploads\/2022\/06\/0519460167391.jpg","datePublished":"2016-03-06T13:42:10+00:00","breadcrumb":{"@id":"https:\/\/gimnasticdetarragona.cat\/ad-alcorcon-1-1-nastic\/#breadcrumb"},"inLanguage":"es","potentialAction":[{"@type":"ReadAction","target":["https:\/\/gimnasticdetarragona.cat\/ad-alcorcon-1-1-nastic\/"]}]},{"@type":"ImageObject","inLanguage":"es","@id":"https:\/\/gimnasticdetarragona.cat\/ad-alcorcon-1-1-nastic\/#primaryimage","url":"https:\/\/gimnasticdetarragona.cat\/wp-content\/uploads\/2022\/06\/0519460167391.jpg","contentUrl":"https:\/\/gimnasticdetarragona.cat\/wp-content\/uploads\/2022\/06\/0519460167391.jpg","width":376,"height":375},{"@type":"BreadcrumbList","@id":"https:\/\/gimnasticdetarragona.cat\/ad-alcorcon-1-1-nastic\/#breadcrumb","itemListElement":[{"@type":"ListItem","position":1,"name":"Inici","item":"https:\/\/gimnasticdetarragona.cat\/es\/nastic\/"},{"@type":"ListItem","position":2,"name":"AD Alcorc\u00f3n 1 &#8211; 1 N\u00e0stic"}]},{"@type":"WebSite","@id":"https:\/\/gimnasticdetarragona.cat\/es\/#website","url":"https:\/\/gimnasticdetarragona.cat\/es\/","name":"Gimn\u00e0stic de Tarragona SAD","description":"Gimn\u00e0stic de Tarragona","publisher":{"@id":"https:\/\/gimnasticdetarragona.cat\/es\/#organization"},"potentialAction":[{"@type":"SearchAction","target":{"@type":"EntryPoint","urlTemplate":"https:\/\/gimnasticdetarragona.cat\/es\/?s={search_term_string}"},"query-input":{"@type":"PropertyValueSpecification","valueRequired":true,"valueName":"search_term_string"}}],"inLanguage":"es"},{"@type":"Organization","@id":"https:\/\/gimnasticdetarragona.cat\/es\/#organization","name":"GIMN\u00c0STIC DE TARRAGONA","alternateName":"N\u00c0STIC","url":"https:\/\/gimnasticdetarragona.cat\/es\/","logo":{"@type":"ImageObject","inLanguage":"es","@id":"https:\/\/gimnasticdetarragona.cat\/es\/#\/schema\/logo\/image\/","url":"https:\/\/gimnasticdetarragona.cat\/wp-content\/uploads\/2022\/06\/cropped-logo-gimnastic.png","contentUrl":"https:\/\/gimnasticdetarragona.cat\/wp-content\/uploads\/2022\/06\/cropped-logo-gimnastic.png","width":224,"height":83,"caption":"GIMN\u00c0STIC DE TARRAGONA"},"image":{"@id":"https:\/\/gimnasticdetarragona.cat\/es\/#\/schema\/logo\/image\/"},"sameAs":["https:\/\/x.com\/NASTICTARRAGONA","https:\/\/www.instagram.com\/nastictarragona\/"]},{"@type":"Person","@id":"https:\/\/gimnasticdetarragona.cat\/es\/#\/schema\/person\/47b6a637abf88f9bd835540f20ea069e","name":"desarrollo","sameAs":["https:\/\/clone.gimnasticdetarragona.cat"]}]}},"_links":{"self":[{"href":"https:\/\/gimnasticdetarragona.cat\/es\/wp-json\/wp\/v2\/posts\/61976","targetHints":{"allow":["GET"]}}],"collection":[{"href":"https:\/\/gimnasticdetarragona.cat\/es\/wp-json\/wp\/v2\/posts"}],"about":[{"href":"https:\/\/gimnasticdetarragona.cat\/es\/wp-json\/wp\/v2\/types\/post"}],"author":[{"embeddable":true,"href":"https:\/\/gimnasticdetarragona.cat\/es\/wp-json\/wp\/v2\/users\/1"}],"replies":[{"embeddable":true,"href":"https:\/\/gimnasticdetarragona.cat\/es\/wp-json\/wp\/v2\/comments?post=61976"}],"version-history":[{"count":0,"href":"https:\/\/gimnasticdetarragona.cat\/es\/wp-json\/wp\/v2\/posts\/61976\/revisions"}],"wp:featuredmedia":[{"embeddable":true,"href":"https:\/\/gimnasticdetarragona.cat\/es\/wp-json\/wp\/v2\/media\/61973"}],"wp:attachment":[{"href":"https:\/\/gimnasticdetarragona.cat\/es\/wp-json\/wp\/v2\/media?parent=61976"}],"wp:term":[{"taxonomy":"category","embeddable":true,"href":"https:\/\/gimnasticdetarragona.cat\/es\/wp-json\/wp\/v2\/categories?post=61976"},{"taxonomy":"post_tag","embeddable":true,"href":"https:\/\/gimnasticdetarragona.cat\/es\/wp-json\/wp\/v2\/tags?post=61976"}],"curies":[{"name":"wp","href":"https:\/\/api.w.org\/{rel}","templated":true}]}}