{"id":78756,"date":"2008-11-26T00:00:00","date_gmt":"2008-11-26T00:00:00","guid":{"rendered":"https:\/\/clone.gimnasticdetarragona.cat\/gran-exito-de-participacion-en-el-ii-festival-internacional-de-publicidad-y-comunicacion-de-futbol\/"},"modified":"2008-11-26T00:00:00","modified_gmt":"2008-11-26T00:00:00","slug":"gran-exito-de-participacion-en-el-ii-festival-internacional-de-publicidad-y-comunicacion-de-futbol","status":"publish","type":"post","link":"https:\/\/gimnasticdetarragona.cat\/es\/gran-exito-de-participacion-en-el-ii-festival-internacional-de-publicidad-y-comunicacion-de-futbol\/","title":{"rendered":"Gran \u00e9xito de participaci\u00f3n en el II Festival Internacional de Publicidad y Comunicaci\u00f3n de F\u00fatbol"},"content":{"rendered":"<p>Las m\u00e1s de 200 campa\u00f1as presentadas a la II Edici\u00f3n del Festival Internacional de Publicidad y Comunicaci\u00f3n de F\u00fatbol le consolidan como el mayor evento internacional de estas caracter\u00edsticas y posicionan a la Liga Espa\u00f1ola (LFP) como referencia mundial en este \u00e1mbito, integrando a grandes anunciantes multinacionales, agencias creativas, clubes e instituciones tanto privadas como p\u00fablicas.<br \/>\nLas campa\u00f1as y piezas creativas presentadas han superado ampliamente el n\u00famero de las recibidas en la primera edici\u00f3n, con la circunstancia adicional de que en ese primer certamen se admit\u00edan piezas de a\u00f1os anteriores, mientras que en esta edici\u00f3n s\u00f3lo se pod\u00edan circunscribir a la pasada temporada 2007\/08.<br \/>\nAgencias creativas y clubes de todo el mundo han presentado campa\u00f1as disfrutadas en los cinco continentes. Participan clubes de Italia, Inglaterra, Argentina o Brasil; las ligas de Francia, Alemania o Jap\u00f3n; y entidades como la Uni\u00f3n Europea, entre otras.<br \/>\nAdem\u00e1s, por supuesto, de la imprescindible aportaci\u00f3n de piezas de los clubes de f\u00fatbol profesional, entre los que se encuentran el Getafe, Atl\u00e9tico de Madrid, Real Madrid, Barcelona, Sevilla, Racing, Osasuna, Sporting,  Murcia, Castell\u00f3n, Levante, H\u00e9rcules, N\u00e0stic, Girona o Alicante.<br \/>\nLa calidad y creatividad de las campa\u00f1as, exigencia esencial del certamen, ha sido sobresaliente, calificaci\u00f3n que le otorga cr\u00e9dito y garant\u00eda de futuro.<br \/>\nAs\u00ed se podr\u00e1 comprobar el pr\u00f3ximo d\u00eda 16 de diciembre en Madrid, cuando la ciudad se convertir\u00e1 en el centro de atenci\u00f3n mundial de la comunicaci\u00f3n publicitaria de f\u00fatbol, en una gala de entrega de estatuillas a las piezas ganadoras del certamen, en la que estar\u00e1n presentes los m\u00e1ximos representantes del f\u00fatbol y del deporte nacional, de las agencias creativas y de los anunciantes. Una velada que dar\u00e1 comienzo a las 20:00 horas en el teatro Alc\u00e1zar de la capital.<\/p>\n","protected":false},"excerpt":{"rendered":"<p>Las m\u00e1s de 200 campa\u00f1as presentadas a la II Edici\u00f3n del Festival Internacional de Publicidad y Comunicaci\u00f3n de F\u00fatbol le consolidan como el mayor evento internacional de estas caracter\u00edsticas y posicionan a la Liga Espa\u00f1ola (LFP) como referencia mundial en este \u00e1mbito, integrando a grandes anunciantes multinacionales, agencias creativas, clubes e instituciones tanto privadas como [&hellip;]<\/p>\n","protected":false},"author":1,"featured_media":0,"comment_status":"open","ping_status":"open","sticky":false,"template":"","format":"standard","meta":{"_acf_changed":false,"footnotes":""},"categories":[113,126],"tags":[],"class_list":["post-78756","post","type-post","status-publish","format-standard","hentry","category-actualidad","category-primer-equipo"],"acf":[],"yoast_head":"<!-- This site is optimized with the Yoast SEO plugin v27.3 - https:\/\/yoast.com\/product\/yoast-seo-wordpress\/ -->\n<title>Gran \u00e9xito de participaci\u00f3n en el II Festival Internacional de Publicidad y Comunicaci\u00f3n de F\u00fatbol - Gimn\u00e0stic de Tarragona SAD<\/title>\n<meta name=\"robots\" content=\"index, follow, max-snippet:-1, max-image-preview:large, max-video-preview:-1\" \/>\n<link rel=\"canonical\" href=\"https:\/\/gimnasticdetarragona.cat\/gran-exit-de-participacio-en-el-ii-festival-internacional-de-publicitat-i-comunicacio-de-futbol\/\" \/>\n<meta property=\"og:locale\" content=\"es_ES\" \/>\n<meta property=\"og:type\" content=\"article\" \/>\n<meta property=\"og:title\" content=\"Gran \u00e9xito de participaci\u00f3n en el II Festival Internacional de Publicidad y Comunicaci\u00f3n de F\u00fatbol - Gimn\u00e0stic de Tarragona SAD\" \/>\n<meta property=\"og:description\" content=\"Las m\u00e1s de 200 campa\u00f1as presentadas a la II Edici\u00f3n del Festival Internacional de Publicidad y Comunicaci\u00f3n de F\u00fatbol le consolidan como el mayor evento internacional de estas caracter\u00edsticas y posicionan a la Liga Espa\u00f1ola (LFP) como referencia mundial en este \u00e1mbito, integrando a grandes anunciantes multinacionales, agencias creativas, clubes e instituciones tanto privadas como [&hellip;]\" \/>\n<meta property=\"og:url\" content=\"https:\/\/gimnasticdetarragona.cat\/gran-exit-de-participacio-en-el-ii-festival-internacional-de-publicitat-i-comunicacio-de-futbol\/\" \/>\n<meta property=\"og:site_name\" content=\"Gimn\u00e0stic de Tarragona SAD\" \/>\n<meta property=\"article:published_time\" content=\"2008-11-26T00:00:00+00:00\" \/>\n<meta name=\"author\" content=\"desarrollo\" \/>\n<meta name=\"twitter:card\" content=\"summary_large_image\" \/>\n<meta name=\"twitter:creator\" content=\"@NASTICTARRAGONA\" \/>\n<meta name=\"twitter:site\" content=\"@NASTICTARRAGONA\" \/>\n<meta name=\"twitter:label1\" content=\"Escrito por\" \/>\n\t<meta name=\"twitter:data1\" content=\"desarrollo\" \/>\n\t<meta name=\"twitter:label2\" content=\"Tiempo de lectura\" \/>\n\t<meta name=\"twitter:data2\" content=\"2 minutos\" \/>\n<script type=\"application\/ld+json\" class=\"yoast-schema-graph\">{\"@context\":\"https:\\\/\\\/schema.org\",\"@graph\":[{\"@type\":\"Article\",\"@id\":\"https:\\\/\\\/gimnasticdetarragona.cat\\\/gran-exit-de-participacio-en-el-ii-festival-internacional-de-publicitat-i-comunicacio-de-futbol\\\/#article\",\"isPartOf\":{\"@id\":\"https:\\\/\\\/gimnasticdetarragona.cat\\\/gran-exit-de-participacio-en-el-ii-festival-internacional-de-publicitat-i-comunicacio-de-futbol\\\/\"},\"author\":{\"name\":\"desarrollo\",\"@id\":\"https:\\\/\\\/gimnasticdetarragona.cat\\\/es\\\/#\\\/schema\\\/person\\\/47b6a637abf88f9bd835540f20ea069e\"},\"headline\":\"Gran \u00e9xito de participaci\u00f3n en el II Festival Internacional de Publicidad y Comunicaci\u00f3n de F\u00fatbol\",\"datePublished\":\"2008-11-26T00:00:00+00:00\",\"mainEntityOfPage\":{\"@id\":\"https:\\\/\\\/gimnasticdetarragona.cat\\\/gran-exit-de-participacio-en-el-ii-festival-internacional-de-publicitat-i-comunicacio-de-futbol\\\/\"},\"wordCount\":339,\"commentCount\":0,\"publisher\":{\"@id\":\"https:\\\/\\\/gimnasticdetarragona.cat\\\/es\\\/#organization\"},\"articleSection\":[\"Actualidad\",\"Primer Equipo\"],\"inLanguage\":\"es\"},{\"@type\":\"WebPage\",\"@id\":\"https:\\\/\\\/gimnasticdetarragona.cat\\\/gran-exit-de-participacio-en-el-ii-festival-internacional-de-publicitat-i-comunicacio-de-futbol\\\/\",\"url\":\"https:\\\/\\\/gimnasticdetarragona.cat\\\/gran-exit-de-participacio-en-el-ii-festival-internacional-de-publicitat-i-comunicacio-de-futbol\\\/\",\"name\":\"Gran \u00e9xito de participaci\u00f3n en el II Festival Internacional de Publicidad y Comunicaci\u00f3n de F\u00fatbol - Gimn\u00e0stic de Tarragona SAD\",\"isPartOf\":{\"@id\":\"https:\\\/\\\/gimnasticdetarragona.cat\\\/es\\\/#website\"},\"datePublished\":\"2008-11-26T00:00:00+00:00\",\"breadcrumb\":{\"@id\":\"https:\\\/\\\/gimnasticdetarragona.cat\\\/gran-exit-de-participacio-en-el-ii-festival-internacional-de-publicitat-i-comunicacio-de-futbol\\\/#breadcrumb\"},\"inLanguage\":\"es\",\"potentialAction\":[{\"@type\":\"ReadAction\",\"target\":[\"https:\\\/\\\/gimnasticdetarragona.cat\\\/gran-exit-de-participacio-en-el-ii-festival-internacional-de-publicitat-i-comunicacio-de-futbol\\\/\"]}]},{\"@type\":\"BreadcrumbList\",\"@id\":\"https:\\\/\\\/gimnasticdetarragona.cat\\\/gran-exit-de-participacio-en-el-ii-festival-internacional-de-publicitat-i-comunicacio-de-futbol\\\/#breadcrumb\",\"itemListElement\":[{\"@type\":\"ListItem\",\"position\":1,\"name\":\"Inici\",\"item\":\"https:\\\/\\\/gimnasticdetarragona.cat\\\/es\\\/nastic\\\/\"},{\"@type\":\"ListItem\",\"position\":2,\"name\":\"Gran \u00e9xito de participaci\u00f3n en el II Festival Internacional de Publicidad y Comunicaci\u00f3n de F\u00fatbol\"}]},{\"@type\":\"WebSite\",\"@id\":\"https:\\\/\\\/gimnasticdetarragona.cat\\\/es\\\/#website\",\"url\":\"https:\\\/\\\/gimnasticdetarragona.cat\\\/es\\\/\",\"name\":\"Gimn\u00e0stic de Tarragona SAD\",\"description\":\"Gimn\u00e0stic de Tarragona\",\"publisher\":{\"@id\":\"https:\\\/\\\/gimnasticdetarragona.cat\\\/es\\\/#organization\"},\"potentialAction\":[{\"@type\":\"SearchAction\",\"target\":{\"@type\":\"EntryPoint\",\"urlTemplate\":\"https:\\\/\\\/gimnasticdetarragona.cat\\\/es\\\/?s={search_term_string}\"},\"query-input\":{\"@type\":\"PropertyValueSpecification\",\"valueRequired\":true,\"valueName\":\"search_term_string\"}}],\"inLanguage\":\"es\"},{\"@type\":\"Organization\",\"@id\":\"https:\\\/\\\/gimnasticdetarragona.cat\\\/es\\\/#organization\",\"name\":\"GIMN\u00c0STIC DE TARRAGONA\",\"alternateName\":\"N\u00c0STIC\",\"url\":\"https:\\\/\\\/gimnasticdetarragona.cat\\\/es\\\/\",\"logo\":{\"@type\":\"ImageObject\",\"inLanguage\":\"es\",\"@id\":\"https:\\\/\\\/gimnasticdetarragona.cat\\\/es\\\/#\\\/schema\\\/logo\\\/image\\\/\",\"url\":\"https:\\\/\\\/gimnasticdetarragona.cat\\\/wp-content\\\/uploads\\\/2022\\\/06\\\/cropped-logo-gimnastic.png\",\"contentUrl\":\"https:\\\/\\\/gimnasticdetarragona.cat\\\/wp-content\\\/uploads\\\/2022\\\/06\\\/cropped-logo-gimnastic.png\",\"width\":224,\"height\":83,\"caption\":\"GIMN\u00c0STIC DE TARRAGONA\"},\"image\":{\"@id\":\"https:\\\/\\\/gimnasticdetarragona.cat\\\/es\\\/#\\\/schema\\\/logo\\\/image\\\/\"},\"sameAs\":[\"https:\\\/\\\/x.com\\\/NASTICTARRAGONA\",\"https:\\\/\\\/www.instagram.com\\\/nastictarragona\\\/\"]},{\"@type\":\"Person\",\"@id\":\"https:\\\/\\\/gimnasticdetarragona.cat\\\/es\\\/#\\\/schema\\\/person\\\/47b6a637abf88f9bd835540f20ea069e\",\"name\":\"desarrollo\",\"sameAs\":[\"https:\\\/\\\/clone.gimnasticdetarragona.cat\"]}]}<\/script>\n<!-- \/ Yoast SEO plugin. -->","yoast_head_json":{"title":"Gran \u00e9xito de participaci\u00f3n en el II Festival Internacional de Publicidad y Comunicaci\u00f3n de F\u00fatbol - Gimn\u00e0stic de Tarragona SAD","robots":{"index":"index","follow":"follow","max-snippet":"max-snippet:-1","max-image-preview":"max-image-preview:large","max-video-preview":"max-video-preview:-1"},"canonical":"https:\/\/gimnasticdetarragona.cat\/gran-exit-de-participacio-en-el-ii-festival-internacional-de-publicitat-i-comunicacio-de-futbol\/","og_locale":"es_ES","og_type":"article","og_title":"Gran \u00e9xito de participaci\u00f3n en el II Festival Internacional de Publicidad y Comunicaci\u00f3n de F\u00fatbol - Gimn\u00e0stic de Tarragona SAD","og_description":"Las m\u00e1s de 200 campa\u00f1as presentadas a la II Edici\u00f3n del Festival Internacional de Publicidad y Comunicaci\u00f3n de F\u00fatbol le consolidan como el mayor evento internacional de estas caracter\u00edsticas y posicionan a la Liga Espa\u00f1ola (LFP) como referencia mundial en este \u00e1mbito, integrando a grandes anunciantes multinacionales, agencias creativas, clubes e instituciones tanto privadas como [&hellip;]","og_url":"https:\/\/gimnasticdetarragona.cat\/gran-exit-de-participacio-en-el-ii-festival-internacional-de-publicitat-i-comunicacio-de-futbol\/","og_site_name":"Gimn\u00e0stic de Tarragona SAD","article_published_time":"2008-11-26T00:00:00+00:00","author":"desarrollo","twitter_card":"summary_large_image","twitter_creator":"@NASTICTARRAGONA","twitter_site":"@NASTICTARRAGONA","twitter_misc":{"Escrito por":"desarrollo","Tiempo de lectura":"2 minutos"},"schema":{"@context":"https:\/\/schema.org","@graph":[{"@type":"Article","@id":"https:\/\/gimnasticdetarragona.cat\/gran-exit-de-participacio-en-el-ii-festival-internacional-de-publicitat-i-comunicacio-de-futbol\/#article","isPartOf":{"@id":"https:\/\/gimnasticdetarragona.cat\/gran-exit-de-participacio-en-el-ii-festival-internacional-de-publicitat-i-comunicacio-de-futbol\/"},"author":{"name":"desarrollo","@id":"https:\/\/gimnasticdetarragona.cat\/es\/#\/schema\/person\/47b6a637abf88f9bd835540f20ea069e"},"headline":"Gran \u00e9xito de participaci\u00f3n en el II Festival Internacional de Publicidad y Comunicaci\u00f3n de F\u00fatbol","datePublished":"2008-11-26T00:00:00+00:00","mainEntityOfPage":{"@id":"https:\/\/gimnasticdetarragona.cat\/gran-exit-de-participacio-en-el-ii-festival-internacional-de-publicitat-i-comunicacio-de-futbol\/"},"wordCount":339,"commentCount":0,"publisher":{"@id":"https:\/\/gimnasticdetarragona.cat\/es\/#organization"},"articleSection":["Actualidad","Primer Equipo"],"inLanguage":"es"},{"@type":"WebPage","@id":"https:\/\/gimnasticdetarragona.cat\/gran-exit-de-participacio-en-el-ii-festival-internacional-de-publicitat-i-comunicacio-de-futbol\/","url":"https:\/\/gimnasticdetarragona.cat\/gran-exit-de-participacio-en-el-ii-festival-internacional-de-publicitat-i-comunicacio-de-futbol\/","name":"Gran \u00e9xito de participaci\u00f3n en el II Festival Internacional de Publicidad y Comunicaci\u00f3n de F\u00fatbol - Gimn\u00e0stic de Tarragona SAD","isPartOf":{"@id":"https:\/\/gimnasticdetarragona.cat\/es\/#website"},"datePublished":"2008-11-26T00:00:00+00:00","breadcrumb":{"@id":"https:\/\/gimnasticdetarragona.cat\/gran-exit-de-participacio-en-el-ii-festival-internacional-de-publicitat-i-comunicacio-de-futbol\/#breadcrumb"},"inLanguage":"es","potentialAction":[{"@type":"ReadAction","target":["https:\/\/gimnasticdetarragona.cat\/gran-exit-de-participacio-en-el-ii-festival-internacional-de-publicitat-i-comunicacio-de-futbol\/"]}]},{"@type":"BreadcrumbList","@id":"https:\/\/gimnasticdetarragona.cat\/gran-exit-de-participacio-en-el-ii-festival-internacional-de-publicitat-i-comunicacio-de-futbol\/#breadcrumb","itemListElement":[{"@type":"ListItem","position":1,"name":"Inici","item":"https:\/\/gimnasticdetarragona.cat\/es\/nastic\/"},{"@type":"ListItem","position":2,"name":"Gran \u00e9xito de participaci\u00f3n en el II Festival Internacional de Publicidad y Comunicaci\u00f3n de F\u00fatbol"}]},{"@type":"WebSite","@id":"https:\/\/gimnasticdetarragona.cat\/es\/#website","url":"https:\/\/gimnasticdetarragona.cat\/es\/","name":"Gimn\u00e0stic de Tarragona SAD","description":"Gimn\u00e0stic de Tarragona","publisher":{"@id":"https:\/\/gimnasticdetarragona.cat\/es\/#organization"},"potentialAction":[{"@type":"SearchAction","target":{"@type":"EntryPoint","urlTemplate":"https:\/\/gimnasticdetarragona.cat\/es\/?s={search_term_string}"},"query-input":{"@type":"PropertyValueSpecification","valueRequired":true,"valueName":"search_term_string"}}],"inLanguage":"es"},{"@type":"Organization","@id":"https:\/\/gimnasticdetarragona.cat\/es\/#organization","name":"GIMN\u00c0STIC DE TARRAGONA","alternateName":"N\u00c0STIC","url":"https:\/\/gimnasticdetarragona.cat\/es\/","logo":{"@type":"ImageObject","inLanguage":"es","@id":"https:\/\/gimnasticdetarragona.cat\/es\/#\/schema\/logo\/image\/","url":"https:\/\/gimnasticdetarragona.cat\/wp-content\/uploads\/2022\/06\/cropped-logo-gimnastic.png","contentUrl":"https:\/\/gimnasticdetarragona.cat\/wp-content\/uploads\/2022\/06\/cropped-logo-gimnastic.png","width":224,"height":83,"caption":"GIMN\u00c0STIC DE TARRAGONA"},"image":{"@id":"https:\/\/gimnasticdetarragona.cat\/es\/#\/schema\/logo\/image\/"},"sameAs":["https:\/\/x.com\/NASTICTARRAGONA","https:\/\/www.instagram.com\/nastictarragona\/"]},{"@type":"Person","@id":"https:\/\/gimnasticdetarragona.cat\/es\/#\/schema\/person\/47b6a637abf88f9bd835540f20ea069e","name":"desarrollo","sameAs":["https:\/\/clone.gimnasticdetarragona.cat"]}]}},"_links":{"self":[{"href":"https:\/\/gimnasticdetarragona.cat\/es\/wp-json\/wp\/v2\/posts\/78756","targetHints":{"allow":["GET"]}}],"collection":[{"href":"https:\/\/gimnasticdetarragona.cat\/es\/wp-json\/wp\/v2\/posts"}],"about":[{"href":"https:\/\/gimnasticdetarragona.cat\/es\/wp-json\/wp\/v2\/types\/post"}],"author":[{"embeddable":true,"href":"https:\/\/gimnasticdetarragona.cat\/es\/wp-json\/wp\/v2\/users\/1"}],"replies":[{"embeddable":true,"href":"https:\/\/gimnasticdetarragona.cat\/es\/wp-json\/wp\/v2\/comments?post=78756"}],"version-history":[{"count":0,"href":"https:\/\/gimnasticdetarragona.cat\/es\/wp-json\/wp\/v2\/posts\/78756\/revisions"}],"wp:attachment":[{"href":"https:\/\/gimnasticdetarragona.cat\/es\/wp-json\/wp\/v2\/media?parent=78756"}],"wp:term":[{"taxonomy":"category","embeddable":true,"href":"https:\/\/gimnasticdetarragona.cat\/es\/wp-json\/wp\/v2\/categories?post=78756"},{"taxonomy":"post_tag","embeddable":true,"href":"https:\/\/gimnasticdetarragona.cat\/es\/wp-json\/wp\/v2\/tags?post=78756"}],"curies":[{"name":"wp","href":"https:\/\/api.w.org\/{rel}","templated":true}]}}