{"id":78794,"date":"2008-11-05T00:00:00","date_gmt":"2008-11-05T00:00:00","guid":{"rendered":"https:\/\/clone.gimnasticdetarragona.cat\/presentacion-de-la-pena-territori-grana\/"},"modified":"2008-11-05T00:00:00","modified_gmt":"2008-11-05T00:00:00","slug":"presentacion-de-la-pena-territori-grana","status":"publish","type":"post","link":"https:\/\/gimnasticdetarragona.cat\/es\/presentacion-de-la-pena-territori-grana\/","title":{"rendered":"Presentaci\u00f3n de la pe\u00f1a Territori Grana"},"content":{"rendered":"<p>El jueves d\u00eda 6 de noviembre tendr\u00e1 lugar la inauguraci\u00f3n de una nueva pe\u00f1a del N\u00e1stic. Se trata de la Pe\u00f1a Territorio Grana de Vilallonga del Camp, la cual, ya tiene numerosos socios.<br \/>\nLa inauguraci\u00f3n comenzar\u00e1 a las 20\u201930h en el Restaurante l\u2019Encanteri de Vilallonga (saliendo de Vilallonga, a mano izquierda, en direcci\u00f3n la Selva del Camp).<br \/>\nAsistir\u00e1 el presidente Xavier Salvad\u00f3, as\u00ed como los consejeros  de la SAD; cargos del club, jugadores del primer equipo (Mingo, Mois\u00e9s, Yedra y \u00c1lex Cruz); y representantes de la Federaci\u00f3n de Pe\u00f1as, adem\u00e1s de los pe\u00f1istas de la nueva agrupaci\u00f3n grana.<br \/>\nJusto antes de la inauguraci\u00f3n, en el mismo escenario, se firmar\u00e1 un acuerdo de patrocinio entre el N\u00e1stic y el Grup Encanteri.<\/p>\n<p>Por otro lado, ya hay fecha para el 5\u00ba Encuentro de Pe\u00f1as del N\u00e1stic. Ser\u00e1 el viernes d\u00eda 28 de noviembre.<\/p>\n","protected":false},"excerpt":{"rendered":"<p>El jueves d\u00eda 6 de noviembre tendr\u00e1 lugar la inauguraci\u00f3n de una nueva pe\u00f1a del N\u00e1stic. Se trata de la Pe\u00f1a Territorio Grana de Vilallonga del Camp, la cual, ya tiene numerosos socios. La inauguraci\u00f3n comenzar\u00e1 a las 20\u201930h en el Restaurante l\u2019Encanteri de Vilallonga (saliendo de Vilallonga, a mano izquierda, en direcci\u00f3n la Selva [&hellip;]<\/p>\n","protected":false},"author":1,"featured_media":0,"comment_status":"open","ping_status":"open","sticky":false,"template":"","format":"standard","meta":{"_acf_changed":false,"footnotes":""},"categories":[113,126],"tags":[],"class_list":["post-78794","post","type-post","status-publish","format-standard","hentry","category-actualidad","category-primer-equipo"],"acf":[],"yoast_head":"<!-- This site is optimized with the Yoast SEO plugin v27.3 - https:\/\/yoast.com\/product\/yoast-seo-wordpress\/ -->\n<title>Presentaci\u00f3n de la pe\u00f1a Territori Grana - Gimn\u00e0stic de Tarragona SAD<\/title>\n<meta name=\"robots\" content=\"index, follow, max-snippet:-1, max-image-preview:large, max-video-preview:-1\" \/>\n<link rel=\"canonical\" href=\"https:\/\/gimnasticdetarragona.cat\/presentacio-de-la-penya-territori-grana\/\" \/>\n<meta property=\"og:locale\" content=\"es_ES\" \/>\n<meta property=\"og:type\" content=\"article\" \/>\n<meta property=\"og:title\" content=\"Presentaci\u00f3n de la pe\u00f1a Territori Grana - Gimn\u00e0stic de Tarragona SAD\" \/>\n<meta property=\"og:description\" content=\"El jueves d\u00eda 6 de noviembre tendr\u00e1 lugar la inauguraci\u00f3n de una nueva pe\u00f1a del N\u00e1stic. Se trata de la Pe\u00f1a Territorio Grana de Vilallonga del Camp, la cual, ya tiene numerosos socios. La inauguraci\u00f3n comenzar\u00e1 a las 20\u201930h en el Restaurante l\u2019Encanteri de Vilallonga (saliendo de Vilallonga, a mano izquierda, en direcci\u00f3n la Selva [&hellip;]\" \/>\n<meta property=\"og:url\" content=\"https:\/\/gimnasticdetarragona.cat\/presentacio-de-la-penya-territori-grana\/\" \/>\n<meta property=\"og:site_name\" content=\"Gimn\u00e0stic de Tarragona SAD\" \/>\n<meta property=\"article:published_time\" content=\"2008-11-05T00:00:00+00:00\" \/>\n<meta name=\"author\" content=\"desarrollo\" \/>\n<meta name=\"twitter:card\" content=\"summary_large_image\" \/>\n<meta name=\"twitter:creator\" content=\"@NASTICTARRAGONA\" \/>\n<meta name=\"twitter:site\" content=\"@NASTICTARRAGONA\" \/>\n<meta name=\"twitter:label1\" content=\"Escrito por\" \/>\n\t<meta name=\"twitter:data1\" content=\"desarrollo\" \/>\n\t<meta name=\"twitter:label2\" content=\"Tiempo de lectura\" \/>\n\t<meta name=\"twitter:data2\" content=\"1 minuto\" \/>\n<script type=\"application\/ld+json\" class=\"yoast-schema-graph\">{\"@context\":\"https:\\\/\\\/schema.org\",\"@graph\":[{\"@type\":\"Article\",\"@id\":\"https:\\\/\\\/gimnasticdetarragona.cat\\\/presentacio-de-la-penya-territori-grana\\\/#article\",\"isPartOf\":{\"@id\":\"https:\\\/\\\/gimnasticdetarragona.cat\\\/presentacio-de-la-penya-territori-grana\\\/\"},\"author\":{\"name\":\"desarrollo\",\"@id\":\"https:\\\/\\\/gimnasticdetarragona.cat\\\/es\\\/#\\\/schema\\\/person\\\/47b6a637abf88f9bd835540f20ea069e\"},\"headline\":\"Presentaci\u00f3n de la pe\u00f1a Territori Grana\",\"datePublished\":\"2008-11-05T00:00:00+00:00\",\"mainEntityOfPage\":{\"@id\":\"https:\\\/\\\/gimnasticdetarragona.cat\\\/presentacio-de-la-penya-territori-grana\\\/\"},\"wordCount\":165,\"commentCount\":0,\"publisher\":{\"@id\":\"https:\\\/\\\/gimnasticdetarragona.cat\\\/es\\\/#organization\"},\"articleSection\":[\"Actualidad\",\"Primer Equipo\"],\"inLanguage\":\"es\"},{\"@type\":\"WebPage\",\"@id\":\"https:\\\/\\\/gimnasticdetarragona.cat\\\/presentacio-de-la-penya-territori-grana\\\/\",\"url\":\"https:\\\/\\\/gimnasticdetarragona.cat\\\/presentacio-de-la-penya-territori-grana\\\/\",\"name\":\"Presentaci\u00f3n de la pe\u00f1a Territori Grana - Gimn\u00e0stic de Tarragona SAD\",\"isPartOf\":{\"@id\":\"https:\\\/\\\/gimnasticdetarragona.cat\\\/es\\\/#website\"},\"datePublished\":\"2008-11-05T00:00:00+00:00\",\"breadcrumb\":{\"@id\":\"https:\\\/\\\/gimnasticdetarragona.cat\\\/presentacio-de-la-penya-territori-grana\\\/#breadcrumb\"},\"inLanguage\":\"es\",\"potentialAction\":[{\"@type\":\"ReadAction\",\"target\":[\"https:\\\/\\\/gimnasticdetarragona.cat\\\/presentacio-de-la-penya-territori-grana\\\/\"]}]},{\"@type\":\"BreadcrumbList\",\"@id\":\"https:\\\/\\\/gimnasticdetarragona.cat\\\/presentacio-de-la-penya-territori-grana\\\/#breadcrumb\",\"itemListElement\":[{\"@type\":\"ListItem\",\"position\":1,\"name\":\"Inici\",\"item\":\"https:\\\/\\\/gimnasticdetarragona.cat\\\/es\\\/nastic\\\/\"},{\"@type\":\"ListItem\",\"position\":2,\"name\":\"Presentaci\u00f3n de la pe\u00f1a Territori Grana\"}]},{\"@type\":\"WebSite\",\"@id\":\"https:\\\/\\\/gimnasticdetarragona.cat\\\/es\\\/#website\",\"url\":\"https:\\\/\\\/gimnasticdetarragona.cat\\\/es\\\/\",\"name\":\"Gimn\u00e0stic de Tarragona SAD\",\"description\":\"Gimn\u00e0stic de Tarragona\",\"publisher\":{\"@id\":\"https:\\\/\\\/gimnasticdetarragona.cat\\\/es\\\/#organization\"},\"potentialAction\":[{\"@type\":\"SearchAction\",\"target\":{\"@type\":\"EntryPoint\",\"urlTemplate\":\"https:\\\/\\\/gimnasticdetarragona.cat\\\/es\\\/?s={search_term_string}\"},\"query-input\":{\"@type\":\"PropertyValueSpecification\",\"valueRequired\":true,\"valueName\":\"search_term_string\"}}],\"inLanguage\":\"es\"},{\"@type\":\"Organization\",\"@id\":\"https:\\\/\\\/gimnasticdetarragona.cat\\\/es\\\/#organization\",\"name\":\"GIMN\u00c0STIC DE TARRAGONA\",\"alternateName\":\"N\u00c0STIC\",\"url\":\"https:\\\/\\\/gimnasticdetarragona.cat\\\/es\\\/\",\"logo\":{\"@type\":\"ImageObject\",\"inLanguage\":\"es\",\"@id\":\"https:\\\/\\\/gimnasticdetarragona.cat\\\/es\\\/#\\\/schema\\\/logo\\\/image\\\/\",\"url\":\"https:\\\/\\\/gimnasticdetarragona.cat\\\/wp-content\\\/uploads\\\/2022\\\/06\\\/cropped-logo-gimnastic.png\",\"contentUrl\":\"https:\\\/\\\/gimnasticdetarragona.cat\\\/wp-content\\\/uploads\\\/2022\\\/06\\\/cropped-logo-gimnastic.png\",\"width\":224,\"height\":83,\"caption\":\"GIMN\u00c0STIC DE TARRAGONA\"},\"image\":{\"@id\":\"https:\\\/\\\/gimnasticdetarragona.cat\\\/es\\\/#\\\/schema\\\/logo\\\/image\\\/\"},\"sameAs\":[\"https:\\\/\\\/x.com\\\/NASTICTARRAGONA\",\"https:\\\/\\\/www.instagram.com\\\/nastictarragona\\\/\"]},{\"@type\":\"Person\",\"@id\":\"https:\\\/\\\/gimnasticdetarragona.cat\\\/es\\\/#\\\/schema\\\/person\\\/47b6a637abf88f9bd835540f20ea069e\",\"name\":\"desarrollo\",\"sameAs\":[\"https:\\\/\\\/clone.gimnasticdetarragona.cat\"]}]}<\/script>\n<!-- \/ Yoast SEO plugin. -->","yoast_head_json":{"title":"Presentaci\u00f3n de la pe\u00f1a Territori Grana - Gimn\u00e0stic de Tarragona SAD","robots":{"index":"index","follow":"follow","max-snippet":"max-snippet:-1","max-image-preview":"max-image-preview:large","max-video-preview":"max-video-preview:-1"},"canonical":"https:\/\/gimnasticdetarragona.cat\/presentacio-de-la-penya-territori-grana\/","og_locale":"es_ES","og_type":"article","og_title":"Presentaci\u00f3n de la pe\u00f1a Territori Grana - Gimn\u00e0stic de Tarragona SAD","og_description":"El jueves d\u00eda 6 de noviembre tendr\u00e1 lugar la inauguraci\u00f3n de una nueva pe\u00f1a del N\u00e1stic. Se trata de la Pe\u00f1a Territorio Grana de Vilallonga del Camp, la cual, ya tiene numerosos socios. La inauguraci\u00f3n comenzar\u00e1 a las 20\u201930h en el Restaurante l\u2019Encanteri de Vilallonga (saliendo de Vilallonga, a mano izquierda, en direcci\u00f3n la Selva [&hellip;]","og_url":"https:\/\/gimnasticdetarragona.cat\/presentacio-de-la-penya-territori-grana\/","og_site_name":"Gimn\u00e0stic de Tarragona SAD","article_published_time":"2008-11-05T00:00:00+00:00","author":"desarrollo","twitter_card":"summary_large_image","twitter_creator":"@NASTICTARRAGONA","twitter_site":"@NASTICTARRAGONA","twitter_misc":{"Escrito por":"desarrollo","Tiempo de lectura":"1 minuto"},"schema":{"@context":"https:\/\/schema.org","@graph":[{"@type":"Article","@id":"https:\/\/gimnasticdetarragona.cat\/presentacio-de-la-penya-territori-grana\/#article","isPartOf":{"@id":"https:\/\/gimnasticdetarragona.cat\/presentacio-de-la-penya-territori-grana\/"},"author":{"name":"desarrollo","@id":"https:\/\/gimnasticdetarragona.cat\/es\/#\/schema\/person\/47b6a637abf88f9bd835540f20ea069e"},"headline":"Presentaci\u00f3n de la pe\u00f1a Territori Grana","datePublished":"2008-11-05T00:00:00+00:00","mainEntityOfPage":{"@id":"https:\/\/gimnasticdetarragona.cat\/presentacio-de-la-penya-territori-grana\/"},"wordCount":165,"commentCount":0,"publisher":{"@id":"https:\/\/gimnasticdetarragona.cat\/es\/#organization"},"articleSection":["Actualidad","Primer Equipo"],"inLanguage":"es"},{"@type":"WebPage","@id":"https:\/\/gimnasticdetarragona.cat\/presentacio-de-la-penya-territori-grana\/","url":"https:\/\/gimnasticdetarragona.cat\/presentacio-de-la-penya-territori-grana\/","name":"Presentaci\u00f3n de la pe\u00f1a Territori Grana - Gimn\u00e0stic de Tarragona SAD","isPartOf":{"@id":"https:\/\/gimnasticdetarragona.cat\/es\/#website"},"datePublished":"2008-11-05T00:00:00+00:00","breadcrumb":{"@id":"https:\/\/gimnasticdetarragona.cat\/presentacio-de-la-penya-territori-grana\/#breadcrumb"},"inLanguage":"es","potentialAction":[{"@type":"ReadAction","target":["https:\/\/gimnasticdetarragona.cat\/presentacio-de-la-penya-territori-grana\/"]}]},{"@type":"BreadcrumbList","@id":"https:\/\/gimnasticdetarragona.cat\/presentacio-de-la-penya-territori-grana\/#breadcrumb","itemListElement":[{"@type":"ListItem","position":1,"name":"Inici","item":"https:\/\/gimnasticdetarragona.cat\/es\/nastic\/"},{"@type":"ListItem","position":2,"name":"Presentaci\u00f3n de la pe\u00f1a Territori Grana"}]},{"@type":"WebSite","@id":"https:\/\/gimnasticdetarragona.cat\/es\/#website","url":"https:\/\/gimnasticdetarragona.cat\/es\/","name":"Gimn\u00e0stic de Tarragona SAD","description":"Gimn\u00e0stic de Tarragona","publisher":{"@id":"https:\/\/gimnasticdetarragona.cat\/es\/#organization"},"potentialAction":[{"@type":"SearchAction","target":{"@type":"EntryPoint","urlTemplate":"https:\/\/gimnasticdetarragona.cat\/es\/?s={search_term_string}"},"query-input":{"@type":"PropertyValueSpecification","valueRequired":true,"valueName":"search_term_string"}}],"inLanguage":"es"},{"@type":"Organization","@id":"https:\/\/gimnasticdetarragona.cat\/es\/#organization","name":"GIMN\u00c0STIC DE TARRAGONA","alternateName":"N\u00c0STIC","url":"https:\/\/gimnasticdetarragona.cat\/es\/","logo":{"@type":"ImageObject","inLanguage":"es","@id":"https:\/\/gimnasticdetarragona.cat\/es\/#\/schema\/logo\/image\/","url":"https:\/\/gimnasticdetarragona.cat\/wp-content\/uploads\/2022\/06\/cropped-logo-gimnastic.png","contentUrl":"https:\/\/gimnasticdetarragona.cat\/wp-content\/uploads\/2022\/06\/cropped-logo-gimnastic.png","width":224,"height":83,"caption":"GIMN\u00c0STIC DE TARRAGONA"},"image":{"@id":"https:\/\/gimnasticdetarragona.cat\/es\/#\/schema\/logo\/image\/"},"sameAs":["https:\/\/x.com\/NASTICTARRAGONA","https:\/\/www.instagram.com\/nastictarragona\/"]},{"@type":"Person","@id":"https:\/\/gimnasticdetarragona.cat\/es\/#\/schema\/person\/47b6a637abf88f9bd835540f20ea069e","name":"desarrollo","sameAs":["https:\/\/clone.gimnasticdetarragona.cat"]}]}},"_links":{"self":[{"href":"https:\/\/gimnasticdetarragona.cat\/es\/wp-json\/wp\/v2\/posts\/78794","targetHints":{"allow":["GET"]}}],"collection":[{"href":"https:\/\/gimnasticdetarragona.cat\/es\/wp-json\/wp\/v2\/posts"}],"about":[{"href":"https:\/\/gimnasticdetarragona.cat\/es\/wp-json\/wp\/v2\/types\/post"}],"author":[{"embeddable":true,"href":"https:\/\/gimnasticdetarragona.cat\/es\/wp-json\/wp\/v2\/users\/1"}],"replies":[{"embeddable":true,"href":"https:\/\/gimnasticdetarragona.cat\/es\/wp-json\/wp\/v2\/comments?post=78794"}],"version-history":[{"count":0,"href":"https:\/\/gimnasticdetarragona.cat\/es\/wp-json\/wp\/v2\/posts\/78794\/revisions"}],"wp:attachment":[{"href":"https:\/\/gimnasticdetarragona.cat\/es\/wp-json\/wp\/v2\/media?parent=78794"}],"wp:term":[{"taxonomy":"category","embeddable":true,"href":"https:\/\/gimnasticdetarragona.cat\/es\/wp-json\/wp\/v2\/categories?post=78794"},{"taxonomy":"post_tag","embeddable":true,"href":"https:\/\/gimnasticdetarragona.cat\/es\/wp-json\/wp\/v2\/tags?post=78794"}],"curies":[{"name":"wp","href":"https:\/\/api.w.org\/{rel}","templated":true}]}}