{"id":78796,"date":"2008-11-05T00:00:00","date_gmt":"2008-11-05T00:00:00","guid":{"rendered":"https:\/\/clone.gimnasticdetarragona.cat\/vi-aniversario-de-la-pena-passio-grana\/"},"modified":"2008-11-05T00:00:00","modified_gmt":"2008-11-05T00:00:00","slug":"vi-aniversario-de-la-pena-passio-grana","status":"publish","type":"post","link":"https:\/\/gimnasticdetarragona.cat\/es\/vi-aniversario-de-la-pena-passio-grana\/","title":{"rendered":"VI aniversario de la pe\u00f1a Passi\u00f3 Grana"},"content":{"rendered":"<p>Desde el 31 de octubre y hasta el 7 de noviembre la \u201cAssociaci\u00f3 de Ve\u00efns l\u2019Albalda\u201d de Tarragona presenta las Jornadas Socio-Culturales 2008. El objetivo principal se centra en tratar temas de actualidad como son la situaci\u00f3n de las personas con discapacidad, las dificultades de las familias sumidas en la crisis econ\u00f3mica, el futuro del campo del N\u00e0stic, el entorno medio-ambiental, entre otros. Se han organizado talleres dirigidos a los ni\u00f1os, exposiciones, asambleas informativas y mesas redondas.<br \/>\nEn este sentido, la mesa redonda \u201cEl nou camp del N\u00e0stic, una necessitat esportiva i social\u201d se celebrar\u00e1 ma\u00f1ana viernes, a las 19\u201930h. Contar\u00e1 con la participaci\u00f3n del regidor de deportes, Jos\u00e9 Cosano; el regidor de CIU, Raul Font; el presidente del Club Gimnastic, Josep Maria Andreu, Daniel Ju\u00e1rez, presidente de la AAVV; i un representante del Gimnastic de Tarragona SAD. El moderador ser\u00e1 el periodista del Diari de Tarragona, Miquel Tono.<br \/>\nLa mesa redonda coincide con la celebraci\u00f3n del VI aniversario de la pe\u00f1a \u201cPassi\u00f3 Grana\u201d. Para esta conmemoraci\u00f3n se contar\u00e1 con la presencia de jugadores del N\u00e0stic, as\u00ed como otros representantes del club.<br \/>\nLos actos se realizan en el local de la AAVV, en la calle Baro Pierre de Coubertaine, 18.<\/p>\n","protected":false},"excerpt":{"rendered":"<p>Desde el 31 de octubre y hasta el 7 de noviembre la \u201cAssociaci\u00f3 de Ve\u00efns l\u2019Albalda\u201d de Tarragona presenta las Jornadas Socio-Culturales 2008. El objetivo principal se centra en tratar temas de actualidad como son la situaci\u00f3n de las personas con discapacidad, las dificultades de las familias sumidas en la crisis econ\u00f3mica, el futuro del [&hellip;]<\/p>\n","protected":false},"author":1,"featured_media":0,"comment_status":"open","ping_status":"open","sticky":false,"template":"","format":"standard","meta":{"_acf_changed":false,"footnotes":""},"categories":[113,126],"tags":[],"class_list":["post-78796","post","type-post","status-publish","format-standard","hentry","category-actualidad","category-primer-equipo"],"acf":[],"yoast_head":"<!-- This site is optimized with the Yoast SEO plugin v27.3 - https:\/\/yoast.com\/product\/yoast-seo-wordpress\/ -->\n<title>VI aniversario de la pe\u00f1a Passi\u00f3 Grana - Gimn\u00e0stic de Tarragona SAD<\/title>\n<meta name=\"robots\" content=\"index, follow, max-snippet:-1, max-image-preview:large, max-video-preview:-1\" \/>\n<link rel=\"canonical\" href=\"https:\/\/gimnasticdetarragona.cat\/vi-aniversari-de-la-penya-passio-grana\/\" \/>\n<meta property=\"og:locale\" content=\"es_ES\" \/>\n<meta property=\"og:type\" content=\"article\" \/>\n<meta property=\"og:title\" content=\"VI aniversario de la pe\u00f1a Passi\u00f3 Grana - Gimn\u00e0stic de Tarragona SAD\" \/>\n<meta property=\"og:description\" content=\"Desde el 31 de octubre y hasta el 7 de noviembre la \u201cAssociaci\u00f3 de Ve\u00efns l\u2019Albalda\u201d de Tarragona presenta las Jornadas Socio-Culturales 2008. El objetivo principal se centra en tratar temas de actualidad como son la situaci\u00f3n de las personas con discapacidad, las dificultades de las familias sumidas en la crisis econ\u00f3mica, el futuro del [&hellip;]\" \/>\n<meta property=\"og:url\" content=\"https:\/\/gimnasticdetarragona.cat\/vi-aniversari-de-la-penya-passio-grana\/\" \/>\n<meta property=\"og:site_name\" content=\"Gimn\u00e0stic de Tarragona SAD\" \/>\n<meta property=\"article:published_time\" content=\"2008-11-05T00:00:00+00:00\" \/>\n<meta name=\"author\" content=\"desarrollo\" \/>\n<meta name=\"twitter:card\" content=\"summary_large_image\" \/>\n<meta name=\"twitter:creator\" content=\"@NASTICTARRAGONA\" \/>\n<meta name=\"twitter:site\" content=\"@NASTICTARRAGONA\" \/>\n<meta name=\"twitter:label1\" content=\"Escrito por\" \/>\n\t<meta name=\"twitter:data1\" content=\"desarrollo\" \/>\n\t<meta name=\"twitter:label2\" content=\"Tiempo de lectura\" \/>\n\t<meta name=\"twitter:data2\" content=\"1 minuto\" \/>\n<script type=\"application\/ld+json\" class=\"yoast-schema-graph\">{\"@context\":\"https:\\\/\\\/schema.org\",\"@graph\":[{\"@type\":\"Article\",\"@id\":\"https:\\\/\\\/gimnasticdetarragona.cat\\\/vi-aniversari-de-la-penya-passio-grana\\\/#article\",\"isPartOf\":{\"@id\":\"https:\\\/\\\/gimnasticdetarragona.cat\\\/vi-aniversari-de-la-penya-passio-grana\\\/\"},\"author\":{\"name\":\"desarrollo\",\"@id\":\"https:\\\/\\\/gimnasticdetarragona.cat\\\/es\\\/#\\\/schema\\\/person\\\/47b6a637abf88f9bd835540f20ea069e\"},\"headline\":\"VI aniversario de la pe\u00f1a Passi\u00f3 Grana\",\"datePublished\":\"2008-11-05T00:00:00+00:00\",\"mainEntityOfPage\":{\"@id\":\"https:\\\/\\\/gimnasticdetarragona.cat\\\/vi-aniversari-de-la-penya-passio-grana\\\/\"},\"wordCount\":218,\"commentCount\":0,\"publisher\":{\"@id\":\"https:\\\/\\\/gimnasticdetarragona.cat\\\/es\\\/#organization\"},\"articleSection\":[\"Actualidad\",\"Primer Equipo\"],\"inLanguage\":\"es\"},{\"@type\":\"WebPage\",\"@id\":\"https:\\\/\\\/gimnasticdetarragona.cat\\\/vi-aniversari-de-la-penya-passio-grana\\\/\",\"url\":\"https:\\\/\\\/gimnasticdetarragona.cat\\\/vi-aniversari-de-la-penya-passio-grana\\\/\",\"name\":\"VI aniversario de la pe\u00f1a Passi\u00f3 Grana - Gimn\u00e0stic de Tarragona SAD\",\"isPartOf\":{\"@id\":\"https:\\\/\\\/gimnasticdetarragona.cat\\\/es\\\/#website\"},\"datePublished\":\"2008-11-05T00:00:00+00:00\",\"breadcrumb\":{\"@id\":\"https:\\\/\\\/gimnasticdetarragona.cat\\\/vi-aniversari-de-la-penya-passio-grana\\\/#breadcrumb\"},\"inLanguage\":\"es\",\"potentialAction\":[{\"@type\":\"ReadAction\",\"target\":[\"https:\\\/\\\/gimnasticdetarragona.cat\\\/vi-aniversari-de-la-penya-passio-grana\\\/\"]}]},{\"@type\":\"BreadcrumbList\",\"@id\":\"https:\\\/\\\/gimnasticdetarragona.cat\\\/vi-aniversari-de-la-penya-passio-grana\\\/#breadcrumb\",\"itemListElement\":[{\"@type\":\"ListItem\",\"position\":1,\"name\":\"Inici\",\"item\":\"https:\\\/\\\/gimnasticdetarragona.cat\\\/es\\\/nastic\\\/\"},{\"@type\":\"ListItem\",\"position\":2,\"name\":\"VI aniversario de la pe\u00f1a Passi\u00f3 Grana\"}]},{\"@type\":\"WebSite\",\"@id\":\"https:\\\/\\\/gimnasticdetarragona.cat\\\/es\\\/#website\",\"url\":\"https:\\\/\\\/gimnasticdetarragona.cat\\\/es\\\/\",\"name\":\"Gimn\u00e0stic de Tarragona SAD\",\"description\":\"Gimn\u00e0stic de Tarragona\",\"publisher\":{\"@id\":\"https:\\\/\\\/gimnasticdetarragona.cat\\\/es\\\/#organization\"},\"potentialAction\":[{\"@type\":\"SearchAction\",\"target\":{\"@type\":\"EntryPoint\",\"urlTemplate\":\"https:\\\/\\\/gimnasticdetarragona.cat\\\/es\\\/?s={search_term_string}\"},\"query-input\":{\"@type\":\"PropertyValueSpecification\",\"valueRequired\":true,\"valueName\":\"search_term_string\"}}],\"inLanguage\":\"es\"},{\"@type\":\"Organization\",\"@id\":\"https:\\\/\\\/gimnasticdetarragona.cat\\\/es\\\/#organization\",\"name\":\"GIMN\u00c0STIC DE TARRAGONA\",\"alternateName\":\"N\u00c0STIC\",\"url\":\"https:\\\/\\\/gimnasticdetarragona.cat\\\/es\\\/\",\"logo\":{\"@type\":\"ImageObject\",\"inLanguage\":\"es\",\"@id\":\"https:\\\/\\\/gimnasticdetarragona.cat\\\/es\\\/#\\\/schema\\\/logo\\\/image\\\/\",\"url\":\"https:\\\/\\\/gimnasticdetarragona.cat\\\/wp-content\\\/uploads\\\/2022\\\/06\\\/cropped-logo-gimnastic.png\",\"contentUrl\":\"https:\\\/\\\/gimnasticdetarragona.cat\\\/wp-content\\\/uploads\\\/2022\\\/06\\\/cropped-logo-gimnastic.png\",\"width\":224,\"height\":83,\"caption\":\"GIMN\u00c0STIC DE TARRAGONA\"},\"image\":{\"@id\":\"https:\\\/\\\/gimnasticdetarragona.cat\\\/es\\\/#\\\/schema\\\/logo\\\/image\\\/\"},\"sameAs\":[\"https:\\\/\\\/x.com\\\/NASTICTARRAGONA\",\"https:\\\/\\\/www.instagram.com\\\/nastictarragona\\\/\"]},{\"@type\":\"Person\",\"@id\":\"https:\\\/\\\/gimnasticdetarragona.cat\\\/es\\\/#\\\/schema\\\/person\\\/47b6a637abf88f9bd835540f20ea069e\",\"name\":\"desarrollo\",\"sameAs\":[\"https:\\\/\\\/clone.gimnasticdetarragona.cat\"]}]}<\/script>\n<!-- \/ Yoast SEO plugin. -->","yoast_head_json":{"title":"VI aniversario de la pe\u00f1a Passi\u00f3 Grana - Gimn\u00e0stic de Tarragona SAD","robots":{"index":"index","follow":"follow","max-snippet":"max-snippet:-1","max-image-preview":"max-image-preview:large","max-video-preview":"max-video-preview:-1"},"canonical":"https:\/\/gimnasticdetarragona.cat\/vi-aniversari-de-la-penya-passio-grana\/","og_locale":"es_ES","og_type":"article","og_title":"VI aniversario de la pe\u00f1a Passi\u00f3 Grana - Gimn\u00e0stic de Tarragona SAD","og_description":"Desde el 31 de octubre y hasta el 7 de noviembre la \u201cAssociaci\u00f3 de Ve\u00efns l\u2019Albalda\u201d de Tarragona presenta las Jornadas Socio-Culturales 2008. El objetivo principal se centra en tratar temas de actualidad como son la situaci\u00f3n de las personas con discapacidad, las dificultades de las familias sumidas en la crisis econ\u00f3mica, el futuro del [&hellip;]","og_url":"https:\/\/gimnasticdetarragona.cat\/vi-aniversari-de-la-penya-passio-grana\/","og_site_name":"Gimn\u00e0stic de Tarragona SAD","article_published_time":"2008-11-05T00:00:00+00:00","author":"desarrollo","twitter_card":"summary_large_image","twitter_creator":"@NASTICTARRAGONA","twitter_site":"@NASTICTARRAGONA","twitter_misc":{"Escrito por":"desarrollo","Tiempo de lectura":"1 minuto"},"schema":{"@context":"https:\/\/schema.org","@graph":[{"@type":"Article","@id":"https:\/\/gimnasticdetarragona.cat\/vi-aniversari-de-la-penya-passio-grana\/#article","isPartOf":{"@id":"https:\/\/gimnasticdetarragona.cat\/vi-aniversari-de-la-penya-passio-grana\/"},"author":{"name":"desarrollo","@id":"https:\/\/gimnasticdetarragona.cat\/es\/#\/schema\/person\/47b6a637abf88f9bd835540f20ea069e"},"headline":"VI aniversario de la pe\u00f1a Passi\u00f3 Grana","datePublished":"2008-11-05T00:00:00+00:00","mainEntityOfPage":{"@id":"https:\/\/gimnasticdetarragona.cat\/vi-aniversari-de-la-penya-passio-grana\/"},"wordCount":218,"commentCount":0,"publisher":{"@id":"https:\/\/gimnasticdetarragona.cat\/es\/#organization"},"articleSection":["Actualidad","Primer Equipo"],"inLanguage":"es"},{"@type":"WebPage","@id":"https:\/\/gimnasticdetarragona.cat\/vi-aniversari-de-la-penya-passio-grana\/","url":"https:\/\/gimnasticdetarragona.cat\/vi-aniversari-de-la-penya-passio-grana\/","name":"VI aniversario de la pe\u00f1a Passi\u00f3 Grana - Gimn\u00e0stic de Tarragona SAD","isPartOf":{"@id":"https:\/\/gimnasticdetarragona.cat\/es\/#website"},"datePublished":"2008-11-05T00:00:00+00:00","breadcrumb":{"@id":"https:\/\/gimnasticdetarragona.cat\/vi-aniversari-de-la-penya-passio-grana\/#breadcrumb"},"inLanguage":"es","potentialAction":[{"@type":"ReadAction","target":["https:\/\/gimnasticdetarragona.cat\/vi-aniversari-de-la-penya-passio-grana\/"]}]},{"@type":"BreadcrumbList","@id":"https:\/\/gimnasticdetarragona.cat\/vi-aniversari-de-la-penya-passio-grana\/#breadcrumb","itemListElement":[{"@type":"ListItem","position":1,"name":"Inici","item":"https:\/\/gimnasticdetarragona.cat\/es\/nastic\/"},{"@type":"ListItem","position":2,"name":"VI aniversario de la pe\u00f1a Passi\u00f3 Grana"}]},{"@type":"WebSite","@id":"https:\/\/gimnasticdetarragona.cat\/es\/#website","url":"https:\/\/gimnasticdetarragona.cat\/es\/","name":"Gimn\u00e0stic de Tarragona SAD","description":"Gimn\u00e0stic de Tarragona","publisher":{"@id":"https:\/\/gimnasticdetarragona.cat\/es\/#organization"},"potentialAction":[{"@type":"SearchAction","target":{"@type":"EntryPoint","urlTemplate":"https:\/\/gimnasticdetarragona.cat\/es\/?s={search_term_string}"},"query-input":{"@type":"PropertyValueSpecification","valueRequired":true,"valueName":"search_term_string"}}],"inLanguage":"es"},{"@type":"Organization","@id":"https:\/\/gimnasticdetarragona.cat\/es\/#organization","name":"GIMN\u00c0STIC DE TARRAGONA","alternateName":"N\u00c0STIC","url":"https:\/\/gimnasticdetarragona.cat\/es\/","logo":{"@type":"ImageObject","inLanguage":"es","@id":"https:\/\/gimnasticdetarragona.cat\/es\/#\/schema\/logo\/image\/","url":"https:\/\/gimnasticdetarragona.cat\/wp-content\/uploads\/2022\/06\/cropped-logo-gimnastic.png","contentUrl":"https:\/\/gimnasticdetarragona.cat\/wp-content\/uploads\/2022\/06\/cropped-logo-gimnastic.png","width":224,"height":83,"caption":"GIMN\u00c0STIC DE TARRAGONA"},"image":{"@id":"https:\/\/gimnasticdetarragona.cat\/es\/#\/schema\/logo\/image\/"},"sameAs":["https:\/\/x.com\/NASTICTARRAGONA","https:\/\/www.instagram.com\/nastictarragona\/"]},{"@type":"Person","@id":"https:\/\/gimnasticdetarragona.cat\/es\/#\/schema\/person\/47b6a637abf88f9bd835540f20ea069e","name":"desarrollo","sameAs":["https:\/\/clone.gimnasticdetarragona.cat"]}]}},"_links":{"self":[{"href":"https:\/\/gimnasticdetarragona.cat\/es\/wp-json\/wp\/v2\/posts\/78796","targetHints":{"allow":["GET"]}}],"collection":[{"href":"https:\/\/gimnasticdetarragona.cat\/es\/wp-json\/wp\/v2\/posts"}],"about":[{"href":"https:\/\/gimnasticdetarragona.cat\/es\/wp-json\/wp\/v2\/types\/post"}],"author":[{"embeddable":true,"href":"https:\/\/gimnasticdetarragona.cat\/es\/wp-json\/wp\/v2\/users\/1"}],"replies":[{"embeddable":true,"href":"https:\/\/gimnasticdetarragona.cat\/es\/wp-json\/wp\/v2\/comments?post=78796"}],"version-history":[{"count":0,"href":"https:\/\/gimnasticdetarragona.cat\/es\/wp-json\/wp\/v2\/posts\/78796\/revisions"}],"wp:attachment":[{"href":"https:\/\/gimnasticdetarragona.cat\/es\/wp-json\/wp\/v2\/media?parent=78796"}],"wp:term":[{"taxonomy":"category","embeddable":true,"href":"https:\/\/gimnasticdetarragona.cat\/es\/wp-json\/wp\/v2\/categories?post=78796"},{"taxonomy":"post_tag","embeddable":true,"href":"https:\/\/gimnasticdetarragona.cat\/es\/wp-json\/wp\/v2\/tags?post=78796"}],"curies":[{"name":"wp","href":"https:\/\/api.w.org\/{rel}","templated":true}]}}