{"id":79188,"date":"2008-01-26T00:00:00","date_gmt":"2008-01-26T00:00:00","guid":{"rendered":"https:\/\/clone.gimnasticdetarragona.cat\/repartimiento-de-puntos-en-mendizorroza\/"},"modified":"2008-01-26T00:00:00","modified_gmt":"2008-01-26T00:00:00","slug":"repartimiento-de-puntos-en-mendizorroza","status":"publish","type":"post","link":"https:\/\/gimnasticdetarragona.cat\/es\/repartimiento-de-puntos-en-mendizorroza\/","title":{"rendered":"Repartimiento de puntos en Mendizorroza"},"content":{"rendered":"<p>Tercer partido de C\u00e9sar Ferrando y tercer empate. Esta vez contra el Alav\u00e9s, en Vitoria. A diferencia del \u00faltimo partido en Salamanca, ha sido el Gimn\u00e0stic el dominador claro de la primera parte. Tras un comienzo aburrido y lento, los granas se han hecho due\u00f1os del partido, gracias sobre todo a una defensa muy ordenada y el juego de bandas de Gorka y Campano. Este \u00faltimo ha sido el autor del gol, un aut\u00e9ntico golazo que ha entrado por la escuadra izquierda de Bernardo, el portero local. El N\u00e0stic se adelantaba, pues, al marcador y aprovechaba este factor para jugar m\u00e1s c\u00f3modo, con m\u00e1s serenor y aprovechando las idas y venidas de Jandro, uno de los protagonistas del partido. Miku hubiera podido marcar el segundo en dos ocasiones, pero la defensa vasca ha conseguido rechazar los dos chuts. Con todo esto llegaba la media parte a Mendizorroza, con un buens sensaciones y con la percepci\u00f3n de que pod\u00eda llegar la primera victoria de la era Ferrando. Pero los segundos 45 minutos han sido de claro color blanco-y-azul. Toni Moral, Sergio Fern\u00e1ndez, Aganzo y compa\u00f1\u00eda han decidido hacer de las suyos y han exasperado la l\u00ednea defensiva grana, que se limitiva a rechazar pelotas largas, imposibles para los delanteros tarraconenses. Y as\u00ed ha llegado el gol del empate, obra de Aganzo, que, s\u00f3lo, ha rematado de cabeza. Y tras el gol el Alav\u00e9s ha seguido la ofensiva, pero la entrada de Arp\u00f3n y Pinilla ha ayudado a mantener m\u00e1s la pelota y a calmar el ritmo del partido. Justo lo que necesitaba el N\u00e0stic para sumar su tercer partido consecutivo sin perder, pese a que dos han estado como visitante. <\/p>\n","protected":false},"excerpt":{"rendered":"<p>Tercer partido de C\u00e9sar Ferrando y tercer empate. Esta vez contra el Alav\u00e9s, en Vitoria. A diferencia del \u00faltimo partido en Salamanca, ha sido el Gimn\u00e0stic el dominador claro de la primera parte. Tras un comienzo aburrido y lento, los granas se han hecho due\u00f1os del partido, gracias sobre todo a una defensa muy ordenada [&hellip;]<\/p>\n","protected":false},"author":1,"featured_media":0,"comment_status":"open","ping_status":"open","sticky":false,"template":"","format":"standard","meta":{"_acf_changed":false,"footnotes":""},"categories":[113,126],"tags":[],"class_list":["post-79188","post","type-post","status-publish","format-standard","hentry","category-actualidad","category-primer-equipo"],"acf":[],"yoast_head":"<!-- This site is optimized with the Yoast SEO plugin v27.3 - https:\/\/yoast.com\/product\/yoast-seo-wordpress\/ -->\n<title>Repartimiento de puntos en Mendizorroza - Gimn\u00e0stic de Tarragona SAD<\/title>\n<meta name=\"robots\" content=\"index, follow, max-snippet:-1, max-image-preview:large, max-video-preview:-1\" \/>\n<link rel=\"canonical\" href=\"https:\/\/gimnasticdetarragona.cat\/repartiment-de-punts-a-mendizorroza\/\" \/>\n<meta property=\"og:locale\" content=\"es_ES\" \/>\n<meta property=\"og:type\" content=\"article\" \/>\n<meta property=\"og:title\" content=\"Repartimiento de puntos en Mendizorroza - Gimn\u00e0stic de Tarragona SAD\" \/>\n<meta property=\"og:description\" content=\"Tercer partido de C\u00e9sar Ferrando y tercer empate. Esta vez contra el Alav\u00e9s, en Vitoria. A diferencia del \u00faltimo partido en Salamanca, ha sido el Gimn\u00e0stic el dominador claro de la primera parte. Tras un comienzo aburrido y lento, los granas se han hecho due\u00f1os del partido, gracias sobre todo a una defensa muy ordenada [&hellip;]\" \/>\n<meta property=\"og:url\" content=\"https:\/\/gimnasticdetarragona.cat\/repartiment-de-punts-a-mendizorroza\/\" \/>\n<meta property=\"og:site_name\" content=\"Gimn\u00e0stic de Tarragona SAD\" \/>\n<meta property=\"article:published_time\" content=\"2008-01-26T00:00:00+00:00\" \/>\n<meta name=\"author\" content=\"desarrollo\" \/>\n<meta name=\"twitter:card\" content=\"summary_large_image\" \/>\n<meta name=\"twitter:creator\" content=\"@NASTICTARRAGONA\" \/>\n<meta name=\"twitter:site\" content=\"@NASTICTARRAGONA\" \/>\n<meta name=\"twitter:label1\" content=\"Escrito por\" \/>\n\t<meta name=\"twitter:data1\" content=\"desarrollo\" \/>\n\t<meta name=\"twitter:label2\" content=\"Tiempo de lectura\" \/>\n\t<meta name=\"twitter:data2\" content=\"1 minuto\" \/>\n<script type=\"application\/ld+json\" class=\"yoast-schema-graph\">{\"@context\":\"https:\\\/\\\/schema.org\",\"@graph\":[{\"@type\":\"Article\",\"@id\":\"https:\\\/\\\/gimnasticdetarragona.cat\\\/repartiment-de-punts-a-mendizorroza\\\/#article\",\"isPartOf\":{\"@id\":\"https:\\\/\\\/gimnasticdetarragona.cat\\\/repartiment-de-punts-a-mendizorroza\\\/\"},\"author\":{\"name\":\"desarrollo\",\"@id\":\"https:\\\/\\\/gimnasticdetarragona.cat\\\/es\\\/#\\\/schema\\\/person\\\/47b6a637abf88f9bd835540f20ea069e\"},\"headline\":\"Repartimiento de puntos en Mendizorroza\",\"datePublished\":\"2008-01-26T00:00:00+00:00\",\"mainEntityOfPage\":{\"@id\":\"https:\\\/\\\/gimnasticdetarragona.cat\\\/repartiment-de-punts-a-mendizorroza\\\/\"},\"wordCount\":302,\"commentCount\":0,\"publisher\":{\"@id\":\"https:\\\/\\\/gimnasticdetarragona.cat\\\/es\\\/#organization\"},\"articleSection\":[\"Actualidad\",\"Primer Equipo\"],\"inLanguage\":\"es\"},{\"@type\":\"WebPage\",\"@id\":\"https:\\\/\\\/gimnasticdetarragona.cat\\\/repartiment-de-punts-a-mendizorroza\\\/\",\"url\":\"https:\\\/\\\/gimnasticdetarragona.cat\\\/repartiment-de-punts-a-mendizorroza\\\/\",\"name\":\"Repartimiento de puntos en Mendizorroza - Gimn\u00e0stic de Tarragona SAD\",\"isPartOf\":{\"@id\":\"https:\\\/\\\/gimnasticdetarragona.cat\\\/es\\\/#website\"},\"datePublished\":\"2008-01-26T00:00:00+00:00\",\"breadcrumb\":{\"@id\":\"https:\\\/\\\/gimnasticdetarragona.cat\\\/repartiment-de-punts-a-mendizorroza\\\/#breadcrumb\"},\"inLanguage\":\"es\",\"potentialAction\":[{\"@type\":\"ReadAction\",\"target\":[\"https:\\\/\\\/gimnasticdetarragona.cat\\\/repartiment-de-punts-a-mendizorroza\\\/\"]}]},{\"@type\":\"BreadcrumbList\",\"@id\":\"https:\\\/\\\/gimnasticdetarragona.cat\\\/repartiment-de-punts-a-mendizorroza\\\/#breadcrumb\",\"itemListElement\":[{\"@type\":\"ListItem\",\"position\":1,\"name\":\"Inici\",\"item\":\"https:\\\/\\\/gimnasticdetarragona.cat\\\/es\\\/nastic\\\/\"},{\"@type\":\"ListItem\",\"position\":2,\"name\":\"Repartimiento de puntos en Mendizorroza\"}]},{\"@type\":\"WebSite\",\"@id\":\"https:\\\/\\\/gimnasticdetarragona.cat\\\/es\\\/#website\",\"url\":\"https:\\\/\\\/gimnasticdetarragona.cat\\\/es\\\/\",\"name\":\"Gimn\u00e0stic de Tarragona SAD\",\"description\":\"Gimn\u00e0stic de Tarragona\",\"publisher\":{\"@id\":\"https:\\\/\\\/gimnasticdetarragona.cat\\\/es\\\/#organization\"},\"potentialAction\":[{\"@type\":\"SearchAction\",\"target\":{\"@type\":\"EntryPoint\",\"urlTemplate\":\"https:\\\/\\\/gimnasticdetarragona.cat\\\/es\\\/?s={search_term_string}\"},\"query-input\":{\"@type\":\"PropertyValueSpecification\",\"valueRequired\":true,\"valueName\":\"search_term_string\"}}],\"inLanguage\":\"es\"},{\"@type\":\"Organization\",\"@id\":\"https:\\\/\\\/gimnasticdetarragona.cat\\\/es\\\/#organization\",\"name\":\"GIMN\u00c0STIC DE TARRAGONA\",\"alternateName\":\"N\u00c0STIC\",\"url\":\"https:\\\/\\\/gimnasticdetarragona.cat\\\/es\\\/\",\"logo\":{\"@type\":\"ImageObject\",\"inLanguage\":\"es\",\"@id\":\"https:\\\/\\\/gimnasticdetarragona.cat\\\/es\\\/#\\\/schema\\\/logo\\\/image\\\/\",\"url\":\"https:\\\/\\\/gimnasticdetarragona.cat\\\/wp-content\\\/uploads\\\/2022\\\/06\\\/cropped-logo-gimnastic.png\",\"contentUrl\":\"https:\\\/\\\/gimnasticdetarragona.cat\\\/wp-content\\\/uploads\\\/2022\\\/06\\\/cropped-logo-gimnastic.png\",\"width\":224,\"height\":83,\"caption\":\"GIMN\u00c0STIC DE TARRAGONA\"},\"image\":{\"@id\":\"https:\\\/\\\/gimnasticdetarragona.cat\\\/es\\\/#\\\/schema\\\/logo\\\/image\\\/\"},\"sameAs\":[\"https:\\\/\\\/x.com\\\/NASTICTARRAGONA\",\"https:\\\/\\\/www.instagram.com\\\/nastictarragona\\\/\"]},{\"@type\":\"Person\",\"@id\":\"https:\\\/\\\/gimnasticdetarragona.cat\\\/es\\\/#\\\/schema\\\/person\\\/47b6a637abf88f9bd835540f20ea069e\",\"name\":\"desarrollo\",\"sameAs\":[\"https:\\\/\\\/clone.gimnasticdetarragona.cat\"]}]}<\/script>\n<!-- \/ Yoast SEO plugin. -->","yoast_head_json":{"title":"Repartimiento de puntos en Mendizorroza - Gimn\u00e0stic de Tarragona SAD","robots":{"index":"index","follow":"follow","max-snippet":"max-snippet:-1","max-image-preview":"max-image-preview:large","max-video-preview":"max-video-preview:-1"},"canonical":"https:\/\/gimnasticdetarragona.cat\/repartiment-de-punts-a-mendizorroza\/","og_locale":"es_ES","og_type":"article","og_title":"Repartimiento de puntos en Mendizorroza - Gimn\u00e0stic de Tarragona SAD","og_description":"Tercer partido de C\u00e9sar Ferrando y tercer empate. Esta vez contra el Alav\u00e9s, en Vitoria. A diferencia del \u00faltimo partido en Salamanca, ha sido el Gimn\u00e0stic el dominador claro de la primera parte. Tras un comienzo aburrido y lento, los granas se han hecho due\u00f1os del partido, gracias sobre todo a una defensa muy ordenada [&hellip;]","og_url":"https:\/\/gimnasticdetarragona.cat\/repartiment-de-punts-a-mendizorroza\/","og_site_name":"Gimn\u00e0stic de Tarragona SAD","article_published_time":"2008-01-26T00:00:00+00:00","author":"desarrollo","twitter_card":"summary_large_image","twitter_creator":"@NASTICTARRAGONA","twitter_site":"@NASTICTARRAGONA","twitter_misc":{"Escrito por":"desarrollo","Tiempo de lectura":"1 minuto"},"schema":{"@context":"https:\/\/schema.org","@graph":[{"@type":"Article","@id":"https:\/\/gimnasticdetarragona.cat\/repartiment-de-punts-a-mendizorroza\/#article","isPartOf":{"@id":"https:\/\/gimnasticdetarragona.cat\/repartiment-de-punts-a-mendizorroza\/"},"author":{"name":"desarrollo","@id":"https:\/\/gimnasticdetarragona.cat\/es\/#\/schema\/person\/47b6a637abf88f9bd835540f20ea069e"},"headline":"Repartimiento de puntos en Mendizorroza","datePublished":"2008-01-26T00:00:00+00:00","mainEntityOfPage":{"@id":"https:\/\/gimnasticdetarragona.cat\/repartiment-de-punts-a-mendizorroza\/"},"wordCount":302,"commentCount":0,"publisher":{"@id":"https:\/\/gimnasticdetarragona.cat\/es\/#organization"},"articleSection":["Actualidad","Primer Equipo"],"inLanguage":"es"},{"@type":"WebPage","@id":"https:\/\/gimnasticdetarragona.cat\/repartiment-de-punts-a-mendizorroza\/","url":"https:\/\/gimnasticdetarragona.cat\/repartiment-de-punts-a-mendizorroza\/","name":"Repartimiento de puntos en Mendizorroza - Gimn\u00e0stic de Tarragona SAD","isPartOf":{"@id":"https:\/\/gimnasticdetarragona.cat\/es\/#website"},"datePublished":"2008-01-26T00:00:00+00:00","breadcrumb":{"@id":"https:\/\/gimnasticdetarragona.cat\/repartiment-de-punts-a-mendizorroza\/#breadcrumb"},"inLanguage":"es","potentialAction":[{"@type":"ReadAction","target":["https:\/\/gimnasticdetarragona.cat\/repartiment-de-punts-a-mendizorroza\/"]}]},{"@type":"BreadcrumbList","@id":"https:\/\/gimnasticdetarragona.cat\/repartiment-de-punts-a-mendizorroza\/#breadcrumb","itemListElement":[{"@type":"ListItem","position":1,"name":"Inici","item":"https:\/\/gimnasticdetarragona.cat\/es\/nastic\/"},{"@type":"ListItem","position":2,"name":"Repartimiento de puntos en Mendizorroza"}]},{"@type":"WebSite","@id":"https:\/\/gimnasticdetarragona.cat\/es\/#website","url":"https:\/\/gimnasticdetarragona.cat\/es\/","name":"Gimn\u00e0stic de Tarragona SAD","description":"Gimn\u00e0stic de Tarragona","publisher":{"@id":"https:\/\/gimnasticdetarragona.cat\/es\/#organization"},"potentialAction":[{"@type":"SearchAction","target":{"@type":"EntryPoint","urlTemplate":"https:\/\/gimnasticdetarragona.cat\/es\/?s={search_term_string}"},"query-input":{"@type":"PropertyValueSpecification","valueRequired":true,"valueName":"search_term_string"}}],"inLanguage":"es"},{"@type":"Organization","@id":"https:\/\/gimnasticdetarragona.cat\/es\/#organization","name":"GIMN\u00c0STIC DE TARRAGONA","alternateName":"N\u00c0STIC","url":"https:\/\/gimnasticdetarragona.cat\/es\/","logo":{"@type":"ImageObject","inLanguage":"es","@id":"https:\/\/gimnasticdetarragona.cat\/es\/#\/schema\/logo\/image\/","url":"https:\/\/gimnasticdetarragona.cat\/wp-content\/uploads\/2022\/06\/cropped-logo-gimnastic.png","contentUrl":"https:\/\/gimnasticdetarragona.cat\/wp-content\/uploads\/2022\/06\/cropped-logo-gimnastic.png","width":224,"height":83,"caption":"GIMN\u00c0STIC DE TARRAGONA"},"image":{"@id":"https:\/\/gimnasticdetarragona.cat\/es\/#\/schema\/logo\/image\/"},"sameAs":["https:\/\/x.com\/NASTICTARRAGONA","https:\/\/www.instagram.com\/nastictarragona\/"]},{"@type":"Person","@id":"https:\/\/gimnasticdetarragona.cat\/es\/#\/schema\/person\/47b6a637abf88f9bd835540f20ea069e","name":"desarrollo","sameAs":["https:\/\/clone.gimnasticdetarragona.cat"]}]}},"_links":{"self":[{"href":"https:\/\/gimnasticdetarragona.cat\/es\/wp-json\/wp\/v2\/posts\/79188","targetHints":{"allow":["GET"]}}],"collection":[{"href":"https:\/\/gimnasticdetarragona.cat\/es\/wp-json\/wp\/v2\/posts"}],"about":[{"href":"https:\/\/gimnasticdetarragona.cat\/es\/wp-json\/wp\/v2\/types\/post"}],"author":[{"embeddable":true,"href":"https:\/\/gimnasticdetarragona.cat\/es\/wp-json\/wp\/v2\/users\/1"}],"replies":[{"embeddable":true,"href":"https:\/\/gimnasticdetarragona.cat\/es\/wp-json\/wp\/v2\/comments?post=79188"}],"version-history":[{"count":0,"href":"https:\/\/gimnasticdetarragona.cat\/es\/wp-json\/wp\/v2\/posts\/79188\/revisions"}],"wp:attachment":[{"href":"https:\/\/gimnasticdetarragona.cat\/es\/wp-json\/wp\/v2\/media?parent=79188"}],"wp:term":[{"taxonomy":"category","embeddable":true,"href":"https:\/\/gimnasticdetarragona.cat\/es\/wp-json\/wp\/v2\/categories?post=79188"},{"taxonomy":"post_tag","embeddable":true,"href":"https:\/\/gimnasticdetarragona.cat\/es\/wp-json\/wp\/v2\/tags?post=79188"}],"curies":[{"name":"wp","href":"https:\/\/api.w.org\/{rel}","templated":true}]}}