{"id":79200,"date":"2008-01-21T00:00:00","date_gmt":"2008-01-21T00:00:00","guid":{"rendered":"https:\/\/clone.gimnasticdetarragona.cat\/juanmi-anuncia-su-marcha-y-deja-el-futbol-en-activo\/"},"modified":"2008-01-21T00:00:00","modified_gmt":"2008-01-21T00:00:00","slug":"juanmi-anuncia-su-marcha-y-deja-el-futbol-en-activo","status":"publish","type":"post","link":"https:\/\/gimnasticdetarragona.cat\/es\/juanmi-anuncia-su-marcha-y-deja-el-futbol-en-activo\/","title":{"rendered":"Juanmi anuncia su marcha y deja el f\u00fatbol en activo"},"content":{"rendered":"<p>Tal y como se ha estado hablando los \u00faltimos d\u00edas, el guardameta Juan Miguel Garc\u00eda (Juanmi) se desvincular\u00e1 del N\u00e0stic por motivos personales y, a su vez, dejar\u00e1 definitivamente el f\u00fatbol en activo.<br \/>\nEl jugador har\u00e1 el martes su \u00faltimo entrenamiento con el conjunto grana. Por la noche se reunir\u00e1 en una cena de despedida con sus compa\u00f1eros de vestuario. Est\u00e1 previsto que Juanmi comparezca en rueda de prensa el pr\u00f3ximo mi\u00e9rcoles para hablar de su marcha.<\/p>\n","protected":false},"excerpt":{"rendered":"<p>Tal y como se ha estado hablando los \u00faltimos d\u00edas, el guardameta Juan Miguel Garc\u00eda (Juanmi) se desvincular\u00e1 del N\u00e0stic por motivos personales y, a su vez, dejar\u00e1 definitivamente el f\u00fatbol en activo. El jugador har\u00e1 el martes su \u00faltimo entrenamiento con el conjunto grana. Por la noche se reunir\u00e1 en una cena de despedida [&hellip;]<\/p>\n","protected":false},"author":1,"featured_media":0,"comment_status":"open","ping_status":"open","sticky":false,"template":"","format":"standard","meta":{"_acf_changed":false,"footnotes":""},"categories":[113,126],"tags":[],"class_list":["post-79200","post","type-post","status-publish","format-standard","hentry","category-actualidad","category-primer-equipo"],"acf":[],"yoast_head":"<!-- This site is optimized with the Yoast SEO plugin v27.3 - https:\/\/yoast.com\/product\/yoast-seo-wordpress\/ -->\n<title>Juanmi anuncia su marcha y deja el f\u00fatbol en activo - Gimn\u00e0stic de Tarragona SAD<\/title>\n<meta name=\"robots\" content=\"index, follow, max-snippet:-1, max-image-preview:large, max-video-preview:-1\" \/>\n<link rel=\"canonical\" href=\"https:\/\/gimnasticdetarragona.cat\/juanmi-anuncia-la-seva-marxa-i-deixa-el-futbol-en-actiu\/\" \/>\n<meta property=\"og:locale\" content=\"es_ES\" \/>\n<meta property=\"og:type\" content=\"article\" \/>\n<meta property=\"og:title\" content=\"Juanmi anuncia su marcha y deja el f\u00fatbol en activo - Gimn\u00e0stic de Tarragona SAD\" \/>\n<meta property=\"og:description\" content=\"Tal y como se ha estado hablando los \u00faltimos d\u00edas, el guardameta Juan Miguel Garc\u00eda (Juanmi) se desvincular\u00e1 del N\u00e0stic por motivos personales y, a su vez, dejar\u00e1 definitivamente el f\u00fatbol en activo. El jugador har\u00e1 el martes su \u00faltimo entrenamiento con el conjunto grana. Por la noche se reunir\u00e1 en una cena de despedida [&hellip;]\" \/>\n<meta property=\"og:url\" content=\"https:\/\/gimnasticdetarragona.cat\/juanmi-anuncia-la-seva-marxa-i-deixa-el-futbol-en-actiu\/\" \/>\n<meta property=\"og:site_name\" content=\"Gimn\u00e0stic de Tarragona SAD\" \/>\n<meta property=\"article:published_time\" content=\"2008-01-21T00:00:00+00:00\" \/>\n<meta name=\"author\" content=\"desarrollo\" \/>\n<meta name=\"twitter:card\" content=\"summary_large_image\" \/>\n<meta name=\"twitter:creator\" content=\"@NASTICTARRAGONA\" \/>\n<meta name=\"twitter:site\" content=\"@NASTICTARRAGONA\" \/>\n<meta name=\"twitter:label1\" content=\"Escrito por\" \/>\n\t<meta name=\"twitter:data1\" content=\"desarrollo\" \/>\n<script type=\"application\/ld+json\" class=\"yoast-schema-graph\">{\"@context\":\"https:\\\/\\\/schema.org\",\"@graph\":[{\"@type\":\"Article\",\"@id\":\"https:\\\/\\\/gimnasticdetarragona.cat\\\/juanmi-anuncia-la-seva-marxa-i-deixa-el-futbol-en-actiu\\\/#article\",\"isPartOf\":{\"@id\":\"https:\\\/\\\/gimnasticdetarragona.cat\\\/juanmi-anuncia-la-seva-marxa-i-deixa-el-futbol-en-actiu\\\/\"},\"author\":{\"name\":\"desarrollo\",\"@id\":\"https:\\\/\\\/gimnasticdetarragona.cat\\\/es\\\/#\\\/schema\\\/person\\\/47b6a637abf88f9bd835540f20ea069e\"},\"headline\":\"Juanmi anuncia su marcha y deja el f\u00fatbol en activo\",\"datePublished\":\"2008-01-21T00:00:00+00:00\",\"mainEntityOfPage\":{\"@id\":\"https:\\\/\\\/gimnasticdetarragona.cat\\\/juanmi-anuncia-la-seva-marxa-i-deixa-el-futbol-en-actiu\\\/\"},\"wordCount\":95,\"commentCount\":0,\"publisher\":{\"@id\":\"https:\\\/\\\/gimnasticdetarragona.cat\\\/es\\\/#organization\"},\"articleSection\":[\"Actualidad\",\"Primer Equipo\"],\"inLanguage\":\"es\"},{\"@type\":\"WebPage\",\"@id\":\"https:\\\/\\\/gimnasticdetarragona.cat\\\/juanmi-anuncia-la-seva-marxa-i-deixa-el-futbol-en-actiu\\\/\",\"url\":\"https:\\\/\\\/gimnasticdetarragona.cat\\\/juanmi-anuncia-la-seva-marxa-i-deixa-el-futbol-en-actiu\\\/\",\"name\":\"Juanmi anuncia su marcha y deja el f\u00fatbol en activo - Gimn\u00e0stic de Tarragona SAD\",\"isPartOf\":{\"@id\":\"https:\\\/\\\/gimnasticdetarragona.cat\\\/es\\\/#website\"},\"datePublished\":\"2008-01-21T00:00:00+00:00\",\"breadcrumb\":{\"@id\":\"https:\\\/\\\/gimnasticdetarragona.cat\\\/juanmi-anuncia-la-seva-marxa-i-deixa-el-futbol-en-actiu\\\/#breadcrumb\"},\"inLanguage\":\"es\",\"potentialAction\":[{\"@type\":\"ReadAction\",\"target\":[\"https:\\\/\\\/gimnasticdetarragona.cat\\\/juanmi-anuncia-la-seva-marxa-i-deixa-el-futbol-en-actiu\\\/\"]}]},{\"@type\":\"BreadcrumbList\",\"@id\":\"https:\\\/\\\/gimnasticdetarragona.cat\\\/juanmi-anuncia-la-seva-marxa-i-deixa-el-futbol-en-actiu\\\/#breadcrumb\",\"itemListElement\":[{\"@type\":\"ListItem\",\"position\":1,\"name\":\"Inici\",\"item\":\"https:\\\/\\\/gimnasticdetarragona.cat\\\/es\\\/nastic\\\/\"},{\"@type\":\"ListItem\",\"position\":2,\"name\":\"Juanmi anuncia su marcha y deja el f\u00fatbol en activo\"}]},{\"@type\":\"WebSite\",\"@id\":\"https:\\\/\\\/gimnasticdetarragona.cat\\\/es\\\/#website\",\"url\":\"https:\\\/\\\/gimnasticdetarragona.cat\\\/es\\\/\",\"name\":\"Gimn\u00e0stic de Tarragona SAD\",\"description\":\"Gimn\u00e0stic de Tarragona\",\"publisher\":{\"@id\":\"https:\\\/\\\/gimnasticdetarragona.cat\\\/es\\\/#organization\"},\"potentialAction\":[{\"@type\":\"SearchAction\",\"target\":{\"@type\":\"EntryPoint\",\"urlTemplate\":\"https:\\\/\\\/gimnasticdetarragona.cat\\\/es\\\/?s={search_term_string}\"},\"query-input\":{\"@type\":\"PropertyValueSpecification\",\"valueRequired\":true,\"valueName\":\"search_term_string\"}}],\"inLanguage\":\"es\"},{\"@type\":\"Organization\",\"@id\":\"https:\\\/\\\/gimnasticdetarragona.cat\\\/es\\\/#organization\",\"name\":\"GIMN\u00c0STIC DE TARRAGONA\",\"alternateName\":\"N\u00c0STIC\",\"url\":\"https:\\\/\\\/gimnasticdetarragona.cat\\\/es\\\/\",\"logo\":{\"@type\":\"ImageObject\",\"inLanguage\":\"es\",\"@id\":\"https:\\\/\\\/gimnasticdetarragona.cat\\\/es\\\/#\\\/schema\\\/logo\\\/image\\\/\",\"url\":\"https:\\\/\\\/gimnasticdetarragona.cat\\\/wp-content\\\/uploads\\\/2022\\\/06\\\/cropped-logo-gimnastic.png\",\"contentUrl\":\"https:\\\/\\\/gimnasticdetarragona.cat\\\/wp-content\\\/uploads\\\/2022\\\/06\\\/cropped-logo-gimnastic.png\",\"width\":224,\"height\":83,\"caption\":\"GIMN\u00c0STIC DE TARRAGONA\"},\"image\":{\"@id\":\"https:\\\/\\\/gimnasticdetarragona.cat\\\/es\\\/#\\\/schema\\\/logo\\\/image\\\/\"},\"sameAs\":[\"https:\\\/\\\/x.com\\\/NASTICTARRAGONA\",\"https:\\\/\\\/www.instagram.com\\\/nastictarragona\\\/\"]},{\"@type\":\"Person\",\"@id\":\"https:\\\/\\\/gimnasticdetarragona.cat\\\/es\\\/#\\\/schema\\\/person\\\/47b6a637abf88f9bd835540f20ea069e\",\"name\":\"desarrollo\",\"sameAs\":[\"https:\\\/\\\/clone.gimnasticdetarragona.cat\"]}]}<\/script>\n<!-- \/ Yoast SEO plugin. -->","yoast_head_json":{"title":"Juanmi anuncia su marcha y deja el f\u00fatbol en activo - Gimn\u00e0stic de Tarragona SAD","robots":{"index":"index","follow":"follow","max-snippet":"max-snippet:-1","max-image-preview":"max-image-preview:large","max-video-preview":"max-video-preview:-1"},"canonical":"https:\/\/gimnasticdetarragona.cat\/juanmi-anuncia-la-seva-marxa-i-deixa-el-futbol-en-actiu\/","og_locale":"es_ES","og_type":"article","og_title":"Juanmi anuncia su marcha y deja el f\u00fatbol en activo - Gimn\u00e0stic de Tarragona SAD","og_description":"Tal y como se ha estado hablando los \u00faltimos d\u00edas, el guardameta Juan Miguel Garc\u00eda (Juanmi) se desvincular\u00e1 del N\u00e0stic por motivos personales y, a su vez, dejar\u00e1 definitivamente el f\u00fatbol en activo. El jugador har\u00e1 el martes su \u00faltimo entrenamiento con el conjunto grana. Por la noche se reunir\u00e1 en una cena de despedida [&hellip;]","og_url":"https:\/\/gimnasticdetarragona.cat\/juanmi-anuncia-la-seva-marxa-i-deixa-el-futbol-en-actiu\/","og_site_name":"Gimn\u00e0stic de Tarragona SAD","article_published_time":"2008-01-21T00:00:00+00:00","author":"desarrollo","twitter_card":"summary_large_image","twitter_creator":"@NASTICTARRAGONA","twitter_site":"@NASTICTARRAGONA","twitter_misc":{"Escrito por":"desarrollo"},"schema":{"@context":"https:\/\/schema.org","@graph":[{"@type":"Article","@id":"https:\/\/gimnasticdetarragona.cat\/juanmi-anuncia-la-seva-marxa-i-deixa-el-futbol-en-actiu\/#article","isPartOf":{"@id":"https:\/\/gimnasticdetarragona.cat\/juanmi-anuncia-la-seva-marxa-i-deixa-el-futbol-en-actiu\/"},"author":{"name":"desarrollo","@id":"https:\/\/gimnasticdetarragona.cat\/es\/#\/schema\/person\/47b6a637abf88f9bd835540f20ea069e"},"headline":"Juanmi anuncia su marcha y deja el f\u00fatbol en activo","datePublished":"2008-01-21T00:00:00+00:00","mainEntityOfPage":{"@id":"https:\/\/gimnasticdetarragona.cat\/juanmi-anuncia-la-seva-marxa-i-deixa-el-futbol-en-actiu\/"},"wordCount":95,"commentCount":0,"publisher":{"@id":"https:\/\/gimnasticdetarragona.cat\/es\/#organization"},"articleSection":["Actualidad","Primer Equipo"],"inLanguage":"es"},{"@type":"WebPage","@id":"https:\/\/gimnasticdetarragona.cat\/juanmi-anuncia-la-seva-marxa-i-deixa-el-futbol-en-actiu\/","url":"https:\/\/gimnasticdetarragona.cat\/juanmi-anuncia-la-seva-marxa-i-deixa-el-futbol-en-actiu\/","name":"Juanmi anuncia su marcha y deja el f\u00fatbol en activo - Gimn\u00e0stic de Tarragona SAD","isPartOf":{"@id":"https:\/\/gimnasticdetarragona.cat\/es\/#website"},"datePublished":"2008-01-21T00:00:00+00:00","breadcrumb":{"@id":"https:\/\/gimnasticdetarragona.cat\/juanmi-anuncia-la-seva-marxa-i-deixa-el-futbol-en-actiu\/#breadcrumb"},"inLanguage":"es","potentialAction":[{"@type":"ReadAction","target":["https:\/\/gimnasticdetarragona.cat\/juanmi-anuncia-la-seva-marxa-i-deixa-el-futbol-en-actiu\/"]}]},{"@type":"BreadcrumbList","@id":"https:\/\/gimnasticdetarragona.cat\/juanmi-anuncia-la-seva-marxa-i-deixa-el-futbol-en-actiu\/#breadcrumb","itemListElement":[{"@type":"ListItem","position":1,"name":"Inici","item":"https:\/\/gimnasticdetarragona.cat\/es\/nastic\/"},{"@type":"ListItem","position":2,"name":"Juanmi anuncia su marcha y deja el f\u00fatbol en activo"}]},{"@type":"WebSite","@id":"https:\/\/gimnasticdetarragona.cat\/es\/#website","url":"https:\/\/gimnasticdetarragona.cat\/es\/","name":"Gimn\u00e0stic de Tarragona SAD","description":"Gimn\u00e0stic de Tarragona","publisher":{"@id":"https:\/\/gimnasticdetarragona.cat\/es\/#organization"},"potentialAction":[{"@type":"SearchAction","target":{"@type":"EntryPoint","urlTemplate":"https:\/\/gimnasticdetarragona.cat\/es\/?s={search_term_string}"},"query-input":{"@type":"PropertyValueSpecification","valueRequired":true,"valueName":"search_term_string"}}],"inLanguage":"es"},{"@type":"Organization","@id":"https:\/\/gimnasticdetarragona.cat\/es\/#organization","name":"GIMN\u00c0STIC DE TARRAGONA","alternateName":"N\u00c0STIC","url":"https:\/\/gimnasticdetarragona.cat\/es\/","logo":{"@type":"ImageObject","inLanguage":"es","@id":"https:\/\/gimnasticdetarragona.cat\/es\/#\/schema\/logo\/image\/","url":"https:\/\/gimnasticdetarragona.cat\/wp-content\/uploads\/2022\/06\/cropped-logo-gimnastic.png","contentUrl":"https:\/\/gimnasticdetarragona.cat\/wp-content\/uploads\/2022\/06\/cropped-logo-gimnastic.png","width":224,"height":83,"caption":"GIMN\u00c0STIC DE TARRAGONA"},"image":{"@id":"https:\/\/gimnasticdetarragona.cat\/es\/#\/schema\/logo\/image\/"},"sameAs":["https:\/\/x.com\/NASTICTARRAGONA","https:\/\/www.instagram.com\/nastictarragona\/"]},{"@type":"Person","@id":"https:\/\/gimnasticdetarragona.cat\/es\/#\/schema\/person\/47b6a637abf88f9bd835540f20ea069e","name":"desarrollo","sameAs":["https:\/\/clone.gimnasticdetarragona.cat"]}]}},"_links":{"self":[{"href":"https:\/\/gimnasticdetarragona.cat\/es\/wp-json\/wp\/v2\/posts\/79200","targetHints":{"allow":["GET"]}}],"collection":[{"href":"https:\/\/gimnasticdetarragona.cat\/es\/wp-json\/wp\/v2\/posts"}],"about":[{"href":"https:\/\/gimnasticdetarragona.cat\/es\/wp-json\/wp\/v2\/types\/post"}],"author":[{"embeddable":true,"href":"https:\/\/gimnasticdetarragona.cat\/es\/wp-json\/wp\/v2\/users\/1"}],"replies":[{"embeddable":true,"href":"https:\/\/gimnasticdetarragona.cat\/es\/wp-json\/wp\/v2\/comments?post=79200"}],"version-history":[{"count":0,"href":"https:\/\/gimnasticdetarragona.cat\/es\/wp-json\/wp\/v2\/posts\/79200\/revisions"}],"wp:attachment":[{"href":"https:\/\/gimnasticdetarragona.cat\/es\/wp-json\/wp\/v2\/media?parent=79200"}],"wp:term":[{"taxonomy":"category","embeddable":true,"href":"https:\/\/gimnasticdetarragona.cat\/es\/wp-json\/wp\/v2\/categories?post=79200"},{"taxonomy":"post_tag","embeddable":true,"href":"https:\/\/gimnasticdetarragona.cat\/es\/wp-json\/wp\/v2\/tags?post=79200"}],"curies":[{"name":"wp","href":"https:\/\/api.w.org\/{rel}","templated":true}]}}