{"id":79208,"date":"2008-01-13T00:00:00","date_gmt":"2008-01-13T00:00:00","guid":{"rendered":"https:\/\/clone.gimnasticdetarragona.cat\/punto-de-merito-contra-el-tenerife\/"},"modified":"2008-01-13T00:00:00","modified_gmt":"2008-01-13T00:00:00","slug":"punto-de-merito-contra-el-tenerife","status":"publish","type":"post","link":"https:\/\/gimnasticdetarragona.cat\/es\/punto-de-merito-contra-el-tenerife\/","title":{"rendered":"Punto de m\u00e9rito contra el Tenerife"},"content":{"rendered":"<p>El Gimn\u00e0stic de Tarragona ha empatado a 1 gol contra el Tenerife, en un partido marcado por las adversidades que ha tenido el equipo local. Se trataba del primer partido de C\u00e9sar Ferrando como entrenador del N\u00e0stic y se puede decir que el conjunto tarraconense ya tiene un aire distinto. El equipo ha demostrado concentraci\u00f3n y una gran actitud defensiva. Muy pronto las cosas se han puesto de cara para el N\u00e0stic, ya que en el minuto 2 Jandro ha aprovechado una jugada colectiva por hacer el primer gol del encuentro. Parec\u00eda que los hombres de Ferrando har\u00edan valer el t\u00f3pico de entrenador nuevo, victoria segura, pero, otra vez, una jugada ha marcado decisivamente el ritmo del partido. En el minuto 27 el \u00e1rbitro del partido, Pino Zamorano ha decretado penalti por unas posibles manos de Tortolero. Ni los jugadores locales ni el p\u00fablico presente en el Nou Estadi pod\u00edan creer lo que acababa de suceder, puesto que Tortolero ten\u00eda las manos enganchadas al cuerpo. El caso es que Ayoze no ha fallado y ha transformado el penalti. Pese al gol visitante, los granas han continuado dominante durante la primera parte del partido. El Tenerife intentaba romper el juego a partir de faltas e aprovechar las contras para adelantarse. En el minuto 6 de la segunda otra decisi\u00f3n aribtral ha hecho desaparecer definitivamente las aspiraciones de los granas en el partido. Dani Tortolero ha visto su segunda tarjeta amarilla. Cabe recordar que la primera ha estado en el pol\u00e9mico penalti de la primera parte. Entonces el N\u00e0stic ha intentado la \u00e9pica y el Tenerife aprovechar la superioridad num\u00e9rica, pero se ha encontrado con un N\u00e0stic de lo m\u00e1s ordenado en el terreno de juego. La entrada de Mairata, Medina y \u00d3scar Rubio ha dado aire a los locales, que han dispuesto, incluso, de alguna ocasi\u00f3n para deshacer el empate. Cuando faltaban diez minutos \u00d3scar L\u00f3pez, que hab\u00eda visto tarjeta amarilla por habla con el \u00e1rbitro justo despu\u00e9s de que silbara penal, ha visto la segunda amarilla y ha dejado los granas con 9 hombres. Pese a las dificultades, pero, los tarraconenses han conseguido sumar un punto y han demostrado que tambi\u00e9n pueden ser un equipo agresivo. La mejor recompensa, el aplauso final del p\u00fablico, ejemplar durante todo el partido.<\/p>\n","protected":false},"excerpt":{"rendered":"<p>El Gimn\u00e0stic de Tarragona ha empatado a 1 gol contra el Tenerife, en un partido marcado por las adversidades que ha tenido el equipo local. Se trataba del primer partido de C\u00e9sar Ferrando como entrenador del N\u00e0stic y se puede decir que el conjunto tarraconense ya tiene un aire distinto. El equipo ha demostrado concentraci\u00f3n [&hellip;]<\/p>\n","protected":false},"author":1,"featured_media":0,"comment_status":"open","ping_status":"open","sticky":false,"template":"","format":"standard","meta":{"_acf_changed":false,"footnotes":""},"categories":[113,126],"tags":[],"class_list":["post-79208","post","type-post","status-publish","format-standard","hentry","category-actualidad","category-primer-equipo"],"acf":[],"yoast_head":"<!-- This site is optimized with the Yoast SEO plugin v27.3 - https:\/\/yoast.com\/product\/yoast-seo-wordpress\/ -->\n<title>Punto de m\u00e9rito contra el Tenerife - Gimn\u00e0stic de Tarragona SAD<\/title>\n<meta name=\"robots\" content=\"index, follow, max-snippet:-1, max-image-preview:large, max-video-preview:-1\" \/>\n<link rel=\"canonical\" href=\"https:\/\/gimnasticdetarragona.cat\/punt-de-merit-contra-el-tenerife\/\" \/>\n<meta property=\"og:locale\" content=\"es_ES\" \/>\n<meta property=\"og:type\" content=\"article\" \/>\n<meta property=\"og:title\" content=\"Punto de m\u00e9rito contra el Tenerife - Gimn\u00e0stic de Tarragona SAD\" \/>\n<meta property=\"og:description\" content=\"El Gimn\u00e0stic de Tarragona ha empatado a 1 gol contra el Tenerife, en un partido marcado por las adversidades que ha tenido el equipo local. Se trataba del primer partido de C\u00e9sar Ferrando como entrenador del N\u00e0stic y se puede decir que el conjunto tarraconense ya tiene un aire distinto. El equipo ha demostrado concentraci\u00f3n [&hellip;]\" \/>\n<meta property=\"og:url\" content=\"https:\/\/gimnasticdetarragona.cat\/punt-de-merit-contra-el-tenerife\/\" \/>\n<meta property=\"og:site_name\" content=\"Gimn\u00e0stic de Tarragona SAD\" \/>\n<meta property=\"article:published_time\" content=\"2008-01-13T00:00:00+00:00\" \/>\n<meta name=\"author\" content=\"desarrollo\" \/>\n<meta name=\"twitter:card\" content=\"summary_large_image\" \/>\n<meta name=\"twitter:creator\" content=\"@NASTICTARRAGONA\" \/>\n<meta name=\"twitter:site\" content=\"@NASTICTARRAGONA\" \/>\n<meta name=\"twitter:label1\" content=\"Escrito por\" \/>\n\t<meta name=\"twitter:data1\" content=\"desarrollo\" \/>\n\t<meta name=\"twitter:label2\" content=\"Tiempo de lectura\" \/>\n\t<meta name=\"twitter:data2\" content=\"2 minutos\" \/>\n<script type=\"application\/ld+json\" class=\"yoast-schema-graph\">{\"@context\":\"https:\\\/\\\/schema.org\",\"@graph\":[{\"@type\":\"Article\",\"@id\":\"https:\\\/\\\/gimnasticdetarragona.cat\\\/punt-de-merit-contra-el-tenerife\\\/#article\",\"isPartOf\":{\"@id\":\"https:\\\/\\\/gimnasticdetarragona.cat\\\/punt-de-merit-contra-el-tenerife\\\/\"},\"author\":{\"name\":\"desarrollo\",\"@id\":\"https:\\\/\\\/gimnasticdetarragona.cat\\\/es\\\/#\\\/schema\\\/person\\\/47b6a637abf88f9bd835540f20ea069e\"},\"headline\":\"Punto de m\u00e9rito contra el Tenerife\",\"datePublished\":\"2008-01-13T00:00:00+00:00\",\"mainEntityOfPage\":{\"@id\":\"https:\\\/\\\/gimnasticdetarragona.cat\\\/punt-de-merit-contra-el-tenerife\\\/\"},\"wordCount\":404,\"commentCount\":0,\"publisher\":{\"@id\":\"https:\\\/\\\/gimnasticdetarragona.cat\\\/es\\\/#organization\"},\"articleSection\":[\"Actualidad\",\"Primer Equipo\"],\"inLanguage\":\"es\"},{\"@type\":\"WebPage\",\"@id\":\"https:\\\/\\\/gimnasticdetarragona.cat\\\/punt-de-merit-contra-el-tenerife\\\/\",\"url\":\"https:\\\/\\\/gimnasticdetarragona.cat\\\/punt-de-merit-contra-el-tenerife\\\/\",\"name\":\"Punto de m\u00e9rito contra el Tenerife - Gimn\u00e0stic de Tarragona SAD\",\"isPartOf\":{\"@id\":\"https:\\\/\\\/gimnasticdetarragona.cat\\\/es\\\/#website\"},\"datePublished\":\"2008-01-13T00:00:00+00:00\",\"breadcrumb\":{\"@id\":\"https:\\\/\\\/gimnasticdetarragona.cat\\\/punt-de-merit-contra-el-tenerife\\\/#breadcrumb\"},\"inLanguage\":\"es\",\"potentialAction\":[{\"@type\":\"ReadAction\",\"target\":[\"https:\\\/\\\/gimnasticdetarragona.cat\\\/punt-de-merit-contra-el-tenerife\\\/\"]}]},{\"@type\":\"BreadcrumbList\",\"@id\":\"https:\\\/\\\/gimnasticdetarragona.cat\\\/punt-de-merit-contra-el-tenerife\\\/#breadcrumb\",\"itemListElement\":[{\"@type\":\"ListItem\",\"position\":1,\"name\":\"Inici\",\"item\":\"https:\\\/\\\/gimnasticdetarragona.cat\\\/es\\\/nastic\\\/\"},{\"@type\":\"ListItem\",\"position\":2,\"name\":\"Punto de m\u00e9rito contra el Tenerife\"}]},{\"@type\":\"WebSite\",\"@id\":\"https:\\\/\\\/gimnasticdetarragona.cat\\\/es\\\/#website\",\"url\":\"https:\\\/\\\/gimnasticdetarragona.cat\\\/es\\\/\",\"name\":\"Gimn\u00e0stic de Tarragona SAD\",\"description\":\"Gimn\u00e0stic de Tarragona\",\"publisher\":{\"@id\":\"https:\\\/\\\/gimnasticdetarragona.cat\\\/es\\\/#organization\"},\"potentialAction\":[{\"@type\":\"SearchAction\",\"target\":{\"@type\":\"EntryPoint\",\"urlTemplate\":\"https:\\\/\\\/gimnasticdetarragona.cat\\\/es\\\/?s={search_term_string}\"},\"query-input\":{\"@type\":\"PropertyValueSpecification\",\"valueRequired\":true,\"valueName\":\"search_term_string\"}}],\"inLanguage\":\"es\"},{\"@type\":\"Organization\",\"@id\":\"https:\\\/\\\/gimnasticdetarragona.cat\\\/es\\\/#organization\",\"name\":\"GIMN\u00c0STIC DE TARRAGONA\",\"alternateName\":\"N\u00c0STIC\",\"url\":\"https:\\\/\\\/gimnasticdetarragona.cat\\\/es\\\/\",\"logo\":{\"@type\":\"ImageObject\",\"inLanguage\":\"es\",\"@id\":\"https:\\\/\\\/gimnasticdetarragona.cat\\\/es\\\/#\\\/schema\\\/logo\\\/image\\\/\",\"url\":\"https:\\\/\\\/gimnasticdetarragona.cat\\\/wp-content\\\/uploads\\\/2022\\\/06\\\/cropped-logo-gimnastic.png\",\"contentUrl\":\"https:\\\/\\\/gimnasticdetarragona.cat\\\/wp-content\\\/uploads\\\/2022\\\/06\\\/cropped-logo-gimnastic.png\",\"width\":224,\"height\":83,\"caption\":\"GIMN\u00c0STIC DE TARRAGONA\"},\"image\":{\"@id\":\"https:\\\/\\\/gimnasticdetarragona.cat\\\/es\\\/#\\\/schema\\\/logo\\\/image\\\/\"},\"sameAs\":[\"https:\\\/\\\/x.com\\\/NASTICTARRAGONA\",\"https:\\\/\\\/www.instagram.com\\\/nastictarragona\\\/\"]},{\"@type\":\"Person\",\"@id\":\"https:\\\/\\\/gimnasticdetarragona.cat\\\/es\\\/#\\\/schema\\\/person\\\/47b6a637abf88f9bd835540f20ea069e\",\"name\":\"desarrollo\",\"sameAs\":[\"https:\\\/\\\/clone.gimnasticdetarragona.cat\"]}]}<\/script>\n<!-- \/ Yoast SEO plugin. -->","yoast_head_json":{"title":"Punto de m\u00e9rito contra el Tenerife - Gimn\u00e0stic de Tarragona SAD","robots":{"index":"index","follow":"follow","max-snippet":"max-snippet:-1","max-image-preview":"max-image-preview:large","max-video-preview":"max-video-preview:-1"},"canonical":"https:\/\/gimnasticdetarragona.cat\/punt-de-merit-contra-el-tenerife\/","og_locale":"es_ES","og_type":"article","og_title":"Punto de m\u00e9rito contra el Tenerife - Gimn\u00e0stic de Tarragona SAD","og_description":"El Gimn\u00e0stic de Tarragona ha empatado a 1 gol contra el Tenerife, en un partido marcado por las adversidades que ha tenido el equipo local. Se trataba del primer partido de C\u00e9sar Ferrando como entrenador del N\u00e0stic y se puede decir que el conjunto tarraconense ya tiene un aire distinto. El equipo ha demostrado concentraci\u00f3n [&hellip;]","og_url":"https:\/\/gimnasticdetarragona.cat\/punt-de-merit-contra-el-tenerife\/","og_site_name":"Gimn\u00e0stic de Tarragona SAD","article_published_time":"2008-01-13T00:00:00+00:00","author":"desarrollo","twitter_card":"summary_large_image","twitter_creator":"@NASTICTARRAGONA","twitter_site":"@NASTICTARRAGONA","twitter_misc":{"Escrito por":"desarrollo","Tiempo de lectura":"2 minutos"},"schema":{"@context":"https:\/\/schema.org","@graph":[{"@type":"Article","@id":"https:\/\/gimnasticdetarragona.cat\/punt-de-merit-contra-el-tenerife\/#article","isPartOf":{"@id":"https:\/\/gimnasticdetarragona.cat\/punt-de-merit-contra-el-tenerife\/"},"author":{"name":"desarrollo","@id":"https:\/\/gimnasticdetarragona.cat\/es\/#\/schema\/person\/47b6a637abf88f9bd835540f20ea069e"},"headline":"Punto de m\u00e9rito contra el Tenerife","datePublished":"2008-01-13T00:00:00+00:00","mainEntityOfPage":{"@id":"https:\/\/gimnasticdetarragona.cat\/punt-de-merit-contra-el-tenerife\/"},"wordCount":404,"commentCount":0,"publisher":{"@id":"https:\/\/gimnasticdetarragona.cat\/es\/#organization"},"articleSection":["Actualidad","Primer Equipo"],"inLanguage":"es"},{"@type":"WebPage","@id":"https:\/\/gimnasticdetarragona.cat\/punt-de-merit-contra-el-tenerife\/","url":"https:\/\/gimnasticdetarragona.cat\/punt-de-merit-contra-el-tenerife\/","name":"Punto de m\u00e9rito contra el Tenerife - Gimn\u00e0stic de Tarragona SAD","isPartOf":{"@id":"https:\/\/gimnasticdetarragona.cat\/es\/#website"},"datePublished":"2008-01-13T00:00:00+00:00","breadcrumb":{"@id":"https:\/\/gimnasticdetarragona.cat\/punt-de-merit-contra-el-tenerife\/#breadcrumb"},"inLanguage":"es","potentialAction":[{"@type":"ReadAction","target":["https:\/\/gimnasticdetarragona.cat\/punt-de-merit-contra-el-tenerife\/"]}]},{"@type":"BreadcrumbList","@id":"https:\/\/gimnasticdetarragona.cat\/punt-de-merit-contra-el-tenerife\/#breadcrumb","itemListElement":[{"@type":"ListItem","position":1,"name":"Inici","item":"https:\/\/gimnasticdetarragona.cat\/es\/nastic\/"},{"@type":"ListItem","position":2,"name":"Punto de m\u00e9rito contra el Tenerife"}]},{"@type":"WebSite","@id":"https:\/\/gimnasticdetarragona.cat\/es\/#website","url":"https:\/\/gimnasticdetarragona.cat\/es\/","name":"Gimn\u00e0stic de Tarragona SAD","description":"Gimn\u00e0stic de Tarragona","publisher":{"@id":"https:\/\/gimnasticdetarragona.cat\/es\/#organization"},"potentialAction":[{"@type":"SearchAction","target":{"@type":"EntryPoint","urlTemplate":"https:\/\/gimnasticdetarragona.cat\/es\/?s={search_term_string}"},"query-input":{"@type":"PropertyValueSpecification","valueRequired":true,"valueName":"search_term_string"}}],"inLanguage":"es"},{"@type":"Organization","@id":"https:\/\/gimnasticdetarragona.cat\/es\/#organization","name":"GIMN\u00c0STIC DE TARRAGONA","alternateName":"N\u00c0STIC","url":"https:\/\/gimnasticdetarragona.cat\/es\/","logo":{"@type":"ImageObject","inLanguage":"es","@id":"https:\/\/gimnasticdetarragona.cat\/es\/#\/schema\/logo\/image\/","url":"https:\/\/gimnasticdetarragona.cat\/wp-content\/uploads\/2022\/06\/cropped-logo-gimnastic.png","contentUrl":"https:\/\/gimnasticdetarragona.cat\/wp-content\/uploads\/2022\/06\/cropped-logo-gimnastic.png","width":224,"height":83,"caption":"GIMN\u00c0STIC DE TARRAGONA"},"image":{"@id":"https:\/\/gimnasticdetarragona.cat\/es\/#\/schema\/logo\/image\/"},"sameAs":["https:\/\/x.com\/NASTICTARRAGONA","https:\/\/www.instagram.com\/nastictarragona\/"]},{"@type":"Person","@id":"https:\/\/gimnasticdetarragona.cat\/es\/#\/schema\/person\/47b6a637abf88f9bd835540f20ea069e","name":"desarrollo","sameAs":["https:\/\/clone.gimnasticdetarragona.cat"]}]}},"_links":{"self":[{"href":"https:\/\/gimnasticdetarragona.cat\/es\/wp-json\/wp\/v2\/posts\/79208","targetHints":{"allow":["GET"]}}],"collection":[{"href":"https:\/\/gimnasticdetarragona.cat\/es\/wp-json\/wp\/v2\/posts"}],"about":[{"href":"https:\/\/gimnasticdetarragona.cat\/es\/wp-json\/wp\/v2\/types\/post"}],"author":[{"embeddable":true,"href":"https:\/\/gimnasticdetarragona.cat\/es\/wp-json\/wp\/v2\/users\/1"}],"replies":[{"embeddable":true,"href":"https:\/\/gimnasticdetarragona.cat\/es\/wp-json\/wp\/v2\/comments?post=79208"}],"version-history":[{"count":0,"href":"https:\/\/gimnasticdetarragona.cat\/es\/wp-json\/wp\/v2\/posts\/79208\/revisions"}],"wp:attachment":[{"href":"https:\/\/gimnasticdetarragona.cat\/es\/wp-json\/wp\/v2\/media?parent=79208"}],"wp:term":[{"taxonomy":"category","embeddable":true,"href":"https:\/\/gimnasticdetarragona.cat\/es\/wp-json\/wp\/v2\/categories?post=79208"},{"taxonomy":"post_tag","embeddable":true,"href":"https:\/\/gimnasticdetarragona.cat\/es\/wp-json\/wp\/v2\/tags?post=79208"}],"curies":[{"name":"wp","href":"https:\/\/api.w.org\/{rel}","templated":true}]}}