{"id":79246,"date":"2007-12-17T00:00:00","date_gmt":"2007-12-17T00:00:00","guid":{"rendered":"https:\/\/clone.gimnasticdetarragona.cat\/tarragona-y-nastic-por-la-solidaridad\/"},"modified":"2007-12-17T00:00:00","modified_gmt":"2007-12-17T00:00:00","slug":"tarragona-y-nastic-por-la-solidaridad","status":"publish","type":"post","link":"https:\/\/gimnasticdetarragona.cat\/es\/tarragona-y-nastic-por-la-solidaridad\/","title":{"rendered":"Tarragona y N\u00e0stic por la solidaridad"},"content":{"rendered":"<p>El jueves dia 20 de diciembre, despu\u00e9s de la rueda de prensa posterior al entrenamiento,se realizar\u00e1 la presentaci\u00f3n de la iniciativa \u00abTARRAGONA I NASTIC X LA SOLIDARITAT\u00bb, organizada por el Ayuntamiento y por la entidad grana.Una iniciativa deportivo-solidaria que se celebrar\u00e1 el domingo 23 de diciembre en las instalaciones del N\u00e0stic.<br \/>\nEntre los actos previstos habr\u00e1 un Caga Ti\u00f3 para los m\u00e1s peque\u00f1os; un triangular de futbol que se disputar\u00e1 en el Nou Estadi y que enfrentar\u00e1 a los miembros del Club Gimn\u00e1stic, representantes de los medios de comunicaci\u00f3n local y a los componentes del consistorio tarraconense.Adem\u00e1s se har\u00e1n partidos de futbol 3X3 infantil de los centros invitados; la bajada del Loreto con bicicletas sin cadena; recogida de alimentos y productos de higiene personal, etc.<br \/>\nEsta jornada solidaria empezar\u00e1 a las 10h y se alargar\u00e1 hasta las dos y media de la tarde, en la instalaciones del Club Gimn\u00e1stic. A la iniciativa han estado invitadas entidades humanitarias de la ciudad para que puedan dar a conocer sus actividades.<br \/>\nAdquiriendo la \u00abentrada-donativo\u00bb de 3\u20ac se podr\u00e1 tener acceso a las diferentes actividades programadas. El dinero recaudado se repartir\u00e1n entre las entidades humanitarias participantes. Los interesados en participar en los partidos de 3X3 infantil deben de ponerse en contacto con la Conselleria d&#8217;Esports de l&#8217;Ajuntament al correo electr\u00f3nico esports@tarragona.cat o al tel\u00e9fono 977 29 61 00 extensiones 6544 y 65 41. Tambi\u00e9n al fax 977 29 62 42.<br \/>\nLa totalidad de la informaci\u00f3n se dar\u00e1 a conocer en la rueda de prensa del pr\u00f3ximo jueves.<\/p>\n","protected":false},"excerpt":{"rendered":"<p>El jueves dia 20 de diciembre, despu\u00e9s de la rueda de prensa posterior al entrenamiento,se realizar\u00e1 la presentaci\u00f3n de la iniciativa \u00abTARRAGONA I NASTIC X LA SOLIDARITAT\u00bb, organizada por el Ayuntamiento y por la entidad grana.Una iniciativa deportivo-solidaria que se celebrar\u00e1 el domingo 23 de diciembre en las instalaciones del N\u00e0stic. Entre los actos previstos [&hellip;]<\/p>\n","protected":false},"author":1,"featured_media":0,"comment_status":"open","ping_status":"open","sticky":false,"template":"","format":"standard","meta":{"_acf_changed":false,"footnotes":""},"categories":[113,126],"tags":[],"class_list":["post-79246","post","type-post","status-publish","format-standard","hentry","category-actualidad","category-primer-equipo"],"acf":[],"yoast_head":"<!-- This site is optimized with the Yoast SEO plugin v27.3 - https:\/\/yoast.com\/product\/yoast-seo-wordpress\/ -->\n<title>Tarragona y N\u00e0stic por la solidaridad - Gimn\u00e0stic de Tarragona SAD<\/title>\n<meta name=\"robots\" content=\"index, follow, max-snippet:-1, max-image-preview:large, max-video-preview:-1\" \/>\n<link rel=\"canonical\" href=\"https:\/\/gimnasticdetarragona.cat\/tarragona-i-nastic-per-la-solidaritat\/\" \/>\n<meta property=\"og:locale\" content=\"es_ES\" \/>\n<meta property=\"og:type\" content=\"article\" \/>\n<meta property=\"og:title\" content=\"Tarragona y N\u00e0stic por la solidaridad - Gimn\u00e0stic de Tarragona SAD\" \/>\n<meta property=\"og:description\" content=\"El jueves dia 20 de diciembre, despu\u00e9s de la rueda de prensa posterior al entrenamiento,se realizar\u00e1 la presentaci\u00f3n de la iniciativa \u00abTARRAGONA I NASTIC X LA SOLIDARITAT\u00bb, organizada por el Ayuntamiento y por la entidad grana.Una iniciativa deportivo-solidaria que se celebrar\u00e1 el domingo 23 de diciembre en las instalaciones del N\u00e0stic. Entre los actos previstos [&hellip;]\" \/>\n<meta property=\"og:url\" content=\"https:\/\/gimnasticdetarragona.cat\/tarragona-i-nastic-per-la-solidaritat\/\" \/>\n<meta property=\"og:site_name\" content=\"Gimn\u00e0stic de Tarragona SAD\" \/>\n<meta property=\"article:published_time\" content=\"2007-12-17T00:00:00+00:00\" \/>\n<meta name=\"author\" content=\"desarrollo\" \/>\n<meta name=\"twitter:card\" content=\"summary_large_image\" \/>\n<meta name=\"twitter:creator\" content=\"@NASTICTARRAGONA\" \/>\n<meta name=\"twitter:site\" content=\"@NASTICTARRAGONA\" \/>\n<meta name=\"twitter:label1\" content=\"Escrito por\" \/>\n\t<meta name=\"twitter:data1\" content=\"desarrollo\" \/>\n\t<meta name=\"twitter:label2\" content=\"Tiempo de lectura\" \/>\n\t<meta name=\"twitter:data2\" content=\"1 minuto\" \/>\n<script type=\"application\/ld+json\" class=\"yoast-schema-graph\">{\"@context\":\"https:\\\/\\\/schema.org\",\"@graph\":[{\"@type\":\"Article\",\"@id\":\"https:\\\/\\\/gimnasticdetarragona.cat\\\/tarragona-i-nastic-per-la-solidaritat\\\/#article\",\"isPartOf\":{\"@id\":\"https:\\\/\\\/gimnasticdetarragona.cat\\\/tarragona-i-nastic-per-la-solidaritat\\\/\"},\"author\":{\"name\":\"desarrollo\",\"@id\":\"https:\\\/\\\/gimnasticdetarragona.cat\\\/es\\\/#\\\/schema\\\/person\\\/47b6a637abf88f9bd835540f20ea069e\"},\"headline\":\"Tarragona y N\u00e0stic por la solidaridad\",\"datePublished\":\"2007-12-17T00:00:00+00:00\",\"mainEntityOfPage\":{\"@id\":\"https:\\\/\\\/gimnasticdetarragona.cat\\\/tarragona-i-nastic-per-la-solidaritat\\\/\"},\"wordCount\":269,\"commentCount\":0,\"publisher\":{\"@id\":\"https:\\\/\\\/gimnasticdetarragona.cat\\\/es\\\/#organization\"},\"articleSection\":[\"Actualidad\",\"Primer Equipo\"],\"inLanguage\":\"es\"},{\"@type\":\"WebPage\",\"@id\":\"https:\\\/\\\/gimnasticdetarragona.cat\\\/tarragona-i-nastic-per-la-solidaritat\\\/\",\"url\":\"https:\\\/\\\/gimnasticdetarragona.cat\\\/tarragona-i-nastic-per-la-solidaritat\\\/\",\"name\":\"Tarragona y N\u00e0stic por la solidaridad - Gimn\u00e0stic de Tarragona SAD\",\"isPartOf\":{\"@id\":\"https:\\\/\\\/gimnasticdetarragona.cat\\\/es\\\/#website\"},\"datePublished\":\"2007-12-17T00:00:00+00:00\",\"breadcrumb\":{\"@id\":\"https:\\\/\\\/gimnasticdetarragona.cat\\\/tarragona-i-nastic-per-la-solidaritat\\\/#breadcrumb\"},\"inLanguage\":\"es\",\"potentialAction\":[{\"@type\":\"ReadAction\",\"target\":[\"https:\\\/\\\/gimnasticdetarragona.cat\\\/tarragona-i-nastic-per-la-solidaritat\\\/\"]}]},{\"@type\":\"BreadcrumbList\",\"@id\":\"https:\\\/\\\/gimnasticdetarragona.cat\\\/tarragona-i-nastic-per-la-solidaritat\\\/#breadcrumb\",\"itemListElement\":[{\"@type\":\"ListItem\",\"position\":1,\"name\":\"Inici\",\"item\":\"https:\\\/\\\/gimnasticdetarragona.cat\\\/es\\\/nastic\\\/\"},{\"@type\":\"ListItem\",\"position\":2,\"name\":\"Tarragona y N\u00e0stic por la solidaridad\"}]},{\"@type\":\"WebSite\",\"@id\":\"https:\\\/\\\/gimnasticdetarragona.cat\\\/es\\\/#website\",\"url\":\"https:\\\/\\\/gimnasticdetarragona.cat\\\/es\\\/\",\"name\":\"Gimn\u00e0stic de Tarragona SAD\",\"description\":\"Gimn\u00e0stic de Tarragona\",\"publisher\":{\"@id\":\"https:\\\/\\\/gimnasticdetarragona.cat\\\/es\\\/#organization\"},\"potentialAction\":[{\"@type\":\"SearchAction\",\"target\":{\"@type\":\"EntryPoint\",\"urlTemplate\":\"https:\\\/\\\/gimnasticdetarragona.cat\\\/es\\\/?s={search_term_string}\"},\"query-input\":{\"@type\":\"PropertyValueSpecification\",\"valueRequired\":true,\"valueName\":\"search_term_string\"}}],\"inLanguage\":\"es\"},{\"@type\":\"Organization\",\"@id\":\"https:\\\/\\\/gimnasticdetarragona.cat\\\/es\\\/#organization\",\"name\":\"GIMN\u00c0STIC DE TARRAGONA\",\"alternateName\":\"N\u00c0STIC\",\"url\":\"https:\\\/\\\/gimnasticdetarragona.cat\\\/es\\\/\",\"logo\":{\"@type\":\"ImageObject\",\"inLanguage\":\"es\",\"@id\":\"https:\\\/\\\/gimnasticdetarragona.cat\\\/es\\\/#\\\/schema\\\/logo\\\/image\\\/\",\"url\":\"https:\\\/\\\/gimnasticdetarragona.cat\\\/wp-content\\\/uploads\\\/2022\\\/06\\\/cropped-logo-gimnastic.png\",\"contentUrl\":\"https:\\\/\\\/gimnasticdetarragona.cat\\\/wp-content\\\/uploads\\\/2022\\\/06\\\/cropped-logo-gimnastic.png\",\"width\":224,\"height\":83,\"caption\":\"GIMN\u00c0STIC DE TARRAGONA\"},\"image\":{\"@id\":\"https:\\\/\\\/gimnasticdetarragona.cat\\\/es\\\/#\\\/schema\\\/logo\\\/image\\\/\"},\"sameAs\":[\"https:\\\/\\\/x.com\\\/NASTICTARRAGONA\",\"https:\\\/\\\/www.instagram.com\\\/nastictarragona\\\/\"]},{\"@type\":\"Person\",\"@id\":\"https:\\\/\\\/gimnasticdetarragona.cat\\\/es\\\/#\\\/schema\\\/person\\\/47b6a637abf88f9bd835540f20ea069e\",\"name\":\"desarrollo\",\"sameAs\":[\"https:\\\/\\\/clone.gimnasticdetarragona.cat\"]}]}<\/script>\n<!-- \/ Yoast SEO plugin. -->","yoast_head_json":{"title":"Tarragona y N\u00e0stic por la solidaridad - Gimn\u00e0stic de Tarragona SAD","robots":{"index":"index","follow":"follow","max-snippet":"max-snippet:-1","max-image-preview":"max-image-preview:large","max-video-preview":"max-video-preview:-1"},"canonical":"https:\/\/gimnasticdetarragona.cat\/tarragona-i-nastic-per-la-solidaritat\/","og_locale":"es_ES","og_type":"article","og_title":"Tarragona y N\u00e0stic por la solidaridad - Gimn\u00e0stic de Tarragona SAD","og_description":"El jueves dia 20 de diciembre, despu\u00e9s de la rueda de prensa posterior al entrenamiento,se realizar\u00e1 la presentaci\u00f3n de la iniciativa \u00abTARRAGONA I NASTIC X LA SOLIDARITAT\u00bb, organizada por el Ayuntamiento y por la entidad grana.Una iniciativa deportivo-solidaria que se celebrar\u00e1 el domingo 23 de diciembre en las instalaciones del N\u00e0stic. Entre los actos previstos [&hellip;]","og_url":"https:\/\/gimnasticdetarragona.cat\/tarragona-i-nastic-per-la-solidaritat\/","og_site_name":"Gimn\u00e0stic de Tarragona SAD","article_published_time":"2007-12-17T00:00:00+00:00","author":"desarrollo","twitter_card":"summary_large_image","twitter_creator":"@NASTICTARRAGONA","twitter_site":"@NASTICTARRAGONA","twitter_misc":{"Escrito por":"desarrollo","Tiempo de lectura":"1 minuto"},"schema":{"@context":"https:\/\/schema.org","@graph":[{"@type":"Article","@id":"https:\/\/gimnasticdetarragona.cat\/tarragona-i-nastic-per-la-solidaritat\/#article","isPartOf":{"@id":"https:\/\/gimnasticdetarragona.cat\/tarragona-i-nastic-per-la-solidaritat\/"},"author":{"name":"desarrollo","@id":"https:\/\/gimnasticdetarragona.cat\/es\/#\/schema\/person\/47b6a637abf88f9bd835540f20ea069e"},"headline":"Tarragona y N\u00e0stic por la solidaridad","datePublished":"2007-12-17T00:00:00+00:00","mainEntityOfPage":{"@id":"https:\/\/gimnasticdetarragona.cat\/tarragona-i-nastic-per-la-solidaritat\/"},"wordCount":269,"commentCount":0,"publisher":{"@id":"https:\/\/gimnasticdetarragona.cat\/es\/#organization"},"articleSection":["Actualidad","Primer Equipo"],"inLanguage":"es"},{"@type":"WebPage","@id":"https:\/\/gimnasticdetarragona.cat\/tarragona-i-nastic-per-la-solidaritat\/","url":"https:\/\/gimnasticdetarragona.cat\/tarragona-i-nastic-per-la-solidaritat\/","name":"Tarragona y N\u00e0stic por la solidaridad - Gimn\u00e0stic de Tarragona SAD","isPartOf":{"@id":"https:\/\/gimnasticdetarragona.cat\/es\/#website"},"datePublished":"2007-12-17T00:00:00+00:00","breadcrumb":{"@id":"https:\/\/gimnasticdetarragona.cat\/tarragona-i-nastic-per-la-solidaritat\/#breadcrumb"},"inLanguage":"es","potentialAction":[{"@type":"ReadAction","target":["https:\/\/gimnasticdetarragona.cat\/tarragona-i-nastic-per-la-solidaritat\/"]}]},{"@type":"BreadcrumbList","@id":"https:\/\/gimnasticdetarragona.cat\/tarragona-i-nastic-per-la-solidaritat\/#breadcrumb","itemListElement":[{"@type":"ListItem","position":1,"name":"Inici","item":"https:\/\/gimnasticdetarragona.cat\/es\/nastic\/"},{"@type":"ListItem","position":2,"name":"Tarragona y N\u00e0stic por la solidaridad"}]},{"@type":"WebSite","@id":"https:\/\/gimnasticdetarragona.cat\/es\/#website","url":"https:\/\/gimnasticdetarragona.cat\/es\/","name":"Gimn\u00e0stic de Tarragona SAD","description":"Gimn\u00e0stic de Tarragona","publisher":{"@id":"https:\/\/gimnasticdetarragona.cat\/es\/#organization"},"potentialAction":[{"@type":"SearchAction","target":{"@type":"EntryPoint","urlTemplate":"https:\/\/gimnasticdetarragona.cat\/es\/?s={search_term_string}"},"query-input":{"@type":"PropertyValueSpecification","valueRequired":true,"valueName":"search_term_string"}}],"inLanguage":"es"},{"@type":"Organization","@id":"https:\/\/gimnasticdetarragona.cat\/es\/#organization","name":"GIMN\u00c0STIC DE TARRAGONA","alternateName":"N\u00c0STIC","url":"https:\/\/gimnasticdetarragona.cat\/es\/","logo":{"@type":"ImageObject","inLanguage":"es","@id":"https:\/\/gimnasticdetarragona.cat\/es\/#\/schema\/logo\/image\/","url":"https:\/\/gimnasticdetarragona.cat\/wp-content\/uploads\/2022\/06\/cropped-logo-gimnastic.png","contentUrl":"https:\/\/gimnasticdetarragona.cat\/wp-content\/uploads\/2022\/06\/cropped-logo-gimnastic.png","width":224,"height":83,"caption":"GIMN\u00c0STIC DE TARRAGONA"},"image":{"@id":"https:\/\/gimnasticdetarragona.cat\/es\/#\/schema\/logo\/image\/"},"sameAs":["https:\/\/x.com\/NASTICTARRAGONA","https:\/\/www.instagram.com\/nastictarragona\/"]},{"@type":"Person","@id":"https:\/\/gimnasticdetarragona.cat\/es\/#\/schema\/person\/47b6a637abf88f9bd835540f20ea069e","name":"desarrollo","sameAs":["https:\/\/clone.gimnasticdetarragona.cat"]}]}},"_links":{"self":[{"href":"https:\/\/gimnasticdetarragona.cat\/es\/wp-json\/wp\/v2\/posts\/79246","targetHints":{"allow":["GET"]}}],"collection":[{"href":"https:\/\/gimnasticdetarragona.cat\/es\/wp-json\/wp\/v2\/posts"}],"about":[{"href":"https:\/\/gimnasticdetarragona.cat\/es\/wp-json\/wp\/v2\/types\/post"}],"author":[{"embeddable":true,"href":"https:\/\/gimnasticdetarragona.cat\/es\/wp-json\/wp\/v2\/users\/1"}],"replies":[{"embeddable":true,"href":"https:\/\/gimnasticdetarragona.cat\/es\/wp-json\/wp\/v2\/comments?post=79246"}],"version-history":[{"count":0,"href":"https:\/\/gimnasticdetarragona.cat\/es\/wp-json\/wp\/v2\/posts\/79246\/revisions"}],"wp:attachment":[{"href":"https:\/\/gimnasticdetarragona.cat\/es\/wp-json\/wp\/v2\/media?parent=79246"}],"wp:term":[{"taxonomy":"category","embeddable":true,"href":"https:\/\/gimnasticdetarragona.cat\/es\/wp-json\/wp\/v2\/categories?post=79246"},{"taxonomy":"post_tag","embeddable":true,"href":"https:\/\/gimnasticdetarragona.cat\/es\/wp-json\/wp\/v2\/tags?post=79246"}],"curies":[{"name":"wp","href":"https:\/\/api.w.org\/{rel}","templated":true}]}}