{"id":79296,"date":"2007-10-31T00:00:00","date_gmt":"2007-10-31T00:00:00","guid":{"rendered":"https:\/\/clone.gimnasticdetarragona.cat\/celebracion-del-5o-aniversario-de-la-pena-passio-grana\/"},"modified":"2007-10-31T00:00:00","modified_gmt":"2007-10-31T00:00:00","slug":"celebracion-del-5o-aniversario-de-la-pena-passio-grana","status":"publish","type":"post","link":"https:\/\/gimnasticdetarragona.cat\/es\/celebracion-del-5o-aniversario-de-la-pena-passio-grana\/","title":{"rendered":"Celebraci\u00f3n del 5\u00ba aniversario de la Pe\u00f1a Passi\u00f3 Grana"},"content":{"rendered":"<p>El viernes d\u00eda 2 de noviembre se celebrar\u00e1n las Jornadas Culturales del barrio de l&#8217;Albada, as\u00ed como el 5\u00ba aniversario de la Pe\u00f1a Passi\u00f3 Grana. En ambos casos habr\u00e1 una importante representaci\u00f3n del N\u00e0stic.<br \/>\nA las 19&#8217;30h, las Jornadas Culturales, programan una mesa redonda con el t\u00edtulo de \u00abEl N\u00e0stic y su futuro\u00bb. Estar\u00e1 moderada por Carles Cort\u00e9s, de la Cadena Ser, y participar\u00e1n el presidente del N\u00e0stic, Xavier Salvad\u00f3; el director deportivo, Ricardo Resta; el concejal de deportes del Ayuntamiento de Tarragona, Jos\u00e9 Cosano; Miquel Tono, del Diari de Tarragona; y el presidente de la Pe\u00f1a Passi\u00f3 Grana, y a su vez, vicepresidente de de la AAVV del barrio de la Albada, Daniel Ju\u00e1rez.<br \/>\nDespu\u00e9s de la mesa redonda, sobre las 20&#8217;30, tendr\u00e1n lugar los actos de celebraci\u00f3n del aniversario de la pe\u00f1a. Adem\u00e1s de las personas anteriormente citadas, se sumar\u00e1n al acto los consejeros del \u00e1rea social de la SAD, Carlos Borrelas y Antoni Vallverd\u00fa, as\u00ed como los jugadores del primer equipo Alejandro Campano y Antonio L\u00f3pez.<br \/>\nEl acto consistir\u00e1 en la entrega a los 70 pe\u00f1istas reconocidos de un carn\u00e9 que los acredite como miembros de la Passi\u00f3 Grana. Tambi\u00e9n ser\u00e1n obsequiados con un forro polar que llevar\u00e1 un distintivo de la pe\u00f1a.<br \/>\nAdem\u00e1s, los representantes del N\u00e0stic entregar\u00e1n al presidente de la pe\u00f1a unos obsequios para conmemorar el acto.<br \/>\nEstos actos se llevar\u00e1n a cabo en los bajos 16-18 de la calle Pierre de Coubertain de Tarragona.<\/p>\n","protected":false},"excerpt":{"rendered":"<p>El viernes d\u00eda 2 de noviembre se celebrar\u00e1n las Jornadas Culturales del barrio de l&#8217;Albada, as\u00ed como el 5\u00ba aniversario de la Pe\u00f1a Passi\u00f3 Grana. En ambos casos habr\u00e1 una importante representaci\u00f3n del N\u00e0stic. A las 19&#8217;30h, las Jornadas Culturales, programan una mesa redonda con el t\u00edtulo de \u00abEl N\u00e0stic y su futuro\u00bb. Estar\u00e1 moderada [&hellip;]<\/p>\n","protected":false},"author":1,"featured_media":0,"comment_status":"open","ping_status":"open","sticky":false,"template":"","format":"standard","meta":{"_acf_changed":false,"footnotes":""},"categories":[113,126],"tags":[],"class_list":["post-79296","post","type-post","status-publish","format-standard","hentry","category-actualidad","category-primer-equipo"],"acf":[],"yoast_head":"<!-- This site is optimized with the Yoast SEO plugin v27.3 - https:\/\/yoast.com\/product\/yoast-seo-wordpress\/ -->\n<title>Celebraci\u00f3n del 5\u00ba aniversario de la Pe\u00f1a Passi\u00f3 Grana - Gimn\u00e0stic de Tarragona SAD<\/title>\n<meta name=\"robots\" content=\"index, follow, max-snippet:-1, max-image-preview:large, max-video-preview:-1\" \/>\n<link rel=\"canonical\" href=\"https:\/\/gimnasticdetarragona.cat\/celebracio-del-5e-aniversari-de-la-penya-passio-grana\/\" \/>\n<meta property=\"og:locale\" content=\"es_ES\" \/>\n<meta property=\"og:type\" content=\"article\" \/>\n<meta property=\"og:title\" content=\"Celebraci\u00f3n del 5\u00ba aniversario de la Pe\u00f1a Passi\u00f3 Grana - Gimn\u00e0stic de Tarragona SAD\" \/>\n<meta property=\"og:description\" content=\"El viernes d\u00eda 2 de noviembre se celebrar\u00e1n las Jornadas Culturales del barrio de l&#8217;Albada, as\u00ed como el 5\u00ba aniversario de la Pe\u00f1a Passi\u00f3 Grana. En ambos casos habr\u00e1 una importante representaci\u00f3n del N\u00e0stic. A las 19&#8217;30h, las Jornadas Culturales, programan una mesa redonda con el t\u00edtulo de \u00abEl N\u00e0stic y su futuro\u00bb. Estar\u00e1 moderada [&hellip;]\" \/>\n<meta property=\"og:url\" content=\"https:\/\/gimnasticdetarragona.cat\/celebracio-del-5e-aniversari-de-la-penya-passio-grana\/\" \/>\n<meta property=\"og:site_name\" content=\"Gimn\u00e0stic de Tarragona SAD\" \/>\n<meta property=\"article:published_time\" content=\"2007-10-31T00:00:00+00:00\" \/>\n<meta name=\"author\" content=\"desarrollo\" \/>\n<meta name=\"twitter:card\" content=\"summary_large_image\" \/>\n<meta name=\"twitter:creator\" content=\"@NASTICTARRAGONA\" \/>\n<meta name=\"twitter:site\" content=\"@NASTICTARRAGONA\" \/>\n<meta name=\"twitter:label1\" content=\"Escrito por\" \/>\n\t<meta name=\"twitter:data1\" content=\"desarrollo\" \/>\n\t<meta name=\"twitter:label2\" content=\"Tiempo de lectura\" \/>\n\t<meta name=\"twitter:data2\" content=\"1 minuto\" \/>\n<script type=\"application\/ld+json\" class=\"yoast-schema-graph\">{\"@context\":\"https:\\\/\\\/schema.org\",\"@graph\":[{\"@type\":\"Article\",\"@id\":\"https:\\\/\\\/gimnasticdetarragona.cat\\\/celebracio-del-5e-aniversari-de-la-penya-passio-grana\\\/#article\",\"isPartOf\":{\"@id\":\"https:\\\/\\\/gimnasticdetarragona.cat\\\/celebracio-del-5e-aniversari-de-la-penya-passio-grana\\\/\"},\"author\":{\"name\":\"desarrollo\",\"@id\":\"https:\\\/\\\/gimnasticdetarragona.cat\\\/es\\\/#\\\/schema\\\/person\\\/47b6a637abf88f9bd835540f20ea069e\"},\"headline\":\"Celebraci\u00f3n del 5\u00ba aniversario de la Pe\u00f1a Passi\u00f3 Grana\",\"datePublished\":\"2007-10-31T00:00:00+00:00\",\"mainEntityOfPage\":{\"@id\":\"https:\\\/\\\/gimnasticdetarragona.cat\\\/celebracio-del-5e-aniversari-de-la-penya-passio-grana\\\/\"},\"wordCount\":276,\"commentCount\":0,\"publisher\":{\"@id\":\"https:\\\/\\\/gimnasticdetarragona.cat\\\/es\\\/#organization\"},\"articleSection\":[\"Actualidad\",\"Primer Equipo\"],\"inLanguage\":\"es\"},{\"@type\":\"WebPage\",\"@id\":\"https:\\\/\\\/gimnasticdetarragona.cat\\\/celebracio-del-5e-aniversari-de-la-penya-passio-grana\\\/\",\"url\":\"https:\\\/\\\/gimnasticdetarragona.cat\\\/celebracio-del-5e-aniversari-de-la-penya-passio-grana\\\/\",\"name\":\"Celebraci\u00f3n del 5\u00ba aniversario de la Pe\u00f1a Passi\u00f3 Grana - Gimn\u00e0stic de Tarragona SAD\",\"isPartOf\":{\"@id\":\"https:\\\/\\\/gimnasticdetarragona.cat\\\/es\\\/#website\"},\"datePublished\":\"2007-10-31T00:00:00+00:00\",\"breadcrumb\":{\"@id\":\"https:\\\/\\\/gimnasticdetarragona.cat\\\/celebracio-del-5e-aniversari-de-la-penya-passio-grana\\\/#breadcrumb\"},\"inLanguage\":\"es\",\"potentialAction\":[{\"@type\":\"ReadAction\",\"target\":[\"https:\\\/\\\/gimnasticdetarragona.cat\\\/celebracio-del-5e-aniversari-de-la-penya-passio-grana\\\/\"]}]},{\"@type\":\"BreadcrumbList\",\"@id\":\"https:\\\/\\\/gimnasticdetarragona.cat\\\/celebracio-del-5e-aniversari-de-la-penya-passio-grana\\\/#breadcrumb\",\"itemListElement\":[{\"@type\":\"ListItem\",\"position\":1,\"name\":\"Inici\",\"item\":\"https:\\\/\\\/gimnasticdetarragona.cat\\\/es\\\/nastic\\\/\"},{\"@type\":\"ListItem\",\"position\":2,\"name\":\"Celebraci\u00f3n del 5\u00ba aniversario de la Pe\u00f1a Passi\u00f3 Grana\"}]},{\"@type\":\"WebSite\",\"@id\":\"https:\\\/\\\/gimnasticdetarragona.cat\\\/es\\\/#website\",\"url\":\"https:\\\/\\\/gimnasticdetarragona.cat\\\/es\\\/\",\"name\":\"Gimn\u00e0stic de Tarragona SAD\",\"description\":\"Gimn\u00e0stic de Tarragona\",\"publisher\":{\"@id\":\"https:\\\/\\\/gimnasticdetarragona.cat\\\/es\\\/#organization\"},\"potentialAction\":[{\"@type\":\"SearchAction\",\"target\":{\"@type\":\"EntryPoint\",\"urlTemplate\":\"https:\\\/\\\/gimnasticdetarragona.cat\\\/es\\\/?s={search_term_string}\"},\"query-input\":{\"@type\":\"PropertyValueSpecification\",\"valueRequired\":true,\"valueName\":\"search_term_string\"}}],\"inLanguage\":\"es\"},{\"@type\":\"Organization\",\"@id\":\"https:\\\/\\\/gimnasticdetarragona.cat\\\/es\\\/#organization\",\"name\":\"GIMN\u00c0STIC DE TARRAGONA\",\"alternateName\":\"N\u00c0STIC\",\"url\":\"https:\\\/\\\/gimnasticdetarragona.cat\\\/es\\\/\",\"logo\":{\"@type\":\"ImageObject\",\"inLanguage\":\"es\",\"@id\":\"https:\\\/\\\/gimnasticdetarragona.cat\\\/es\\\/#\\\/schema\\\/logo\\\/image\\\/\",\"url\":\"https:\\\/\\\/gimnasticdetarragona.cat\\\/wp-content\\\/uploads\\\/2022\\\/06\\\/cropped-logo-gimnastic.png\",\"contentUrl\":\"https:\\\/\\\/gimnasticdetarragona.cat\\\/wp-content\\\/uploads\\\/2022\\\/06\\\/cropped-logo-gimnastic.png\",\"width\":224,\"height\":83,\"caption\":\"GIMN\u00c0STIC DE TARRAGONA\"},\"image\":{\"@id\":\"https:\\\/\\\/gimnasticdetarragona.cat\\\/es\\\/#\\\/schema\\\/logo\\\/image\\\/\"},\"sameAs\":[\"https:\\\/\\\/x.com\\\/NASTICTARRAGONA\",\"https:\\\/\\\/www.instagram.com\\\/nastictarragona\\\/\"]},{\"@type\":\"Person\",\"@id\":\"https:\\\/\\\/gimnasticdetarragona.cat\\\/es\\\/#\\\/schema\\\/person\\\/47b6a637abf88f9bd835540f20ea069e\",\"name\":\"desarrollo\",\"sameAs\":[\"https:\\\/\\\/clone.gimnasticdetarragona.cat\"]}]}<\/script>\n<!-- \/ Yoast SEO plugin. -->","yoast_head_json":{"title":"Celebraci\u00f3n del 5\u00ba aniversario de la Pe\u00f1a Passi\u00f3 Grana - Gimn\u00e0stic de Tarragona SAD","robots":{"index":"index","follow":"follow","max-snippet":"max-snippet:-1","max-image-preview":"max-image-preview:large","max-video-preview":"max-video-preview:-1"},"canonical":"https:\/\/gimnasticdetarragona.cat\/celebracio-del-5e-aniversari-de-la-penya-passio-grana\/","og_locale":"es_ES","og_type":"article","og_title":"Celebraci\u00f3n del 5\u00ba aniversario de la Pe\u00f1a Passi\u00f3 Grana - Gimn\u00e0stic de Tarragona SAD","og_description":"El viernes d\u00eda 2 de noviembre se celebrar\u00e1n las Jornadas Culturales del barrio de l&#8217;Albada, as\u00ed como el 5\u00ba aniversario de la Pe\u00f1a Passi\u00f3 Grana. En ambos casos habr\u00e1 una importante representaci\u00f3n del N\u00e0stic. A las 19&#8217;30h, las Jornadas Culturales, programan una mesa redonda con el t\u00edtulo de \u00abEl N\u00e0stic y su futuro\u00bb. Estar\u00e1 moderada [&hellip;]","og_url":"https:\/\/gimnasticdetarragona.cat\/celebracio-del-5e-aniversari-de-la-penya-passio-grana\/","og_site_name":"Gimn\u00e0stic de Tarragona SAD","article_published_time":"2007-10-31T00:00:00+00:00","author":"desarrollo","twitter_card":"summary_large_image","twitter_creator":"@NASTICTARRAGONA","twitter_site":"@NASTICTARRAGONA","twitter_misc":{"Escrito por":"desarrollo","Tiempo de lectura":"1 minuto"},"schema":{"@context":"https:\/\/schema.org","@graph":[{"@type":"Article","@id":"https:\/\/gimnasticdetarragona.cat\/celebracio-del-5e-aniversari-de-la-penya-passio-grana\/#article","isPartOf":{"@id":"https:\/\/gimnasticdetarragona.cat\/celebracio-del-5e-aniversari-de-la-penya-passio-grana\/"},"author":{"name":"desarrollo","@id":"https:\/\/gimnasticdetarragona.cat\/es\/#\/schema\/person\/47b6a637abf88f9bd835540f20ea069e"},"headline":"Celebraci\u00f3n del 5\u00ba aniversario de la Pe\u00f1a Passi\u00f3 Grana","datePublished":"2007-10-31T00:00:00+00:00","mainEntityOfPage":{"@id":"https:\/\/gimnasticdetarragona.cat\/celebracio-del-5e-aniversari-de-la-penya-passio-grana\/"},"wordCount":276,"commentCount":0,"publisher":{"@id":"https:\/\/gimnasticdetarragona.cat\/es\/#organization"},"articleSection":["Actualidad","Primer Equipo"],"inLanguage":"es"},{"@type":"WebPage","@id":"https:\/\/gimnasticdetarragona.cat\/celebracio-del-5e-aniversari-de-la-penya-passio-grana\/","url":"https:\/\/gimnasticdetarragona.cat\/celebracio-del-5e-aniversari-de-la-penya-passio-grana\/","name":"Celebraci\u00f3n del 5\u00ba aniversario de la Pe\u00f1a Passi\u00f3 Grana - Gimn\u00e0stic de Tarragona SAD","isPartOf":{"@id":"https:\/\/gimnasticdetarragona.cat\/es\/#website"},"datePublished":"2007-10-31T00:00:00+00:00","breadcrumb":{"@id":"https:\/\/gimnasticdetarragona.cat\/celebracio-del-5e-aniversari-de-la-penya-passio-grana\/#breadcrumb"},"inLanguage":"es","potentialAction":[{"@type":"ReadAction","target":["https:\/\/gimnasticdetarragona.cat\/celebracio-del-5e-aniversari-de-la-penya-passio-grana\/"]}]},{"@type":"BreadcrumbList","@id":"https:\/\/gimnasticdetarragona.cat\/celebracio-del-5e-aniversari-de-la-penya-passio-grana\/#breadcrumb","itemListElement":[{"@type":"ListItem","position":1,"name":"Inici","item":"https:\/\/gimnasticdetarragona.cat\/es\/nastic\/"},{"@type":"ListItem","position":2,"name":"Celebraci\u00f3n del 5\u00ba aniversario de la Pe\u00f1a Passi\u00f3 Grana"}]},{"@type":"WebSite","@id":"https:\/\/gimnasticdetarragona.cat\/es\/#website","url":"https:\/\/gimnasticdetarragona.cat\/es\/","name":"Gimn\u00e0stic de Tarragona SAD","description":"Gimn\u00e0stic de Tarragona","publisher":{"@id":"https:\/\/gimnasticdetarragona.cat\/es\/#organization"},"potentialAction":[{"@type":"SearchAction","target":{"@type":"EntryPoint","urlTemplate":"https:\/\/gimnasticdetarragona.cat\/es\/?s={search_term_string}"},"query-input":{"@type":"PropertyValueSpecification","valueRequired":true,"valueName":"search_term_string"}}],"inLanguage":"es"},{"@type":"Organization","@id":"https:\/\/gimnasticdetarragona.cat\/es\/#organization","name":"GIMN\u00c0STIC DE TARRAGONA","alternateName":"N\u00c0STIC","url":"https:\/\/gimnasticdetarragona.cat\/es\/","logo":{"@type":"ImageObject","inLanguage":"es","@id":"https:\/\/gimnasticdetarragona.cat\/es\/#\/schema\/logo\/image\/","url":"https:\/\/gimnasticdetarragona.cat\/wp-content\/uploads\/2022\/06\/cropped-logo-gimnastic.png","contentUrl":"https:\/\/gimnasticdetarragona.cat\/wp-content\/uploads\/2022\/06\/cropped-logo-gimnastic.png","width":224,"height":83,"caption":"GIMN\u00c0STIC DE TARRAGONA"},"image":{"@id":"https:\/\/gimnasticdetarragona.cat\/es\/#\/schema\/logo\/image\/"},"sameAs":["https:\/\/x.com\/NASTICTARRAGONA","https:\/\/www.instagram.com\/nastictarragona\/"]},{"@type":"Person","@id":"https:\/\/gimnasticdetarragona.cat\/es\/#\/schema\/person\/47b6a637abf88f9bd835540f20ea069e","name":"desarrollo","sameAs":["https:\/\/clone.gimnasticdetarragona.cat"]}]}},"_links":{"self":[{"href":"https:\/\/gimnasticdetarragona.cat\/es\/wp-json\/wp\/v2\/posts\/79296","targetHints":{"allow":["GET"]}}],"collection":[{"href":"https:\/\/gimnasticdetarragona.cat\/es\/wp-json\/wp\/v2\/posts"}],"about":[{"href":"https:\/\/gimnasticdetarragona.cat\/es\/wp-json\/wp\/v2\/types\/post"}],"author":[{"embeddable":true,"href":"https:\/\/gimnasticdetarragona.cat\/es\/wp-json\/wp\/v2\/users\/1"}],"replies":[{"embeddable":true,"href":"https:\/\/gimnasticdetarragona.cat\/es\/wp-json\/wp\/v2\/comments?post=79296"}],"version-history":[{"count":0,"href":"https:\/\/gimnasticdetarragona.cat\/es\/wp-json\/wp\/v2\/posts\/79296\/revisions"}],"wp:attachment":[{"href":"https:\/\/gimnasticdetarragona.cat\/es\/wp-json\/wp\/v2\/media?parent=79296"}],"wp:term":[{"taxonomy":"category","embeddable":true,"href":"https:\/\/gimnasticdetarragona.cat\/es\/wp-json\/wp\/v2\/categories?post=79296"},{"taxonomy":"post_tag","embeddable":true,"href":"https:\/\/gimnasticdetarragona.cat\/es\/wp-json\/wp\/v2\/tags?post=79296"}],"curies":[{"name":"wp","href":"https:\/\/api.w.org\/{rel}","templated":true}]}}