{"id":79352,"date":"2007-09-08T00:00:00","date_gmt":"2007-09-08T00:00:00","guid":{"rendered":"https:\/\/clone.gimnasticdetarragona.cat\/el-nastic-sufre-y-gana-al-castello\/"},"modified":"2007-09-08T00:00:00","modified_gmt":"2007-09-08T00:00:00","slug":"el-nastic-sufre-y-gana-al-castello","status":"publish","type":"post","link":"https:\/\/gimnasticdetarragona.cat\/es\/el-nastic-sufre-y-gana-al-castello\/","title":{"rendered":"El N\u00e0stic sufre y gana al Castell\u00f3"},"content":{"rendered":"<p>El Gimn\u00e0stic de Taragona ha ganado por 1 gol a 0 al Castell\u00f3, equipo que llegaba invicto al Nou Estadi. Ha sido un partido muy disputado y los de la Plana han saltado al terreno de juego con la voluntad de ahogar la salida de pelota grana y sorprender al contragolpe. Se debe reconocer que de principio los granas no se han encontrado c\u00f3modos y ha sido con el paso de los minutos que el juego grana ha entrado en escena. Abraham hubiera podido marcar de cabeza, pero la pelota ha marchado al lado del palo. Ha sido una primera parte de lucha en medio del campo, con dos estilos de juegos diferentes: el N\u00e0stic quer\u00eda barajar la esf\u00e9rica hasta encontrar el espacio adecuado y, en cambio, el Castell\u00f3 estaba decidido a buscar la velocidad de sus bandas para crear peligro. Unos buenos 45 minutos, donde los dos equipos han marchado el vestuario con regusto agridulce.<br \/>\nConscientes de que sumar los tres puntos significaban seguir en los lugares de arriba, los de Javi L\u00f3pez han buscado el gol m\u00e1s decididamente desde la segunda parte. La entrada de Calle ha marcado un referente en la vertiente ofensiva y en una jugada a\u00e9rea, el \u00e1rbitro ha silbado penalti por manos a favor del N\u00e0stic. Jandro lo ha convertido de manera magistral y ha adelantado el Gimn\u00e0stic al cuarto de hora de juego. Los \u00faltimos minutos han sido un mon\u00f3logo de los visistants y el N\u00e0stic se ha limitado simplemente a defender. En el minuto 85 los valencianos han puesto el miedo al cuerpo al entorno grana con un gol de sacada r\u00e1pida de falta, pero el \u00e1rbitro lo ha anulado por fuera de juego.<br \/>\nEl equipo volver\u00e1 el pr\u00f3ximo lunes a los entrenamientos, a las 10.00h a Camp Claro <\/p>\n","protected":false},"excerpt":{"rendered":"<p>El Gimn\u00e0stic de Taragona ha ganado por 1 gol a 0 al Castell\u00f3, equipo que llegaba invicto al Nou Estadi. Ha sido un partido muy disputado y los de la Plana han saltado al terreno de juego con la voluntad de ahogar la salida de pelota grana y sorprender al contragolpe. Se debe reconocer que [&hellip;]<\/p>\n","protected":false},"author":1,"featured_media":0,"comment_status":"open","ping_status":"open","sticky":false,"template":"","format":"standard","meta":{"_acf_changed":false,"footnotes":""},"categories":[113,126],"tags":[],"class_list":["post-79352","post","type-post","status-publish","format-standard","hentry","category-actualidad","category-primer-equipo"],"acf":[],"yoast_head":"<!-- This site is optimized with the Yoast SEO plugin v27.3 - https:\/\/yoast.com\/product\/yoast-seo-wordpress\/ -->\n<title>El N\u00e0stic sufre y gana al Castell\u00f3 - Gimn\u00e0stic de Tarragona SAD<\/title>\n<meta name=\"robots\" content=\"index, follow, max-snippet:-1, max-image-preview:large, max-video-preview:-1\" \/>\n<link rel=\"canonical\" href=\"https:\/\/gimnasticdetarragona.cat\/es\/el-nastic-sufre-y-gana-al-castello\/\" \/>\n<meta property=\"og:locale\" content=\"es_ES\" \/>\n<meta property=\"og:type\" content=\"article\" \/>\n<meta property=\"og:title\" content=\"El N\u00e0stic sufre y gana al Castell\u00f3 - Gimn\u00e0stic de Tarragona SAD\" \/>\n<meta property=\"og:description\" content=\"El Gimn\u00e0stic de Taragona ha ganado por 1 gol a 0 al Castell\u00f3, equipo que llegaba invicto al Nou Estadi. Ha sido un partido muy disputado y los de la Plana han saltado al terreno de juego con la voluntad de ahogar la salida de pelota grana y sorprender al contragolpe. Se debe reconocer que [&hellip;]\" \/>\n<meta property=\"og:url\" content=\"https:\/\/gimnasticdetarragona.cat\/es\/el-nastic-sufre-y-gana-al-castello\/\" \/>\n<meta property=\"og:site_name\" content=\"Gimn\u00e0stic de Tarragona SAD\" \/>\n<meta property=\"article:published_time\" content=\"2007-09-08T00:00:00+00:00\" \/>\n<meta name=\"author\" content=\"desarrollo\" \/>\n<meta name=\"twitter:card\" content=\"summary_large_image\" \/>\n<meta name=\"twitter:creator\" content=\"@NASTICTARRAGONA\" \/>\n<meta name=\"twitter:site\" content=\"@NASTICTARRAGONA\" \/>\n<meta name=\"twitter:label1\" content=\"Escrito por\" \/>\n\t<meta name=\"twitter:data1\" content=\"desarrollo\" \/>\n\t<meta name=\"twitter:label2\" content=\"Tiempo de lectura\" \/>\n\t<meta name=\"twitter:data2\" content=\"2 minutos\" \/>\n<script type=\"application\/ld+json\" class=\"yoast-schema-graph\">{\"@context\":\"https:\\\/\\\/schema.org\",\"@graph\":[{\"@type\":\"Article\",\"@id\":\"https:\\\/\\\/gimnasticdetarragona.cat\\\/es\\\/el-nastic-sufre-y-gana-al-castello\\\/#article\",\"isPartOf\":{\"@id\":\"https:\\\/\\\/gimnasticdetarragona.cat\\\/es\\\/el-nastic-sufre-y-gana-al-castello\\\/\"},\"author\":{\"name\":\"desarrollo\",\"@id\":\"https:\\\/\\\/gimnasticdetarragona.cat\\\/es\\\/#\\\/schema\\\/person\\\/47b6a637abf88f9bd835540f20ea069e\"},\"headline\":\"El N\u00e0stic sufre y gana al Castell\u00f3\",\"datePublished\":\"2007-09-08T00:00:00+00:00\",\"mainEntityOfPage\":{\"@id\":\"https:\\\/\\\/gimnasticdetarragona.cat\\\/es\\\/el-nastic-sufre-y-gana-al-castello\\\/\"},\"wordCount\":315,\"commentCount\":0,\"publisher\":{\"@id\":\"https:\\\/\\\/gimnasticdetarragona.cat\\\/es\\\/#organization\"},\"articleSection\":[\"Actualidad\",\"Primer Equipo\"],\"inLanguage\":\"es\"},{\"@type\":\"WebPage\",\"@id\":\"https:\\\/\\\/gimnasticdetarragona.cat\\\/es\\\/el-nastic-sufre-y-gana-al-castello\\\/\",\"url\":\"https:\\\/\\\/gimnasticdetarragona.cat\\\/es\\\/el-nastic-sufre-y-gana-al-castello\\\/\",\"name\":\"El N\u00e0stic sufre y gana al Castell\u00f3 - Gimn\u00e0stic de Tarragona SAD\",\"isPartOf\":{\"@id\":\"https:\\\/\\\/gimnasticdetarragona.cat\\\/es\\\/#website\"},\"datePublished\":\"2007-09-08T00:00:00+00:00\",\"breadcrumb\":{\"@id\":\"https:\\\/\\\/gimnasticdetarragona.cat\\\/es\\\/el-nastic-sufre-y-gana-al-castello\\\/#breadcrumb\"},\"inLanguage\":\"es\",\"potentialAction\":[{\"@type\":\"ReadAction\",\"target\":[\"https:\\\/\\\/gimnasticdetarragona.cat\\\/es\\\/el-nastic-sufre-y-gana-al-castello\\\/\"]}]},{\"@type\":\"BreadcrumbList\",\"@id\":\"https:\\\/\\\/gimnasticdetarragona.cat\\\/es\\\/el-nastic-sufre-y-gana-al-castello\\\/#breadcrumb\",\"itemListElement\":[{\"@type\":\"ListItem\",\"position\":1,\"name\":\"Inici\",\"item\":\"https:\\\/\\\/gimnasticdetarragona.cat\\\/es\\\/nastic\\\/\"},{\"@type\":\"ListItem\",\"position\":2,\"name\":\"El N\u00e0stic sufre y gana al Castell\u00f3\"}]},{\"@type\":\"WebSite\",\"@id\":\"https:\\\/\\\/gimnasticdetarragona.cat\\\/es\\\/#website\",\"url\":\"https:\\\/\\\/gimnasticdetarragona.cat\\\/es\\\/\",\"name\":\"Gimn\u00e0stic de Tarragona SAD\",\"description\":\"Gimn\u00e0stic de Tarragona\",\"publisher\":{\"@id\":\"https:\\\/\\\/gimnasticdetarragona.cat\\\/es\\\/#organization\"},\"potentialAction\":[{\"@type\":\"SearchAction\",\"target\":{\"@type\":\"EntryPoint\",\"urlTemplate\":\"https:\\\/\\\/gimnasticdetarragona.cat\\\/es\\\/?s={search_term_string}\"},\"query-input\":{\"@type\":\"PropertyValueSpecification\",\"valueRequired\":true,\"valueName\":\"search_term_string\"}}],\"inLanguage\":\"es\"},{\"@type\":\"Organization\",\"@id\":\"https:\\\/\\\/gimnasticdetarragona.cat\\\/es\\\/#organization\",\"name\":\"GIMN\u00c0STIC DE TARRAGONA\",\"alternateName\":\"N\u00c0STIC\",\"url\":\"https:\\\/\\\/gimnasticdetarragona.cat\\\/es\\\/\",\"logo\":{\"@type\":\"ImageObject\",\"inLanguage\":\"es\",\"@id\":\"https:\\\/\\\/gimnasticdetarragona.cat\\\/es\\\/#\\\/schema\\\/logo\\\/image\\\/\",\"url\":\"https:\\\/\\\/gimnasticdetarragona.cat\\\/wp-content\\\/uploads\\\/2022\\\/06\\\/cropped-logo-gimnastic.png\",\"contentUrl\":\"https:\\\/\\\/gimnasticdetarragona.cat\\\/wp-content\\\/uploads\\\/2022\\\/06\\\/cropped-logo-gimnastic.png\",\"width\":224,\"height\":83,\"caption\":\"GIMN\u00c0STIC DE TARRAGONA\"},\"image\":{\"@id\":\"https:\\\/\\\/gimnasticdetarragona.cat\\\/es\\\/#\\\/schema\\\/logo\\\/image\\\/\"},\"sameAs\":[\"https:\\\/\\\/x.com\\\/NASTICTARRAGONA\",\"https:\\\/\\\/www.instagram.com\\\/nastictarragona\\\/\"]},{\"@type\":\"Person\",\"@id\":\"https:\\\/\\\/gimnasticdetarragona.cat\\\/es\\\/#\\\/schema\\\/person\\\/47b6a637abf88f9bd835540f20ea069e\",\"name\":\"desarrollo\",\"sameAs\":[\"https:\\\/\\\/clone.gimnasticdetarragona.cat\"]}]}<\/script>\n<!-- \/ Yoast SEO plugin. -->","yoast_head_json":{"title":"El N\u00e0stic sufre y gana al Castell\u00f3 - Gimn\u00e0stic de Tarragona SAD","robots":{"index":"index","follow":"follow","max-snippet":"max-snippet:-1","max-image-preview":"max-image-preview:large","max-video-preview":"max-video-preview:-1"},"canonical":"https:\/\/gimnasticdetarragona.cat\/es\/el-nastic-sufre-y-gana-al-castello\/","og_locale":"es_ES","og_type":"article","og_title":"El N\u00e0stic sufre y gana al Castell\u00f3 - Gimn\u00e0stic de Tarragona SAD","og_description":"El Gimn\u00e0stic de Taragona ha ganado por 1 gol a 0 al Castell\u00f3, equipo que llegaba invicto al Nou Estadi. Ha sido un partido muy disputado y los de la Plana han saltado al terreno de juego con la voluntad de ahogar la salida de pelota grana y sorprender al contragolpe. Se debe reconocer que [&hellip;]","og_url":"https:\/\/gimnasticdetarragona.cat\/es\/el-nastic-sufre-y-gana-al-castello\/","og_site_name":"Gimn\u00e0stic de Tarragona SAD","article_published_time":"2007-09-08T00:00:00+00:00","author":"desarrollo","twitter_card":"summary_large_image","twitter_creator":"@NASTICTARRAGONA","twitter_site":"@NASTICTARRAGONA","twitter_misc":{"Escrito por":"desarrollo","Tiempo de lectura":"2 minutos"},"schema":{"@context":"https:\/\/schema.org","@graph":[{"@type":"Article","@id":"https:\/\/gimnasticdetarragona.cat\/es\/el-nastic-sufre-y-gana-al-castello\/#article","isPartOf":{"@id":"https:\/\/gimnasticdetarragona.cat\/es\/el-nastic-sufre-y-gana-al-castello\/"},"author":{"name":"desarrollo","@id":"https:\/\/gimnasticdetarragona.cat\/es\/#\/schema\/person\/47b6a637abf88f9bd835540f20ea069e"},"headline":"El N\u00e0stic sufre y gana al Castell\u00f3","datePublished":"2007-09-08T00:00:00+00:00","mainEntityOfPage":{"@id":"https:\/\/gimnasticdetarragona.cat\/es\/el-nastic-sufre-y-gana-al-castello\/"},"wordCount":315,"commentCount":0,"publisher":{"@id":"https:\/\/gimnasticdetarragona.cat\/es\/#organization"},"articleSection":["Actualidad","Primer Equipo"],"inLanguage":"es"},{"@type":"WebPage","@id":"https:\/\/gimnasticdetarragona.cat\/es\/el-nastic-sufre-y-gana-al-castello\/","url":"https:\/\/gimnasticdetarragona.cat\/es\/el-nastic-sufre-y-gana-al-castello\/","name":"El N\u00e0stic sufre y gana al Castell\u00f3 - Gimn\u00e0stic de Tarragona SAD","isPartOf":{"@id":"https:\/\/gimnasticdetarragona.cat\/es\/#website"},"datePublished":"2007-09-08T00:00:00+00:00","breadcrumb":{"@id":"https:\/\/gimnasticdetarragona.cat\/es\/el-nastic-sufre-y-gana-al-castello\/#breadcrumb"},"inLanguage":"es","potentialAction":[{"@type":"ReadAction","target":["https:\/\/gimnasticdetarragona.cat\/es\/el-nastic-sufre-y-gana-al-castello\/"]}]},{"@type":"BreadcrumbList","@id":"https:\/\/gimnasticdetarragona.cat\/es\/el-nastic-sufre-y-gana-al-castello\/#breadcrumb","itemListElement":[{"@type":"ListItem","position":1,"name":"Inici","item":"https:\/\/gimnasticdetarragona.cat\/es\/nastic\/"},{"@type":"ListItem","position":2,"name":"El N\u00e0stic sufre y gana al Castell\u00f3"}]},{"@type":"WebSite","@id":"https:\/\/gimnasticdetarragona.cat\/es\/#website","url":"https:\/\/gimnasticdetarragona.cat\/es\/","name":"Gimn\u00e0stic de Tarragona SAD","description":"Gimn\u00e0stic de Tarragona","publisher":{"@id":"https:\/\/gimnasticdetarragona.cat\/es\/#organization"},"potentialAction":[{"@type":"SearchAction","target":{"@type":"EntryPoint","urlTemplate":"https:\/\/gimnasticdetarragona.cat\/es\/?s={search_term_string}"},"query-input":{"@type":"PropertyValueSpecification","valueRequired":true,"valueName":"search_term_string"}}],"inLanguage":"es"},{"@type":"Organization","@id":"https:\/\/gimnasticdetarragona.cat\/es\/#organization","name":"GIMN\u00c0STIC DE TARRAGONA","alternateName":"N\u00c0STIC","url":"https:\/\/gimnasticdetarragona.cat\/es\/","logo":{"@type":"ImageObject","inLanguage":"es","@id":"https:\/\/gimnasticdetarragona.cat\/es\/#\/schema\/logo\/image\/","url":"https:\/\/gimnasticdetarragona.cat\/wp-content\/uploads\/2022\/06\/cropped-logo-gimnastic.png","contentUrl":"https:\/\/gimnasticdetarragona.cat\/wp-content\/uploads\/2022\/06\/cropped-logo-gimnastic.png","width":224,"height":83,"caption":"GIMN\u00c0STIC DE TARRAGONA"},"image":{"@id":"https:\/\/gimnasticdetarragona.cat\/es\/#\/schema\/logo\/image\/"},"sameAs":["https:\/\/x.com\/NASTICTARRAGONA","https:\/\/www.instagram.com\/nastictarragona\/"]},{"@type":"Person","@id":"https:\/\/gimnasticdetarragona.cat\/es\/#\/schema\/person\/47b6a637abf88f9bd835540f20ea069e","name":"desarrollo","sameAs":["https:\/\/clone.gimnasticdetarragona.cat"]}]}},"_links":{"self":[{"href":"https:\/\/gimnasticdetarragona.cat\/es\/wp-json\/wp\/v2\/posts\/79352","targetHints":{"allow":["GET"]}}],"collection":[{"href":"https:\/\/gimnasticdetarragona.cat\/es\/wp-json\/wp\/v2\/posts"}],"about":[{"href":"https:\/\/gimnasticdetarragona.cat\/es\/wp-json\/wp\/v2\/types\/post"}],"author":[{"embeddable":true,"href":"https:\/\/gimnasticdetarragona.cat\/es\/wp-json\/wp\/v2\/users\/1"}],"replies":[{"embeddable":true,"href":"https:\/\/gimnasticdetarragona.cat\/es\/wp-json\/wp\/v2\/comments?post=79352"}],"version-history":[{"count":0,"href":"https:\/\/gimnasticdetarragona.cat\/es\/wp-json\/wp\/v2\/posts\/79352\/revisions"}],"wp:attachment":[{"href":"https:\/\/gimnasticdetarragona.cat\/es\/wp-json\/wp\/v2\/media?parent=79352"}],"wp:term":[{"taxonomy":"category","embeddable":true,"href":"https:\/\/gimnasticdetarragona.cat\/es\/wp-json\/wp\/v2\/categories?post=79352"},{"taxonomy":"post_tag","embeddable":true,"href":"https:\/\/gimnasticdetarragona.cat\/es\/wp-json\/wp\/v2\/tags?post=79352"}],"curies":[{"name":"wp","href":"https:\/\/api.w.org\/{rel}","templated":true}]}}