{"id":79426,"date":"2007-07-23T00:00:00","date_gmt":"2007-07-23T00:00:00","guid":{"rendered":"https:\/\/clone.gimnasticdetarragona.cat\/stage-del-nastic-en-holanda\/"},"modified":"2007-07-23T00:00:00","modified_gmt":"2007-07-23T00:00:00","slug":"stage-del-nastic-en-holanda","status":"publish","type":"post","link":"https:\/\/gimnasticdetarragona.cat\/es\/stage-del-nastic-en-holanda\/","title":{"rendered":"Stage del N\u00e0stic en Holanda"},"content":{"rendered":"<p>El primer equipo del Gimn\u00e0stic de Tarragona lleg\u00f3 ayer de tierras holandesas, d\u00f3nde efectu\u00f3 su stage de pretemporada. El equipo se instal\u00f3 en el Golden Tulip, un hotel de cuatro estrellas situado en las afueras de Epe y rodeado de bosque. Se trataba, pues, d\u2019una zona tranquila y a s\u00f3lo dos kil\u00f3metros de dos campos de f\u00fatbol que dispon\u00edan de varias instal\u2022lacions, como por ejemplo un gimnasio.<br \/>\nJavi L\u00f3pez y el resto del cuerpo t\u00e9cnico program\u00f3 dos sesiones casi diarias d\u00f3nde se combinaban los ejercicios f\u00edsicos con la pelota, un elemento que el nuevo entrenador quiere tener mucho en cuenta. El trabajo f\u00edsico era monopolizado por el nuevo preparador f\u00edsico, Gerardo Izaguirre, mientras que L\u00f3pez aprovechaba los ejercicios con el bal\u00f3n para hacer toda clase de comentarios a sus jugadores. Durante la estancia, los de Tarragona s\u00f3lo disputaron un partido. Fue el s\u00e1bado 28 de julio contra el SV Vaassen, equipo situado a 7 kil\u00f3metros de Epe, y el resultado fue de 0 a 1 favorable a los granas gracias a un gol de Campano. fue un encuentro dedicado a compenetrar los nuevos jugadores y a probar cuestiones t\u00e1cticas. Pero la estancia en tierras holandesas tambi\u00e9n tuvo momentos de distracci\u00f3n, como por ejemplo la visita tur\u00edstica a Amsterdam que efectu\u00f3 la plantilla, aprovechando una tarde de descanso.<br \/>\nLos juveniles V\u00edctor Oribe, Sergio L\u00f3pez y Denis Coch pudieron disfrutar de el stage como unos integrantes m\u00e1s del conjunto grana. <\/p>\n","protected":false},"excerpt":{"rendered":"<p>El primer equipo del Gimn\u00e0stic de Tarragona lleg\u00f3 ayer de tierras holandesas, d\u00f3nde efectu\u00f3 su stage de pretemporada. El equipo se instal\u00f3 en el Golden Tulip, un hotel de cuatro estrellas situado en las afueras de Epe y rodeado de bosque. Se trataba, pues, d\u2019una zona tranquila y a s\u00f3lo dos kil\u00f3metros de dos campos [&hellip;]<\/p>\n","protected":false},"author":1,"featured_media":0,"comment_status":"open","ping_status":"open","sticky":false,"template":"","format":"standard","meta":{"_acf_changed":false,"footnotes":""},"categories":[113,126],"tags":[],"class_list":["post-79426","post","type-post","status-publish","format-standard","hentry","category-actualidad","category-primer-equipo"],"acf":[],"yoast_head":"<!-- This site is optimized with the Yoast SEO plugin v27.3 - https:\/\/yoast.com\/product\/yoast-seo-wordpress\/ -->\n<title>Stage del N\u00e0stic en Holanda - Gimn\u00e0stic de Tarragona SAD<\/title>\n<meta name=\"robots\" content=\"index, follow, max-snippet:-1, max-image-preview:large, max-video-preview:-1\" \/>\n<link rel=\"canonical\" href=\"https:\/\/gimnasticdetarragona.cat\/stage-del-nastic-a-holanda\/\" \/>\n<meta property=\"og:locale\" content=\"es_ES\" \/>\n<meta property=\"og:type\" content=\"article\" \/>\n<meta property=\"og:title\" content=\"Stage del N\u00e0stic en Holanda - Gimn\u00e0stic de Tarragona SAD\" \/>\n<meta property=\"og:description\" content=\"El primer equipo del Gimn\u00e0stic de Tarragona lleg\u00f3 ayer de tierras holandesas, d\u00f3nde efectu\u00f3 su stage de pretemporada. El equipo se instal\u00f3 en el Golden Tulip, un hotel de cuatro estrellas situado en las afueras de Epe y rodeado de bosque. Se trataba, pues, d\u2019una zona tranquila y a s\u00f3lo dos kil\u00f3metros de dos campos [&hellip;]\" \/>\n<meta property=\"og:url\" content=\"https:\/\/gimnasticdetarragona.cat\/stage-del-nastic-a-holanda\/\" \/>\n<meta property=\"og:site_name\" content=\"Gimn\u00e0stic de Tarragona SAD\" \/>\n<meta property=\"article:published_time\" content=\"2007-07-23T00:00:00+00:00\" \/>\n<meta name=\"author\" content=\"desarrollo\" \/>\n<meta name=\"twitter:card\" content=\"summary_large_image\" \/>\n<meta name=\"twitter:creator\" content=\"@NASTICTARRAGONA\" \/>\n<meta name=\"twitter:site\" content=\"@NASTICTARRAGONA\" \/>\n<meta name=\"twitter:label1\" content=\"Escrito por\" \/>\n\t<meta name=\"twitter:data1\" content=\"desarrollo\" \/>\n\t<meta name=\"twitter:label2\" content=\"Tiempo de lectura\" \/>\n\t<meta name=\"twitter:data2\" content=\"1 minuto\" \/>\n<script type=\"application\/ld+json\" class=\"yoast-schema-graph\">{\"@context\":\"https:\\\/\\\/schema.org\",\"@graph\":[{\"@type\":\"Article\",\"@id\":\"https:\\\/\\\/gimnasticdetarragona.cat\\\/stage-del-nastic-a-holanda\\\/#article\",\"isPartOf\":{\"@id\":\"https:\\\/\\\/gimnasticdetarragona.cat\\\/stage-del-nastic-a-holanda\\\/\"},\"author\":{\"name\":\"desarrollo\",\"@id\":\"https:\\\/\\\/gimnasticdetarragona.cat\\\/es\\\/#\\\/schema\\\/person\\\/47b6a637abf88f9bd835540f20ea069e\"},\"headline\":\"Stage del N\u00e0stic en Holanda\",\"datePublished\":\"2007-07-23T00:00:00+00:00\",\"mainEntityOfPage\":{\"@id\":\"https:\\\/\\\/gimnasticdetarragona.cat\\\/stage-del-nastic-a-holanda\\\/\"},\"wordCount\":266,\"commentCount\":0,\"publisher\":{\"@id\":\"https:\\\/\\\/gimnasticdetarragona.cat\\\/es\\\/#organization\"},\"articleSection\":[\"Actualidad\",\"Primer Equipo\"],\"inLanguage\":\"es\"},{\"@type\":\"WebPage\",\"@id\":\"https:\\\/\\\/gimnasticdetarragona.cat\\\/stage-del-nastic-a-holanda\\\/\",\"url\":\"https:\\\/\\\/gimnasticdetarragona.cat\\\/stage-del-nastic-a-holanda\\\/\",\"name\":\"Stage del N\u00e0stic en Holanda - Gimn\u00e0stic de Tarragona SAD\",\"isPartOf\":{\"@id\":\"https:\\\/\\\/gimnasticdetarragona.cat\\\/es\\\/#website\"},\"datePublished\":\"2007-07-23T00:00:00+00:00\",\"breadcrumb\":{\"@id\":\"https:\\\/\\\/gimnasticdetarragona.cat\\\/stage-del-nastic-a-holanda\\\/#breadcrumb\"},\"inLanguage\":\"es\",\"potentialAction\":[{\"@type\":\"ReadAction\",\"target\":[\"https:\\\/\\\/gimnasticdetarragona.cat\\\/stage-del-nastic-a-holanda\\\/\"]}]},{\"@type\":\"BreadcrumbList\",\"@id\":\"https:\\\/\\\/gimnasticdetarragona.cat\\\/stage-del-nastic-a-holanda\\\/#breadcrumb\",\"itemListElement\":[{\"@type\":\"ListItem\",\"position\":1,\"name\":\"Inici\",\"item\":\"https:\\\/\\\/gimnasticdetarragona.cat\\\/es\\\/nastic\\\/\"},{\"@type\":\"ListItem\",\"position\":2,\"name\":\"Stage del N\u00e0stic en Holanda\"}]},{\"@type\":\"WebSite\",\"@id\":\"https:\\\/\\\/gimnasticdetarragona.cat\\\/es\\\/#website\",\"url\":\"https:\\\/\\\/gimnasticdetarragona.cat\\\/es\\\/\",\"name\":\"Gimn\u00e0stic de Tarragona SAD\",\"description\":\"Gimn\u00e0stic de Tarragona\",\"publisher\":{\"@id\":\"https:\\\/\\\/gimnasticdetarragona.cat\\\/es\\\/#organization\"},\"potentialAction\":[{\"@type\":\"SearchAction\",\"target\":{\"@type\":\"EntryPoint\",\"urlTemplate\":\"https:\\\/\\\/gimnasticdetarragona.cat\\\/es\\\/?s={search_term_string}\"},\"query-input\":{\"@type\":\"PropertyValueSpecification\",\"valueRequired\":true,\"valueName\":\"search_term_string\"}}],\"inLanguage\":\"es\"},{\"@type\":\"Organization\",\"@id\":\"https:\\\/\\\/gimnasticdetarragona.cat\\\/es\\\/#organization\",\"name\":\"GIMN\u00c0STIC DE TARRAGONA\",\"alternateName\":\"N\u00c0STIC\",\"url\":\"https:\\\/\\\/gimnasticdetarragona.cat\\\/es\\\/\",\"logo\":{\"@type\":\"ImageObject\",\"inLanguage\":\"es\",\"@id\":\"https:\\\/\\\/gimnasticdetarragona.cat\\\/es\\\/#\\\/schema\\\/logo\\\/image\\\/\",\"url\":\"https:\\\/\\\/gimnasticdetarragona.cat\\\/wp-content\\\/uploads\\\/2022\\\/06\\\/cropped-logo-gimnastic.png\",\"contentUrl\":\"https:\\\/\\\/gimnasticdetarragona.cat\\\/wp-content\\\/uploads\\\/2022\\\/06\\\/cropped-logo-gimnastic.png\",\"width\":224,\"height\":83,\"caption\":\"GIMN\u00c0STIC DE TARRAGONA\"},\"image\":{\"@id\":\"https:\\\/\\\/gimnasticdetarragona.cat\\\/es\\\/#\\\/schema\\\/logo\\\/image\\\/\"},\"sameAs\":[\"https:\\\/\\\/x.com\\\/NASTICTARRAGONA\",\"https:\\\/\\\/www.instagram.com\\\/nastictarragona\\\/\"]},{\"@type\":\"Person\",\"@id\":\"https:\\\/\\\/gimnasticdetarragona.cat\\\/es\\\/#\\\/schema\\\/person\\\/47b6a637abf88f9bd835540f20ea069e\",\"name\":\"desarrollo\",\"sameAs\":[\"https:\\\/\\\/clone.gimnasticdetarragona.cat\"]}]}<\/script>\n<!-- \/ Yoast SEO plugin. -->","yoast_head_json":{"title":"Stage del N\u00e0stic en Holanda - Gimn\u00e0stic de Tarragona SAD","robots":{"index":"index","follow":"follow","max-snippet":"max-snippet:-1","max-image-preview":"max-image-preview:large","max-video-preview":"max-video-preview:-1"},"canonical":"https:\/\/gimnasticdetarragona.cat\/stage-del-nastic-a-holanda\/","og_locale":"es_ES","og_type":"article","og_title":"Stage del N\u00e0stic en Holanda - Gimn\u00e0stic de Tarragona SAD","og_description":"El primer equipo del Gimn\u00e0stic de Tarragona lleg\u00f3 ayer de tierras holandesas, d\u00f3nde efectu\u00f3 su stage de pretemporada. El equipo se instal\u00f3 en el Golden Tulip, un hotel de cuatro estrellas situado en las afueras de Epe y rodeado de bosque. Se trataba, pues, d\u2019una zona tranquila y a s\u00f3lo dos kil\u00f3metros de dos campos [&hellip;]","og_url":"https:\/\/gimnasticdetarragona.cat\/stage-del-nastic-a-holanda\/","og_site_name":"Gimn\u00e0stic de Tarragona SAD","article_published_time":"2007-07-23T00:00:00+00:00","author":"desarrollo","twitter_card":"summary_large_image","twitter_creator":"@NASTICTARRAGONA","twitter_site":"@NASTICTARRAGONA","twitter_misc":{"Escrito por":"desarrollo","Tiempo de lectura":"1 minuto"},"schema":{"@context":"https:\/\/schema.org","@graph":[{"@type":"Article","@id":"https:\/\/gimnasticdetarragona.cat\/stage-del-nastic-a-holanda\/#article","isPartOf":{"@id":"https:\/\/gimnasticdetarragona.cat\/stage-del-nastic-a-holanda\/"},"author":{"name":"desarrollo","@id":"https:\/\/gimnasticdetarragona.cat\/es\/#\/schema\/person\/47b6a637abf88f9bd835540f20ea069e"},"headline":"Stage del N\u00e0stic en Holanda","datePublished":"2007-07-23T00:00:00+00:00","mainEntityOfPage":{"@id":"https:\/\/gimnasticdetarragona.cat\/stage-del-nastic-a-holanda\/"},"wordCount":266,"commentCount":0,"publisher":{"@id":"https:\/\/gimnasticdetarragona.cat\/es\/#organization"},"articleSection":["Actualidad","Primer Equipo"],"inLanguage":"es"},{"@type":"WebPage","@id":"https:\/\/gimnasticdetarragona.cat\/stage-del-nastic-a-holanda\/","url":"https:\/\/gimnasticdetarragona.cat\/stage-del-nastic-a-holanda\/","name":"Stage del N\u00e0stic en Holanda - Gimn\u00e0stic de Tarragona SAD","isPartOf":{"@id":"https:\/\/gimnasticdetarragona.cat\/es\/#website"},"datePublished":"2007-07-23T00:00:00+00:00","breadcrumb":{"@id":"https:\/\/gimnasticdetarragona.cat\/stage-del-nastic-a-holanda\/#breadcrumb"},"inLanguage":"es","potentialAction":[{"@type":"ReadAction","target":["https:\/\/gimnasticdetarragona.cat\/stage-del-nastic-a-holanda\/"]}]},{"@type":"BreadcrumbList","@id":"https:\/\/gimnasticdetarragona.cat\/stage-del-nastic-a-holanda\/#breadcrumb","itemListElement":[{"@type":"ListItem","position":1,"name":"Inici","item":"https:\/\/gimnasticdetarragona.cat\/es\/nastic\/"},{"@type":"ListItem","position":2,"name":"Stage del N\u00e0stic en Holanda"}]},{"@type":"WebSite","@id":"https:\/\/gimnasticdetarragona.cat\/es\/#website","url":"https:\/\/gimnasticdetarragona.cat\/es\/","name":"Gimn\u00e0stic de Tarragona SAD","description":"Gimn\u00e0stic de Tarragona","publisher":{"@id":"https:\/\/gimnasticdetarragona.cat\/es\/#organization"},"potentialAction":[{"@type":"SearchAction","target":{"@type":"EntryPoint","urlTemplate":"https:\/\/gimnasticdetarragona.cat\/es\/?s={search_term_string}"},"query-input":{"@type":"PropertyValueSpecification","valueRequired":true,"valueName":"search_term_string"}}],"inLanguage":"es"},{"@type":"Organization","@id":"https:\/\/gimnasticdetarragona.cat\/es\/#organization","name":"GIMN\u00c0STIC DE TARRAGONA","alternateName":"N\u00c0STIC","url":"https:\/\/gimnasticdetarragona.cat\/es\/","logo":{"@type":"ImageObject","inLanguage":"es","@id":"https:\/\/gimnasticdetarragona.cat\/es\/#\/schema\/logo\/image\/","url":"https:\/\/gimnasticdetarragona.cat\/wp-content\/uploads\/2022\/06\/cropped-logo-gimnastic.png","contentUrl":"https:\/\/gimnasticdetarragona.cat\/wp-content\/uploads\/2022\/06\/cropped-logo-gimnastic.png","width":224,"height":83,"caption":"GIMN\u00c0STIC DE TARRAGONA"},"image":{"@id":"https:\/\/gimnasticdetarragona.cat\/es\/#\/schema\/logo\/image\/"},"sameAs":["https:\/\/x.com\/NASTICTARRAGONA","https:\/\/www.instagram.com\/nastictarragona\/"]},{"@type":"Person","@id":"https:\/\/gimnasticdetarragona.cat\/es\/#\/schema\/person\/47b6a637abf88f9bd835540f20ea069e","name":"desarrollo","sameAs":["https:\/\/clone.gimnasticdetarragona.cat"]}]}},"_links":{"self":[{"href":"https:\/\/gimnasticdetarragona.cat\/es\/wp-json\/wp\/v2\/posts\/79426","targetHints":{"allow":["GET"]}}],"collection":[{"href":"https:\/\/gimnasticdetarragona.cat\/es\/wp-json\/wp\/v2\/posts"}],"about":[{"href":"https:\/\/gimnasticdetarragona.cat\/es\/wp-json\/wp\/v2\/types\/post"}],"author":[{"embeddable":true,"href":"https:\/\/gimnasticdetarragona.cat\/es\/wp-json\/wp\/v2\/users\/1"}],"replies":[{"embeddable":true,"href":"https:\/\/gimnasticdetarragona.cat\/es\/wp-json\/wp\/v2\/comments?post=79426"}],"version-history":[{"count":0,"href":"https:\/\/gimnasticdetarragona.cat\/es\/wp-json\/wp\/v2\/posts\/79426\/revisions"}],"wp:attachment":[{"href":"https:\/\/gimnasticdetarragona.cat\/es\/wp-json\/wp\/v2\/media?parent=79426"}],"wp:term":[{"taxonomy":"category","embeddable":true,"href":"https:\/\/gimnasticdetarragona.cat\/es\/wp-json\/wp\/v2\/categories?post=79426"},{"taxonomy":"post_tag","embeddable":true,"href":"https:\/\/gimnasticdetarragona.cat\/es\/wp-json\/wp\/v2\/tags?post=79426"}],"curies":[{"name":"wp","href":"https:\/\/api.w.org\/{rel}","templated":true}]}}