{"id":79552,"date":"2007-04-17T00:00:00","date_gmt":"2007-04-17T00:00:00","guid":{"rendered":"https:\/\/clone.gimnasticdetarragona.cat\/david-garcia-lesionado\/"},"modified":"2007-04-17T00:00:00","modified_gmt":"2007-04-17T00:00:00","slug":"david-garcia-lesionado","status":"publish","type":"post","link":"https:\/\/gimnasticdetarragona.cat\/es\/david-garcia-lesionado\/","title":{"rendered":"David Garc\u00eda, lesionado"},"content":{"rendered":"<p>El jugador del Gimn\u00e0stic de Tarragona SAD, David Garc\u00eda, sufre una lesi\u00f3n fibrilar del ligamento cruzado anterior de la rodilla izquierda. A\u00fan no se ha hablado si se optar\u00e1 por un tratamiento conservador o bien quir\u00fargico. En todo caso, el jugador ser\u00e1 baja durante los partidos que quedan para finalizar la temporada. <\/p>\n","protected":false},"excerpt":{"rendered":"<p>El jugador del Gimn\u00e0stic de Tarragona SAD, David Garc\u00eda, sufre una lesi\u00f3n fibrilar del ligamento cruzado anterior de la rodilla izquierda. A\u00fan no se ha hablado si se optar\u00e1 por un tratamiento conservador o bien quir\u00fargico. En todo caso, el jugador ser\u00e1 baja durante los partidos que quedan para finalizar la temporada.<\/p>\n","protected":false},"author":1,"featured_media":0,"comment_status":"open","ping_status":"open","sticky":false,"template":"","format":"standard","meta":{"_acf_changed":false,"footnotes":""},"categories":[113,126],"tags":[],"class_list":["post-79552","post","type-post","status-publish","format-standard","hentry","category-actualidad","category-primer-equipo"],"acf":[],"yoast_head":"<!-- This site is optimized with the Yoast SEO plugin v27.3 - https:\/\/yoast.com\/product\/yoast-seo-wordpress\/ -->\n<title>David Garc\u00eda, lesionado - Gimn\u00e0stic de Tarragona SAD<\/title>\n<meta name=\"robots\" content=\"index, follow, max-snippet:-1, max-image-preview:large, max-video-preview:-1\" \/>\n<link rel=\"canonical\" href=\"https:\/\/gimnasticdetarragona.cat\/david-garcia-lesionat\/\" \/>\n<meta property=\"og:locale\" content=\"es_ES\" \/>\n<meta property=\"og:type\" content=\"article\" \/>\n<meta property=\"og:title\" content=\"David Garc\u00eda, lesionado - Gimn\u00e0stic de Tarragona SAD\" \/>\n<meta property=\"og:description\" content=\"El jugador del Gimn\u00e0stic de Tarragona SAD, David Garc\u00eda, sufre una lesi\u00f3n fibrilar del ligamento cruzado anterior de la rodilla izquierda. A\u00fan no se ha hablado si se optar\u00e1 por un tratamiento conservador o bien quir\u00fargico. En todo caso, el jugador ser\u00e1 baja durante los partidos que quedan para finalizar la temporada.\" \/>\n<meta property=\"og:url\" content=\"https:\/\/gimnasticdetarragona.cat\/david-garcia-lesionat\/\" \/>\n<meta property=\"og:site_name\" content=\"Gimn\u00e0stic de Tarragona SAD\" \/>\n<meta property=\"article:published_time\" content=\"2007-04-17T00:00:00+00:00\" \/>\n<meta name=\"author\" content=\"desarrollo\" \/>\n<meta name=\"twitter:card\" content=\"summary_large_image\" \/>\n<meta name=\"twitter:creator\" content=\"@NASTICTARRAGONA\" \/>\n<meta name=\"twitter:site\" content=\"@NASTICTARRAGONA\" \/>\n<meta name=\"twitter:label1\" content=\"Escrito por\" \/>\n\t<meta name=\"twitter:data1\" content=\"desarrollo\" \/>\n<script type=\"application\/ld+json\" class=\"yoast-schema-graph\">{\"@context\":\"https:\\\/\\\/schema.org\",\"@graph\":[{\"@type\":\"Article\",\"@id\":\"https:\\\/\\\/gimnasticdetarragona.cat\\\/david-garcia-lesionat\\\/#article\",\"isPartOf\":{\"@id\":\"https:\\\/\\\/gimnasticdetarragona.cat\\\/david-garcia-lesionat\\\/\"},\"author\":{\"name\":\"desarrollo\",\"@id\":\"https:\\\/\\\/gimnasticdetarragona.cat\\\/es\\\/#\\\/schema\\\/person\\\/47b6a637abf88f9bd835540f20ea069e\"},\"headline\":\"David Garc\u00eda, lesionado\",\"datePublished\":\"2007-04-17T00:00:00+00:00\",\"mainEntityOfPage\":{\"@id\":\"https:\\\/\\\/gimnasticdetarragona.cat\\\/david-garcia-lesionat\\\/\"},\"wordCount\":61,\"commentCount\":0,\"publisher\":{\"@id\":\"https:\\\/\\\/gimnasticdetarragona.cat\\\/es\\\/#organization\"},\"articleSection\":[\"Actualidad\",\"Primer Equipo\"],\"inLanguage\":\"es\"},{\"@type\":\"WebPage\",\"@id\":\"https:\\\/\\\/gimnasticdetarragona.cat\\\/david-garcia-lesionat\\\/\",\"url\":\"https:\\\/\\\/gimnasticdetarragona.cat\\\/david-garcia-lesionat\\\/\",\"name\":\"David Garc\u00eda, lesionado - Gimn\u00e0stic de Tarragona SAD\",\"isPartOf\":{\"@id\":\"https:\\\/\\\/gimnasticdetarragona.cat\\\/es\\\/#website\"},\"datePublished\":\"2007-04-17T00:00:00+00:00\",\"breadcrumb\":{\"@id\":\"https:\\\/\\\/gimnasticdetarragona.cat\\\/david-garcia-lesionat\\\/#breadcrumb\"},\"inLanguage\":\"es\",\"potentialAction\":[{\"@type\":\"ReadAction\",\"target\":[\"https:\\\/\\\/gimnasticdetarragona.cat\\\/david-garcia-lesionat\\\/\"]}]},{\"@type\":\"BreadcrumbList\",\"@id\":\"https:\\\/\\\/gimnasticdetarragona.cat\\\/david-garcia-lesionat\\\/#breadcrumb\",\"itemListElement\":[{\"@type\":\"ListItem\",\"position\":1,\"name\":\"Inici\",\"item\":\"https:\\\/\\\/gimnasticdetarragona.cat\\\/es\\\/nastic\\\/\"},{\"@type\":\"ListItem\",\"position\":2,\"name\":\"David Garc\u00eda, lesionado\"}]},{\"@type\":\"WebSite\",\"@id\":\"https:\\\/\\\/gimnasticdetarragona.cat\\\/es\\\/#website\",\"url\":\"https:\\\/\\\/gimnasticdetarragona.cat\\\/es\\\/\",\"name\":\"Gimn\u00e0stic de Tarragona SAD\",\"description\":\"Gimn\u00e0stic de Tarragona\",\"publisher\":{\"@id\":\"https:\\\/\\\/gimnasticdetarragona.cat\\\/es\\\/#organization\"},\"potentialAction\":[{\"@type\":\"SearchAction\",\"target\":{\"@type\":\"EntryPoint\",\"urlTemplate\":\"https:\\\/\\\/gimnasticdetarragona.cat\\\/es\\\/?s={search_term_string}\"},\"query-input\":{\"@type\":\"PropertyValueSpecification\",\"valueRequired\":true,\"valueName\":\"search_term_string\"}}],\"inLanguage\":\"es\"},{\"@type\":\"Organization\",\"@id\":\"https:\\\/\\\/gimnasticdetarragona.cat\\\/es\\\/#organization\",\"name\":\"GIMN\u00c0STIC DE TARRAGONA\",\"alternateName\":\"N\u00c0STIC\",\"url\":\"https:\\\/\\\/gimnasticdetarragona.cat\\\/es\\\/\",\"logo\":{\"@type\":\"ImageObject\",\"inLanguage\":\"es\",\"@id\":\"https:\\\/\\\/gimnasticdetarragona.cat\\\/es\\\/#\\\/schema\\\/logo\\\/image\\\/\",\"url\":\"https:\\\/\\\/gimnasticdetarragona.cat\\\/wp-content\\\/uploads\\\/2022\\\/06\\\/cropped-logo-gimnastic.png\",\"contentUrl\":\"https:\\\/\\\/gimnasticdetarragona.cat\\\/wp-content\\\/uploads\\\/2022\\\/06\\\/cropped-logo-gimnastic.png\",\"width\":224,\"height\":83,\"caption\":\"GIMN\u00c0STIC DE TARRAGONA\"},\"image\":{\"@id\":\"https:\\\/\\\/gimnasticdetarragona.cat\\\/es\\\/#\\\/schema\\\/logo\\\/image\\\/\"},\"sameAs\":[\"https:\\\/\\\/x.com\\\/NASTICTARRAGONA\",\"https:\\\/\\\/www.instagram.com\\\/nastictarragona\\\/\"]},{\"@type\":\"Person\",\"@id\":\"https:\\\/\\\/gimnasticdetarragona.cat\\\/es\\\/#\\\/schema\\\/person\\\/47b6a637abf88f9bd835540f20ea069e\",\"name\":\"desarrollo\",\"sameAs\":[\"https:\\\/\\\/clone.gimnasticdetarragona.cat\"]}]}<\/script>\n<!-- \/ Yoast SEO plugin. -->","yoast_head_json":{"title":"David Garc\u00eda, lesionado - Gimn\u00e0stic de Tarragona SAD","robots":{"index":"index","follow":"follow","max-snippet":"max-snippet:-1","max-image-preview":"max-image-preview:large","max-video-preview":"max-video-preview:-1"},"canonical":"https:\/\/gimnasticdetarragona.cat\/david-garcia-lesionat\/","og_locale":"es_ES","og_type":"article","og_title":"David Garc\u00eda, lesionado - Gimn\u00e0stic de Tarragona SAD","og_description":"El jugador del Gimn\u00e0stic de Tarragona SAD, David Garc\u00eda, sufre una lesi\u00f3n fibrilar del ligamento cruzado anterior de la rodilla izquierda. A\u00fan no se ha hablado si se optar\u00e1 por un tratamiento conservador o bien quir\u00fargico. En todo caso, el jugador ser\u00e1 baja durante los partidos que quedan para finalizar la temporada.","og_url":"https:\/\/gimnasticdetarragona.cat\/david-garcia-lesionat\/","og_site_name":"Gimn\u00e0stic de Tarragona SAD","article_published_time":"2007-04-17T00:00:00+00:00","author":"desarrollo","twitter_card":"summary_large_image","twitter_creator":"@NASTICTARRAGONA","twitter_site":"@NASTICTARRAGONA","twitter_misc":{"Escrito por":"desarrollo"},"schema":{"@context":"https:\/\/schema.org","@graph":[{"@type":"Article","@id":"https:\/\/gimnasticdetarragona.cat\/david-garcia-lesionat\/#article","isPartOf":{"@id":"https:\/\/gimnasticdetarragona.cat\/david-garcia-lesionat\/"},"author":{"name":"desarrollo","@id":"https:\/\/gimnasticdetarragona.cat\/es\/#\/schema\/person\/47b6a637abf88f9bd835540f20ea069e"},"headline":"David Garc\u00eda, lesionado","datePublished":"2007-04-17T00:00:00+00:00","mainEntityOfPage":{"@id":"https:\/\/gimnasticdetarragona.cat\/david-garcia-lesionat\/"},"wordCount":61,"commentCount":0,"publisher":{"@id":"https:\/\/gimnasticdetarragona.cat\/es\/#organization"},"articleSection":["Actualidad","Primer Equipo"],"inLanguage":"es"},{"@type":"WebPage","@id":"https:\/\/gimnasticdetarragona.cat\/david-garcia-lesionat\/","url":"https:\/\/gimnasticdetarragona.cat\/david-garcia-lesionat\/","name":"David Garc\u00eda, lesionado - Gimn\u00e0stic de Tarragona SAD","isPartOf":{"@id":"https:\/\/gimnasticdetarragona.cat\/es\/#website"},"datePublished":"2007-04-17T00:00:00+00:00","breadcrumb":{"@id":"https:\/\/gimnasticdetarragona.cat\/david-garcia-lesionat\/#breadcrumb"},"inLanguage":"es","potentialAction":[{"@type":"ReadAction","target":["https:\/\/gimnasticdetarragona.cat\/david-garcia-lesionat\/"]}]},{"@type":"BreadcrumbList","@id":"https:\/\/gimnasticdetarragona.cat\/david-garcia-lesionat\/#breadcrumb","itemListElement":[{"@type":"ListItem","position":1,"name":"Inici","item":"https:\/\/gimnasticdetarragona.cat\/es\/nastic\/"},{"@type":"ListItem","position":2,"name":"David Garc\u00eda, lesionado"}]},{"@type":"WebSite","@id":"https:\/\/gimnasticdetarragona.cat\/es\/#website","url":"https:\/\/gimnasticdetarragona.cat\/es\/","name":"Gimn\u00e0stic de Tarragona SAD","description":"Gimn\u00e0stic de Tarragona","publisher":{"@id":"https:\/\/gimnasticdetarragona.cat\/es\/#organization"},"potentialAction":[{"@type":"SearchAction","target":{"@type":"EntryPoint","urlTemplate":"https:\/\/gimnasticdetarragona.cat\/es\/?s={search_term_string}"},"query-input":{"@type":"PropertyValueSpecification","valueRequired":true,"valueName":"search_term_string"}}],"inLanguage":"es"},{"@type":"Organization","@id":"https:\/\/gimnasticdetarragona.cat\/es\/#organization","name":"GIMN\u00c0STIC DE TARRAGONA","alternateName":"N\u00c0STIC","url":"https:\/\/gimnasticdetarragona.cat\/es\/","logo":{"@type":"ImageObject","inLanguage":"es","@id":"https:\/\/gimnasticdetarragona.cat\/es\/#\/schema\/logo\/image\/","url":"https:\/\/gimnasticdetarragona.cat\/wp-content\/uploads\/2022\/06\/cropped-logo-gimnastic.png","contentUrl":"https:\/\/gimnasticdetarragona.cat\/wp-content\/uploads\/2022\/06\/cropped-logo-gimnastic.png","width":224,"height":83,"caption":"GIMN\u00c0STIC DE TARRAGONA"},"image":{"@id":"https:\/\/gimnasticdetarragona.cat\/es\/#\/schema\/logo\/image\/"},"sameAs":["https:\/\/x.com\/NASTICTARRAGONA","https:\/\/www.instagram.com\/nastictarragona\/"]},{"@type":"Person","@id":"https:\/\/gimnasticdetarragona.cat\/es\/#\/schema\/person\/47b6a637abf88f9bd835540f20ea069e","name":"desarrollo","sameAs":["https:\/\/clone.gimnasticdetarragona.cat"]}]}},"_links":{"self":[{"href":"https:\/\/gimnasticdetarragona.cat\/es\/wp-json\/wp\/v2\/posts\/79552","targetHints":{"allow":["GET"]}}],"collection":[{"href":"https:\/\/gimnasticdetarragona.cat\/es\/wp-json\/wp\/v2\/posts"}],"about":[{"href":"https:\/\/gimnasticdetarragona.cat\/es\/wp-json\/wp\/v2\/types\/post"}],"author":[{"embeddable":true,"href":"https:\/\/gimnasticdetarragona.cat\/es\/wp-json\/wp\/v2\/users\/1"}],"replies":[{"embeddable":true,"href":"https:\/\/gimnasticdetarragona.cat\/es\/wp-json\/wp\/v2\/comments?post=79552"}],"version-history":[{"count":0,"href":"https:\/\/gimnasticdetarragona.cat\/es\/wp-json\/wp\/v2\/posts\/79552\/revisions"}],"wp:attachment":[{"href":"https:\/\/gimnasticdetarragona.cat\/es\/wp-json\/wp\/v2\/media?parent=79552"}],"wp:term":[{"taxonomy":"category","embeddable":true,"href":"https:\/\/gimnasticdetarragona.cat\/es\/wp-json\/wp\/v2\/categories?post=79552"},{"taxonomy":"post_tag","embeddable":true,"href":"https:\/\/gimnasticdetarragona.cat\/es\/wp-json\/wp\/v2\/tags?post=79552"}],"curies":[{"name":"wp","href":"https:\/\/api.w.org\/{rel}","templated":true}]}}