{"id":79640,"date":"2007-02-18T00:00:00","date_gmt":"2007-02-18T00:00:00","guid":{"rendered":"https:\/\/clone.gimnasticdetarragona.cat\/derrota-en-el-sardinero-y-la-permanencia-12puntos\/"},"modified":"2007-02-18T00:00:00","modified_gmt":"2007-02-18T00:00:00","slug":"derrota-en-el-sardinero-y-la-permanencia-12puntos","status":"publish","type":"post","link":"https:\/\/gimnasticdetarragona.cat\/es\/derrota-en-el-sardinero-y-la-permanencia-12puntos\/","title":{"rendered":"Derrota en el Sardinero y la permanencia 12puntos"},"content":{"rendered":"<p>&#65279;El N\u00e0stic se ha complicado todav\u00eda m\u00e1s la permanencia a la primera divisi\u00f3n, ya que ha ca\u00eddo goleado por 4 goles a 1 contra el Racing de Santander.<br \/>\nLa primera parte ha sido de claro dominio local y s\u00f3lo el desacierto de los delanteros c\u00e1ntabros ha permitido mantener la porter\u00eda de Bizzarri a cero. La segunda parte, sin embargo, ha empezado de manera inmejorable. En un contraataque grana el debutante Tobias Grahn ha adelantado a los tarraconenses en el marcador. Ganar al Sardinero era vital para continuar en la lucha de la zona baja, ya que todos los rivales han puntuado. Sin embargo, dos minutos despu\u00e9s del gol de Grahn Scaloni ha empatado para el Racing, y justo despu\u00e9s Matell\u00e1n ha marcado en porter\u00eda propia. La desesperaci\u00f3n no pod\u00eda ser mayor y el Racing lo ha tenido todo de cara para ganar tranquilamente. Colsa de cabeza y Zigic han culminado una derrota del N\u00e0stic merecida.<br \/>\nHay que destacar el debut del franc\u00e9s Chabaud, que ha jugado los 90 minutos, y del sueco Tobias Grahn, que ha salido a la segunda parte.          <\/p>\n","protected":false},"excerpt":{"rendered":"<p>&#65279;El N\u00e0stic se ha complicado todav\u00eda m\u00e1s la permanencia a la primera divisi\u00f3n, ya que ha ca\u00eddo goleado por 4 goles a 1 contra el Racing de Santander. La primera parte ha sido de claro dominio local y s\u00f3lo el desacierto de los delanteros c\u00e1ntabros ha permitido mantener la porter\u00eda de Bizzarri a cero. La [&hellip;]<\/p>\n","protected":false},"author":1,"featured_media":0,"comment_status":"open","ping_status":"open","sticky":false,"template":"","format":"standard","meta":{"_acf_changed":false,"footnotes":""},"categories":[113,126],"tags":[],"class_list":["post-79640","post","type-post","status-publish","format-standard","hentry","category-actualidad","category-primer-equipo"],"acf":[],"yoast_head":"<!-- This site is optimized with the Yoast SEO plugin v27.3 - https:\/\/yoast.com\/product\/yoast-seo-wordpress\/ -->\n<title>Derrota en el Sardinero y la permanencia 12puntos - Gimn\u00e0stic de Tarragona SAD<\/title>\n<meta name=\"robots\" content=\"index, follow, max-snippet:-1, max-image-preview:large, max-video-preview:-1\" \/>\n<link rel=\"canonical\" href=\"https:\/\/gimnasticdetarragona.cat\/derrota-al-sardinero-i-la-permanencia-a-12-punts\/\" \/>\n<meta property=\"og:locale\" content=\"es_ES\" \/>\n<meta property=\"og:type\" content=\"article\" \/>\n<meta property=\"og:title\" content=\"Derrota en el Sardinero y la permanencia 12puntos - Gimn\u00e0stic de Tarragona SAD\" \/>\n<meta property=\"og:description\" content=\"&#65279;El N\u00e0stic se ha complicado todav\u00eda m\u00e1s la permanencia a la primera divisi\u00f3n, ya que ha ca\u00eddo goleado por 4 goles a 1 contra el Racing de Santander. La primera parte ha sido de claro dominio local y s\u00f3lo el desacierto de los delanteros c\u00e1ntabros ha permitido mantener la porter\u00eda de Bizzarri a cero. La [&hellip;]\" \/>\n<meta property=\"og:url\" content=\"https:\/\/gimnasticdetarragona.cat\/derrota-al-sardinero-i-la-permanencia-a-12-punts\/\" \/>\n<meta property=\"og:site_name\" content=\"Gimn\u00e0stic de Tarragona SAD\" \/>\n<meta property=\"article:published_time\" content=\"2007-02-18T00:00:00+00:00\" \/>\n<meta name=\"author\" content=\"desarrollo\" \/>\n<meta name=\"twitter:card\" content=\"summary_large_image\" \/>\n<meta name=\"twitter:creator\" content=\"@NASTICTARRAGONA\" \/>\n<meta name=\"twitter:site\" content=\"@NASTICTARRAGONA\" \/>\n<meta name=\"twitter:label1\" content=\"Escrito por\" \/>\n\t<meta name=\"twitter:data1\" content=\"desarrollo\" \/>\n\t<meta name=\"twitter:label2\" content=\"Tiempo de lectura\" \/>\n\t<meta name=\"twitter:data2\" content=\"1 minuto\" \/>\n<script type=\"application\/ld+json\" class=\"yoast-schema-graph\">{\"@context\":\"https:\\\/\\\/schema.org\",\"@graph\":[{\"@type\":\"Article\",\"@id\":\"https:\\\/\\\/gimnasticdetarragona.cat\\\/derrota-al-sardinero-i-la-permanencia-a-12-punts\\\/#article\",\"isPartOf\":{\"@id\":\"https:\\\/\\\/gimnasticdetarragona.cat\\\/derrota-al-sardinero-i-la-permanencia-a-12-punts\\\/\"},\"author\":{\"name\":\"desarrollo\",\"@id\":\"https:\\\/\\\/gimnasticdetarragona.cat\\\/es\\\/#\\\/schema\\\/person\\\/47b6a637abf88f9bd835540f20ea069e\"},\"headline\":\"Derrota en el Sardinero y la permanencia 12puntos\",\"datePublished\":\"2007-02-18T00:00:00+00:00\",\"mainEntityOfPage\":{\"@id\":\"https:\\\/\\\/gimnasticdetarragona.cat\\\/derrota-al-sardinero-i-la-permanencia-a-12-punts\\\/\"},\"wordCount\":202,\"commentCount\":0,\"publisher\":{\"@id\":\"https:\\\/\\\/gimnasticdetarragona.cat\\\/es\\\/#organization\"},\"articleSection\":[\"Actualidad\",\"Primer Equipo\"],\"inLanguage\":\"es\"},{\"@type\":\"WebPage\",\"@id\":\"https:\\\/\\\/gimnasticdetarragona.cat\\\/derrota-al-sardinero-i-la-permanencia-a-12-punts\\\/\",\"url\":\"https:\\\/\\\/gimnasticdetarragona.cat\\\/derrota-al-sardinero-i-la-permanencia-a-12-punts\\\/\",\"name\":\"Derrota en el Sardinero y la permanencia 12puntos - Gimn\u00e0stic de Tarragona SAD\",\"isPartOf\":{\"@id\":\"https:\\\/\\\/gimnasticdetarragona.cat\\\/es\\\/#website\"},\"datePublished\":\"2007-02-18T00:00:00+00:00\",\"breadcrumb\":{\"@id\":\"https:\\\/\\\/gimnasticdetarragona.cat\\\/derrota-al-sardinero-i-la-permanencia-a-12-punts\\\/#breadcrumb\"},\"inLanguage\":\"es\",\"potentialAction\":[{\"@type\":\"ReadAction\",\"target\":[\"https:\\\/\\\/gimnasticdetarragona.cat\\\/derrota-al-sardinero-i-la-permanencia-a-12-punts\\\/\"]}]},{\"@type\":\"BreadcrumbList\",\"@id\":\"https:\\\/\\\/gimnasticdetarragona.cat\\\/derrota-al-sardinero-i-la-permanencia-a-12-punts\\\/#breadcrumb\",\"itemListElement\":[{\"@type\":\"ListItem\",\"position\":1,\"name\":\"Inici\",\"item\":\"https:\\\/\\\/gimnasticdetarragona.cat\\\/es\\\/nastic\\\/\"},{\"@type\":\"ListItem\",\"position\":2,\"name\":\"Derrota en el Sardinero y la permanencia 12puntos\"}]},{\"@type\":\"WebSite\",\"@id\":\"https:\\\/\\\/gimnasticdetarragona.cat\\\/es\\\/#website\",\"url\":\"https:\\\/\\\/gimnasticdetarragona.cat\\\/es\\\/\",\"name\":\"Gimn\u00e0stic de Tarragona SAD\",\"description\":\"Gimn\u00e0stic de Tarragona\",\"publisher\":{\"@id\":\"https:\\\/\\\/gimnasticdetarragona.cat\\\/es\\\/#organization\"},\"potentialAction\":[{\"@type\":\"SearchAction\",\"target\":{\"@type\":\"EntryPoint\",\"urlTemplate\":\"https:\\\/\\\/gimnasticdetarragona.cat\\\/es\\\/?s={search_term_string}\"},\"query-input\":{\"@type\":\"PropertyValueSpecification\",\"valueRequired\":true,\"valueName\":\"search_term_string\"}}],\"inLanguage\":\"es\"},{\"@type\":\"Organization\",\"@id\":\"https:\\\/\\\/gimnasticdetarragona.cat\\\/es\\\/#organization\",\"name\":\"GIMN\u00c0STIC DE TARRAGONA\",\"alternateName\":\"N\u00c0STIC\",\"url\":\"https:\\\/\\\/gimnasticdetarragona.cat\\\/es\\\/\",\"logo\":{\"@type\":\"ImageObject\",\"inLanguage\":\"es\",\"@id\":\"https:\\\/\\\/gimnasticdetarragona.cat\\\/es\\\/#\\\/schema\\\/logo\\\/image\\\/\",\"url\":\"https:\\\/\\\/gimnasticdetarragona.cat\\\/wp-content\\\/uploads\\\/2022\\\/06\\\/cropped-logo-gimnastic.png\",\"contentUrl\":\"https:\\\/\\\/gimnasticdetarragona.cat\\\/wp-content\\\/uploads\\\/2022\\\/06\\\/cropped-logo-gimnastic.png\",\"width\":224,\"height\":83,\"caption\":\"GIMN\u00c0STIC DE TARRAGONA\"},\"image\":{\"@id\":\"https:\\\/\\\/gimnasticdetarragona.cat\\\/es\\\/#\\\/schema\\\/logo\\\/image\\\/\"},\"sameAs\":[\"https:\\\/\\\/x.com\\\/NASTICTARRAGONA\",\"https:\\\/\\\/www.instagram.com\\\/nastictarragona\\\/\"]},{\"@type\":\"Person\",\"@id\":\"https:\\\/\\\/gimnasticdetarragona.cat\\\/es\\\/#\\\/schema\\\/person\\\/47b6a637abf88f9bd835540f20ea069e\",\"name\":\"desarrollo\",\"sameAs\":[\"https:\\\/\\\/clone.gimnasticdetarragona.cat\"]}]}<\/script>\n<!-- \/ Yoast SEO plugin. -->","yoast_head_json":{"title":"Derrota en el Sardinero y la permanencia 12puntos - Gimn\u00e0stic de Tarragona SAD","robots":{"index":"index","follow":"follow","max-snippet":"max-snippet:-1","max-image-preview":"max-image-preview:large","max-video-preview":"max-video-preview:-1"},"canonical":"https:\/\/gimnasticdetarragona.cat\/derrota-al-sardinero-i-la-permanencia-a-12-punts\/","og_locale":"es_ES","og_type":"article","og_title":"Derrota en el Sardinero y la permanencia 12puntos - Gimn\u00e0stic de Tarragona SAD","og_description":"&#65279;El N\u00e0stic se ha complicado todav\u00eda m\u00e1s la permanencia a la primera divisi\u00f3n, ya que ha ca\u00eddo goleado por 4 goles a 1 contra el Racing de Santander. La primera parte ha sido de claro dominio local y s\u00f3lo el desacierto de los delanteros c\u00e1ntabros ha permitido mantener la porter\u00eda de Bizzarri a cero. La [&hellip;]","og_url":"https:\/\/gimnasticdetarragona.cat\/derrota-al-sardinero-i-la-permanencia-a-12-punts\/","og_site_name":"Gimn\u00e0stic de Tarragona SAD","article_published_time":"2007-02-18T00:00:00+00:00","author":"desarrollo","twitter_card":"summary_large_image","twitter_creator":"@NASTICTARRAGONA","twitter_site":"@NASTICTARRAGONA","twitter_misc":{"Escrito por":"desarrollo","Tiempo de lectura":"1 minuto"},"schema":{"@context":"https:\/\/schema.org","@graph":[{"@type":"Article","@id":"https:\/\/gimnasticdetarragona.cat\/derrota-al-sardinero-i-la-permanencia-a-12-punts\/#article","isPartOf":{"@id":"https:\/\/gimnasticdetarragona.cat\/derrota-al-sardinero-i-la-permanencia-a-12-punts\/"},"author":{"name":"desarrollo","@id":"https:\/\/gimnasticdetarragona.cat\/es\/#\/schema\/person\/47b6a637abf88f9bd835540f20ea069e"},"headline":"Derrota en el Sardinero y la permanencia 12puntos","datePublished":"2007-02-18T00:00:00+00:00","mainEntityOfPage":{"@id":"https:\/\/gimnasticdetarragona.cat\/derrota-al-sardinero-i-la-permanencia-a-12-punts\/"},"wordCount":202,"commentCount":0,"publisher":{"@id":"https:\/\/gimnasticdetarragona.cat\/es\/#organization"},"articleSection":["Actualidad","Primer Equipo"],"inLanguage":"es"},{"@type":"WebPage","@id":"https:\/\/gimnasticdetarragona.cat\/derrota-al-sardinero-i-la-permanencia-a-12-punts\/","url":"https:\/\/gimnasticdetarragona.cat\/derrota-al-sardinero-i-la-permanencia-a-12-punts\/","name":"Derrota en el Sardinero y la permanencia 12puntos - Gimn\u00e0stic de Tarragona SAD","isPartOf":{"@id":"https:\/\/gimnasticdetarragona.cat\/es\/#website"},"datePublished":"2007-02-18T00:00:00+00:00","breadcrumb":{"@id":"https:\/\/gimnasticdetarragona.cat\/derrota-al-sardinero-i-la-permanencia-a-12-punts\/#breadcrumb"},"inLanguage":"es","potentialAction":[{"@type":"ReadAction","target":["https:\/\/gimnasticdetarragona.cat\/derrota-al-sardinero-i-la-permanencia-a-12-punts\/"]}]},{"@type":"BreadcrumbList","@id":"https:\/\/gimnasticdetarragona.cat\/derrota-al-sardinero-i-la-permanencia-a-12-punts\/#breadcrumb","itemListElement":[{"@type":"ListItem","position":1,"name":"Inici","item":"https:\/\/gimnasticdetarragona.cat\/es\/nastic\/"},{"@type":"ListItem","position":2,"name":"Derrota en el Sardinero y la permanencia 12puntos"}]},{"@type":"WebSite","@id":"https:\/\/gimnasticdetarragona.cat\/es\/#website","url":"https:\/\/gimnasticdetarragona.cat\/es\/","name":"Gimn\u00e0stic de Tarragona SAD","description":"Gimn\u00e0stic de Tarragona","publisher":{"@id":"https:\/\/gimnasticdetarragona.cat\/es\/#organization"},"potentialAction":[{"@type":"SearchAction","target":{"@type":"EntryPoint","urlTemplate":"https:\/\/gimnasticdetarragona.cat\/es\/?s={search_term_string}"},"query-input":{"@type":"PropertyValueSpecification","valueRequired":true,"valueName":"search_term_string"}}],"inLanguage":"es"},{"@type":"Organization","@id":"https:\/\/gimnasticdetarragona.cat\/es\/#organization","name":"GIMN\u00c0STIC DE TARRAGONA","alternateName":"N\u00c0STIC","url":"https:\/\/gimnasticdetarragona.cat\/es\/","logo":{"@type":"ImageObject","inLanguage":"es","@id":"https:\/\/gimnasticdetarragona.cat\/es\/#\/schema\/logo\/image\/","url":"https:\/\/gimnasticdetarragona.cat\/wp-content\/uploads\/2022\/06\/cropped-logo-gimnastic.png","contentUrl":"https:\/\/gimnasticdetarragona.cat\/wp-content\/uploads\/2022\/06\/cropped-logo-gimnastic.png","width":224,"height":83,"caption":"GIMN\u00c0STIC DE TARRAGONA"},"image":{"@id":"https:\/\/gimnasticdetarragona.cat\/es\/#\/schema\/logo\/image\/"},"sameAs":["https:\/\/x.com\/NASTICTARRAGONA","https:\/\/www.instagram.com\/nastictarragona\/"]},{"@type":"Person","@id":"https:\/\/gimnasticdetarragona.cat\/es\/#\/schema\/person\/47b6a637abf88f9bd835540f20ea069e","name":"desarrollo","sameAs":["https:\/\/clone.gimnasticdetarragona.cat"]}]}},"_links":{"self":[{"href":"https:\/\/gimnasticdetarragona.cat\/es\/wp-json\/wp\/v2\/posts\/79640","targetHints":{"allow":["GET"]}}],"collection":[{"href":"https:\/\/gimnasticdetarragona.cat\/es\/wp-json\/wp\/v2\/posts"}],"about":[{"href":"https:\/\/gimnasticdetarragona.cat\/es\/wp-json\/wp\/v2\/types\/post"}],"author":[{"embeddable":true,"href":"https:\/\/gimnasticdetarragona.cat\/es\/wp-json\/wp\/v2\/users\/1"}],"replies":[{"embeddable":true,"href":"https:\/\/gimnasticdetarragona.cat\/es\/wp-json\/wp\/v2\/comments?post=79640"}],"version-history":[{"count":0,"href":"https:\/\/gimnasticdetarragona.cat\/es\/wp-json\/wp\/v2\/posts\/79640\/revisions"}],"wp:attachment":[{"href":"https:\/\/gimnasticdetarragona.cat\/es\/wp-json\/wp\/v2\/media?parent=79640"}],"wp:term":[{"taxonomy":"category","embeddable":true,"href":"https:\/\/gimnasticdetarragona.cat\/es\/wp-json\/wp\/v2\/categories?post=79640"},{"taxonomy":"post_tag","embeddable":true,"href":"https:\/\/gimnasticdetarragona.cat\/es\/wp-json\/wp\/v2\/tags?post=79640"}],"curies":[{"name":"wp","href":"https:\/\/api.w.org\/{rel}","templated":true}]}}