{"id":79954,"date":"2006-09-19T00:00:00","date_gmt":"2006-09-19T00:00:00","guid":{"rendered":"https:\/\/clone.gimnasticdetarragona.cat\/colaboracion-entre-el-nastic-y-el-banc-de-sang-i-teixits\/"},"modified":"2006-09-19T00:00:00","modified_gmt":"2006-09-19T00:00:00","slug":"colaboracion-entre-el-nastic-y-el-banc-de-sang-i-teixits","status":"publish","type":"post","link":"https:\/\/gimnasticdetarragona.cat\/es\/colaboracion-entre-el-nastic-y-el-banc-de-sang-i-teixits\/","title":{"rendered":"Colaboraci\u00f3n entre el Nastic y el Banc de Sang i Teixits"},"content":{"rendered":"<p>El Nastic se ha comprometido a colaborar de manera activa con el Banc de Sang i Teixits. El dia 14 de septiembre a las doce y media del mediodia tuvo lugar el acto institucional de firma del convenio de colaboraci\u00f3n, en la sala de premsa del Nou Estadi. <\/p>\n<p>Participaron en este acto el presidente, Josep Maria Andreu; el responsable del Banc de Sang en la demarcaci\u00f3n de Tarragona, Enric Contreras, i el gerente del Banc de Sang i de Teixits, Ramon Pau. <\/p>\n<p>Los tres remarcaron la importancia de este acuerdo para conseguir subir el n\u00famero de donantes i aumentar la solidaridad en el moment de efectuar las donaciones. <\/p>\n<p>La 2\u00aa Marat\u00f3n de Donaci\u00f3n de Sangre, que se realiz\u00f3 en el Teatro Metropol el s\u00e1bado 16 de septiembre, fue otra muestra de la estrecha relaci\u00f3n que se ha forjado entre las dos entidades. Durante este acto, el Nastic hizo entrega de una de las motocicletas de su marca entre todos los voluntarios que se acercaron a donar sus muestras. El ganador del sorteo fue Albert Saludes. <\/p>\n<p>Este acto de colaboraci\u00f3n con un entidad deportivo -la primera que se realiza con un equipo de futbol de primera divisi\u00f3n- entra dentro del plan de actuaciones espec\u00edficas que efectua el Banc de Sang i Teixits. Este proyecto tiene un claro objetivo: recojer el m\u00e0ximo de litros de sangre y la m\u00e1xima cantidad de sangre.  <\/p>\n","protected":false},"excerpt":{"rendered":"<p>El Nastic se ha comprometido a colaborar de manera activa con el Banc de Sang i Teixits. El dia 14 de septiembre a las doce y media del mediodia tuvo lugar el acto institucional de firma del convenio de colaboraci\u00f3n, en la sala de premsa del Nou Estadi. Participaron en este acto el presidente, Josep [&hellip;]<\/p>\n","protected":false},"author":1,"featured_media":0,"comment_status":"open","ping_status":"open","sticky":false,"template":"","format":"standard","meta":{"_acf_changed":false,"footnotes":""},"categories":[113,126],"tags":[],"class_list":["post-79954","post","type-post","status-publish","format-standard","hentry","category-actualidad","category-primer-equipo"],"acf":[],"yoast_head":"<!-- This site is optimized with the Yoast SEO plugin v27.3 - https:\/\/yoast.com\/product\/yoast-seo-wordpress\/ -->\n<title>Colaboraci\u00f3n entre el Nastic y el Banc de Sang i Teixits - Gimn\u00e0stic de Tarragona SAD<\/title>\n<meta name=\"robots\" content=\"index, follow, max-snippet:-1, max-image-preview:large, max-video-preview:-1\" \/>\n<link rel=\"canonical\" href=\"https:\/\/gimnasticdetarragona.cat\/col\u00b7laboracio-entre-el-nastic-i-el-banc-de-sang-i-teixits\/\" \/>\n<meta property=\"og:locale\" content=\"es_ES\" \/>\n<meta property=\"og:type\" content=\"article\" \/>\n<meta property=\"og:title\" content=\"Colaboraci\u00f3n entre el Nastic y el Banc de Sang i Teixits - Gimn\u00e0stic de Tarragona SAD\" \/>\n<meta property=\"og:description\" content=\"El Nastic se ha comprometido a colaborar de manera activa con el Banc de Sang i Teixits. El dia 14 de septiembre a las doce y media del mediodia tuvo lugar el acto institucional de firma del convenio de colaboraci\u00f3n, en la sala de premsa del Nou Estadi. Participaron en este acto el presidente, Josep [&hellip;]\" \/>\n<meta property=\"og:url\" content=\"https:\/\/gimnasticdetarragona.cat\/col\u00b7laboracio-entre-el-nastic-i-el-banc-de-sang-i-teixits\/\" \/>\n<meta property=\"og:site_name\" content=\"Gimn\u00e0stic de Tarragona SAD\" \/>\n<meta property=\"article:published_time\" content=\"2006-09-19T00:00:00+00:00\" \/>\n<meta name=\"author\" content=\"desarrollo\" \/>\n<meta name=\"twitter:card\" content=\"summary_large_image\" \/>\n<meta name=\"twitter:creator\" content=\"@NASTICTARRAGONA\" \/>\n<meta name=\"twitter:site\" content=\"@NASTICTARRAGONA\" \/>\n<meta name=\"twitter:label1\" content=\"Escrito por\" \/>\n\t<meta name=\"twitter:data1\" content=\"desarrollo\" \/>\n\t<meta name=\"twitter:label2\" content=\"Tiempo de lectura\" \/>\n\t<meta name=\"twitter:data2\" content=\"1 minuto\" \/>\n<script type=\"application\/ld+json\" class=\"yoast-schema-graph\">{\"@context\":\"https:\\\/\\\/schema.org\",\"@graph\":[{\"@type\":\"Article\",\"@id\":\"https:\\\/\\\/gimnasticdetarragona.cat\\\/col%c2%b7laboracio-entre-el-nastic-i-el-banc-de-sang-i-teixits\\\/#article\",\"isPartOf\":{\"@id\":\"https:\\\/\\\/gimnasticdetarragona.cat\\\/col%c2%b7laboracio-entre-el-nastic-i-el-banc-de-sang-i-teixits\\\/\"},\"author\":{\"name\":\"desarrollo\",\"@id\":\"https:\\\/\\\/gimnasticdetarragona.cat\\\/es\\\/#\\\/schema\\\/person\\\/47b6a637abf88f9bd835540f20ea069e\"},\"headline\":\"Colaboraci\u00f3n entre el Nastic y el Banc de Sang i Teixits\",\"datePublished\":\"2006-09-19T00:00:00+00:00\",\"mainEntityOfPage\":{\"@id\":\"https:\\\/\\\/gimnasticdetarragona.cat\\\/col%c2%b7laboracio-entre-el-nastic-i-el-banc-de-sang-i-teixits\\\/\"},\"wordCount\":251,\"commentCount\":0,\"publisher\":{\"@id\":\"https:\\\/\\\/gimnasticdetarragona.cat\\\/es\\\/#organization\"},\"articleSection\":[\"Actualidad\",\"Primer Equipo\"],\"inLanguage\":\"es\"},{\"@type\":\"WebPage\",\"@id\":\"https:\\\/\\\/gimnasticdetarragona.cat\\\/col%c2%b7laboracio-entre-el-nastic-i-el-banc-de-sang-i-teixits\\\/\",\"url\":\"https:\\\/\\\/gimnasticdetarragona.cat\\\/col%c2%b7laboracio-entre-el-nastic-i-el-banc-de-sang-i-teixits\\\/\",\"name\":\"Colaboraci\u00f3n entre el Nastic y el Banc de Sang i Teixits - Gimn\u00e0stic de Tarragona SAD\",\"isPartOf\":{\"@id\":\"https:\\\/\\\/gimnasticdetarragona.cat\\\/es\\\/#website\"},\"datePublished\":\"2006-09-19T00:00:00+00:00\",\"breadcrumb\":{\"@id\":\"https:\\\/\\\/gimnasticdetarragona.cat\\\/col%c2%b7laboracio-entre-el-nastic-i-el-banc-de-sang-i-teixits\\\/#breadcrumb\"},\"inLanguage\":\"es\",\"potentialAction\":[{\"@type\":\"ReadAction\",\"target\":[\"https:\\\/\\\/gimnasticdetarragona.cat\\\/col%c2%b7laboracio-entre-el-nastic-i-el-banc-de-sang-i-teixits\\\/\"]}]},{\"@type\":\"BreadcrumbList\",\"@id\":\"https:\\\/\\\/gimnasticdetarragona.cat\\\/col%c2%b7laboracio-entre-el-nastic-i-el-banc-de-sang-i-teixits\\\/#breadcrumb\",\"itemListElement\":[{\"@type\":\"ListItem\",\"position\":1,\"name\":\"Inici\",\"item\":\"https:\\\/\\\/gimnasticdetarragona.cat\\\/es\\\/nastic\\\/\"},{\"@type\":\"ListItem\",\"position\":2,\"name\":\"Colaboraci\u00f3n entre el Nastic y el Banc de Sang i Teixits\"}]},{\"@type\":\"WebSite\",\"@id\":\"https:\\\/\\\/gimnasticdetarragona.cat\\\/es\\\/#website\",\"url\":\"https:\\\/\\\/gimnasticdetarragona.cat\\\/es\\\/\",\"name\":\"Gimn\u00e0stic de Tarragona SAD\",\"description\":\"Gimn\u00e0stic de Tarragona\",\"publisher\":{\"@id\":\"https:\\\/\\\/gimnasticdetarragona.cat\\\/es\\\/#organization\"},\"potentialAction\":[{\"@type\":\"SearchAction\",\"target\":{\"@type\":\"EntryPoint\",\"urlTemplate\":\"https:\\\/\\\/gimnasticdetarragona.cat\\\/es\\\/?s={search_term_string}\"},\"query-input\":{\"@type\":\"PropertyValueSpecification\",\"valueRequired\":true,\"valueName\":\"search_term_string\"}}],\"inLanguage\":\"es\"},{\"@type\":\"Organization\",\"@id\":\"https:\\\/\\\/gimnasticdetarragona.cat\\\/es\\\/#organization\",\"name\":\"GIMN\u00c0STIC DE TARRAGONA\",\"alternateName\":\"N\u00c0STIC\",\"url\":\"https:\\\/\\\/gimnasticdetarragona.cat\\\/es\\\/\",\"logo\":{\"@type\":\"ImageObject\",\"inLanguage\":\"es\",\"@id\":\"https:\\\/\\\/gimnasticdetarragona.cat\\\/es\\\/#\\\/schema\\\/logo\\\/image\\\/\",\"url\":\"https:\\\/\\\/gimnasticdetarragona.cat\\\/wp-content\\\/uploads\\\/2022\\\/06\\\/cropped-logo-gimnastic.png\",\"contentUrl\":\"https:\\\/\\\/gimnasticdetarragona.cat\\\/wp-content\\\/uploads\\\/2022\\\/06\\\/cropped-logo-gimnastic.png\",\"width\":224,\"height\":83,\"caption\":\"GIMN\u00c0STIC DE TARRAGONA\"},\"image\":{\"@id\":\"https:\\\/\\\/gimnasticdetarragona.cat\\\/es\\\/#\\\/schema\\\/logo\\\/image\\\/\"},\"sameAs\":[\"https:\\\/\\\/x.com\\\/NASTICTARRAGONA\",\"https:\\\/\\\/www.instagram.com\\\/nastictarragona\\\/\"]},{\"@type\":\"Person\",\"@id\":\"https:\\\/\\\/gimnasticdetarragona.cat\\\/es\\\/#\\\/schema\\\/person\\\/47b6a637abf88f9bd835540f20ea069e\",\"name\":\"desarrollo\",\"sameAs\":[\"https:\\\/\\\/clone.gimnasticdetarragona.cat\"]}]}<\/script>\n<!-- \/ Yoast SEO plugin. -->","yoast_head_json":{"title":"Colaboraci\u00f3n entre el Nastic y el Banc de Sang i Teixits - Gimn\u00e0stic de Tarragona SAD","robots":{"index":"index","follow":"follow","max-snippet":"max-snippet:-1","max-image-preview":"max-image-preview:large","max-video-preview":"max-video-preview:-1"},"canonical":"https:\/\/gimnasticdetarragona.cat\/col\u00b7laboracio-entre-el-nastic-i-el-banc-de-sang-i-teixits\/","og_locale":"es_ES","og_type":"article","og_title":"Colaboraci\u00f3n entre el Nastic y el Banc de Sang i Teixits - Gimn\u00e0stic de Tarragona SAD","og_description":"El Nastic se ha comprometido a colaborar de manera activa con el Banc de Sang i Teixits. El dia 14 de septiembre a las doce y media del mediodia tuvo lugar el acto institucional de firma del convenio de colaboraci\u00f3n, en la sala de premsa del Nou Estadi. Participaron en este acto el presidente, Josep [&hellip;]","og_url":"https:\/\/gimnasticdetarragona.cat\/col\u00b7laboracio-entre-el-nastic-i-el-banc-de-sang-i-teixits\/","og_site_name":"Gimn\u00e0stic de Tarragona SAD","article_published_time":"2006-09-19T00:00:00+00:00","author":"desarrollo","twitter_card":"summary_large_image","twitter_creator":"@NASTICTARRAGONA","twitter_site":"@NASTICTARRAGONA","twitter_misc":{"Escrito por":"desarrollo","Tiempo de lectura":"1 minuto"},"schema":{"@context":"https:\/\/schema.org","@graph":[{"@type":"Article","@id":"https:\/\/gimnasticdetarragona.cat\/col%c2%b7laboracio-entre-el-nastic-i-el-banc-de-sang-i-teixits\/#article","isPartOf":{"@id":"https:\/\/gimnasticdetarragona.cat\/col%c2%b7laboracio-entre-el-nastic-i-el-banc-de-sang-i-teixits\/"},"author":{"name":"desarrollo","@id":"https:\/\/gimnasticdetarragona.cat\/es\/#\/schema\/person\/47b6a637abf88f9bd835540f20ea069e"},"headline":"Colaboraci\u00f3n entre el Nastic y el Banc de Sang i Teixits","datePublished":"2006-09-19T00:00:00+00:00","mainEntityOfPage":{"@id":"https:\/\/gimnasticdetarragona.cat\/col%c2%b7laboracio-entre-el-nastic-i-el-banc-de-sang-i-teixits\/"},"wordCount":251,"commentCount":0,"publisher":{"@id":"https:\/\/gimnasticdetarragona.cat\/es\/#organization"},"articleSection":["Actualidad","Primer Equipo"],"inLanguage":"es"},{"@type":"WebPage","@id":"https:\/\/gimnasticdetarragona.cat\/col%c2%b7laboracio-entre-el-nastic-i-el-banc-de-sang-i-teixits\/","url":"https:\/\/gimnasticdetarragona.cat\/col%c2%b7laboracio-entre-el-nastic-i-el-banc-de-sang-i-teixits\/","name":"Colaboraci\u00f3n entre el Nastic y el Banc de Sang i Teixits - Gimn\u00e0stic de Tarragona SAD","isPartOf":{"@id":"https:\/\/gimnasticdetarragona.cat\/es\/#website"},"datePublished":"2006-09-19T00:00:00+00:00","breadcrumb":{"@id":"https:\/\/gimnasticdetarragona.cat\/col%c2%b7laboracio-entre-el-nastic-i-el-banc-de-sang-i-teixits\/#breadcrumb"},"inLanguage":"es","potentialAction":[{"@type":"ReadAction","target":["https:\/\/gimnasticdetarragona.cat\/col%c2%b7laboracio-entre-el-nastic-i-el-banc-de-sang-i-teixits\/"]}]},{"@type":"BreadcrumbList","@id":"https:\/\/gimnasticdetarragona.cat\/col%c2%b7laboracio-entre-el-nastic-i-el-banc-de-sang-i-teixits\/#breadcrumb","itemListElement":[{"@type":"ListItem","position":1,"name":"Inici","item":"https:\/\/gimnasticdetarragona.cat\/es\/nastic\/"},{"@type":"ListItem","position":2,"name":"Colaboraci\u00f3n entre el Nastic y el Banc de Sang i Teixits"}]},{"@type":"WebSite","@id":"https:\/\/gimnasticdetarragona.cat\/es\/#website","url":"https:\/\/gimnasticdetarragona.cat\/es\/","name":"Gimn\u00e0stic de Tarragona SAD","description":"Gimn\u00e0stic de Tarragona","publisher":{"@id":"https:\/\/gimnasticdetarragona.cat\/es\/#organization"},"potentialAction":[{"@type":"SearchAction","target":{"@type":"EntryPoint","urlTemplate":"https:\/\/gimnasticdetarragona.cat\/es\/?s={search_term_string}"},"query-input":{"@type":"PropertyValueSpecification","valueRequired":true,"valueName":"search_term_string"}}],"inLanguage":"es"},{"@type":"Organization","@id":"https:\/\/gimnasticdetarragona.cat\/es\/#organization","name":"GIMN\u00c0STIC DE TARRAGONA","alternateName":"N\u00c0STIC","url":"https:\/\/gimnasticdetarragona.cat\/es\/","logo":{"@type":"ImageObject","inLanguage":"es","@id":"https:\/\/gimnasticdetarragona.cat\/es\/#\/schema\/logo\/image\/","url":"https:\/\/gimnasticdetarragona.cat\/wp-content\/uploads\/2022\/06\/cropped-logo-gimnastic.png","contentUrl":"https:\/\/gimnasticdetarragona.cat\/wp-content\/uploads\/2022\/06\/cropped-logo-gimnastic.png","width":224,"height":83,"caption":"GIMN\u00c0STIC DE TARRAGONA"},"image":{"@id":"https:\/\/gimnasticdetarragona.cat\/es\/#\/schema\/logo\/image\/"},"sameAs":["https:\/\/x.com\/NASTICTARRAGONA","https:\/\/www.instagram.com\/nastictarragona\/"]},{"@type":"Person","@id":"https:\/\/gimnasticdetarragona.cat\/es\/#\/schema\/person\/47b6a637abf88f9bd835540f20ea069e","name":"desarrollo","sameAs":["https:\/\/clone.gimnasticdetarragona.cat"]}]}},"_links":{"self":[{"href":"https:\/\/gimnasticdetarragona.cat\/es\/wp-json\/wp\/v2\/posts\/79954","targetHints":{"allow":["GET"]}}],"collection":[{"href":"https:\/\/gimnasticdetarragona.cat\/es\/wp-json\/wp\/v2\/posts"}],"about":[{"href":"https:\/\/gimnasticdetarragona.cat\/es\/wp-json\/wp\/v2\/types\/post"}],"author":[{"embeddable":true,"href":"https:\/\/gimnasticdetarragona.cat\/es\/wp-json\/wp\/v2\/users\/1"}],"replies":[{"embeddable":true,"href":"https:\/\/gimnasticdetarragona.cat\/es\/wp-json\/wp\/v2\/comments?post=79954"}],"version-history":[{"count":0,"href":"https:\/\/gimnasticdetarragona.cat\/es\/wp-json\/wp\/v2\/posts\/79954\/revisions"}],"wp:attachment":[{"href":"https:\/\/gimnasticdetarragona.cat\/es\/wp-json\/wp\/v2\/media?parent=79954"}],"wp:term":[{"taxonomy":"category","embeddable":true,"href":"https:\/\/gimnasticdetarragona.cat\/es\/wp-json\/wp\/v2\/categories?post=79954"},{"taxonomy":"post_tag","embeddable":true,"href":"https:\/\/gimnasticdetarragona.cat\/es\/wp-json\/wp\/v2\/tags?post=79954"}],"curies":[{"name":"wp","href":"https:\/\/api.w.org\/{rel}","templated":true}]}}