{"id":80010,"date":"2006-08-25T00:00:00","date_gmt":"2006-08-25T00:00:00","guid":{"rendered":"https:\/\/clone.gimnasticdetarragona.cat\/caceres-d-garcia-y-bizzarri-disponibles\/"},"modified":"2006-08-25T00:00:00","modified_gmt":"2006-08-25T00:00:00","slug":"caceres-d-garcia-y-bizzarri-disponibles","status":"publish","type":"post","link":"https:\/\/gimnasticdetarragona.cat\/es\/caceres-d-garcia-y-bizzarri-disponibles\/","title":{"rendered":"C\u00e0ceres, D.Garc\u00eda y Bizzarri disponibles"},"content":{"rendered":"<p>Julio C\u00e1ceres ya dispone del transfer internacional, por lo tanto el entrenador podr\u00e1 contar con el, en caso que lo considere oportuno, para el partido de domingo contra el Espanyol. Por otra parte, David Garc\u00eda y Albano Benjam\u00edn Bizzarri, tambi\u00e9n podr\u00e1n jugar si el t\u00e9cnico lo cree conveniente.<\/p>\n","protected":false},"excerpt":{"rendered":"<p>Julio C\u00e1ceres ya dispone del transfer internacional, por lo tanto el entrenador podr\u00e1 contar con el, en caso que lo considere oportuno, para el partido de domingo contra el Espanyol. Por otra parte, David Garc\u00eda y Albano Benjam\u00edn Bizzarri, tambi\u00e9n podr\u00e1n jugar si el t\u00e9cnico lo cree conveniente.<\/p>\n","protected":false},"author":1,"featured_media":0,"comment_status":"open","ping_status":"open","sticky":false,"template":"","format":"standard","meta":{"_acf_changed":false,"footnotes":""},"categories":[113,126],"tags":[],"class_list":["post-80010","post","type-post","status-publish","format-standard","hentry","category-actualidad","category-primer-equipo"],"acf":[],"yoast_head":"<!-- This site is optimized with the Yoast SEO plugin v27.3 - https:\/\/yoast.com\/product\/yoast-seo-wordpress\/ -->\n<title>C\u00e0ceres, D.Garc\u00eda y Bizzarri disponibles - Gimn\u00e0stic de Tarragona SAD<\/title>\n<meta name=\"robots\" content=\"index, follow, max-snippet:-1, max-image-preview:large, max-video-preview:-1\" \/>\n<link rel=\"canonical\" href=\"https:\/\/gimnasticdetarragona.cat\/caceres-d-garcia-i-bizzarri-disponibles\/\" \/>\n<meta property=\"og:locale\" content=\"es_ES\" \/>\n<meta property=\"og:type\" content=\"article\" \/>\n<meta property=\"og:title\" content=\"C\u00e0ceres, D.Garc\u00eda y Bizzarri disponibles - Gimn\u00e0stic de Tarragona SAD\" \/>\n<meta property=\"og:description\" content=\"Julio C\u00e1ceres ya dispone del transfer internacional, por lo tanto el entrenador podr\u00e1 contar con el, en caso que lo considere oportuno, para el partido de domingo contra el Espanyol. Por otra parte, David Garc\u00eda y Albano Benjam\u00edn Bizzarri, tambi\u00e9n podr\u00e1n jugar si el t\u00e9cnico lo cree conveniente.\" \/>\n<meta property=\"og:url\" content=\"https:\/\/gimnasticdetarragona.cat\/caceres-d-garcia-i-bizzarri-disponibles\/\" \/>\n<meta property=\"og:site_name\" content=\"Gimn\u00e0stic de Tarragona SAD\" \/>\n<meta property=\"article:published_time\" content=\"2006-08-25T00:00:00+00:00\" \/>\n<meta name=\"author\" content=\"desarrollo\" \/>\n<meta name=\"twitter:card\" content=\"summary_large_image\" \/>\n<meta name=\"twitter:creator\" content=\"@NASTICTARRAGONA\" \/>\n<meta name=\"twitter:site\" content=\"@NASTICTARRAGONA\" \/>\n<meta name=\"twitter:label1\" content=\"Escrito por\" \/>\n\t<meta name=\"twitter:data1\" content=\"desarrollo\" \/>\n<script type=\"application\/ld+json\" class=\"yoast-schema-graph\">{\"@context\":\"https:\\\/\\\/schema.org\",\"@graph\":[{\"@type\":\"Article\",\"@id\":\"https:\\\/\\\/gimnasticdetarragona.cat\\\/caceres-d-garcia-i-bizzarri-disponibles\\\/#article\",\"isPartOf\":{\"@id\":\"https:\\\/\\\/gimnasticdetarragona.cat\\\/caceres-d-garcia-i-bizzarri-disponibles\\\/\"},\"author\":{\"name\":\"desarrollo\",\"@id\":\"https:\\\/\\\/gimnasticdetarragona.cat\\\/es\\\/#\\\/schema\\\/person\\\/47b6a637abf88f9bd835540f20ea069e\"},\"headline\":\"C\u00e0ceres, D.Garc\u00eda y Bizzarri disponibles\",\"datePublished\":\"2006-08-25T00:00:00+00:00\",\"mainEntityOfPage\":{\"@id\":\"https:\\\/\\\/gimnasticdetarragona.cat\\\/caceres-d-garcia-i-bizzarri-disponibles\\\/\"},\"wordCount\":62,\"commentCount\":0,\"publisher\":{\"@id\":\"https:\\\/\\\/gimnasticdetarragona.cat\\\/es\\\/#organization\"},\"articleSection\":[\"Actualidad\",\"Primer Equipo\"],\"inLanguage\":\"es\"},{\"@type\":\"WebPage\",\"@id\":\"https:\\\/\\\/gimnasticdetarragona.cat\\\/caceres-d-garcia-i-bizzarri-disponibles\\\/\",\"url\":\"https:\\\/\\\/gimnasticdetarragona.cat\\\/caceres-d-garcia-i-bizzarri-disponibles\\\/\",\"name\":\"C\u00e0ceres, D.Garc\u00eda y Bizzarri disponibles - Gimn\u00e0stic de Tarragona SAD\",\"isPartOf\":{\"@id\":\"https:\\\/\\\/gimnasticdetarragona.cat\\\/es\\\/#website\"},\"datePublished\":\"2006-08-25T00:00:00+00:00\",\"breadcrumb\":{\"@id\":\"https:\\\/\\\/gimnasticdetarragona.cat\\\/caceres-d-garcia-i-bizzarri-disponibles\\\/#breadcrumb\"},\"inLanguage\":\"es\",\"potentialAction\":[{\"@type\":\"ReadAction\",\"target\":[\"https:\\\/\\\/gimnasticdetarragona.cat\\\/caceres-d-garcia-i-bizzarri-disponibles\\\/\"]}]},{\"@type\":\"BreadcrumbList\",\"@id\":\"https:\\\/\\\/gimnasticdetarragona.cat\\\/caceres-d-garcia-i-bizzarri-disponibles\\\/#breadcrumb\",\"itemListElement\":[{\"@type\":\"ListItem\",\"position\":1,\"name\":\"Inici\",\"item\":\"https:\\\/\\\/gimnasticdetarragona.cat\\\/es\\\/nastic\\\/\"},{\"@type\":\"ListItem\",\"position\":2,\"name\":\"C\u00e0ceres, D.Garc\u00eda y Bizzarri disponibles\"}]},{\"@type\":\"WebSite\",\"@id\":\"https:\\\/\\\/gimnasticdetarragona.cat\\\/es\\\/#website\",\"url\":\"https:\\\/\\\/gimnasticdetarragona.cat\\\/es\\\/\",\"name\":\"Gimn\u00e0stic de Tarragona SAD\",\"description\":\"Gimn\u00e0stic de Tarragona\",\"publisher\":{\"@id\":\"https:\\\/\\\/gimnasticdetarragona.cat\\\/es\\\/#organization\"},\"potentialAction\":[{\"@type\":\"SearchAction\",\"target\":{\"@type\":\"EntryPoint\",\"urlTemplate\":\"https:\\\/\\\/gimnasticdetarragona.cat\\\/es\\\/?s={search_term_string}\"},\"query-input\":{\"@type\":\"PropertyValueSpecification\",\"valueRequired\":true,\"valueName\":\"search_term_string\"}}],\"inLanguage\":\"es\"},{\"@type\":\"Organization\",\"@id\":\"https:\\\/\\\/gimnasticdetarragona.cat\\\/es\\\/#organization\",\"name\":\"GIMN\u00c0STIC DE TARRAGONA\",\"alternateName\":\"N\u00c0STIC\",\"url\":\"https:\\\/\\\/gimnasticdetarragona.cat\\\/es\\\/\",\"logo\":{\"@type\":\"ImageObject\",\"inLanguage\":\"es\",\"@id\":\"https:\\\/\\\/gimnasticdetarragona.cat\\\/es\\\/#\\\/schema\\\/logo\\\/image\\\/\",\"url\":\"https:\\\/\\\/gimnasticdetarragona.cat\\\/wp-content\\\/uploads\\\/2022\\\/06\\\/cropped-logo-gimnastic.png\",\"contentUrl\":\"https:\\\/\\\/gimnasticdetarragona.cat\\\/wp-content\\\/uploads\\\/2022\\\/06\\\/cropped-logo-gimnastic.png\",\"width\":224,\"height\":83,\"caption\":\"GIMN\u00c0STIC DE TARRAGONA\"},\"image\":{\"@id\":\"https:\\\/\\\/gimnasticdetarragona.cat\\\/es\\\/#\\\/schema\\\/logo\\\/image\\\/\"},\"sameAs\":[\"https:\\\/\\\/x.com\\\/NASTICTARRAGONA\",\"https:\\\/\\\/www.instagram.com\\\/nastictarragona\\\/\"]},{\"@type\":\"Person\",\"@id\":\"https:\\\/\\\/gimnasticdetarragona.cat\\\/es\\\/#\\\/schema\\\/person\\\/47b6a637abf88f9bd835540f20ea069e\",\"name\":\"desarrollo\",\"sameAs\":[\"https:\\\/\\\/clone.gimnasticdetarragona.cat\"]}]}<\/script>\n<!-- \/ Yoast SEO plugin. -->","yoast_head_json":{"title":"C\u00e0ceres, D.Garc\u00eda y Bizzarri disponibles - Gimn\u00e0stic de Tarragona SAD","robots":{"index":"index","follow":"follow","max-snippet":"max-snippet:-1","max-image-preview":"max-image-preview:large","max-video-preview":"max-video-preview:-1"},"canonical":"https:\/\/gimnasticdetarragona.cat\/caceres-d-garcia-i-bizzarri-disponibles\/","og_locale":"es_ES","og_type":"article","og_title":"C\u00e0ceres, D.Garc\u00eda y Bizzarri disponibles - Gimn\u00e0stic de Tarragona SAD","og_description":"Julio C\u00e1ceres ya dispone del transfer internacional, por lo tanto el entrenador podr\u00e1 contar con el, en caso que lo considere oportuno, para el partido de domingo contra el Espanyol. Por otra parte, David Garc\u00eda y Albano Benjam\u00edn Bizzarri, tambi\u00e9n podr\u00e1n jugar si el t\u00e9cnico lo cree conveniente.","og_url":"https:\/\/gimnasticdetarragona.cat\/caceres-d-garcia-i-bizzarri-disponibles\/","og_site_name":"Gimn\u00e0stic de Tarragona SAD","article_published_time":"2006-08-25T00:00:00+00:00","author":"desarrollo","twitter_card":"summary_large_image","twitter_creator":"@NASTICTARRAGONA","twitter_site":"@NASTICTARRAGONA","twitter_misc":{"Escrito por":"desarrollo"},"schema":{"@context":"https:\/\/schema.org","@graph":[{"@type":"Article","@id":"https:\/\/gimnasticdetarragona.cat\/caceres-d-garcia-i-bizzarri-disponibles\/#article","isPartOf":{"@id":"https:\/\/gimnasticdetarragona.cat\/caceres-d-garcia-i-bizzarri-disponibles\/"},"author":{"name":"desarrollo","@id":"https:\/\/gimnasticdetarragona.cat\/es\/#\/schema\/person\/47b6a637abf88f9bd835540f20ea069e"},"headline":"C\u00e0ceres, D.Garc\u00eda y Bizzarri disponibles","datePublished":"2006-08-25T00:00:00+00:00","mainEntityOfPage":{"@id":"https:\/\/gimnasticdetarragona.cat\/caceres-d-garcia-i-bizzarri-disponibles\/"},"wordCount":62,"commentCount":0,"publisher":{"@id":"https:\/\/gimnasticdetarragona.cat\/es\/#organization"},"articleSection":["Actualidad","Primer Equipo"],"inLanguage":"es"},{"@type":"WebPage","@id":"https:\/\/gimnasticdetarragona.cat\/caceres-d-garcia-i-bizzarri-disponibles\/","url":"https:\/\/gimnasticdetarragona.cat\/caceres-d-garcia-i-bizzarri-disponibles\/","name":"C\u00e0ceres, D.Garc\u00eda y Bizzarri disponibles - Gimn\u00e0stic de Tarragona SAD","isPartOf":{"@id":"https:\/\/gimnasticdetarragona.cat\/es\/#website"},"datePublished":"2006-08-25T00:00:00+00:00","breadcrumb":{"@id":"https:\/\/gimnasticdetarragona.cat\/caceres-d-garcia-i-bizzarri-disponibles\/#breadcrumb"},"inLanguage":"es","potentialAction":[{"@type":"ReadAction","target":["https:\/\/gimnasticdetarragona.cat\/caceres-d-garcia-i-bizzarri-disponibles\/"]}]},{"@type":"BreadcrumbList","@id":"https:\/\/gimnasticdetarragona.cat\/caceres-d-garcia-i-bizzarri-disponibles\/#breadcrumb","itemListElement":[{"@type":"ListItem","position":1,"name":"Inici","item":"https:\/\/gimnasticdetarragona.cat\/es\/nastic\/"},{"@type":"ListItem","position":2,"name":"C\u00e0ceres, D.Garc\u00eda y Bizzarri disponibles"}]},{"@type":"WebSite","@id":"https:\/\/gimnasticdetarragona.cat\/es\/#website","url":"https:\/\/gimnasticdetarragona.cat\/es\/","name":"Gimn\u00e0stic de Tarragona SAD","description":"Gimn\u00e0stic de Tarragona","publisher":{"@id":"https:\/\/gimnasticdetarragona.cat\/es\/#organization"},"potentialAction":[{"@type":"SearchAction","target":{"@type":"EntryPoint","urlTemplate":"https:\/\/gimnasticdetarragona.cat\/es\/?s={search_term_string}"},"query-input":{"@type":"PropertyValueSpecification","valueRequired":true,"valueName":"search_term_string"}}],"inLanguage":"es"},{"@type":"Organization","@id":"https:\/\/gimnasticdetarragona.cat\/es\/#organization","name":"GIMN\u00c0STIC DE TARRAGONA","alternateName":"N\u00c0STIC","url":"https:\/\/gimnasticdetarragona.cat\/es\/","logo":{"@type":"ImageObject","inLanguage":"es","@id":"https:\/\/gimnasticdetarragona.cat\/es\/#\/schema\/logo\/image\/","url":"https:\/\/gimnasticdetarragona.cat\/wp-content\/uploads\/2022\/06\/cropped-logo-gimnastic.png","contentUrl":"https:\/\/gimnasticdetarragona.cat\/wp-content\/uploads\/2022\/06\/cropped-logo-gimnastic.png","width":224,"height":83,"caption":"GIMN\u00c0STIC DE TARRAGONA"},"image":{"@id":"https:\/\/gimnasticdetarragona.cat\/es\/#\/schema\/logo\/image\/"},"sameAs":["https:\/\/x.com\/NASTICTARRAGONA","https:\/\/www.instagram.com\/nastictarragona\/"]},{"@type":"Person","@id":"https:\/\/gimnasticdetarragona.cat\/es\/#\/schema\/person\/47b6a637abf88f9bd835540f20ea069e","name":"desarrollo","sameAs":["https:\/\/clone.gimnasticdetarragona.cat"]}]}},"_links":{"self":[{"href":"https:\/\/gimnasticdetarragona.cat\/es\/wp-json\/wp\/v2\/posts\/80010","targetHints":{"allow":["GET"]}}],"collection":[{"href":"https:\/\/gimnasticdetarragona.cat\/es\/wp-json\/wp\/v2\/posts"}],"about":[{"href":"https:\/\/gimnasticdetarragona.cat\/es\/wp-json\/wp\/v2\/types\/post"}],"author":[{"embeddable":true,"href":"https:\/\/gimnasticdetarragona.cat\/es\/wp-json\/wp\/v2\/users\/1"}],"replies":[{"embeddable":true,"href":"https:\/\/gimnasticdetarragona.cat\/es\/wp-json\/wp\/v2\/comments?post=80010"}],"version-history":[{"count":0,"href":"https:\/\/gimnasticdetarragona.cat\/es\/wp-json\/wp\/v2\/posts\/80010\/revisions"}],"wp:attachment":[{"href":"https:\/\/gimnasticdetarragona.cat\/es\/wp-json\/wp\/v2\/media?parent=80010"}],"wp:term":[{"taxonomy":"category","embeddable":true,"href":"https:\/\/gimnasticdetarragona.cat\/es\/wp-json\/wp\/v2\/categories?post=80010"},{"taxonomy":"post_tag","embeddable":true,"href":"https:\/\/gimnasticdetarragona.cat\/es\/wp-json\/wp\/v2\/tags?post=80010"}],"curies":[{"name":"wp","href":"https:\/\/api.w.org\/{rel}","templated":true}]}}