{"id":80238,"date":"2019-03-13T10:20:07","date_gmt":"2019-03-13T10:20:07","guid":{"rendered":"https:\/\/clone.gimnasticdetarragona.cat\/mor-lexpresident-del-nastic-antoni-vallverdu\/"},"modified":"2019-03-13T10:20:07","modified_gmt":"2019-03-13T10:20:07","slug":"mor-lexpresident-del-nastic-antoni-vallverdu","status":"publish","type":"post","link":"https:\/\/gimnasticdetarragona.cat\/es\/mor-lexpresident-del-nastic-antoni-vallverdu\/","title":{"rendered":"Fallece el ex presidente del N\u00e0stic, Antoni Vallverd\u00fa"},"content":{"rendered":"<p style=\"text-align: justify;\">Antoni Vallverd\u00fa Llaurad\u00f3, ex presidente del club y de la secci\u00f3n de f\u00fatbol y ex consejero de la Sociedad An\u00f3nima Deportiva, ha muerto a la edad de 83 a\u00f1os.<\/p>\n<p style=\"text-align: justify;\">Vallverd\u00fa lleg\u00f3 a la presidencia del N\u00e0stic en 1986 y a partir de 1990 encabez\u00f3 tambi\u00e9n la presidencia de la secci\u00f3n de f\u00fatbol hasta 1998. Bajo su mandato, en 1993, se construy\u00f3 el pabell\u00f3n del club.<\/p>\n<p style=\"text-align: justify;\">Posteriormente, tambi\u00e9n fue consejero de la Sociedad An\u00f3nima Deportiva entre 2007 y 2017. Entre marzo de 2012 y junio de 2012 presidi\u00f3 el Consejo de Administraci\u00f3n.<\/p>\n<p style=\"text-align: justify;\">El presidente del Gimn\u00e0stic de Tarragona, Josep Maria Andreu, ha remarcado que \u00abes un d\u00eda muy triste para la familia del N\u00e0stic, porque Antoni Vallverd\u00fa ha sido una persona que ha querido especialmente a la entidad y la dirigi\u00f3 en momentos dif\u00edciles y eso es de agradecer. Fue un gestor mod\u00e9lico y siempre estuvo al lado del N\u00e0stic en los buenos y los malos momentos \u00ab.<\/p>\n<p style=\"text-align: justify;\">El funeral ser\u00e1 este jueves 14 de marzo a las 16 horas en la iglesia de Sant Joan de Tarragona.<\/p>\n","protected":false},"excerpt":{"rendered":"<p>Antoni Vallverd\u00fa Llaurad\u00f3, ex presidente del club y de la secci\u00f3n de f\u00fatbol y ex consejero de la Sociedad An\u00f3nima Deportiva, ha muerto a la edad de 83 a\u00f1os.<\/p>\n","protected":false},"author":1,"featured_media":80235,"comment_status":"open","ping_status":"open","sticky":false,"template":"","format":"standard","meta":{"_acf_changed":false,"footnotes":""},"categories":[113,121],"tags":[],"class_list":["post-80238","post","type-post","status-publish","format-standard","has-post-thumbnail","hentry","category-actualidad","category-home"],"acf":[],"yoast_head":"<!-- This site is optimized with the Yoast SEO plugin v27.3 - https:\/\/yoast.com\/product\/yoast-seo-wordpress\/ -->\n<title>Fallece el ex presidente del N\u00e0stic, Antoni Vallverd\u00fa - Gimn\u00e0stic de Tarragona SAD<\/title>\n<meta name=\"robots\" content=\"index, follow, max-snippet:-1, max-image-preview:large, max-video-preview:-1\" \/>\n<link rel=\"canonical\" href=\"https:\/\/gimnasticdetarragona.cat\/es\/mor-lexpresident-del-nastic-antoni-vallverdu\/\" \/>\n<meta property=\"og:locale\" content=\"es_ES\" \/>\n<meta property=\"og:type\" content=\"article\" \/>\n<meta property=\"og:title\" content=\"Fallece el ex presidente del N\u00e0stic, Antoni Vallverd\u00fa - Gimn\u00e0stic de Tarragona SAD\" \/>\n<meta property=\"og:description\" content=\"Antoni Vallverd\u00fa Llaurad\u00f3, ex presidente del club y de la secci\u00f3n de f\u00fatbol y ex consejero de la Sociedad An\u00f3nima Deportiva, ha muerto a la edad de 83 a\u00f1os.\" \/>\n<meta property=\"og:url\" content=\"https:\/\/gimnasticdetarragona.cat\/es\/mor-lexpresident-del-nastic-antoni-vallverdu\/\" \/>\n<meta property=\"og:site_name\" content=\"Gimn\u00e0stic de Tarragona SAD\" \/>\n<meta property=\"article:published_time\" content=\"2019-03-13T10:20:07+00:00\" \/>\n<meta property=\"og:image\" content=\"https:\/\/gimnasticdetarragona.cat\/wp-content\/uploads\/2022\/06\/16090953144873.jpg\" \/>\n\t<meta property=\"og:image:width\" content=\"1781\" \/>\n\t<meta property=\"og:image:height\" content=\"1187\" \/>\n\t<meta property=\"og:image:type\" content=\"image\/jpeg\" \/>\n<meta name=\"author\" content=\"desarrollo\" \/>\n<meta name=\"twitter:card\" content=\"summary_large_image\" \/>\n<meta name=\"twitter:creator\" content=\"@NASTICTARRAGONA\" \/>\n<meta name=\"twitter:site\" content=\"@NASTICTARRAGONA\" \/>\n<meta name=\"twitter:label1\" content=\"Escrito por\" \/>\n\t<meta name=\"twitter:data1\" content=\"desarrollo\" \/>\n\t<meta name=\"twitter:label2\" content=\"Tiempo de lectura\" \/>\n\t<meta name=\"twitter:data2\" content=\"1 minuto\" \/>\n<script type=\"application\/ld+json\" class=\"yoast-schema-graph\">{\"@context\":\"https:\\\/\\\/schema.org\",\"@graph\":[{\"@type\":\"Article\",\"@id\":\"https:\\\/\\\/gimnasticdetarragona.cat\\\/es\\\/mor-lexpresident-del-nastic-antoni-vallverdu\\\/#article\",\"isPartOf\":{\"@id\":\"https:\\\/\\\/gimnasticdetarragona.cat\\\/es\\\/mor-lexpresident-del-nastic-antoni-vallverdu\\\/\"},\"author\":{\"name\":\"desarrollo\",\"@id\":\"https:\\\/\\\/gimnasticdetarragona.cat\\\/es\\\/#\\\/schema\\\/person\\\/47b6a637abf88f9bd835540f20ea069e\"},\"headline\":\"Fallece el ex presidente del N\u00e0stic, Antoni Vallverd\u00fa\",\"datePublished\":\"2019-03-13T10:20:07+00:00\",\"mainEntityOfPage\":{\"@id\":\"https:\\\/\\\/gimnasticdetarragona.cat\\\/es\\\/mor-lexpresident-del-nastic-antoni-vallverdu\\\/\"},\"wordCount\":192,\"commentCount\":0,\"publisher\":{\"@id\":\"https:\\\/\\\/gimnasticdetarragona.cat\\\/es\\\/#organization\"},\"image\":{\"@id\":\"https:\\\/\\\/gimnasticdetarragona.cat\\\/es\\\/mor-lexpresident-del-nastic-antoni-vallverdu\\\/#primaryimage\"},\"thumbnailUrl\":\"https:\\\/\\\/gimnasticdetarragona.cat\\\/wp-content\\\/uploads\\\/2022\\\/06\\\/16090953144873.jpg\",\"articleSection\":[\"Actualidad\",\"Home\"],\"inLanguage\":\"es\"},{\"@type\":\"WebPage\",\"@id\":\"https:\\\/\\\/gimnasticdetarragona.cat\\\/es\\\/mor-lexpresident-del-nastic-antoni-vallverdu\\\/\",\"url\":\"https:\\\/\\\/gimnasticdetarragona.cat\\\/es\\\/mor-lexpresident-del-nastic-antoni-vallverdu\\\/\",\"name\":\"Fallece el ex presidente del N\u00e0stic, Antoni Vallverd\u00fa - Gimn\u00e0stic de Tarragona SAD\",\"isPartOf\":{\"@id\":\"https:\\\/\\\/gimnasticdetarragona.cat\\\/es\\\/#website\"},\"primaryImageOfPage\":{\"@id\":\"https:\\\/\\\/gimnasticdetarragona.cat\\\/es\\\/mor-lexpresident-del-nastic-antoni-vallverdu\\\/#primaryimage\"},\"image\":{\"@id\":\"https:\\\/\\\/gimnasticdetarragona.cat\\\/es\\\/mor-lexpresident-del-nastic-antoni-vallverdu\\\/#primaryimage\"},\"thumbnailUrl\":\"https:\\\/\\\/gimnasticdetarragona.cat\\\/wp-content\\\/uploads\\\/2022\\\/06\\\/16090953144873.jpg\",\"datePublished\":\"2019-03-13T10:20:07+00:00\",\"breadcrumb\":{\"@id\":\"https:\\\/\\\/gimnasticdetarragona.cat\\\/es\\\/mor-lexpresident-del-nastic-antoni-vallverdu\\\/#breadcrumb\"},\"inLanguage\":\"es\",\"potentialAction\":[{\"@type\":\"ReadAction\",\"target\":[\"https:\\\/\\\/gimnasticdetarragona.cat\\\/es\\\/mor-lexpresident-del-nastic-antoni-vallverdu\\\/\"]}]},{\"@type\":\"ImageObject\",\"inLanguage\":\"es\",\"@id\":\"https:\\\/\\\/gimnasticdetarragona.cat\\\/es\\\/mor-lexpresident-del-nastic-antoni-vallverdu\\\/#primaryimage\",\"url\":\"https:\\\/\\\/gimnasticdetarragona.cat\\\/wp-content\\\/uploads\\\/2022\\\/06\\\/16090953144873.jpg\",\"contentUrl\":\"https:\\\/\\\/gimnasticdetarragona.cat\\\/wp-content\\\/uploads\\\/2022\\\/06\\\/16090953144873.jpg\",\"width\":1781,\"height\":1187},{\"@type\":\"BreadcrumbList\",\"@id\":\"https:\\\/\\\/gimnasticdetarragona.cat\\\/es\\\/mor-lexpresident-del-nastic-antoni-vallverdu\\\/#breadcrumb\",\"itemListElement\":[{\"@type\":\"ListItem\",\"position\":1,\"name\":\"Inici\",\"item\":\"https:\\\/\\\/gimnasticdetarragona.cat\\\/es\\\/nastic\\\/\"},{\"@type\":\"ListItem\",\"position\":2,\"name\":\"Fallece el ex presidente del N\u00e0stic, Antoni Vallverd\u00fa\"}]},{\"@type\":\"WebSite\",\"@id\":\"https:\\\/\\\/gimnasticdetarragona.cat\\\/es\\\/#website\",\"url\":\"https:\\\/\\\/gimnasticdetarragona.cat\\\/es\\\/\",\"name\":\"Gimn\u00e0stic de Tarragona SAD\",\"description\":\"Gimn\u00e0stic de Tarragona\",\"publisher\":{\"@id\":\"https:\\\/\\\/gimnasticdetarragona.cat\\\/es\\\/#organization\"},\"potentialAction\":[{\"@type\":\"SearchAction\",\"target\":{\"@type\":\"EntryPoint\",\"urlTemplate\":\"https:\\\/\\\/gimnasticdetarragona.cat\\\/es\\\/?s={search_term_string}\"},\"query-input\":{\"@type\":\"PropertyValueSpecification\",\"valueRequired\":true,\"valueName\":\"search_term_string\"}}],\"inLanguage\":\"es\"},{\"@type\":\"Organization\",\"@id\":\"https:\\\/\\\/gimnasticdetarragona.cat\\\/es\\\/#organization\",\"name\":\"GIMN\u00c0STIC DE TARRAGONA\",\"alternateName\":\"N\u00c0STIC\",\"url\":\"https:\\\/\\\/gimnasticdetarragona.cat\\\/es\\\/\",\"logo\":{\"@type\":\"ImageObject\",\"inLanguage\":\"es\",\"@id\":\"https:\\\/\\\/gimnasticdetarragona.cat\\\/es\\\/#\\\/schema\\\/logo\\\/image\\\/\",\"url\":\"https:\\\/\\\/gimnasticdetarragona.cat\\\/wp-content\\\/uploads\\\/2022\\\/06\\\/cropped-logo-gimnastic.png\",\"contentUrl\":\"https:\\\/\\\/gimnasticdetarragona.cat\\\/wp-content\\\/uploads\\\/2022\\\/06\\\/cropped-logo-gimnastic.png\",\"width\":224,\"height\":83,\"caption\":\"GIMN\u00c0STIC DE TARRAGONA\"},\"image\":{\"@id\":\"https:\\\/\\\/gimnasticdetarragona.cat\\\/es\\\/#\\\/schema\\\/logo\\\/image\\\/\"},\"sameAs\":[\"https:\\\/\\\/x.com\\\/NASTICTARRAGONA\",\"https:\\\/\\\/www.instagram.com\\\/nastictarragona\\\/\"]},{\"@type\":\"Person\",\"@id\":\"https:\\\/\\\/gimnasticdetarragona.cat\\\/es\\\/#\\\/schema\\\/person\\\/47b6a637abf88f9bd835540f20ea069e\",\"name\":\"desarrollo\",\"sameAs\":[\"https:\\\/\\\/clone.gimnasticdetarragona.cat\"]}]}<\/script>\n<!-- \/ Yoast SEO plugin. -->","yoast_head_json":{"title":"Fallece el ex presidente del N\u00e0stic, Antoni Vallverd\u00fa - Gimn\u00e0stic de Tarragona SAD","robots":{"index":"index","follow":"follow","max-snippet":"max-snippet:-1","max-image-preview":"max-image-preview:large","max-video-preview":"max-video-preview:-1"},"canonical":"https:\/\/gimnasticdetarragona.cat\/es\/mor-lexpresident-del-nastic-antoni-vallverdu\/","og_locale":"es_ES","og_type":"article","og_title":"Fallece el ex presidente del N\u00e0stic, Antoni Vallverd\u00fa - Gimn\u00e0stic de Tarragona SAD","og_description":"Antoni Vallverd\u00fa Llaurad\u00f3, ex presidente del club y de la secci\u00f3n de f\u00fatbol y ex consejero de la Sociedad An\u00f3nima Deportiva, ha muerto a la edad de 83 a\u00f1os.","og_url":"https:\/\/gimnasticdetarragona.cat\/es\/mor-lexpresident-del-nastic-antoni-vallverdu\/","og_site_name":"Gimn\u00e0stic de Tarragona SAD","article_published_time":"2019-03-13T10:20:07+00:00","og_image":[{"width":1781,"height":1187,"url":"https:\/\/gimnasticdetarragona.cat\/wp-content\/uploads\/2022\/06\/16090953144873.jpg","type":"image\/jpeg"}],"author":"desarrollo","twitter_card":"summary_large_image","twitter_creator":"@NASTICTARRAGONA","twitter_site":"@NASTICTARRAGONA","twitter_misc":{"Escrito por":"desarrollo","Tiempo de lectura":"1 minuto"},"schema":{"@context":"https:\/\/schema.org","@graph":[{"@type":"Article","@id":"https:\/\/gimnasticdetarragona.cat\/es\/mor-lexpresident-del-nastic-antoni-vallverdu\/#article","isPartOf":{"@id":"https:\/\/gimnasticdetarragona.cat\/es\/mor-lexpresident-del-nastic-antoni-vallverdu\/"},"author":{"name":"desarrollo","@id":"https:\/\/gimnasticdetarragona.cat\/es\/#\/schema\/person\/47b6a637abf88f9bd835540f20ea069e"},"headline":"Fallece el ex presidente del N\u00e0stic, Antoni Vallverd\u00fa","datePublished":"2019-03-13T10:20:07+00:00","mainEntityOfPage":{"@id":"https:\/\/gimnasticdetarragona.cat\/es\/mor-lexpresident-del-nastic-antoni-vallverdu\/"},"wordCount":192,"commentCount":0,"publisher":{"@id":"https:\/\/gimnasticdetarragona.cat\/es\/#organization"},"image":{"@id":"https:\/\/gimnasticdetarragona.cat\/es\/mor-lexpresident-del-nastic-antoni-vallverdu\/#primaryimage"},"thumbnailUrl":"https:\/\/gimnasticdetarragona.cat\/wp-content\/uploads\/2022\/06\/16090953144873.jpg","articleSection":["Actualidad","Home"],"inLanguage":"es"},{"@type":"WebPage","@id":"https:\/\/gimnasticdetarragona.cat\/es\/mor-lexpresident-del-nastic-antoni-vallverdu\/","url":"https:\/\/gimnasticdetarragona.cat\/es\/mor-lexpresident-del-nastic-antoni-vallverdu\/","name":"Fallece el ex presidente del N\u00e0stic, Antoni Vallverd\u00fa - Gimn\u00e0stic de Tarragona SAD","isPartOf":{"@id":"https:\/\/gimnasticdetarragona.cat\/es\/#website"},"primaryImageOfPage":{"@id":"https:\/\/gimnasticdetarragona.cat\/es\/mor-lexpresident-del-nastic-antoni-vallverdu\/#primaryimage"},"image":{"@id":"https:\/\/gimnasticdetarragona.cat\/es\/mor-lexpresident-del-nastic-antoni-vallverdu\/#primaryimage"},"thumbnailUrl":"https:\/\/gimnasticdetarragona.cat\/wp-content\/uploads\/2022\/06\/16090953144873.jpg","datePublished":"2019-03-13T10:20:07+00:00","breadcrumb":{"@id":"https:\/\/gimnasticdetarragona.cat\/es\/mor-lexpresident-del-nastic-antoni-vallverdu\/#breadcrumb"},"inLanguage":"es","potentialAction":[{"@type":"ReadAction","target":["https:\/\/gimnasticdetarragona.cat\/es\/mor-lexpresident-del-nastic-antoni-vallverdu\/"]}]},{"@type":"ImageObject","inLanguage":"es","@id":"https:\/\/gimnasticdetarragona.cat\/es\/mor-lexpresident-del-nastic-antoni-vallverdu\/#primaryimage","url":"https:\/\/gimnasticdetarragona.cat\/wp-content\/uploads\/2022\/06\/16090953144873.jpg","contentUrl":"https:\/\/gimnasticdetarragona.cat\/wp-content\/uploads\/2022\/06\/16090953144873.jpg","width":1781,"height":1187},{"@type":"BreadcrumbList","@id":"https:\/\/gimnasticdetarragona.cat\/es\/mor-lexpresident-del-nastic-antoni-vallverdu\/#breadcrumb","itemListElement":[{"@type":"ListItem","position":1,"name":"Inici","item":"https:\/\/gimnasticdetarragona.cat\/es\/nastic\/"},{"@type":"ListItem","position":2,"name":"Fallece el ex presidente del N\u00e0stic, Antoni Vallverd\u00fa"}]},{"@type":"WebSite","@id":"https:\/\/gimnasticdetarragona.cat\/es\/#website","url":"https:\/\/gimnasticdetarragona.cat\/es\/","name":"Gimn\u00e0stic de Tarragona SAD","description":"Gimn\u00e0stic de Tarragona","publisher":{"@id":"https:\/\/gimnasticdetarragona.cat\/es\/#organization"},"potentialAction":[{"@type":"SearchAction","target":{"@type":"EntryPoint","urlTemplate":"https:\/\/gimnasticdetarragona.cat\/es\/?s={search_term_string}"},"query-input":{"@type":"PropertyValueSpecification","valueRequired":true,"valueName":"search_term_string"}}],"inLanguage":"es"},{"@type":"Organization","@id":"https:\/\/gimnasticdetarragona.cat\/es\/#organization","name":"GIMN\u00c0STIC DE TARRAGONA","alternateName":"N\u00c0STIC","url":"https:\/\/gimnasticdetarragona.cat\/es\/","logo":{"@type":"ImageObject","inLanguage":"es","@id":"https:\/\/gimnasticdetarragona.cat\/es\/#\/schema\/logo\/image\/","url":"https:\/\/gimnasticdetarragona.cat\/wp-content\/uploads\/2022\/06\/cropped-logo-gimnastic.png","contentUrl":"https:\/\/gimnasticdetarragona.cat\/wp-content\/uploads\/2022\/06\/cropped-logo-gimnastic.png","width":224,"height":83,"caption":"GIMN\u00c0STIC DE TARRAGONA"},"image":{"@id":"https:\/\/gimnasticdetarragona.cat\/es\/#\/schema\/logo\/image\/"},"sameAs":["https:\/\/x.com\/NASTICTARRAGONA","https:\/\/www.instagram.com\/nastictarragona\/"]},{"@type":"Person","@id":"https:\/\/gimnasticdetarragona.cat\/es\/#\/schema\/person\/47b6a637abf88f9bd835540f20ea069e","name":"desarrollo","sameAs":["https:\/\/clone.gimnasticdetarragona.cat"]}]}},"_links":{"self":[{"href":"https:\/\/gimnasticdetarragona.cat\/es\/wp-json\/wp\/v2\/posts\/80238","targetHints":{"allow":["GET"]}}],"collection":[{"href":"https:\/\/gimnasticdetarragona.cat\/es\/wp-json\/wp\/v2\/posts"}],"about":[{"href":"https:\/\/gimnasticdetarragona.cat\/es\/wp-json\/wp\/v2\/types\/post"}],"author":[{"embeddable":true,"href":"https:\/\/gimnasticdetarragona.cat\/es\/wp-json\/wp\/v2\/users\/1"}],"replies":[{"embeddable":true,"href":"https:\/\/gimnasticdetarragona.cat\/es\/wp-json\/wp\/v2\/comments?post=80238"}],"version-history":[{"count":0,"href":"https:\/\/gimnasticdetarragona.cat\/es\/wp-json\/wp\/v2\/posts\/80238\/revisions"}],"wp:featuredmedia":[{"embeddable":true,"href":"https:\/\/gimnasticdetarragona.cat\/es\/wp-json\/wp\/v2\/media\/80235"}],"wp:attachment":[{"href":"https:\/\/gimnasticdetarragona.cat\/es\/wp-json\/wp\/v2\/media?parent=80238"}],"wp:term":[{"taxonomy":"category","embeddable":true,"href":"https:\/\/gimnasticdetarragona.cat\/es\/wp-json\/wp\/v2\/categories?post=80238"},{"taxonomy":"post_tag","embeddable":true,"href":"https:\/\/gimnasticdetarragona.cat\/es\/wp-json\/wp\/v2\/tags?post=80238"}],"curies":[{"name":"wp","href":"https:\/\/api.w.org\/{rel}","templated":true}]}}