{"id":80714,"date":"2019-05-26T18:30:00","date_gmt":"2019-05-26T18:30:00","guid":{"rendered":"https:\/\/clone.gimnasticdetarragona.cat\/nastic-3-3-elche-cf\/"},"modified":"2019-05-26T18:30:00","modified_gmt":"2019-05-26T18:30:00","slug":"nastic-3-3-elche-cf","status":"publish","type":"post","link":"https:\/\/gimnasticdetarragona.cat\/es\/nastic-3-3-elche-cf\/","title":{"rendered":"N\u00e0stic 3 &#8211; 3 Elche CF"},"content":{"rendered":"<p style=\"text-align: justify;\">El N&agrave;stic ha empatado ante el Elche CF en el Nou Estadi un partido que se le hab&iacute;a puesto 0 a 3 al empezar la segunda parte. En cinco minutos, sin embargo, el equipo grana ha igualado el marcador gracias a los goles de Uche, Luis Su&aacute;rez y Neyder en propia puerta. El pr&oacute;ximo s&aacute;bado, en la pen&uacute;ltima jornada de LaLiga 1| 2|3 el equipo de Enrique Mart&iacute;n visitar&aacute; el campo de la AD Alcorc&oacute;n.<\/p>\n<p style=\"text-align: justify;\">En los primeros minutos de partido el N&agrave;stic ha buscado un par de veces la porter&iacute;a rival con Pol Prats como protagonista. En el 8 una acci&oacute;n individual ha acabado con un disparo por encima de la porter&iacute;a y en el minuto 18, tras una jugada colectiva, ha rematado a las manos del portero del Elche CF. En el minuto 20 ha llegado la ocasi&oacute;n m&aacute;s clara cuando, tras el saque de un c&oacute;rner, Viti ha cabeceado y Edgar Badia ha rechazado el bal&oacute;n cuando se colaba en la porter&iacute;a del conjunto alicantino. Y aunque Uche ha tenido una cuarta ocasi&oacute;n en el minuto 30 con un disparo desde la frontal del &aacute;rea que ha vuelto a rechazar Edgar Badia, en la siguiente jugada el Elche CF, con una acci&oacute;n afortunada, ha marcado el 0-1 mediante Xavi Torres.<\/p>\n<p style=\"text-align: justify;\">La segunda parte ha empezado con el 0 a 2 del Elche CF, que ha materializado con un lanzamiento de penalti de Carlos Castro. Tres minutos despu&eacute;s, Pol Prats, nuevamente con una acci&oacute;n individual, ha podido recortar distancias pero su remate ha salido demasiado cruzado. En el minuto 68, el conjunto alicantino ha hecho el 0 a 3 gracias a Josan con una jugada r&aacute;pida al contragolpe. El N&agrave;stic ha seguido buscando el gol y lo ha probado con disparos lejanos de Javi M&aacute;rquez y Luis Su&aacute;rez, pero no han podido estrenar el marcador hasta que en el minuto 77 Uche, aprovechando un bal&oacute;n muerto en el &aacute;rea peque&ntilde;a, ha hecho el 1 a 3. En un minuto loco, entre el 82 y el 83, el N&agrave;stic ha igualado el marcador: primero con un gol en propia puerta de Neyder y luego gracias a una jugada de Luis Su&aacute;rez.<\/p>\n<p style=\"text-align: justify;\"><span>El N&agrave;stic visitar&aacute; la pr&oacute;xima jornada el Municipal de Santo Domingo para enfrentarse a la AD Alcorc&oacute;n. Ser&aacute; el s&aacute;bado 1 de junio, a partir de les 19 horas, <\/span><span>en partido correspondiente a la jornada 41 de LaLiga 1|2|3.<\/span><\/p>\n","protected":false},"excerpt":{"rendered":"<p>El equipo de Enrique Mart\u00edn ha igualado el partido en cinco minutos gracias a Uche, Luis Su\u00e1rez y un gol en propia porteria de Neyder.<\/p>\n","protected":false},"author":1,"featured_media":80711,"comment_status":"open","ping_status":"open","sticky":false,"template":"","format":"standard","meta":{"_acf_changed":false,"footnotes":""},"categories":[113,121,123,126],"tags":[],"class_list":["post-80714","post","type-post","status-publish","format-standard","has-post-thumbnail","hentry","category-actualidad","category-home","category-laliga","category-primer-equipo"],"acf":[],"yoast_head":"<!-- This site is optimized with the Yoast SEO plugin v27.3 - https:\/\/yoast.com\/product\/yoast-seo-wordpress\/ -->\n<title>N\u00e0stic 3 - 3 Elche CF - Gimn\u00e0stic de Tarragona SAD<\/title>\n<meta name=\"robots\" content=\"index, follow, max-snippet:-1, max-image-preview:large, max-video-preview:-1\" \/>\n<link rel=\"canonical\" href=\"https:\/\/gimnasticdetarragona.cat\/es\/nastic-3-3-elche-cf\/\" \/>\n<meta property=\"og:locale\" content=\"es_ES\" \/>\n<meta property=\"og:type\" content=\"article\" \/>\n<meta property=\"og:title\" content=\"N\u00e0stic 3 - 3 Elche CF - Gimn\u00e0stic de Tarragona SAD\" \/>\n<meta property=\"og:description\" content=\"El equipo de Enrique Mart\u00edn ha igualado el partido en cinco minutos gracias a Uche, Luis Su\u00e1rez y un gol en propia porteria de Neyder.\" \/>\n<meta property=\"og:url\" content=\"https:\/\/gimnasticdetarragona.cat\/es\/nastic-3-3-elche-cf\/\" \/>\n<meta property=\"og:site_name\" content=\"Gimn\u00e0stic de Tarragona SAD\" \/>\n<meta property=\"article:published_time\" content=\"2019-05-26T18:30:00+00:00\" \/>\n<meta property=\"og:image\" content=\"https:\/\/gimnasticdetarragona.cat\/wp-content\/uploads\/2022\/06\/26184821luis-su-rez-scaled.jpg\" \/>\n\t<meta property=\"og:image:width\" content=\"2560\" \/>\n\t<meta property=\"og:image:height\" content=\"1707\" \/>\n\t<meta property=\"og:image:type\" content=\"image\/jpeg\" \/>\n<meta name=\"author\" content=\"desarrollo\" \/>\n<meta name=\"twitter:card\" content=\"summary_large_image\" \/>\n<meta name=\"twitter:creator\" content=\"@NASTICTARRAGONA\" \/>\n<meta name=\"twitter:site\" content=\"@NASTICTARRAGONA\" \/>\n<meta name=\"twitter:label1\" content=\"Escrito por\" \/>\n\t<meta name=\"twitter:data1\" content=\"desarrollo\" \/>\n\t<meta name=\"twitter:label2\" content=\"Tiempo de lectura\" \/>\n\t<meta name=\"twitter:data2\" content=\"2 minutos\" \/>\n<script type=\"application\/ld+json\" class=\"yoast-schema-graph\">{\"@context\":\"https:\\\/\\\/schema.org\",\"@graph\":[{\"@type\":\"Article\",\"@id\":\"https:\\\/\\\/gimnasticdetarragona.cat\\\/es\\\/nastic-3-3-elche-cf\\\/#article\",\"isPartOf\":{\"@id\":\"https:\\\/\\\/gimnasticdetarragona.cat\\\/es\\\/nastic-3-3-elche-cf\\\/\"},\"author\":{\"name\":\"desarrollo\",\"@id\":\"https:\\\/\\\/gimnasticdetarragona.cat\\\/es\\\/#\\\/schema\\\/person\\\/47b6a637abf88f9bd835540f20ea069e\"},\"headline\":\"N\u00e0stic 3 &#8211; 3 Elche CF\",\"datePublished\":\"2019-05-26T18:30:00+00:00\",\"mainEntityOfPage\":{\"@id\":\"https:\\\/\\\/gimnasticdetarragona.cat\\\/es\\\/nastic-3-3-elche-cf\\\/\"},\"wordCount\":455,\"commentCount\":0,\"publisher\":{\"@id\":\"https:\\\/\\\/gimnasticdetarragona.cat\\\/es\\\/#organization\"},\"image\":{\"@id\":\"https:\\\/\\\/gimnasticdetarragona.cat\\\/es\\\/nastic-3-3-elche-cf\\\/#primaryimage\"},\"thumbnailUrl\":\"https:\\\/\\\/gimnasticdetarragona.cat\\\/wp-content\\\/uploads\\\/2022\\\/06\\\/26184821luis-su-rez-scaled.jpg\",\"articleSection\":[\"Actualidad\",\"Home\",\"LaLiga\",\"Primer Equipo\"],\"inLanguage\":\"es\"},{\"@type\":\"WebPage\",\"@id\":\"https:\\\/\\\/gimnasticdetarragona.cat\\\/es\\\/nastic-3-3-elche-cf\\\/\",\"url\":\"https:\\\/\\\/gimnasticdetarragona.cat\\\/es\\\/nastic-3-3-elche-cf\\\/\",\"name\":\"N\u00e0stic 3 - 3 Elche CF - Gimn\u00e0stic de Tarragona SAD\",\"isPartOf\":{\"@id\":\"https:\\\/\\\/gimnasticdetarragona.cat\\\/es\\\/#website\"},\"primaryImageOfPage\":{\"@id\":\"https:\\\/\\\/gimnasticdetarragona.cat\\\/es\\\/nastic-3-3-elche-cf\\\/#primaryimage\"},\"image\":{\"@id\":\"https:\\\/\\\/gimnasticdetarragona.cat\\\/es\\\/nastic-3-3-elche-cf\\\/#primaryimage\"},\"thumbnailUrl\":\"https:\\\/\\\/gimnasticdetarragona.cat\\\/wp-content\\\/uploads\\\/2022\\\/06\\\/26184821luis-su-rez-scaled.jpg\",\"datePublished\":\"2019-05-26T18:30:00+00:00\",\"breadcrumb\":{\"@id\":\"https:\\\/\\\/gimnasticdetarragona.cat\\\/es\\\/nastic-3-3-elche-cf\\\/#breadcrumb\"},\"inLanguage\":\"es\",\"potentialAction\":[{\"@type\":\"ReadAction\",\"target\":[\"https:\\\/\\\/gimnasticdetarragona.cat\\\/es\\\/nastic-3-3-elche-cf\\\/\"]}]},{\"@type\":\"ImageObject\",\"inLanguage\":\"es\",\"@id\":\"https:\\\/\\\/gimnasticdetarragona.cat\\\/es\\\/nastic-3-3-elche-cf\\\/#primaryimage\",\"url\":\"https:\\\/\\\/gimnasticdetarragona.cat\\\/wp-content\\\/uploads\\\/2022\\\/06\\\/26184821luis-su-rez-scaled.jpg\",\"contentUrl\":\"https:\\\/\\\/gimnasticdetarragona.cat\\\/wp-content\\\/uploads\\\/2022\\\/06\\\/26184821luis-su-rez-scaled.jpg\",\"width\":2560,\"height\":1707},{\"@type\":\"BreadcrumbList\",\"@id\":\"https:\\\/\\\/gimnasticdetarragona.cat\\\/es\\\/nastic-3-3-elche-cf\\\/#breadcrumb\",\"itemListElement\":[{\"@type\":\"ListItem\",\"position\":1,\"name\":\"Inici\",\"item\":\"https:\\\/\\\/gimnasticdetarragona.cat\\\/es\\\/nastic\\\/\"},{\"@type\":\"ListItem\",\"position\":2,\"name\":\"N\u00e0stic 3 &#8211; 3 Elche CF\"}]},{\"@type\":\"WebSite\",\"@id\":\"https:\\\/\\\/gimnasticdetarragona.cat\\\/es\\\/#website\",\"url\":\"https:\\\/\\\/gimnasticdetarragona.cat\\\/es\\\/\",\"name\":\"Gimn\u00e0stic de Tarragona SAD\",\"description\":\"Gimn\u00e0stic de Tarragona\",\"publisher\":{\"@id\":\"https:\\\/\\\/gimnasticdetarragona.cat\\\/es\\\/#organization\"},\"potentialAction\":[{\"@type\":\"SearchAction\",\"target\":{\"@type\":\"EntryPoint\",\"urlTemplate\":\"https:\\\/\\\/gimnasticdetarragona.cat\\\/es\\\/?s={search_term_string}\"},\"query-input\":{\"@type\":\"PropertyValueSpecification\",\"valueRequired\":true,\"valueName\":\"search_term_string\"}}],\"inLanguage\":\"es\"},{\"@type\":\"Organization\",\"@id\":\"https:\\\/\\\/gimnasticdetarragona.cat\\\/es\\\/#organization\",\"name\":\"GIMN\u00c0STIC DE TARRAGONA\",\"alternateName\":\"N\u00c0STIC\",\"url\":\"https:\\\/\\\/gimnasticdetarragona.cat\\\/es\\\/\",\"logo\":{\"@type\":\"ImageObject\",\"inLanguage\":\"es\",\"@id\":\"https:\\\/\\\/gimnasticdetarragona.cat\\\/es\\\/#\\\/schema\\\/logo\\\/image\\\/\",\"url\":\"https:\\\/\\\/gimnasticdetarragona.cat\\\/wp-content\\\/uploads\\\/2022\\\/06\\\/cropped-logo-gimnastic.png\",\"contentUrl\":\"https:\\\/\\\/gimnasticdetarragona.cat\\\/wp-content\\\/uploads\\\/2022\\\/06\\\/cropped-logo-gimnastic.png\",\"width\":224,\"height\":83,\"caption\":\"GIMN\u00c0STIC DE TARRAGONA\"},\"image\":{\"@id\":\"https:\\\/\\\/gimnasticdetarragona.cat\\\/es\\\/#\\\/schema\\\/logo\\\/image\\\/\"},\"sameAs\":[\"https:\\\/\\\/x.com\\\/NASTICTARRAGONA\",\"https:\\\/\\\/www.instagram.com\\\/nastictarragona\\\/\"]},{\"@type\":\"Person\",\"@id\":\"https:\\\/\\\/gimnasticdetarragona.cat\\\/es\\\/#\\\/schema\\\/person\\\/47b6a637abf88f9bd835540f20ea069e\",\"name\":\"desarrollo\",\"sameAs\":[\"https:\\\/\\\/clone.gimnasticdetarragona.cat\"]}]}<\/script>\n<!-- \/ Yoast SEO plugin. -->","yoast_head_json":{"title":"N\u00e0stic 3 - 3 Elche CF - Gimn\u00e0stic de Tarragona SAD","robots":{"index":"index","follow":"follow","max-snippet":"max-snippet:-1","max-image-preview":"max-image-preview:large","max-video-preview":"max-video-preview:-1"},"canonical":"https:\/\/gimnasticdetarragona.cat\/es\/nastic-3-3-elche-cf\/","og_locale":"es_ES","og_type":"article","og_title":"N\u00e0stic 3 - 3 Elche CF - Gimn\u00e0stic de Tarragona SAD","og_description":"El equipo de Enrique Mart\u00edn ha igualado el partido en cinco minutos gracias a Uche, Luis Su\u00e1rez y un gol en propia porteria de Neyder.","og_url":"https:\/\/gimnasticdetarragona.cat\/es\/nastic-3-3-elche-cf\/","og_site_name":"Gimn\u00e0stic de Tarragona SAD","article_published_time":"2019-05-26T18:30:00+00:00","og_image":[{"width":2560,"height":1707,"url":"https:\/\/gimnasticdetarragona.cat\/wp-content\/uploads\/2022\/06\/26184821luis-su-rez-scaled.jpg","type":"image\/jpeg"}],"author":"desarrollo","twitter_card":"summary_large_image","twitter_creator":"@NASTICTARRAGONA","twitter_site":"@NASTICTARRAGONA","twitter_misc":{"Escrito por":"desarrollo","Tiempo de lectura":"2 minutos"},"schema":{"@context":"https:\/\/schema.org","@graph":[{"@type":"Article","@id":"https:\/\/gimnasticdetarragona.cat\/es\/nastic-3-3-elche-cf\/#article","isPartOf":{"@id":"https:\/\/gimnasticdetarragona.cat\/es\/nastic-3-3-elche-cf\/"},"author":{"name":"desarrollo","@id":"https:\/\/gimnasticdetarragona.cat\/es\/#\/schema\/person\/47b6a637abf88f9bd835540f20ea069e"},"headline":"N\u00e0stic 3 &#8211; 3 Elche CF","datePublished":"2019-05-26T18:30:00+00:00","mainEntityOfPage":{"@id":"https:\/\/gimnasticdetarragona.cat\/es\/nastic-3-3-elche-cf\/"},"wordCount":455,"commentCount":0,"publisher":{"@id":"https:\/\/gimnasticdetarragona.cat\/es\/#organization"},"image":{"@id":"https:\/\/gimnasticdetarragona.cat\/es\/nastic-3-3-elche-cf\/#primaryimage"},"thumbnailUrl":"https:\/\/gimnasticdetarragona.cat\/wp-content\/uploads\/2022\/06\/26184821luis-su-rez-scaled.jpg","articleSection":["Actualidad","Home","LaLiga","Primer Equipo"],"inLanguage":"es"},{"@type":"WebPage","@id":"https:\/\/gimnasticdetarragona.cat\/es\/nastic-3-3-elche-cf\/","url":"https:\/\/gimnasticdetarragona.cat\/es\/nastic-3-3-elche-cf\/","name":"N\u00e0stic 3 - 3 Elche CF - Gimn\u00e0stic de Tarragona SAD","isPartOf":{"@id":"https:\/\/gimnasticdetarragona.cat\/es\/#website"},"primaryImageOfPage":{"@id":"https:\/\/gimnasticdetarragona.cat\/es\/nastic-3-3-elche-cf\/#primaryimage"},"image":{"@id":"https:\/\/gimnasticdetarragona.cat\/es\/nastic-3-3-elche-cf\/#primaryimage"},"thumbnailUrl":"https:\/\/gimnasticdetarragona.cat\/wp-content\/uploads\/2022\/06\/26184821luis-su-rez-scaled.jpg","datePublished":"2019-05-26T18:30:00+00:00","breadcrumb":{"@id":"https:\/\/gimnasticdetarragona.cat\/es\/nastic-3-3-elche-cf\/#breadcrumb"},"inLanguage":"es","potentialAction":[{"@type":"ReadAction","target":["https:\/\/gimnasticdetarragona.cat\/es\/nastic-3-3-elche-cf\/"]}]},{"@type":"ImageObject","inLanguage":"es","@id":"https:\/\/gimnasticdetarragona.cat\/es\/nastic-3-3-elche-cf\/#primaryimage","url":"https:\/\/gimnasticdetarragona.cat\/wp-content\/uploads\/2022\/06\/26184821luis-su-rez-scaled.jpg","contentUrl":"https:\/\/gimnasticdetarragona.cat\/wp-content\/uploads\/2022\/06\/26184821luis-su-rez-scaled.jpg","width":2560,"height":1707},{"@type":"BreadcrumbList","@id":"https:\/\/gimnasticdetarragona.cat\/es\/nastic-3-3-elche-cf\/#breadcrumb","itemListElement":[{"@type":"ListItem","position":1,"name":"Inici","item":"https:\/\/gimnasticdetarragona.cat\/es\/nastic\/"},{"@type":"ListItem","position":2,"name":"N\u00e0stic 3 &#8211; 3 Elche CF"}]},{"@type":"WebSite","@id":"https:\/\/gimnasticdetarragona.cat\/es\/#website","url":"https:\/\/gimnasticdetarragona.cat\/es\/","name":"Gimn\u00e0stic de Tarragona SAD","description":"Gimn\u00e0stic de Tarragona","publisher":{"@id":"https:\/\/gimnasticdetarragona.cat\/es\/#organization"},"potentialAction":[{"@type":"SearchAction","target":{"@type":"EntryPoint","urlTemplate":"https:\/\/gimnasticdetarragona.cat\/es\/?s={search_term_string}"},"query-input":{"@type":"PropertyValueSpecification","valueRequired":true,"valueName":"search_term_string"}}],"inLanguage":"es"},{"@type":"Organization","@id":"https:\/\/gimnasticdetarragona.cat\/es\/#organization","name":"GIMN\u00c0STIC DE TARRAGONA","alternateName":"N\u00c0STIC","url":"https:\/\/gimnasticdetarragona.cat\/es\/","logo":{"@type":"ImageObject","inLanguage":"es","@id":"https:\/\/gimnasticdetarragona.cat\/es\/#\/schema\/logo\/image\/","url":"https:\/\/gimnasticdetarragona.cat\/wp-content\/uploads\/2022\/06\/cropped-logo-gimnastic.png","contentUrl":"https:\/\/gimnasticdetarragona.cat\/wp-content\/uploads\/2022\/06\/cropped-logo-gimnastic.png","width":224,"height":83,"caption":"GIMN\u00c0STIC DE TARRAGONA"},"image":{"@id":"https:\/\/gimnasticdetarragona.cat\/es\/#\/schema\/logo\/image\/"},"sameAs":["https:\/\/x.com\/NASTICTARRAGONA","https:\/\/www.instagram.com\/nastictarragona\/"]},{"@type":"Person","@id":"https:\/\/gimnasticdetarragona.cat\/es\/#\/schema\/person\/47b6a637abf88f9bd835540f20ea069e","name":"desarrollo","sameAs":["https:\/\/clone.gimnasticdetarragona.cat"]}]}},"_links":{"self":[{"href":"https:\/\/gimnasticdetarragona.cat\/es\/wp-json\/wp\/v2\/posts\/80714","targetHints":{"allow":["GET"]}}],"collection":[{"href":"https:\/\/gimnasticdetarragona.cat\/es\/wp-json\/wp\/v2\/posts"}],"about":[{"href":"https:\/\/gimnasticdetarragona.cat\/es\/wp-json\/wp\/v2\/types\/post"}],"author":[{"embeddable":true,"href":"https:\/\/gimnasticdetarragona.cat\/es\/wp-json\/wp\/v2\/users\/1"}],"replies":[{"embeddable":true,"href":"https:\/\/gimnasticdetarragona.cat\/es\/wp-json\/wp\/v2\/comments?post=80714"}],"version-history":[{"count":0,"href":"https:\/\/gimnasticdetarragona.cat\/es\/wp-json\/wp\/v2\/posts\/80714\/revisions"}],"wp:featuredmedia":[{"embeddable":true,"href":"https:\/\/gimnasticdetarragona.cat\/es\/wp-json\/wp\/v2\/media\/80711"}],"wp:attachment":[{"href":"https:\/\/gimnasticdetarragona.cat\/es\/wp-json\/wp\/v2\/media?parent=80714"}],"wp:term":[{"taxonomy":"category","embeddable":true,"href":"https:\/\/gimnasticdetarragona.cat\/es\/wp-json\/wp\/v2\/categories?post=80714"},{"taxonomy":"post_tag","embeddable":true,"href":"https:\/\/gimnasticdetarragona.cat\/es\/wp-json\/wp\/v2\/tags?post=80714"}],"curies":[{"name":"wp","href":"https:\/\/api.w.org\/{rel}","templated":true}]}}