{"id":80818,"date":"2019-06-10T14:03:00","date_gmt":"2019-06-10T14:03:00","guid":{"rendered":"https:\/\/clone.gimnasticdetarragona.cat\/laia-figueroa-consigue-la-13a-posicion-en-el-campionat-de-catalunya-juvenil\/"},"modified":"2019-06-10T14:03:00","modified_gmt":"2019-06-10T14:03:00","slug":"laia-figueroa-consigue-la-13a-posicion-en-el-campionat-de-catalunya-juvenil","status":"publish","type":"post","link":"https:\/\/gimnasticdetarragona.cat\/es\/laia-figueroa-consigue-la-13a-posicion-en-el-campionat-de-catalunya-juvenil\/","title":{"rendered":"Laia Figueroa consigue la 13a posici\u00f3n en el Campionat de Catalunya juvenil"},"content":{"rendered":"<p style=\"text-align: justify;\">La patinadora Laia Figueroa ha conseguido una meritoria 13&ordf; posici&oacute;n en el Campionat de Catalunya de categoria juvenil que se ha celebrado en el pabell&oacute;n El Mol&iacute; de Fornells de la Selva. En la jornada del s&aacute;bado, la patinadora del N&agrave;stic ha realizado un muy buen disco corto con los elementos obligatorios que le han situado en la und&eacute;cima posici&oacute;n, mientras en la jornada del domingo ha luchado hasta el final para lograr una buena decimotercera posici&oacute;n.<\/p>\n<p style=\"text-align: justify;\"><img decoding=\"async\" style=\"display: inline; float: left; margin-right: 1.625em; margin-bottom: 1.625em;\" src=\"https:\/\/files.proyectoclubes.com\/gimnastic\/201906\/662x372a_11100723whatsapp-image-2019-06-09-at-12.18.23.jpeg\" \/><\/p>\n<p style=\"text-align: justify;\"><img decoding=\"async\" style=\"display: inline; float: left; margin-right: 1.625em; margin-bottom: 1.625em;\" src=\"https:\/\/files.proyectoclubes.com\/gimnastic\/201906\/662x372a_11100722whatsapp-image-2019-06-10-at-09.57.18.jpeg\" \/><\/p>\n","protected":false},"excerpt":{"rendered":"<p>La competici\u00f3n se disput\u00f3 en el pabell\u00f3n El Mol\u00ed de Fornells de la Selva.<\/p>\n","protected":false},"author":1,"featured_media":80815,"comment_status":"open","ping_status":"open","sticky":false,"template":"","format":"standard","meta":{"_acf_changed":false,"footnotes":""},"categories":[113,134,127],"tags":[],"class_list":["post-80818","post","type-post","status-publish","format-standard","has-post-thumbnail","hentry","category-actualidad","category-patinaje-artistico","category-secciones"],"acf":[],"yoast_head":"<!-- This site is optimized with the Yoast SEO plugin v27.3 - https:\/\/yoast.com\/product\/yoast-seo-wordpress\/ -->\n<title>Laia Figueroa consigue la 13a posici\u00f3n en el Campionat de Catalunya juvenil - Gimn\u00e0stic de Tarragona SAD<\/title>\n<meta name=\"robots\" content=\"index, follow, max-snippet:-1, max-image-preview:large, max-video-preview:-1\" \/>\n<link rel=\"canonical\" href=\"https:\/\/gimnasticdetarragona.cat\/es\/laia-figueroa-consigue-la-13a-posicion-en-el-campionat-de-catalunya-juvenil\/\" \/>\n<meta property=\"og:locale\" content=\"es_ES\" \/>\n<meta property=\"og:type\" content=\"article\" \/>\n<meta property=\"og:title\" content=\"Laia Figueroa consigue la 13a posici\u00f3n en el Campionat de Catalunya juvenil - Gimn\u00e0stic de Tarragona SAD\" \/>\n<meta property=\"og:description\" content=\"La competici\u00f3n se disput\u00f3 en el pabell\u00f3n El Mol\u00ed de Fornells de la Selva.\" \/>\n<meta property=\"og:url\" content=\"https:\/\/gimnasticdetarragona.cat\/es\/laia-figueroa-consigue-la-13a-posicion-en-el-campionat-de-catalunya-juvenil\/\" \/>\n<meta property=\"og:site_name\" content=\"Gimn\u00e0stic de Tarragona SAD\" \/>\n<meta property=\"article:published_time\" content=\"2019-06-10T14:03:00+00:00\" \/>\n<meta property=\"og:image\" content=\"https:\/\/gimnasticdetarragona.cat\/wp-content\/uploads\/2022\/06\/11100622whatsapp-image-2019-06-08-at-18.40.08.jpeg\" \/>\n\t<meta property=\"og:image:width\" content=\"1600\" \/>\n\t<meta property=\"og:image:height\" content=\"1066\" \/>\n\t<meta property=\"og:image:type\" content=\"image\/jpeg\" \/>\n<meta name=\"author\" content=\"desarrollo\" \/>\n<meta name=\"twitter:card\" content=\"summary_large_image\" \/>\n<meta name=\"twitter:creator\" content=\"@NASTICTARRAGONA\" \/>\n<meta name=\"twitter:site\" content=\"@NASTICTARRAGONA\" \/>\n<meta name=\"twitter:label1\" content=\"Escrito por\" \/>\n\t<meta name=\"twitter:data1\" content=\"desarrollo\" \/>\n<script type=\"application\/ld+json\" class=\"yoast-schema-graph\">{\"@context\":\"https:\\\/\\\/schema.org\",\"@graph\":[{\"@type\":\"Article\",\"@id\":\"https:\\\/\\\/gimnasticdetarragona.cat\\\/es\\\/laia-figueroa-consigue-la-13a-posicion-en-el-campionat-de-catalunya-juvenil\\\/#article\",\"isPartOf\":{\"@id\":\"https:\\\/\\\/gimnasticdetarragona.cat\\\/es\\\/laia-figueroa-consigue-la-13a-posicion-en-el-campionat-de-catalunya-juvenil\\\/\"},\"author\":{\"name\":\"desarrollo\",\"@id\":\"https:\\\/\\\/gimnasticdetarragona.cat\\\/es\\\/#\\\/schema\\\/person\\\/47b6a637abf88f9bd835540f20ea069e\"},\"headline\":\"Laia Figueroa consigue la 13a posici\u00f3n en el Campionat de Catalunya juvenil\",\"datePublished\":\"2019-06-10T14:03:00+00:00\",\"mainEntityOfPage\":{\"@id\":\"https:\\\/\\\/gimnasticdetarragona.cat\\\/es\\\/laia-figueroa-consigue-la-13a-posicion-en-el-campionat-de-catalunya-juvenil\\\/\"},\"wordCount\":105,\"commentCount\":0,\"publisher\":{\"@id\":\"https:\\\/\\\/gimnasticdetarragona.cat\\\/es\\\/#organization\"},\"image\":{\"@id\":\"https:\\\/\\\/gimnasticdetarragona.cat\\\/es\\\/laia-figueroa-consigue-la-13a-posicion-en-el-campionat-de-catalunya-juvenil\\\/#primaryimage\"},\"thumbnailUrl\":\"https:\\\/\\\/gimnasticdetarragona.cat\\\/wp-content\\\/uploads\\\/2022\\\/06\\\/11100622whatsapp-image-2019-06-08-at-18.40.08.jpeg\",\"articleSection\":[\"Actualidad\",\"Secci\u00f3n Patinaje Art\u00edstico\",\"Secciones\"],\"inLanguage\":\"es\"},{\"@type\":\"WebPage\",\"@id\":\"https:\\\/\\\/gimnasticdetarragona.cat\\\/es\\\/laia-figueroa-consigue-la-13a-posicion-en-el-campionat-de-catalunya-juvenil\\\/\",\"url\":\"https:\\\/\\\/gimnasticdetarragona.cat\\\/es\\\/laia-figueroa-consigue-la-13a-posicion-en-el-campionat-de-catalunya-juvenil\\\/\",\"name\":\"Laia Figueroa consigue la 13a posici\u00f3n en el Campionat de Catalunya juvenil - Gimn\u00e0stic de Tarragona SAD\",\"isPartOf\":{\"@id\":\"https:\\\/\\\/gimnasticdetarragona.cat\\\/es\\\/#website\"},\"primaryImageOfPage\":{\"@id\":\"https:\\\/\\\/gimnasticdetarragona.cat\\\/es\\\/laia-figueroa-consigue-la-13a-posicion-en-el-campionat-de-catalunya-juvenil\\\/#primaryimage\"},\"image\":{\"@id\":\"https:\\\/\\\/gimnasticdetarragona.cat\\\/es\\\/laia-figueroa-consigue-la-13a-posicion-en-el-campionat-de-catalunya-juvenil\\\/#primaryimage\"},\"thumbnailUrl\":\"https:\\\/\\\/gimnasticdetarragona.cat\\\/wp-content\\\/uploads\\\/2022\\\/06\\\/11100622whatsapp-image-2019-06-08-at-18.40.08.jpeg\",\"datePublished\":\"2019-06-10T14:03:00+00:00\",\"breadcrumb\":{\"@id\":\"https:\\\/\\\/gimnasticdetarragona.cat\\\/es\\\/laia-figueroa-consigue-la-13a-posicion-en-el-campionat-de-catalunya-juvenil\\\/#breadcrumb\"},\"inLanguage\":\"es\",\"potentialAction\":[{\"@type\":\"ReadAction\",\"target\":[\"https:\\\/\\\/gimnasticdetarragona.cat\\\/es\\\/laia-figueroa-consigue-la-13a-posicion-en-el-campionat-de-catalunya-juvenil\\\/\"]}]},{\"@type\":\"ImageObject\",\"inLanguage\":\"es\",\"@id\":\"https:\\\/\\\/gimnasticdetarragona.cat\\\/es\\\/laia-figueroa-consigue-la-13a-posicion-en-el-campionat-de-catalunya-juvenil\\\/#primaryimage\",\"url\":\"https:\\\/\\\/gimnasticdetarragona.cat\\\/wp-content\\\/uploads\\\/2022\\\/06\\\/11100622whatsapp-image-2019-06-08-at-18.40.08.jpeg\",\"contentUrl\":\"https:\\\/\\\/gimnasticdetarragona.cat\\\/wp-content\\\/uploads\\\/2022\\\/06\\\/11100622whatsapp-image-2019-06-08-at-18.40.08.jpeg\",\"width\":1600,\"height\":1066},{\"@type\":\"BreadcrumbList\",\"@id\":\"https:\\\/\\\/gimnasticdetarragona.cat\\\/es\\\/laia-figueroa-consigue-la-13a-posicion-en-el-campionat-de-catalunya-juvenil\\\/#breadcrumb\",\"itemListElement\":[{\"@type\":\"ListItem\",\"position\":1,\"name\":\"Inici\",\"item\":\"https:\\\/\\\/gimnasticdetarragona.cat\\\/es\\\/nastic\\\/\"},{\"@type\":\"ListItem\",\"position\":2,\"name\":\"Laia Figueroa consigue la 13a posici\u00f3n en el Campionat de Catalunya juvenil\"}]},{\"@type\":\"WebSite\",\"@id\":\"https:\\\/\\\/gimnasticdetarragona.cat\\\/es\\\/#website\",\"url\":\"https:\\\/\\\/gimnasticdetarragona.cat\\\/es\\\/\",\"name\":\"Gimn\u00e0stic de Tarragona SAD\",\"description\":\"Gimn\u00e0stic de Tarragona\",\"publisher\":{\"@id\":\"https:\\\/\\\/gimnasticdetarragona.cat\\\/es\\\/#organization\"},\"potentialAction\":[{\"@type\":\"SearchAction\",\"target\":{\"@type\":\"EntryPoint\",\"urlTemplate\":\"https:\\\/\\\/gimnasticdetarragona.cat\\\/es\\\/?s={search_term_string}\"},\"query-input\":{\"@type\":\"PropertyValueSpecification\",\"valueRequired\":true,\"valueName\":\"search_term_string\"}}],\"inLanguage\":\"es\"},{\"@type\":\"Organization\",\"@id\":\"https:\\\/\\\/gimnasticdetarragona.cat\\\/es\\\/#organization\",\"name\":\"GIMN\u00c0STIC DE TARRAGONA\",\"alternateName\":\"N\u00c0STIC\",\"url\":\"https:\\\/\\\/gimnasticdetarragona.cat\\\/es\\\/\",\"logo\":{\"@type\":\"ImageObject\",\"inLanguage\":\"es\",\"@id\":\"https:\\\/\\\/gimnasticdetarragona.cat\\\/es\\\/#\\\/schema\\\/logo\\\/image\\\/\",\"url\":\"https:\\\/\\\/gimnasticdetarragona.cat\\\/wp-content\\\/uploads\\\/2022\\\/06\\\/cropped-logo-gimnastic.png\",\"contentUrl\":\"https:\\\/\\\/gimnasticdetarragona.cat\\\/wp-content\\\/uploads\\\/2022\\\/06\\\/cropped-logo-gimnastic.png\",\"width\":224,\"height\":83,\"caption\":\"GIMN\u00c0STIC DE TARRAGONA\"},\"image\":{\"@id\":\"https:\\\/\\\/gimnasticdetarragona.cat\\\/es\\\/#\\\/schema\\\/logo\\\/image\\\/\"},\"sameAs\":[\"https:\\\/\\\/x.com\\\/NASTICTARRAGONA\",\"https:\\\/\\\/www.instagram.com\\\/nastictarragona\\\/\"]},{\"@type\":\"Person\",\"@id\":\"https:\\\/\\\/gimnasticdetarragona.cat\\\/es\\\/#\\\/schema\\\/person\\\/47b6a637abf88f9bd835540f20ea069e\",\"name\":\"desarrollo\",\"sameAs\":[\"https:\\\/\\\/clone.gimnasticdetarragona.cat\"]}]}<\/script>\n<!-- \/ Yoast SEO plugin. -->","yoast_head_json":{"title":"Laia Figueroa consigue la 13a posici\u00f3n en el Campionat de Catalunya juvenil - Gimn\u00e0stic de Tarragona SAD","robots":{"index":"index","follow":"follow","max-snippet":"max-snippet:-1","max-image-preview":"max-image-preview:large","max-video-preview":"max-video-preview:-1"},"canonical":"https:\/\/gimnasticdetarragona.cat\/es\/laia-figueroa-consigue-la-13a-posicion-en-el-campionat-de-catalunya-juvenil\/","og_locale":"es_ES","og_type":"article","og_title":"Laia Figueroa consigue la 13a posici\u00f3n en el Campionat de Catalunya juvenil - Gimn\u00e0stic de Tarragona SAD","og_description":"La competici\u00f3n se disput\u00f3 en el pabell\u00f3n El Mol\u00ed de Fornells de la Selva.","og_url":"https:\/\/gimnasticdetarragona.cat\/es\/laia-figueroa-consigue-la-13a-posicion-en-el-campionat-de-catalunya-juvenil\/","og_site_name":"Gimn\u00e0stic de Tarragona SAD","article_published_time":"2019-06-10T14:03:00+00:00","og_image":[{"width":1600,"height":1066,"url":"https:\/\/gimnasticdetarragona.cat\/wp-content\/uploads\/2022\/06\/11100622whatsapp-image-2019-06-08-at-18.40.08.jpeg","type":"image\/jpeg"}],"author":"desarrollo","twitter_card":"summary_large_image","twitter_creator":"@NASTICTARRAGONA","twitter_site":"@NASTICTARRAGONA","twitter_misc":{"Escrito por":"desarrollo"},"schema":{"@context":"https:\/\/schema.org","@graph":[{"@type":"Article","@id":"https:\/\/gimnasticdetarragona.cat\/es\/laia-figueroa-consigue-la-13a-posicion-en-el-campionat-de-catalunya-juvenil\/#article","isPartOf":{"@id":"https:\/\/gimnasticdetarragona.cat\/es\/laia-figueroa-consigue-la-13a-posicion-en-el-campionat-de-catalunya-juvenil\/"},"author":{"name":"desarrollo","@id":"https:\/\/gimnasticdetarragona.cat\/es\/#\/schema\/person\/47b6a637abf88f9bd835540f20ea069e"},"headline":"Laia Figueroa consigue la 13a posici\u00f3n en el Campionat de Catalunya juvenil","datePublished":"2019-06-10T14:03:00+00:00","mainEntityOfPage":{"@id":"https:\/\/gimnasticdetarragona.cat\/es\/laia-figueroa-consigue-la-13a-posicion-en-el-campionat-de-catalunya-juvenil\/"},"wordCount":105,"commentCount":0,"publisher":{"@id":"https:\/\/gimnasticdetarragona.cat\/es\/#organization"},"image":{"@id":"https:\/\/gimnasticdetarragona.cat\/es\/laia-figueroa-consigue-la-13a-posicion-en-el-campionat-de-catalunya-juvenil\/#primaryimage"},"thumbnailUrl":"https:\/\/gimnasticdetarragona.cat\/wp-content\/uploads\/2022\/06\/11100622whatsapp-image-2019-06-08-at-18.40.08.jpeg","articleSection":["Actualidad","Secci\u00f3n Patinaje Art\u00edstico","Secciones"],"inLanguage":"es"},{"@type":"WebPage","@id":"https:\/\/gimnasticdetarragona.cat\/es\/laia-figueroa-consigue-la-13a-posicion-en-el-campionat-de-catalunya-juvenil\/","url":"https:\/\/gimnasticdetarragona.cat\/es\/laia-figueroa-consigue-la-13a-posicion-en-el-campionat-de-catalunya-juvenil\/","name":"Laia Figueroa consigue la 13a posici\u00f3n en el Campionat de Catalunya juvenil - Gimn\u00e0stic de Tarragona SAD","isPartOf":{"@id":"https:\/\/gimnasticdetarragona.cat\/es\/#website"},"primaryImageOfPage":{"@id":"https:\/\/gimnasticdetarragona.cat\/es\/laia-figueroa-consigue-la-13a-posicion-en-el-campionat-de-catalunya-juvenil\/#primaryimage"},"image":{"@id":"https:\/\/gimnasticdetarragona.cat\/es\/laia-figueroa-consigue-la-13a-posicion-en-el-campionat-de-catalunya-juvenil\/#primaryimage"},"thumbnailUrl":"https:\/\/gimnasticdetarragona.cat\/wp-content\/uploads\/2022\/06\/11100622whatsapp-image-2019-06-08-at-18.40.08.jpeg","datePublished":"2019-06-10T14:03:00+00:00","breadcrumb":{"@id":"https:\/\/gimnasticdetarragona.cat\/es\/laia-figueroa-consigue-la-13a-posicion-en-el-campionat-de-catalunya-juvenil\/#breadcrumb"},"inLanguage":"es","potentialAction":[{"@type":"ReadAction","target":["https:\/\/gimnasticdetarragona.cat\/es\/laia-figueroa-consigue-la-13a-posicion-en-el-campionat-de-catalunya-juvenil\/"]}]},{"@type":"ImageObject","inLanguage":"es","@id":"https:\/\/gimnasticdetarragona.cat\/es\/laia-figueroa-consigue-la-13a-posicion-en-el-campionat-de-catalunya-juvenil\/#primaryimage","url":"https:\/\/gimnasticdetarragona.cat\/wp-content\/uploads\/2022\/06\/11100622whatsapp-image-2019-06-08-at-18.40.08.jpeg","contentUrl":"https:\/\/gimnasticdetarragona.cat\/wp-content\/uploads\/2022\/06\/11100622whatsapp-image-2019-06-08-at-18.40.08.jpeg","width":1600,"height":1066},{"@type":"BreadcrumbList","@id":"https:\/\/gimnasticdetarragona.cat\/es\/laia-figueroa-consigue-la-13a-posicion-en-el-campionat-de-catalunya-juvenil\/#breadcrumb","itemListElement":[{"@type":"ListItem","position":1,"name":"Inici","item":"https:\/\/gimnasticdetarragona.cat\/es\/nastic\/"},{"@type":"ListItem","position":2,"name":"Laia Figueroa consigue la 13a posici\u00f3n en el Campionat de Catalunya juvenil"}]},{"@type":"WebSite","@id":"https:\/\/gimnasticdetarragona.cat\/es\/#website","url":"https:\/\/gimnasticdetarragona.cat\/es\/","name":"Gimn\u00e0stic de Tarragona SAD","description":"Gimn\u00e0stic de Tarragona","publisher":{"@id":"https:\/\/gimnasticdetarragona.cat\/es\/#organization"},"potentialAction":[{"@type":"SearchAction","target":{"@type":"EntryPoint","urlTemplate":"https:\/\/gimnasticdetarragona.cat\/es\/?s={search_term_string}"},"query-input":{"@type":"PropertyValueSpecification","valueRequired":true,"valueName":"search_term_string"}}],"inLanguage":"es"},{"@type":"Organization","@id":"https:\/\/gimnasticdetarragona.cat\/es\/#organization","name":"GIMN\u00c0STIC DE TARRAGONA","alternateName":"N\u00c0STIC","url":"https:\/\/gimnasticdetarragona.cat\/es\/","logo":{"@type":"ImageObject","inLanguage":"es","@id":"https:\/\/gimnasticdetarragona.cat\/es\/#\/schema\/logo\/image\/","url":"https:\/\/gimnasticdetarragona.cat\/wp-content\/uploads\/2022\/06\/cropped-logo-gimnastic.png","contentUrl":"https:\/\/gimnasticdetarragona.cat\/wp-content\/uploads\/2022\/06\/cropped-logo-gimnastic.png","width":224,"height":83,"caption":"GIMN\u00c0STIC DE TARRAGONA"},"image":{"@id":"https:\/\/gimnasticdetarragona.cat\/es\/#\/schema\/logo\/image\/"},"sameAs":["https:\/\/x.com\/NASTICTARRAGONA","https:\/\/www.instagram.com\/nastictarragona\/"]},{"@type":"Person","@id":"https:\/\/gimnasticdetarragona.cat\/es\/#\/schema\/person\/47b6a637abf88f9bd835540f20ea069e","name":"desarrollo","sameAs":["https:\/\/clone.gimnasticdetarragona.cat"]}]}},"_links":{"self":[{"href":"https:\/\/gimnasticdetarragona.cat\/es\/wp-json\/wp\/v2\/posts\/80818","targetHints":{"allow":["GET"]}}],"collection":[{"href":"https:\/\/gimnasticdetarragona.cat\/es\/wp-json\/wp\/v2\/posts"}],"about":[{"href":"https:\/\/gimnasticdetarragona.cat\/es\/wp-json\/wp\/v2\/types\/post"}],"author":[{"embeddable":true,"href":"https:\/\/gimnasticdetarragona.cat\/es\/wp-json\/wp\/v2\/users\/1"}],"replies":[{"embeddable":true,"href":"https:\/\/gimnasticdetarragona.cat\/es\/wp-json\/wp\/v2\/comments?post=80818"}],"version-history":[{"count":0,"href":"https:\/\/gimnasticdetarragona.cat\/es\/wp-json\/wp\/v2\/posts\/80818\/revisions"}],"wp:featuredmedia":[{"embeddable":true,"href":"https:\/\/gimnasticdetarragona.cat\/es\/wp-json\/wp\/v2\/media\/80815"}],"wp:attachment":[{"href":"https:\/\/gimnasticdetarragona.cat\/es\/wp-json\/wp\/v2\/media?parent=80818"}],"wp:term":[{"taxonomy":"category","embeddable":true,"href":"https:\/\/gimnasticdetarragona.cat\/es\/wp-json\/wp\/v2\/categories?post=80818"},{"taxonomy":"post_tag","embeddable":true,"href":"https:\/\/gimnasticdetarragona.cat\/es\/wp-json\/wp\/v2\/tags?post=80818"}],"curies":[{"name":"wp","href":"https:\/\/api.w.org\/{rel}","templated":true}]}}