{"id":80902,"date":"2019-06-27T17:11:00","date_gmt":"2019-06-27T17:11:00","guid":{"rendered":"https:\/\/clone.gimnasticdetarragona.cat\/ii-open-de-frontenis-del-gimnastic-de-tarragona\/"},"modified":"2019-06-27T17:11:00","modified_gmt":"2019-06-27T17:11:00","slug":"ii-open-de-frontenis-del-gimnastic-de-tarragona","status":"publish","type":"post","link":"https:\/\/gimnasticdetarragona.cat\/es\/ii-open-de-frontenis-del-gimnastic-de-tarragona\/","title":{"rendered":"II OPEN de frontenis del Gimn\u00e0stic de Tarragona"},"content":{"rendered":"<p style=\"text-align: justify;\">El front&oacute;n del N&agrave;stic de Tarragona acogi&oacute; el pasado s&aacute;bado el segundo Open de Frontenis Preol&iacute;mpico donde representantes de los mejores clubes de Catalunya disfrutaron desde las 8.30 a las 19.30 horas.<\/p>\n<p style=\"text-align: justify;\">Durante la competici&oacute;n rein&oacute; un gran ambiente de todos estos jugadores que aman este deporte, una de las secciones con m&aacute;s historia del Club, y otros tantos espectadores que no quisieron perderse el ver a estos jugadores desplazados desde Terrassa, Barcelona, \u200b\u200bRoquetes, Reus y tambi&eacute;n tarraconenses de la entidad grana.<\/p>\n<p style=\"text-align: justify;\">Por la tarde se disputaron los cuartos de final, semifinales y la final, enfrentamientos de calidad y muy disputados. Finalmente los campeones fueron Mario Ca&ntilde;adas y Javier V&aacute;zquez, del Club Monterols. La segunda posici&oacute;n fue para la pareja formada por Adri Cano y David Cano, de Roquetes. Mientras que las parejas del Gimn&agrave;stic de Tarragona, formadas por Jes&uacute;s Dom&iacute;nguez y Manuel Mart&iacute;nez, y Marc Blanco y Juan Manuel Niebla, fueron terceros y cuartos clasificados respectivamente.<\/p>\n<p style=\"text-align: justify;\">Esta jornada de frontenis coincidi&oacute; con la fecha de la Fiesta del Club Gimn&agrave;stic, que todos los participantes se congregaron en la comida de hermandad y posterior fiesta de todas las secciones del Club Gimn&agrave;stic de Tarragona, con la asistencia del presidente grana, Josep Maria Andreu; el vicepresidente, Josep Francesc Ferrer, entre otros responsables de secciones y Junta Directiva.<\/p>\n","protected":false},"excerpt":{"rendered":"<p>Un total de diez parejas de toda Catalunya participaron en la competici\u00f3n grana puntuable para el torneo Master de la FCP<\/p>\n","protected":false},"author":1,"featured_media":80899,"comment_status":"open","ping_status":"open","sticky":false,"template":"","format":"standard","meta":{"_acf_changed":false,"footnotes":""},"categories":[113,121,135,127],"tags":[],"class_list":["post-80902","post","type-post","status-publish","format-standard","has-post-thumbnail","hentry","category-actualidad","category-home","category-pelota","category-secciones"],"acf":[],"yoast_head":"<!-- This site is optimized with the Yoast SEO plugin v27.3 - https:\/\/yoast.com\/product\/yoast-seo-wordpress\/ -->\n<title>II OPEN de frontenis del Gimn\u00e0stic de Tarragona - Gimn\u00e0stic de Tarragona SAD<\/title>\n<meta name=\"robots\" content=\"index, follow, max-snippet:-1, max-image-preview:large, max-video-preview:-1\" \/>\n<link rel=\"canonical\" href=\"https:\/\/gimnasticdetarragona.cat\/es\/ii-open-de-frontenis-del-gimnastic-de-tarragona\/\" \/>\n<meta property=\"og:locale\" content=\"es_ES\" \/>\n<meta property=\"og:type\" content=\"article\" \/>\n<meta property=\"og:title\" content=\"II OPEN de frontenis del Gimn\u00e0stic de Tarragona - Gimn\u00e0stic de Tarragona SAD\" \/>\n<meta property=\"og:description\" content=\"Un total de diez parejas de toda Catalunya participaron en la competici\u00f3n grana puntuable para el torneo Master de la FCP\" \/>\n<meta property=\"og:url\" content=\"https:\/\/gimnasticdetarragona.cat\/es\/ii-open-de-frontenis-del-gimnastic-de-tarragona\/\" \/>\n<meta property=\"og:site_name\" content=\"Gimn\u00e0stic de Tarragona SAD\" \/>\n<meta property=\"article:published_time\" content=\"2019-06-27T17:11:00+00:00\" \/>\n<meta property=\"og:image\" content=\"https:\/\/gimnasticdetarragona.cat\/wp-content\/uploads\/2022\/06\/28171320img-20190622-wa0015.jpg\" \/>\n\t<meta property=\"og:image:width\" content=\"1600\" \/>\n\t<meta property=\"og:image:height\" content=\"1200\" \/>\n\t<meta property=\"og:image:type\" content=\"image\/jpeg\" \/>\n<meta name=\"author\" content=\"desarrollo\" \/>\n<meta name=\"twitter:card\" content=\"summary_large_image\" \/>\n<meta name=\"twitter:creator\" content=\"@NASTICTARRAGONA\" \/>\n<meta name=\"twitter:site\" content=\"@NASTICTARRAGONA\" \/>\n<meta name=\"twitter:label1\" content=\"Escrito por\" \/>\n\t<meta name=\"twitter:data1\" content=\"desarrollo\" \/>\n\t<meta name=\"twitter:label2\" content=\"Tiempo de lectura\" \/>\n\t<meta name=\"twitter:data2\" content=\"1 minuto\" \/>\n<script type=\"application\/ld+json\" class=\"yoast-schema-graph\">{\"@context\":\"https:\\\/\\\/schema.org\",\"@graph\":[{\"@type\":\"Article\",\"@id\":\"https:\\\/\\\/gimnasticdetarragona.cat\\\/es\\\/ii-open-de-frontenis-del-gimnastic-de-tarragona\\\/#article\",\"isPartOf\":{\"@id\":\"https:\\\/\\\/gimnasticdetarragona.cat\\\/es\\\/ii-open-de-frontenis-del-gimnastic-de-tarragona\\\/\"},\"author\":{\"name\":\"desarrollo\",\"@id\":\"https:\\\/\\\/gimnasticdetarragona.cat\\\/es\\\/#\\\/schema\\\/person\\\/47b6a637abf88f9bd835540f20ea069e\"},\"headline\":\"II OPEN de frontenis del Gimn\u00e0stic de Tarragona\",\"datePublished\":\"2019-06-27T17:11:00+00:00\",\"mainEntityOfPage\":{\"@id\":\"https:\\\/\\\/gimnasticdetarragona.cat\\\/es\\\/ii-open-de-frontenis-del-gimnastic-de-tarragona\\\/\"},\"wordCount\":258,\"commentCount\":0,\"publisher\":{\"@id\":\"https:\\\/\\\/gimnasticdetarragona.cat\\\/es\\\/#organization\"},\"image\":{\"@id\":\"https:\\\/\\\/gimnasticdetarragona.cat\\\/es\\\/ii-open-de-frontenis-del-gimnastic-de-tarragona\\\/#primaryimage\"},\"thumbnailUrl\":\"https:\\\/\\\/gimnasticdetarragona.cat\\\/wp-content\\\/uploads\\\/2022\\\/06\\\/28171320img-20190622-wa0015.jpg\",\"articleSection\":[\"Actualidad\",\"Home\",\"Secci\u00f3n Pelota\",\"Secciones\"],\"inLanguage\":\"es\"},{\"@type\":\"WebPage\",\"@id\":\"https:\\\/\\\/gimnasticdetarragona.cat\\\/es\\\/ii-open-de-frontenis-del-gimnastic-de-tarragona\\\/\",\"url\":\"https:\\\/\\\/gimnasticdetarragona.cat\\\/es\\\/ii-open-de-frontenis-del-gimnastic-de-tarragona\\\/\",\"name\":\"II OPEN de frontenis del Gimn\u00e0stic de Tarragona - Gimn\u00e0stic de Tarragona SAD\",\"isPartOf\":{\"@id\":\"https:\\\/\\\/gimnasticdetarragona.cat\\\/es\\\/#website\"},\"primaryImageOfPage\":{\"@id\":\"https:\\\/\\\/gimnasticdetarragona.cat\\\/es\\\/ii-open-de-frontenis-del-gimnastic-de-tarragona\\\/#primaryimage\"},\"image\":{\"@id\":\"https:\\\/\\\/gimnasticdetarragona.cat\\\/es\\\/ii-open-de-frontenis-del-gimnastic-de-tarragona\\\/#primaryimage\"},\"thumbnailUrl\":\"https:\\\/\\\/gimnasticdetarragona.cat\\\/wp-content\\\/uploads\\\/2022\\\/06\\\/28171320img-20190622-wa0015.jpg\",\"datePublished\":\"2019-06-27T17:11:00+00:00\",\"breadcrumb\":{\"@id\":\"https:\\\/\\\/gimnasticdetarragona.cat\\\/es\\\/ii-open-de-frontenis-del-gimnastic-de-tarragona\\\/#breadcrumb\"},\"inLanguage\":\"es\",\"potentialAction\":[{\"@type\":\"ReadAction\",\"target\":[\"https:\\\/\\\/gimnasticdetarragona.cat\\\/es\\\/ii-open-de-frontenis-del-gimnastic-de-tarragona\\\/\"]}]},{\"@type\":\"ImageObject\",\"inLanguage\":\"es\",\"@id\":\"https:\\\/\\\/gimnasticdetarragona.cat\\\/es\\\/ii-open-de-frontenis-del-gimnastic-de-tarragona\\\/#primaryimage\",\"url\":\"https:\\\/\\\/gimnasticdetarragona.cat\\\/wp-content\\\/uploads\\\/2022\\\/06\\\/28171320img-20190622-wa0015.jpg\",\"contentUrl\":\"https:\\\/\\\/gimnasticdetarragona.cat\\\/wp-content\\\/uploads\\\/2022\\\/06\\\/28171320img-20190622-wa0015.jpg\",\"width\":1600,\"height\":1200},{\"@type\":\"BreadcrumbList\",\"@id\":\"https:\\\/\\\/gimnasticdetarragona.cat\\\/es\\\/ii-open-de-frontenis-del-gimnastic-de-tarragona\\\/#breadcrumb\",\"itemListElement\":[{\"@type\":\"ListItem\",\"position\":1,\"name\":\"Inici\",\"item\":\"https:\\\/\\\/gimnasticdetarragona.cat\\\/es\\\/nastic\\\/\"},{\"@type\":\"ListItem\",\"position\":2,\"name\":\"II OPEN de frontenis del Gimn\u00e0stic de Tarragona\"}]},{\"@type\":\"WebSite\",\"@id\":\"https:\\\/\\\/gimnasticdetarragona.cat\\\/es\\\/#website\",\"url\":\"https:\\\/\\\/gimnasticdetarragona.cat\\\/es\\\/\",\"name\":\"Gimn\u00e0stic de Tarragona SAD\",\"description\":\"Gimn\u00e0stic de Tarragona\",\"publisher\":{\"@id\":\"https:\\\/\\\/gimnasticdetarragona.cat\\\/es\\\/#organization\"},\"potentialAction\":[{\"@type\":\"SearchAction\",\"target\":{\"@type\":\"EntryPoint\",\"urlTemplate\":\"https:\\\/\\\/gimnasticdetarragona.cat\\\/es\\\/?s={search_term_string}\"},\"query-input\":{\"@type\":\"PropertyValueSpecification\",\"valueRequired\":true,\"valueName\":\"search_term_string\"}}],\"inLanguage\":\"es\"},{\"@type\":\"Organization\",\"@id\":\"https:\\\/\\\/gimnasticdetarragona.cat\\\/es\\\/#organization\",\"name\":\"GIMN\u00c0STIC DE TARRAGONA\",\"alternateName\":\"N\u00c0STIC\",\"url\":\"https:\\\/\\\/gimnasticdetarragona.cat\\\/es\\\/\",\"logo\":{\"@type\":\"ImageObject\",\"inLanguage\":\"es\",\"@id\":\"https:\\\/\\\/gimnasticdetarragona.cat\\\/es\\\/#\\\/schema\\\/logo\\\/image\\\/\",\"url\":\"https:\\\/\\\/gimnasticdetarragona.cat\\\/wp-content\\\/uploads\\\/2022\\\/06\\\/cropped-logo-gimnastic.png\",\"contentUrl\":\"https:\\\/\\\/gimnasticdetarragona.cat\\\/wp-content\\\/uploads\\\/2022\\\/06\\\/cropped-logo-gimnastic.png\",\"width\":224,\"height\":83,\"caption\":\"GIMN\u00c0STIC DE TARRAGONA\"},\"image\":{\"@id\":\"https:\\\/\\\/gimnasticdetarragona.cat\\\/es\\\/#\\\/schema\\\/logo\\\/image\\\/\"},\"sameAs\":[\"https:\\\/\\\/x.com\\\/NASTICTARRAGONA\",\"https:\\\/\\\/www.instagram.com\\\/nastictarragona\\\/\"]},{\"@type\":\"Person\",\"@id\":\"https:\\\/\\\/gimnasticdetarragona.cat\\\/es\\\/#\\\/schema\\\/person\\\/47b6a637abf88f9bd835540f20ea069e\",\"name\":\"desarrollo\",\"sameAs\":[\"https:\\\/\\\/clone.gimnasticdetarragona.cat\"]}]}<\/script>\n<!-- \/ Yoast SEO plugin. -->","yoast_head_json":{"title":"II OPEN de frontenis del Gimn\u00e0stic de Tarragona - Gimn\u00e0stic de Tarragona SAD","robots":{"index":"index","follow":"follow","max-snippet":"max-snippet:-1","max-image-preview":"max-image-preview:large","max-video-preview":"max-video-preview:-1"},"canonical":"https:\/\/gimnasticdetarragona.cat\/es\/ii-open-de-frontenis-del-gimnastic-de-tarragona\/","og_locale":"es_ES","og_type":"article","og_title":"II OPEN de frontenis del Gimn\u00e0stic de Tarragona - Gimn\u00e0stic de Tarragona SAD","og_description":"Un total de diez parejas de toda Catalunya participaron en la competici\u00f3n grana puntuable para el torneo Master de la FCP","og_url":"https:\/\/gimnasticdetarragona.cat\/es\/ii-open-de-frontenis-del-gimnastic-de-tarragona\/","og_site_name":"Gimn\u00e0stic de Tarragona SAD","article_published_time":"2019-06-27T17:11:00+00:00","og_image":[{"width":1600,"height":1200,"url":"https:\/\/gimnasticdetarragona.cat\/wp-content\/uploads\/2022\/06\/28171320img-20190622-wa0015.jpg","type":"image\/jpeg"}],"author":"desarrollo","twitter_card":"summary_large_image","twitter_creator":"@NASTICTARRAGONA","twitter_site":"@NASTICTARRAGONA","twitter_misc":{"Escrito por":"desarrollo","Tiempo de lectura":"1 minuto"},"schema":{"@context":"https:\/\/schema.org","@graph":[{"@type":"Article","@id":"https:\/\/gimnasticdetarragona.cat\/es\/ii-open-de-frontenis-del-gimnastic-de-tarragona\/#article","isPartOf":{"@id":"https:\/\/gimnasticdetarragona.cat\/es\/ii-open-de-frontenis-del-gimnastic-de-tarragona\/"},"author":{"name":"desarrollo","@id":"https:\/\/gimnasticdetarragona.cat\/es\/#\/schema\/person\/47b6a637abf88f9bd835540f20ea069e"},"headline":"II OPEN de frontenis del Gimn\u00e0stic de Tarragona","datePublished":"2019-06-27T17:11:00+00:00","mainEntityOfPage":{"@id":"https:\/\/gimnasticdetarragona.cat\/es\/ii-open-de-frontenis-del-gimnastic-de-tarragona\/"},"wordCount":258,"commentCount":0,"publisher":{"@id":"https:\/\/gimnasticdetarragona.cat\/es\/#organization"},"image":{"@id":"https:\/\/gimnasticdetarragona.cat\/es\/ii-open-de-frontenis-del-gimnastic-de-tarragona\/#primaryimage"},"thumbnailUrl":"https:\/\/gimnasticdetarragona.cat\/wp-content\/uploads\/2022\/06\/28171320img-20190622-wa0015.jpg","articleSection":["Actualidad","Home","Secci\u00f3n Pelota","Secciones"],"inLanguage":"es"},{"@type":"WebPage","@id":"https:\/\/gimnasticdetarragona.cat\/es\/ii-open-de-frontenis-del-gimnastic-de-tarragona\/","url":"https:\/\/gimnasticdetarragona.cat\/es\/ii-open-de-frontenis-del-gimnastic-de-tarragona\/","name":"II OPEN de frontenis del Gimn\u00e0stic de Tarragona - Gimn\u00e0stic de Tarragona SAD","isPartOf":{"@id":"https:\/\/gimnasticdetarragona.cat\/es\/#website"},"primaryImageOfPage":{"@id":"https:\/\/gimnasticdetarragona.cat\/es\/ii-open-de-frontenis-del-gimnastic-de-tarragona\/#primaryimage"},"image":{"@id":"https:\/\/gimnasticdetarragona.cat\/es\/ii-open-de-frontenis-del-gimnastic-de-tarragona\/#primaryimage"},"thumbnailUrl":"https:\/\/gimnasticdetarragona.cat\/wp-content\/uploads\/2022\/06\/28171320img-20190622-wa0015.jpg","datePublished":"2019-06-27T17:11:00+00:00","breadcrumb":{"@id":"https:\/\/gimnasticdetarragona.cat\/es\/ii-open-de-frontenis-del-gimnastic-de-tarragona\/#breadcrumb"},"inLanguage":"es","potentialAction":[{"@type":"ReadAction","target":["https:\/\/gimnasticdetarragona.cat\/es\/ii-open-de-frontenis-del-gimnastic-de-tarragona\/"]}]},{"@type":"ImageObject","inLanguage":"es","@id":"https:\/\/gimnasticdetarragona.cat\/es\/ii-open-de-frontenis-del-gimnastic-de-tarragona\/#primaryimage","url":"https:\/\/gimnasticdetarragona.cat\/wp-content\/uploads\/2022\/06\/28171320img-20190622-wa0015.jpg","contentUrl":"https:\/\/gimnasticdetarragona.cat\/wp-content\/uploads\/2022\/06\/28171320img-20190622-wa0015.jpg","width":1600,"height":1200},{"@type":"BreadcrumbList","@id":"https:\/\/gimnasticdetarragona.cat\/es\/ii-open-de-frontenis-del-gimnastic-de-tarragona\/#breadcrumb","itemListElement":[{"@type":"ListItem","position":1,"name":"Inici","item":"https:\/\/gimnasticdetarragona.cat\/es\/nastic\/"},{"@type":"ListItem","position":2,"name":"II OPEN de frontenis del Gimn\u00e0stic de Tarragona"}]},{"@type":"WebSite","@id":"https:\/\/gimnasticdetarragona.cat\/es\/#website","url":"https:\/\/gimnasticdetarragona.cat\/es\/","name":"Gimn\u00e0stic de Tarragona SAD","description":"Gimn\u00e0stic de Tarragona","publisher":{"@id":"https:\/\/gimnasticdetarragona.cat\/es\/#organization"},"potentialAction":[{"@type":"SearchAction","target":{"@type":"EntryPoint","urlTemplate":"https:\/\/gimnasticdetarragona.cat\/es\/?s={search_term_string}"},"query-input":{"@type":"PropertyValueSpecification","valueRequired":true,"valueName":"search_term_string"}}],"inLanguage":"es"},{"@type":"Organization","@id":"https:\/\/gimnasticdetarragona.cat\/es\/#organization","name":"GIMN\u00c0STIC DE TARRAGONA","alternateName":"N\u00c0STIC","url":"https:\/\/gimnasticdetarragona.cat\/es\/","logo":{"@type":"ImageObject","inLanguage":"es","@id":"https:\/\/gimnasticdetarragona.cat\/es\/#\/schema\/logo\/image\/","url":"https:\/\/gimnasticdetarragona.cat\/wp-content\/uploads\/2022\/06\/cropped-logo-gimnastic.png","contentUrl":"https:\/\/gimnasticdetarragona.cat\/wp-content\/uploads\/2022\/06\/cropped-logo-gimnastic.png","width":224,"height":83,"caption":"GIMN\u00c0STIC DE TARRAGONA"},"image":{"@id":"https:\/\/gimnasticdetarragona.cat\/es\/#\/schema\/logo\/image\/"},"sameAs":["https:\/\/x.com\/NASTICTARRAGONA","https:\/\/www.instagram.com\/nastictarragona\/"]},{"@type":"Person","@id":"https:\/\/gimnasticdetarragona.cat\/es\/#\/schema\/person\/47b6a637abf88f9bd835540f20ea069e","name":"desarrollo","sameAs":["https:\/\/clone.gimnasticdetarragona.cat"]}]}},"_links":{"self":[{"href":"https:\/\/gimnasticdetarragona.cat\/es\/wp-json\/wp\/v2\/posts\/80902","targetHints":{"allow":["GET"]}}],"collection":[{"href":"https:\/\/gimnasticdetarragona.cat\/es\/wp-json\/wp\/v2\/posts"}],"about":[{"href":"https:\/\/gimnasticdetarragona.cat\/es\/wp-json\/wp\/v2\/types\/post"}],"author":[{"embeddable":true,"href":"https:\/\/gimnasticdetarragona.cat\/es\/wp-json\/wp\/v2\/users\/1"}],"replies":[{"embeddable":true,"href":"https:\/\/gimnasticdetarragona.cat\/es\/wp-json\/wp\/v2\/comments?post=80902"}],"version-history":[{"count":0,"href":"https:\/\/gimnasticdetarragona.cat\/es\/wp-json\/wp\/v2\/posts\/80902\/revisions"}],"wp:featuredmedia":[{"embeddable":true,"href":"https:\/\/gimnasticdetarragona.cat\/es\/wp-json\/wp\/v2\/media\/80899"}],"wp:attachment":[{"href":"https:\/\/gimnasticdetarragona.cat\/es\/wp-json\/wp\/v2\/media?parent=80902"}],"wp:term":[{"taxonomy":"category","embeddable":true,"href":"https:\/\/gimnasticdetarragona.cat\/es\/wp-json\/wp\/v2\/categories?post=80902"},{"taxonomy":"post_tag","embeddable":true,"href":"https:\/\/gimnasticdetarragona.cat\/es\/wp-json\/wp\/v2\/tags?post=80902"}],"curies":[{"name":"wp","href":"https:\/\/api.w.org\/{rel}","templated":true}]}}