{"id":81186,"date":"2019-09-06T14:01:00","date_gmt":"2019-09-06T14:01:00","guid":{"rendered":"https:\/\/clone.gimnasticdetarragona.cat\/carmen-ripoll-nueva-coordinadora-de-la-escuela-de-tenis-del-club-gimnastic\/"},"modified":"2019-09-06T14:01:00","modified_gmt":"2019-09-06T14:01:00","slug":"carmen-ripoll-nueva-coordinadora-de-la-escuela-de-tenis-del-club-gimnastic","status":"publish","type":"post","link":"https:\/\/gimnasticdetarragona.cat\/es\/carmen-ripoll-nueva-coordinadora-de-la-escuela-de-tenis-del-club-gimnastic\/","title":{"rendered":"Carmen Ripoll, nueva coordinadora de la escuela de tenis del Club Gimn\u00e0stic"},"content":{"rendered":"<p style=\"text-align: justify;\">En la etapa como tenista, la nueva coordinadora consigui&oacute; tres t&iacute;tulos de campeona de Espa&ntilde;a individual, en las categor&iacute;as de infantil, cadete y junior. As&iacute; como dos campeonatos de Espa&ntilde;a en la prueba de dobles en infantil y cadete. Carmen jug&oacute; hasta los 18 a&ntilde;os, momento en que sufri&oacute; una lesi&oacute;n en la rodilla y la oblig&oacute; a dejar el mundo de la competici&oacute;n.<\/p>\n<p style=\"text-align: justify;\">Con anterioridad a su incorporaci&oacute;n al Club Gimn&agrave;stic, y durante diez a&ntilde;os, ha estado trabajando como entrenadora y como directora deportiva en el Club de Tenis El Catllar. Siendo galardonada con el premio Auriga Fuscus 2013, que otorga el Consejo Comarcal del Tarragon&egrave;s por el fomento del deporte.<\/p>\n<p style=\"text-align: justify;\">Dentro de su formaci&oacute;n, est&aacute; titulada en direcci&oacute;n deportiva y carrera Humanismo en la Universidad Abierta de Catalu&ntilde;a, compagin&aacute;ndolo con su vocaci&oacute;n literaria como escritora de poes&iacute;a siendo alumna de la escuela de letras de Tarragona y con anterioridad del Ateneu Barcelon&egrave;s. Ella se califica como &#8216;humanista deportiva&#8217;.<\/p>\n<p style=\"text-align: justify;\">Como pilar fundamental de esta nueva etapa en la escuela de tenis del Club Gimn&agrave;stic de Tarragona, pretende incorporar la formaci&oacute;n deportiva integral del alumno a trav&eacute;s de los valores del deporte, y que la evoluci&oacute;n personal y humana forme parte prioritaria de su entrenamiento deportivo. Entiende que el amor por el deporte y aprender a disfrutar debe ser el primer hito para cualquier deportista, convirti&eacute;ndose as&iacute; en la base fundamental para poder crecer deportivamente de forma saludable.<\/p>\n<p style=\"text-align: justify;\">Junto con los compa&ntilde;eros Moises Puig y Arnau Santillana, Carmen Ripoll considera que forman un gran equipo t&eacute;cnico con una gran sinton&iacute;a personal y una gran ilusi&oacute;n y motivaci&oacute;n para afrontar los retos que supone este nuevo curso, con la voluntad inequ&iacute;voca de &#8216;Hacer Nastic &#8216;. Entendiendo como valor fundamental la identidad de pertenecer a un colectivo, de ser deportistas, compa&ntilde;eros y hacer club.<\/p>\n<p style=\"text-align: justify;\">La nueva coordinadora se considera afortunada de poder iniciar este nuevo proyecto deportivo y muestra su agradecimiento por la confianza que el Club Gimn&agrave;stic ha depositado en ella.<\/p>\n","protected":false},"excerpt":{"rendered":"<p>Asume el cargo con el objetivo de &#8216;hacer N\u00e0stic&#8217;<\/p>\n","protected":false},"author":1,"featured_media":81183,"comment_status":"open","ping_status":"open","sticky":false,"template":"","format":"standard","meta":{"_acf_changed":false,"footnotes":""},"categories":[113,136],"tags":[],"class_list":["post-81186","post","type-post","status-publish","format-standard","has-post-thumbnail","hentry","category-actualidad","category-tenis"],"acf":[],"yoast_head":"<!-- This site is optimized with the Yoast SEO plugin v27.3 - https:\/\/yoast.com\/product\/yoast-seo-wordpress\/ -->\n<title>Carmen Ripoll, nueva coordinadora de la escuela de tenis del Club Gimn\u00e0stic - Gimn\u00e0stic de Tarragona SAD<\/title>\n<meta name=\"robots\" content=\"index, follow, max-snippet:-1, max-image-preview:large, max-video-preview:-1\" \/>\n<link rel=\"canonical\" href=\"https:\/\/gimnasticdetarragona.cat\/carmen-ripoll-nova-coordinadora-de-lescola-de-tennis-del-club-gimnastic\/\" \/>\n<meta property=\"og:locale\" content=\"es_ES\" \/>\n<meta property=\"og:type\" content=\"article\" \/>\n<meta property=\"og:title\" content=\"Carmen Ripoll, nueva coordinadora de la escuela de tenis del Club Gimn\u00e0stic - Gimn\u00e0stic de Tarragona SAD\" \/>\n<meta property=\"og:description\" content=\"Asume el cargo con el objetivo de &#039;hacer N\u00e0stic&#039;\" \/>\n<meta property=\"og:url\" content=\"https:\/\/gimnasticdetarragona.cat\/carmen-ripoll-nova-coordinadora-de-lescola-de-tennis-del-club-gimnastic\/\" \/>\n<meta property=\"og:site_name\" content=\"Gimn\u00e0stic de Tarragona SAD\" \/>\n<meta property=\"article:published_time\" content=\"2019-09-06T14:01:00+00:00\" \/>\n<meta property=\"og:image\" content=\"https:\/\/gimnasticdetarragona.cat\/wp-content\/uploads\/2022\/06\/0614132048687893596_686e38c54a_k.jpg\" \/>\n\t<meta property=\"og:image:width\" content=\"2048\" \/>\n\t<meta property=\"og:image:height\" content=\"1365\" \/>\n\t<meta property=\"og:image:type\" content=\"image\/jpeg\" \/>\n<meta name=\"author\" content=\"desarrollo\" \/>\n<meta name=\"twitter:card\" content=\"summary_large_image\" \/>\n<meta name=\"twitter:creator\" content=\"@NASTICTARRAGONA\" \/>\n<meta name=\"twitter:site\" content=\"@NASTICTARRAGONA\" \/>\n<meta name=\"twitter:label1\" content=\"Escrito por\" \/>\n\t<meta name=\"twitter:data1\" content=\"desarrollo\" \/>\n\t<meta name=\"twitter:label2\" content=\"Tiempo de lectura\" \/>\n\t<meta name=\"twitter:data2\" content=\"2 minutos\" \/>\n<script type=\"application\/ld+json\" class=\"yoast-schema-graph\">{\"@context\":\"https:\\\/\\\/schema.org\",\"@graph\":[{\"@type\":\"Article\",\"@id\":\"https:\\\/\\\/gimnasticdetarragona.cat\\\/carmen-ripoll-nova-coordinadora-de-lescola-de-tennis-del-club-gimnastic\\\/#article\",\"isPartOf\":{\"@id\":\"https:\\\/\\\/gimnasticdetarragona.cat\\\/carmen-ripoll-nova-coordinadora-de-lescola-de-tennis-del-club-gimnastic\\\/\"},\"author\":{\"name\":\"desarrollo\",\"@id\":\"https:\\\/\\\/gimnasticdetarragona.cat\\\/es\\\/#\\\/schema\\\/person\\\/47b6a637abf88f9bd835540f20ea069e\"},\"headline\":\"Carmen Ripoll, nueva coordinadora de la escuela de tenis del Club Gimn\u00e0stic\",\"datePublished\":\"2019-09-06T14:01:00+00:00\",\"mainEntityOfPage\":{\"@id\":\"https:\\\/\\\/gimnasticdetarragona.cat\\\/carmen-ripoll-nova-coordinadora-de-lescola-de-tennis-del-club-gimnastic\\\/\"},\"wordCount\":409,\"commentCount\":0,\"publisher\":{\"@id\":\"https:\\\/\\\/gimnasticdetarragona.cat\\\/es\\\/#organization\"},\"image\":{\"@id\":\"https:\\\/\\\/gimnasticdetarragona.cat\\\/carmen-ripoll-nova-coordinadora-de-lescola-de-tennis-del-club-gimnastic\\\/#primaryimage\"},\"thumbnailUrl\":\"https:\\\/\\\/gimnasticdetarragona.cat\\\/wp-content\\\/uploads\\\/2022\\\/06\\\/0614132048687893596_686e38c54a_k.jpg\",\"articleSection\":[\"Actualidad\",\"Secci\u00f3n Tenis\"],\"inLanguage\":\"es\"},{\"@type\":\"WebPage\",\"@id\":\"https:\\\/\\\/gimnasticdetarragona.cat\\\/carmen-ripoll-nova-coordinadora-de-lescola-de-tennis-del-club-gimnastic\\\/\",\"url\":\"https:\\\/\\\/gimnasticdetarragona.cat\\\/carmen-ripoll-nova-coordinadora-de-lescola-de-tennis-del-club-gimnastic\\\/\",\"name\":\"Carmen Ripoll, nueva coordinadora de la escuela de tenis del Club Gimn\u00e0stic - Gimn\u00e0stic de Tarragona SAD\",\"isPartOf\":{\"@id\":\"https:\\\/\\\/gimnasticdetarragona.cat\\\/es\\\/#website\"},\"primaryImageOfPage\":{\"@id\":\"https:\\\/\\\/gimnasticdetarragona.cat\\\/carmen-ripoll-nova-coordinadora-de-lescola-de-tennis-del-club-gimnastic\\\/#primaryimage\"},\"image\":{\"@id\":\"https:\\\/\\\/gimnasticdetarragona.cat\\\/carmen-ripoll-nova-coordinadora-de-lescola-de-tennis-del-club-gimnastic\\\/#primaryimage\"},\"thumbnailUrl\":\"https:\\\/\\\/gimnasticdetarragona.cat\\\/wp-content\\\/uploads\\\/2022\\\/06\\\/0614132048687893596_686e38c54a_k.jpg\",\"datePublished\":\"2019-09-06T14:01:00+00:00\",\"breadcrumb\":{\"@id\":\"https:\\\/\\\/gimnasticdetarragona.cat\\\/carmen-ripoll-nova-coordinadora-de-lescola-de-tennis-del-club-gimnastic\\\/#breadcrumb\"},\"inLanguage\":\"es\",\"potentialAction\":[{\"@type\":\"ReadAction\",\"target\":[\"https:\\\/\\\/gimnasticdetarragona.cat\\\/carmen-ripoll-nova-coordinadora-de-lescola-de-tennis-del-club-gimnastic\\\/\"]}]},{\"@type\":\"ImageObject\",\"inLanguage\":\"es\",\"@id\":\"https:\\\/\\\/gimnasticdetarragona.cat\\\/carmen-ripoll-nova-coordinadora-de-lescola-de-tennis-del-club-gimnastic\\\/#primaryimage\",\"url\":\"https:\\\/\\\/gimnasticdetarragona.cat\\\/wp-content\\\/uploads\\\/2022\\\/06\\\/0614132048687893596_686e38c54a_k.jpg\",\"contentUrl\":\"https:\\\/\\\/gimnasticdetarragona.cat\\\/wp-content\\\/uploads\\\/2022\\\/06\\\/0614132048687893596_686e38c54a_k.jpg\",\"width\":2048,\"height\":1365},{\"@type\":\"BreadcrumbList\",\"@id\":\"https:\\\/\\\/gimnasticdetarragona.cat\\\/carmen-ripoll-nova-coordinadora-de-lescola-de-tennis-del-club-gimnastic\\\/#breadcrumb\",\"itemListElement\":[{\"@type\":\"ListItem\",\"position\":1,\"name\":\"Inici\",\"item\":\"https:\\\/\\\/gimnasticdetarragona.cat\\\/es\\\/nastic\\\/\"},{\"@type\":\"ListItem\",\"position\":2,\"name\":\"Carmen Ripoll, nueva coordinadora de la escuela de tenis del Club Gimn\u00e0stic\"}]},{\"@type\":\"WebSite\",\"@id\":\"https:\\\/\\\/gimnasticdetarragona.cat\\\/es\\\/#website\",\"url\":\"https:\\\/\\\/gimnasticdetarragona.cat\\\/es\\\/\",\"name\":\"Gimn\u00e0stic de Tarragona SAD\",\"description\":\"Gimn\u00e0stic de Tarragona\",\"publisher\":{\"@id\":\"https:\\\/\\\/gimnasticdetarragona.cat\\\/es\\\/#organization\"},\"potentialAction\":[{\"@type\":\"SearchAction\",\"target\":{\"@type\":\"EntryPoint\",\"urlTemplate\":\"https:\\\/\\\/gimnasticdetarragona.cat\\\/es\\\/?s={search_term_string}\"},\"query-input\":{\"@type\":\"PropertyValueSpecification\",\"valueRequired\":true,\"valueName\":\"search_term_string\"}}],\"inLanguage\":\"es\"},{\"@type\":\"Organization\",\"@id\":\"https:\\\/\\\/gimnasticdetarragona.cat\\\/es\\\/#organization\",\"name\":\"GIMN\u00c0STIC DE TARRAGONA\",\"alternateName\":\"N\u00c0STIC\",\"url\":\"https:\\\/\\\/gimnasticdetarragona.cat\\\/es\\\/\",\"logo\":{\"@type\":\"ImageObject\",\"inLanguage\":\"es\",\"@id\":\"https:\\\/\\\/gimnasticdetarragona.cat\\\/es\\\/#\\\/schema\\\/logo\\\/image\\\/\",\"url\":\"https:\\\/\\\/gimnasticdetarragona.cat\\\/wp-content\\\/uploads\\\/2022\\\/06\\\/cropped-logo-gimnastic.png\",\"contentUrl\":\"https:\\\/\\\/gimnasticdetarragona.cat\\\/wp-content\\\/uploads\\\/2022\\\/06\\\/cropped-logo-gimnastic.png\",\"width\":224,\"height\":83,\"caption\":\"GIMN\u00c0STIC DE TARRAGONA\"},\"image\":{\"@id\":\"https:\\\/\\\/gimnasticdetarragona.cat\\\/es\\\/#\\\/schema\\\/logo\\\/image\\\/\"},\"sameAs\":[\"https:\\\/\\\/x.com\\\/NASTICTARRAGONA\",\"https:\\\/\\\/www.instagram.com\\\/nastictarragona\\\/\"]},{\"@type\":\"Person\",\"@id\":\"https:\\\/\\\/gimnasticdetarragona.cat\\\/es\\\/#\\\/schema\\\/person\\\/47b6a637abf88f9bd835540f20ea069e\",\"name\":\"desarrollo\",\"sameAs\":[\"https:\\\/\\\/clone.gimnasticdetarragona.cat\"]}]}<\/script>\n<!-- \/ Yoast SEO plugin. -->","yoast_head_json":{"title":"Carmen Ripoll, nueva coordinadora de la escuela de tenis del Club Gimn\u00e0stic - Gimn\u00e0stic de Tarragona SAD","robots":{"index":"index","follow":"follow","max-snippet":"max-snippet:-1","max-image-preview":"max-image-preview:large","max-video-preview":"max-video-preview:-1"},"canonical":"https:\/\/gimnasticdetarragona.cat\/carmen-ripoll-nova-coordinadora-de-lescola-de-tennis-del-club-gimnastic\/","og_locale":"es_ES","og_type":"article","og_title":"Carmen Ripoll, nueva coordinadora de la escuela de tenis del Club Gimn\u00e0stic - Gimn\u00e0stic de Tarragona SAD","og_description":"Asume el cargo con el objetivo de 'hacer N\u00e0stic'","og_url":"https:\/\/gimnasticdetarragona.cat\/carmen-ripoll-nova-coordinadora-de-lescola-de-tennis-del-club-gimnastic\/","og_site_name":"Gimn\u00e0stic de Tarragona SAD","article_published_time":"2019-09-06T14:01:00+00:00","og_image":[{"width":2048,"height":1365,"url":"https:\/\/gimnasticdetarragona.cat\/wp-content\/uploads\/2022\/06\/0614132048687893596_686e38c54a_k.jpg","type":"image\/jpeg"}],"author":"desarrollo","twitter_card":"summary_large_image","twitter_creator":"@NASTICTARRAGONA","twitter_site":"@NASTICTARRAGONA","twitter_misc":{"Escrito por":"desarrollo","Tiempo de lectura":"2 minutos"},"schema":{"@context":"https:\/\/schema.org","@graph":[{"@type":"Article","@id":"https:\/\/gimnasticdetarragona.cat\/carmen-ripoll-nova-coordinadora-de-lescola-de-tennis-del-club-gimnastic\/#article","isPartOf":{"@id":"https:\/\/gimnasticdetarragona.cat\/carmen-ripoll-nova-coordinadora-de-lescola-de-tennis-del-club-gimnastic\/"},"author":{"name":"desarrollo","@id":"https:\/\/gimnasticdetarragona.cat\/es\/#\/schema\/person\/47b6a637abf88f9bd835540f20ea069e"},"headline":"Carmen Ripoll, nueva coordinadora de la escuela de tenis del Club Gimn\u00e0stic","datePublished":"2019-09-06T14:01:00+00:00","mainEntityOfPage":{"@id":"https:\/\/gimnasticdetarragona.cat\/carmen-ripoll-nova-coordinadora-de-lescola-de-tennis-del-club-gimnastic\/"},"wordCount":409,"commentCount":0,"publisher":{"@id":"https:\/\/gimnasticdetarragona.cat\/es\/#organization"},"image":{"@id":"https:\/\/gimnasticdetarragona.cat\/carmen-ripoll-nova-coordinadora-de-lescola-de-tennis-del-club-gimnastic\/#primaryimage"},"thumbnailUrl":"https:\/\/gimnasticdetarragona.cat\/wp-content\/uploads\/2022\/06\/0614132048687893596_686e38c54a_k.jpg","articleSection":["Actualidad","Secci\u00f3n Tenis"],"inLanguage":"es"},{"@type":"WebPage","@id":"https:\/\/gimnasticdetarragona.cat\/carmen-ripoll-nova-coordinadora-de-lescola-de-tennis-del-club-gimnastic\/","url":"https:\/\/gimnasticdetarragona.cat\/carmen-ripoll-nova-coordinadora-de-lescola-de-tennis-del-club-gimnastic\/","name":"Carmen Ripoll, nueva coordinadora de la escuela de tenis del Club Gimn\u00e0stic - Gimn\u00e0stic de Tarragona SAD","isPartOf":{"@id":"https:\/\/gimnasticdetarragona.cat\/es\/#website"},"primaryImageOfPage":{"@id":"https:\/\/gimnasticdetarragona.cat\/carmen-ripoll-nova-coordinadora-de-lescola-de-tennis-del-club-gimnastic\/#primaryimage"},"image":{"@id":"https:\/\/gimnasticdetarragona.cat\/carmen-ripoll-nova-coordinadora-de-lescola-de-tennis-del-club-gimnastic\/#primaryimage"},"thumbnailUrl":"https:\/\/gimnasticdetarragona.cat\/wp-content\/uploads\/2022\/06\/0614132048687893596_686e38c54a_k.jpg","datePublished":"2019-09-06T14:01:00+00:00","breadcrumb":{"@id":"https:\/\/gimnasticdetarragona.cat\/carmen-ripoll-nova-coordinadora-de-lescola-de-tennis-del-club-gimnastic\/#breadcrumb"},"inLanguage":"es","potentialAction":[{"@type":"ReadAction","target":["https:\/\/gimnasticdetarragona.cat\/carmen-ripoll-nova-coordinadora-de-lescola-de-tennis-del-club-gimnastic\/"]}]},{"@type":"ImageObject","inLanguage":"es","@id":"https:\/\/gimnasticdetarragona.cat\/carmen-ripoll-nova-coordinadora-de-lescola-de-tennis-del-club-gimnastic\/#primaryimage","url":"https:\/\/gimnasticdetarragona.cat\/wp-content\/uploads\/2022\/06\/0614132048687893596_686e38c54a_k.jpg","contentUrl":"https:\/\/gimnasticdetarragona.cat\/wp-content\/uploads\/2022\/06\/0614132048687893596_686e38c54a_k.jpg","width":2048,"height":1365},{"@type":"BreadcrumbList","@id":"https:\/\/gimnasticdetarragona.cat\/carmen-ripoll-nova-coordinadora-de-lescola-de-tennis-del-club-gimnastic\/#breadcrumb","itemListElement":[{"@type":"ListItem","position":1,"name":"Inici","item":"https:\/\/gimnasticdetarragona.cat\/es\/nastic\/"},{"@type":"ListItem","position":2,"name":"Carmen Ripoll, nueva coordinadora de la escuela de tenis del Club Gimn\u00e0stic"}]},{"@type":"WebSite","@id":"https:\/\/gimnasticdetarragona.cat\/es\/#website","url":"https:\/\/gimnasticdetarragona.cat\/es\/","name":"Gimn\u00e0stic de Tarragona SAD","description":"Gimn\u00e0stic de Tarragona","publisher":{"@id":"https:\/\/gimnasticdetarragona.cat\/es\/#organization"},"potentialAction":[{"@type":"SearchAction","target":{"@type":"EntryPoint","urlTemplate":"https:\/\/gimnasticdetarragona.cat\/es\/?s={search_term_string}"},"query-input":{"@type":"PropertyValueSpecification","valueRequired":true,"valueName":"search_term_string"}}],"inLanguage":"es"},{"@type":"Organization","@id":"https:\/\/gimnasticdetarragona.cat\/es\/#organization","name":"GIMN\u00c0STIC DE TARRAGONA","alternateName":"N\u00c0STIC","url":"https:\/\/gimnasticdetarragona.cat\/es\/","logo":{"@type":"ImageObject","inLanguage":"es","@id":"https:\/\/gimnasticdetarragona.cat\/es\/#\/schema\/logo\/image\/","url":"https:\/\/gimnasticdetarragona.cat\/wp-content\/uploads\/2022\/06\/cropped-logo-gimnastic.png","contentUrl":"https:\/\/gimnasticdetarragona.cat\/wp-content\/uploads\/2022\/06\/cropped-logo-gimnastic.png","width":224,"height":83,"caption":"GIMN\u00c0STIC DE TARRAGONA"},"image":{"@id":"https:\/\/gimnasticdetarragona.cat\/es\/#\/schema\/logo\/image\/"},"sameAs":["https:\/\/x.com\/NASTICTARRAGONA","https:\/\/www.instagram.com\/nastictarragona\/"]},{"@type":"Person","@id":"https:\/\/gimnasticdetarragona.cat\/es\/#\/schema\/person\/47b6a637abf88f9bd835540f20ea069e","name":"desarrollo","sameAs":["https:\/\/clone.gimnasticdetarragona.cat"]}]}},"_links":{"self":[{"href":"https:\/\/gimnasticdetarragona.cat\/es\/wp-json\/wp\/v2\/posts\/81186","targetHints":{"allow":["GET"]}}],"collection":[{"href":"https:\/\/gimnasticdetarragona.cat\/es\/wp-json\/wp\/v2\/posts"}],"about":[{"href":"https:\/\/gimnasticdetarragona.cat\/es\/wp-json\/wp\/v2\/types\/post"}],"author":[{"embeddable":true,"href":"https:\/\/gimnasticdetarragona.cat\/es\/wp-json\/wp\/v2\/users\/1"}],"replies":[{"embeddable":true,"href":"https:\/\/gimnasticdetarragona.cat\/es\/wp-json\/wp\/v2\/comments?post=81186"}],"version-history":[{"count":0,"href":"https:\/\/gimnasticdetarragona.cat\/es\/wp-json\/wp\/v2\/posts\/81186\/revisions"}],"wp:featuredmedia":[{"embeddable":true,"href":"https:\/\/gimnasticdetarragona.cat\/es\/wp-json\/wp\/v2\/media\/81183"}],"wp:attachment":[{"href":"https:\/\/gimnasticdetarragona.cat\/es\/wp-json\/wp\/v2\/media?parent=81186"}],"wp:term":[{"taxonomy":"category","embeddable":true,"href":"https:\/\/gimnasticdetarragona.cat\/es\/wp-json\/wp\/v2\/categories?post=81186"},{"taxonomy":"post_tag","embeddable":true,"href":"https:\/\/gimnasticdetarragona.cat\/es\/wp-json\/wp\/v2\/tags?post=81186"}],"curies":[{"name":"wp","href":"https:\/\/api.w.org\/{rel}","templated":true}]}}