{"id":81254,"date":"2019-09-21T17:03:00","date_gmt":"2019-09-21T17:03:00","guid":{"rendered":"https:\/\/clone.gimnasticdetarragona.cat\/desplazamiento-para-vivir-el-lleida-esportiu-nastic\/"},"modified":"2019-09-21T17:03:00","modified_gmt":"2019-09-21T17:03:00","slug":"desplazamiento-para-vivir-el-lleida-esportiu-nastic","status":"publish","type":"post","link":"https:\/\/gimnasticdetarragona.cat\/es\/desplazamiento-para-vivir-el-lleida-esportiu-nastic\/","title":{"rendered":"Desplazamiento para vivir el Lleida Esportiu \u2013 N\u00e0stic"},"content":{"rendered":"<p style=\"text-align: justify;\">El Gimn&agrave;stic de Tarragona organiza el tercer desplazamiento de la temporada. En el partido ante el Lleida Esportiu, todos los nastiquers socios que quieran formar parte de una nueva Marea Grana podr&aacute;n hacerlo al precio de 20&euro;, que incluye el viaje en bus y la entrada al Camp d&#8217;Esports.<\/p>\n<p style=\"text-align: justify;\">Todos los nastiquers, no socios, que quieran adquirir entradas individuales lo podr&aacute;n hacer el mismo s&aacute;bado en las taquillas del estadio del conjunto de la Terra Ferma. En las oficinas del N&agrave;stic no se dispondr&aacute; de las entradas para el partido. Mientras que para los menores de 10 a&ntilde;os, el precio del desplazamiento es de 15&euro;.<\/p>\n<p style=\"text-align: justify;\">El duelo se disputar&aacute; el s&aacute;bado 28 de septiembre, a partir de las 18.30 horas. La salida se realizar&aacute; el mismo s&aacute;bado desde la Imperial Tarraco, a las 16 h; y desde las instalaciones del Nou Estadi, a las 16.15 horas. La vuelta se efectuar&aacute; una vez finalice el partido. El d&iacute;a m&aacute;ximo para apuntarse es el viernes 27 a las 19 horas.<\/p>\n<p style=\"text-align: justify;\">Todos los socios interesados \u200b\u200ben adquirir este paquete para animar al equipo en la jornada 6 del campeonato del grupo III de Segunda Divisi&oacute;n B ya pueden pasar por las oficinas del N&agrave;stic de lunes a viernes en horario de 9 a 13.30 y de 16 a 19 horas. Adem&aacute;s de la opci&oacute;n de apuntarse ma&ntilde;ana, domingo, coincidiendo con el encuentro ante la UE Cornell&agrave;. Recordamos que las oficinas de las instalaciones del Nou Estadi estar&aacute;n abiertas a partir de las 10 horas y hasta la media parte del duelo.<\/p>\n","protected":false},"excerpt":{"rendered":"<p>Promoci\u00f3n exclusiva para socios: entrada y bus por 20\u20ac<\/p>\n","protected":false},"author":1,"featured_media":81251,"comment_status":"open","ping_status":"open","sticky":false,"template":"","format":"standard","meta":{"_acf_changed":false,"footnotes":""},"categories":[113,114,121,125,138],"tags":[],"class_list":["post-81254","post","type-post","status-publish","format-standard","has-post-thumbnail","hentry","category-actualidad","category-aficion","category-home","category-penas","category-socio"],"acf":[],"yoast_head":"<!-- This site is optimized with the Yoast SEO plugin v27.3 - https:\/\/yoast.com\/product\/yoast-seo-wordpress\/ -->\n<title>Desplazamiento para vivir el Lleida Esportiu \u2013 N\u00e0stic - Gimn\u00e0stic de Tarragona SAD<\/title>\n<meta name=\"robots\" content=\"index, follow, max-snippet:-1, max-image-preview:large, max-video-preview:-1\" \/>\n<link rel=\"canonical\" href=\"https:\/\/gimnasticdetarragona.cat\/desplacament-per-viure-el-lleida-esportiu-nastic\/\" \/>\n<meta property=\"og:locale\" content=\"es_ES\" \/>\n<meta property=\"og:type\" content=\"article\" \/>\n<meta property=\"og:title\" content=\"Desplazamiento para vivir el Lleida Esportiu \u2013 N\u00e0stic - Gimn\u00e0stic de Tarragona SAD\" \/>\n<meta property=\"og:description\" content=\"Promoci\u00f3n exclusiva para socios: entrada y bus por 20\u20ac\" \/>\n<meta property=\"og:url\" content=\"https:\/\/gimnasticdetarragona.cat\/desplacament-per-viure-el-lleida-esportiu-nastic\/\" \/>\n<meta property=\"og:site_name\" content=\"Gimn\u00e0stic de Tarragona SAD\" \/>\n<meta property=\"article:published_time\" content=\"2019-09-21T17:03:00+00:00\" \/>\n<meta property=\"og:image\" content=\"https:\/\/gimnasticdetarragona.cat\/wp-content\/uploads\/2022\/06\/2017512539783711674_9c9d4f09eb_h.jpg\" \/>\n\t<meta property=\"og:image:width\" content=\"1600\" \/>\n\t<meta property=\"og:image:height\" content=\"1067\" \/>\n\t<meta property=\"og:image:type\" content=\"image\/jpeg\" \/>\n<meta name=\"author\" content=\"desarrollo\" \/>\n<meta name=\"twitter:card\" content=\"summary_large_image\" \/>\n<meta name=\"twitter:creator\" content=\"@NASTICTARRAGONA\" \/>\n<meta name=\"twitter:site\" content=\"@NASTICTARRAGONA\" \/>\n<meta name=\"twitter:label1\" content=\"Escrito por\" \/>\n\t<meta name=\"twitter:data1\" content=\"desarrollo\" \/>\n\t<meta name=\"twitter:label2\" content=\"Tiempo de lectura\" \/>\n\t<meta name=\"twitter:data2\" content=\"1 minuto\" \/>\n<script type=\"application\/ld+json\" class=\"yoast-schema-graph\">{\"@context\":\"https:\\\/\\\/schema.org\",\"@graph\":[{\"@type\":\"Article\",\"@id\":\"https:\\\/\\\/gimnasticdetarragona.cat\\\/desplacament-per-viure-el-lleida-esportiu-nastic\\\/#article\",\"isPartOf\":{\"@id\":\"https:\\\/\\\/gimnasticdetarragona.cat\\\/desplacament-per-viure-el-lleida-esportiu-nastic\\\/\"},\"author\":{\"name\":\"desarrollo\",\"@id\":\"https:\\\/\\\/gimnasticdetarragona.cat\\\/es\\\/#\\\/schema\\\/person\\\/47b6a637abf88f9bd835540f20ea069e\"},\"headline\":\"Desplazamiento para vivir el Lleida Esportiu \u2013 N\u00e0stic\",\"datePublished\":\"2019-09-21T17:03:00+00:00\",\"mainEntityOfPage\":{\"@id\":\"https:\\\/\\\/gimnasticdetarragona.cat\\\/desplacament-per-viure-el-lleida-esportiu-nastic\\\/\"},\"wordCount\":291,\"commentCount\":0,\"publisher\":{\"@id\":\"https:\\\/\\\/gimnasticdetarragona.cat\\\/es\\\/#organization\"},\"image\":{\"@id\":\"https:\\\/\\\/gimnasticdetarragona.cat\\\/desplacament-per-viure-el-lleida-esportiu-nastic\\\/#primaryimage\"},\"thumbnailUrl\":\"https:\\\/\\\/gimnasticdetarragona.cat\\\/wp-content\\\/uploads\\\/2022\\\/06\\\/2017512539783711674_9c9d4f09eb_h.jpg\",\"articleSection\":[\"Actualidad\",\"Afici\u00f3n\",\"Home\",\"Pe\u00f1as\",\"Socio\"],\"inLanguage\":\"es\"},{\"@type\":\"WebPage\",\"@id\":\"https:\\\/\\\/gimnasticdetarragona.cat\\\/desplacament-per-viure-el-lleida-esportiu-nastic\\\/\",\"url\":\"https:\\\/\\\/gimnasticdetarragona.cat\\\/desplacament-per-viure-el-lleida-esportiu-nastic\\\/\",\"name\":\"Desplazamiento para vivir el Lleida Esportiu \u2013 N\u00e0stic - Gimn\u00e0stic de Tarragona SAD\",\"isPartOf\":{\"@id\":\"https:\\\/\\\/gimnasticdetarragona.cat\\\/es\\\/#website\"},\"primaryImageOfPage\":{\"@id\":\"https:\\\/\\\/gimnasticdetarragona.cat\\\/desplacament-per-viure-el-lleida-esportiu-nastic\\\/#primaryimage\"},\"image\":{\"@id\":\"https:\\\/\\\/gimnasticdetarragona.cat\\\/desplacament-per-viure-el-lleida-esportiu-nastic\\\/#primaryimage\"},\"thumbnailUrl\":\"https:\\\/\\\/gimnasticdetarragona.cat\\\/wp-content\\\/uploads\\\/2022\\\/06\\\/2017512539783711674_9c9d4f09eb_h.jpg\",\"datePublished\":\"2019-09-21T17:03:00+00:00\",\"breadcrumb\":{\"@id\":\"https:\\\/\\\/gimnasticdetarragona.cat\\\/desplacament-per-viure-el-lleida-esportiu-nastic\\\/#breadcrumb\"},\"inLanguage\":\"es\",\"potentialAction\":[{\"@type\":\"ReadAction\",\"target\":[\"https:\\\/\\\/gimnasticdetarragona.cat\\\/desplacament-per-viure-el-lleida-esportiu-nastic\\\/\"]}]},{\"@type\":\"ImageObject\",\"inLanguage\":\"es\",\"@id\":\"https:\\\/\\\/gimnasticdetarragona.cat\\\/desplacament-per-viure-el-lleida-esportiu-nastic\\\/#primaryimage\",\"url\":\"https:\\\/\\\/gimnasticdetarragona.cat\\\/wp-content\\\/uploads\\\/2022\\\/06\\\/2017512539783711674_9c9d4f09eb_h.jpg\",\"contentUrl\":\"https:\\\/\\\/gimnasticdetarragona.cat\\\/wp-content\\\/uploads\\\/2022\\\/06\\\/2017512539783711674_9c9d4f09eb_h.jpg\",\"width\":1600,\"height\":1067},{\"@type\":\"BreadcrumbList\",\"@id\":\"https:\\\/\\\/gimnasticdetarragona.cat\\\/desplacament-per-viure-el-lleida-esportiu-nastic\\\/#breadcrumb\",\"itemListElement\":[{\"@type\":\"ListItem\",\"position\":1,\"name\":\"Inici\",\"item\":\"https:\\\/\\\/gimnasticdetarragona.cat\\\/es\\\/nastic\\\/\"},{\"@type\":\"ListItem\",\"position\":2,\"name\":\"Desplazamiento para vivir el Lleida Esportiu \u2013 N\u00e0stic\"}]},{\"@type\":\"WebSite\",\"@id\":\"https:\\\/\\\/gimnasticdetarragona.cat\\\/es\\\/#website\",\"url\":\"https:\\\/\\\/gimnasticdetarragona.cat\\\/es\\\/\",\"name\":\"Gimn\u00e0stic de Tarragona SAD\",\"description\":\"Gimn\u00e0stic de Tarragona\",\"publisher\":{\"@id\":\"https:\\\/\\\/gimnasticdetarragona.cat\\\/es\\\/#organization\"},\"potentialAction\":[{\"@type\":\"SearchAction\",\"target\":{\"@type\":\"EntryPoint\",\"urlTemplate\":\"https:\\\/\\\/gimnasticdetarragona.cat\\\/es\\\/?s={search_term_string}\"},\"query-input\":{\"@type\":\"PropertyValueSpecification\",\"valueRequired\":true,\"valueName\":\"search_term_string\"}}],\"inLanguage\":\"es\"},{\"@type\":\"Organization\",\"@id\":\"https:\\\/\\\/gimnasticdetarragona.cat\\\/es\\\/#organization\",\"name\":\"GIMN\u00c0STIC DE TARRAGONA\",\"alternateName\":\"N\u00c0STIC\",\"url\":\"https:\\\/\\\/gimnasticdetarragona.cat\\\/es\\\/\",\"logo\":{\"@type\":\"ImageObject\",\"inLanguage\":\"es\",\"@id\":\"https:\\\/\\\/gimnasticdetarragona.cat\\\/es\\\/#\\\/schema\\\/logo\\\/image\\\/\",\"url\":\"https:\\\/\\\/gimnasticdetarragona.cat\\\/wp-content\\\/uploads\\\/2022\\\/06\\\/cropped-logo-gimnastic.png\",\"contentUrl\":\"https:\\\/\\\/gimnasticdetarragona.cat\\\/wp-content\\\/uploads\\\/2022\\\/06\\\/cropped-logo-gimnastic.png\",\"width\":224,\"height\":83,\"caption\":\"GIMN\u00c0STIC DE TARRAGONA\"},\"image\":{\"@id\":\"https:\\\/\\\/gimnasticdetarragona.cat\\\/es\\\/#\\\/schema\\\/logo\\\/image\\\/\"},\"sameAs\":[\"https:\\\/\\\/x.com\\\/NASTICTARRAGONA\",\"https:\\\/\\\/www.instagram.com\\\/nastictarragona\\\/\"]},{\"@type\":\"Person\",\"@id\":\"https:\\\/\\\/gimnasticdetarragona.cat\\\/es\\\/#\\\/schema\\\/person\\\/47b6a637abf88f9bd835540f20ea069e\",\"name\":\"desarrollo\",\"sameAs\":[\"https:\\\/\\\/clone.gimnasticdetarragona.cat\"]}]}<\/script>\n<!-- \/ Yoast SEO plugin. -->","yoast_head_json":{"title":"Desplazamiento para vivir el Lleida Esportiu \u2013 N\u00e0stic - Gimn\u00e0stic de Tarragona SAD","robots":{"index":"index","follow":"follow","max-snippet":"max-snippet:-1","max-image-preview":"max-image-preview:large","max-video-preview":"max-video-preview:-1"},"canonical":"https:\/\/gimnasticdetarragona.cat\/desplacament-per-viure-el-lleida-esportiu-nastic\/","og_locale":"es_ES","og_type":"article","og_title":"Desplazamiento para vivir el Lleida Esportiu \u2013 N\u00e0stic - Gimn\u00e0stic de Tarragona SAD","og_description":"Promoci\u00f3n exclusiva para socios: entrada y bus por 20\u20ac","og_url":"https:\/\/gimnasticdetarragona.cat\/desplacament-per-viure-el-lleida-esportiu-nastic\/","og_site_name":"Gimn\u00e0stic de Tarragona SAD","article_published_time":"2019-09-21T17:03:00+00:00","og_image":[{"width":1600,"height":1067,"url":"https:\/\/gimnasticdetarragona.cat\/wp-content\/uploads\/2022\/06\/2017512539783711674_9c9d4f09eb_h.jpg","type":"image\/jpeg"}],"author":"desarrollo","twitter_card":"summary_large_image","twitter_creator":"@NASTICTARRAGONA","twitter_site":"@NASTICTARRAGONA","twitter_misc":{"Escrito por":"desarrollo","Tiempo de lectura":"1 minuto"},"schema":{"@context":"https:\/\/schema.org","@graph":[{"@type":"Article","@id":"https:\/\/gimnasticdetarragona.cat\/desplacament-per-viure-el-lleida-esportiu-nastic\/#article","isPartOf":{"@id":"https:\/\/gimnasticdetarragona.cat\/desplacament-per-viure-el-lleida-esportiu-nastic\/"},"author":{"name":"desarrollo","@id":"https:\/\/gimnasticdetarragona.cat\/es\/#\/schema\/person\/47b6a637abf88f9bd835540f20ea069e"},"headline":"Desplazamiento para vivir el Lleida Esportiu \u2013 N\u00e0stic","datePublished":"2019-09-21T17:03:00+00:00","mainEntityOfPage":{"@id":"https:\/\/gimnasticdetarragona.cat\/desplacament-per-viure-el-lleida-esportiu-nastic\/"},"wordCount":291,"commentCount":0,"publisher":{"@id":"https:\/\/gimnasticdetarragona.cat\/es\/#organization"},"image":{"@id":"https:\/\/gimnasticdetarragona.cat\/desplacament-per-viure-el-lleida-esportiu-nastic\/#primaryimage"},"thumbnailUrl":"https:\/\/gimnasticdetarragona.cat\/wp-content\/uploads\/2022\/06\/2017512539783711674_9c9d4f09eb_h.jpg","articleSection":["Actualidad","Afici\u00f3n","Home","Pe\u00f1as","Socio"],"inLanguage":"es"},{"@type":"WebPage","@id":"https:\/\/gimnasticdetarragona.cat\/desplacament-per-viure-el-lleida-esportiu-nastic\/","url":"https:\/\/gimnasticdetarragona.cat\/desplacament-per-viure-el-lleida-esportiu-nastic\/","name":"Desplazamiento para vivir el Lleida Esportiu \u2013 N\u00e0stic - Gimn\u00e0stic de Tarragona SAD","isPartOf":{"@id":"https:\/\/gimnasticdetarragona.cat\/es\/#website"},"primaryImageOfPage":{"@id":"https:\/\/gimnasticdetarragona.cat\/desplacament-per-viure-el-lleida-esportiu-nastic\/#primaryimage"},"image":{"@id":"https:\/\/gimnasticdetarragona.cat\/desplacament-per-viure-el-lleida-esportiu-nastic\/#primaryimage"},"thumbnailUrl":"https:\/\/gimnasticdetarragona.cat\/wp-content\/uploads\/2022\/06\/2017512539783711674_9c9d4f09eb_h.jpg","datePublished":"2019-09-21T17:03:00+00:00","breadcrumb":{"@id":"https:\/\/gimnasticdetarragona.cat\/desplacament-per-viure-el-lleida-esportiu-nastic\/#breadcrumb"},"inLanguage":"es","potentialAction":[{"@type":"ReadAction","target":["https:\/\/gimnasticdetarragona.cat\/desplacament-per-viure-el-lleida-esportiu-nastic\/"]}]},{"@type":"ImageObject","inLanguage":"es","@id":"https:\/\/gimnasticdetarragona.cat\/desplacament-per-viure-el-lleida-esportiu-nastic\/#primaryimage","url":"https:\/\/gimnasticdetarragona.cat\/wp-content\/uploads\/2022\/06\/2017512539783711674_9c9d4f09eb_h.jpg","contentUrl":"https:\/\/gimnasticdetarragona.cat\/wp-content\/uploads\/2022\/06\/2017512539783711674_9c9d4f09eb_h.jpg","width":1600,"height":1067},{"@type":"BreadcrumbList","@id":"https:\/\/gimnasticdetarragona.cat\/desplacament-per-viure-el-lleida-esportiu-nastic\/#breadcrumb","itemListElement":[{"@type":"ListItem","position":1,"name":"Inici","item":"https:\/\/gimnasticdetarragona.cat\/es\/nastic\/"},{"@type":"ListItem","position":2,"name":"Desplazamiento para vivir el Lleida Esportiu \u2013 N\u00e0stic"}]},{"@type":"WebSite","@id":"https:\/\/gimnasticdetarragona.cat\/es\/#website","url":"https:\/\/gimnasticdetarragona.cat\/es\/","name":"Gimn\u00e0stic de Tarragona SAD","description":"Gimn\u00e0stic de Tarragona","publisher":{"@id":"https:\/\/gimnasticdetarragona.cat\/es\/#organization"},"potentialAction":[{"@type":"SearchAction","target":{"@type":"EntryPoint","urlTemplate":"https:\/\/gimnasticdetarragona.cat\/es\/?s={search_term_string}"},"query-input":{"@type":"PropertyValueSpecification","valueRequired":true,"valueName":"search_term_string"}}],"inLanguage":"es"},{"@type":"Organization","@id":"https:\/\/gimnasticdetarragona.cat\/es\/#organization","name":"GIMN\u00c0STIC DE TARRAGONA","alternateName":"N\u00c0STIC","url":"https:\/\/gimnasticdetarragona.cat\/es\/","logo":{"@type":"ImageObject","inLanguage":"es","@id":"https:\/\/gimnasticdetarragona.cat\/es\/#\/schema\/logo\/image\/","url":"https:\/\/gimnasticdetarragona.cat\/wp-content\/uploads\/2022\/06\/cropped-logo-gimnastic.png","contentUrl":"https:\/\/gimnasticdetarragona.cat\/wp-content\/uploads\/2022\/06\/cropped-logo-gimnastic.png","width":224,"height":83,"caption":"GIMN\u00c0STIC DE TARRAGONA"},"image":{"@id":"https:\/\/gimnasticdetarragona.cat\/es\/#\/schema\/logo\/image\/"},"sameAs":["https:\/\/x.com\/NASTICTARRAGONA","https:\/\/www.instagram.com\/nastictarragona\/"]},{"@type":"Person","@id":"https:\/\/gimnasticdetarragona.cat\/es\/#\/schema\/person\/47b6a637abf88f9bd835540f20ea069e","name":"desarrollo","sameAs":["https:\/\/clone.gimnasticdetarragona.cat"]}]}},"_links":{"self":[{"href":"https:\/\/gimnasticdetarragona.cat\/es\/wp-json\/wp\/v2\/posts\/81254","targetHints":{"allow":["GET"]}}],"collection":[{"href":"https:\/\/gimnasticdetarragona.cat\/es\/wp-json\/wp\/v2\/posts"}],"about":[{"href":"https:\/\/gimnasticdetarragona.cat\/es\/wp-json\/wp\/v2\/types\/post"}],"author":[{"embeddable":true,"href":"https:\/\/gimnasticdetarragona.cat\/es\/wp-json\/wp\/v2\/users\/1"}],"replies":[{"embeddable":true,"href":"https:\/\/gimnasticdetarragona.cat\/es\/wp-json\/wp\/v2\/comments?post=81254"}],"version-history":[{"count":0,"href":"https:\/\/gimnasticdetarragona.cat\/es\/wp-json\/wp\/v2\/posts\/81254\/revisions"}],"wp:featuredmedia":[{"embeddable":true,"href":"https:\/\/gimnasticdetarragona.cat\/es\/wp-json\/wp\/v2\/media\/81251"}],"wp:attachment":[{"href":"https:\/\/gimnasticdetarragona.cat\/es\/wp-json\/wp\/v2\/media?parent=81254"}],"wp:term":[{"taxonomy":"category","embeddable":true,"href":"https:\/\/gimnasticdetarragona.cat\/es\/wp-json\/wp\/v2\/categories?post=81254"},{"taxonomy":"post_tag","embeddable":true,"href":"https:\/\/gimnasticdetarragona.cat\/es\/wp-json\/wp\/v2\/tags?post=81254"}],"curies":[{"name":"wp","href":"https:\/\/api.w.org\/{rel}","templated":true}]}}