{"id":81262,"date":"2019-09-22T18:43:00","date_gmt":"2019-09-22T18:43:00","guid":{"rendered":"https:\/\/clone.gimnasticdetarragona.cat\/nastic-2-2-ue-cornella\/"},"modified":"2019-09-22T18:43:00","modified_gmt":"2019-09-22T18:43:00","slug":"nastic-2-2-ue-cornella","status":"publish","type":"post","link":"https:\/\/gimnasticdetarragona.cat\/es\/nastic-2-2-ue-cornella\/","title":{"rendered":"N\u00e0stic 2 &#8211; 2 UE Cornell\u00e0"},"content":{"rendered":"<p style=\"text-align: justify;\">Los hombres de Xavi Bartolo afrontaban una nueva prueba en el Nou Estadi en busca de los tres primeros puntos como local y para certificar la din&aacute;mica positiva del equipo tras la victoria de hace una semana ante el CD Ebro.<\/p>\n<p style=\"text-align: justify;\">Desde el inicio del enfrentamiento se ha visto un N&agrave;stic situado sobre el terreno de juego y en clara vocaci&oacute;n ofensiva. Dominadores y en campo contrario en busca del primer gol para brindar a una afici&oacute;n de Fiesta Mayor por Santa Tecla. A pesar de las buenas sensaciones iniciales, la UE Cornell&agrave; ha inaugurado el marcador tras una jugada prolongada en el interior del &aacute;rea grana y culminada por el delantero Pablo Fern&aacute;ndez en el minuto 6. Este gol ha hecho que el N&agrave;stic a&uacute;n acelerara m&aacute;s el ritmo del juego y en los dos minutos consecutivos ha buscado el empate con Brugui y Pedro Mart&iacute;n, qued&aacute;ndose a pocos cent&iacute;metros del gol. El mismo delantero malague&ntilde;o lo ha vuelto a intentar antes de la media hora de juego, perdi&eacute;ndose el bal&oacute;n por muy poco. El N&agrave;stic llegaba en jugadas de estrategia y tambi&eacute;n en centros desde la banda. De hecho, entre el minuto 31 y 36, los jugadores han disfrutado de hasta cuatro ocasiones de gol; la m&aacute;s clara de todas lleg&oacute; desde las botas de Petcoff, cuando ha intentado el gol ol&iacute;mpico y se ha topado con el larguero. Y ya en la recta final del primer tiempo, el &aacute;rbitro decret&oacute; penalti favorable a los visitantes, que ha transformado Abed en el minuto 41. Resultado duro por los m&eacute;ritos de unos y otros, que el N&agrave;stic ha sabido rehacer r&aacute;pidamente mediante Albarr&aacute;n. El lateral ha conectado de primeras un remate al segundo palo a centro de Pol Ballesteros, que reduc&iacute;a las diferencias en el marcador. Y dentro del tiempo a&ntilde;adido, nuevo travesa&ntilde;o grana y el rechazo que ha encontrado Viti, a punto de acabar con gol. El meta Ram&oacute;n ha mostrado unos buenos reflejos para evitar la igualada. Con el resultado de 1-2 se lleg&oacute; al descanso.<\/p>\n<p style=\"text-align: justify;\">En la reanudaci&oacute;n, primer cambio grana. Viti ha quedado en el vestuario para dar entrada a Jorge Carre&oacute;n. La primera ocasi&oacute;n de la reanudaci&oacute;n tambi&eacute;n ha sido por los tarraconenses. Pol Ballesteros lo ha intentado desde la frontal del &aacute;rea y el meta visitante ha atrapado en dos tiempos. Ha sido en el 48&#8242;, y un minuto despu&eacute;s, ha intervenido Bernab&eacute; y la defensa grana para evitar un nuevo gol visitante. El ecuador del segundo tiempo ha sido escaso con ocasiones y el juego sufr&iacute;a continuas interrupciones. En el minuto 70 ha sido nuevamente el meta grana quien respondi&oacute; al remate de Eloy Gila. Y cuando parec&iacute;a que el gol del N&agrave;stic estaba m&aacute;s lejos, una jugada de estrategia la materializado a la perfecci&oacute;n Bruno Perone para volver a marcar con la camiseta del Gimn&agrave;stic de Tarragona. Ya en los &uacute;ltimos minutos, hasta tres ocasiones habr&iacute;an podido hacer que los tres puntos se quedaran en Tarragona. Dos llegadas de Goldar y, la m&aacute;s clara, de Pedro Mart&iacute;n. El delantero centro ha superado h&aacute;bilmente al portero y cuando el bal&oacute;n iba hacia la red, la defensa del Cornell&agrave; ha rechazado. Finalmente empate a dos goles y segundo empate grana en lo que llevamos disputado de curso deportivo.<\/p>\n<p style=\"text-align: justify;\">El N&agrave;stic buscar&aacute; la segunda victoria consecutiva a domicilio en el enfrentamiento de la jornada 6 ante el Lleida Esportiu, duelo que se disputar&aacute; el s&aacute;bado 28 de septiembre, a partir de las 18.30 horas, en el Camp d&#8217;Esports.<\/p>\n<p style=\"text-align: justify;\"><strong>Alineaciones<\/strong><strong><br \/><\/strong>N&agrave;stic: Bernab&eacute;, Bonilla, Goldar, Viti (J. Carre&oacute;n, 46&rsquo;), J. Rodr&iacute;guez, D. Petcoff, R. Brugu&eacute; (Habran Jr, 73&rsquo;), Perone, Pedro, Pol B y Albarr&aacute;n (J. Pereira, 79&rsquo;).<\/p>\n<p style=\"text-align: justify;\">UE Cornell&agrave;: Ram&oacute;n, Oscar Prats, Baro, Javi Jim&eacute;nez, Eloy Gila, Fer Pina, Mario Robles, Nana, Pablo Fern&aacute;ndez (Becerra, 61&rsquo;), Abde (Guzm&aacute;n, 72&rsquo;) y Lobato (Fall, 83&rsquo;).<\/p>\n<p style=\"text-align: justify;\"><strong>Goles<\/strong><strong><br \/><\/strong>0-1, Pablo Fern&aacute;ndez (6&#8242;); 0-2, Abde (41&#8242;, p); 1-2, Albarr&aacute;n (43&rsquo;); 2-2, Perone (80&rsquo;)<\/p>\n<p style=\"text-align: justify;\"><strong>Observaciones<\/strong><strong><br \/><\/strong>Partido de la jornada 5 del grup III de la Segunda Divisi&oacute;n B disputado en el Nou Estadi. 3532 espectadores. Partido arbitrado por Carlos Alberto Carbonell (Colegio valenciano).<\/p>\n","protected":false},"excerpt":{"rendered":"<p>Los grana siguen sumando<\/p>\n","protected":false},"author":1,"featured_media":81259,"comment_status":"open","ping_status":"open","sticky":false,"template":"","format":"standard","meta":{"_acf_changed":false,"footnotes":""},"categories":[113,126],"tags":[],"class_list":["post-81262","post","type-post","status-publish","format-standard","has-post-thumbnail","hentry","category-actualidad","category-primer-equipo"],"acf":[],"yoast_head":"<!-- This site is optimized with the Yoast SEO plugin v27.3 - https:\/\/yoast.com\/product\/yoast-seo-wordpress\/ -->\n<title>N\u00e0stic 2 - 2 UE Cornell\u00e0 - Gimn\u00e0stic de Tarragona SAD<\/title>\n<meta name=\"robots\" content=\"index, follow, max-snippet:-1, max-image-preview:large, max-video-preview:-1\" \/>\n<link rel=\"canonical\" href=\"https:\/\/gimnasticdetarragona.cat\/es\/nastic-2-2-ue-cornella\/\" \/>\n<meta property=\"og:locale\" content=\"es_ES\" \/>\n<meta property=\"og:type\" content=\"article\" \/>\n<meta property=\"og:title\" content=\"N\u00e0stic 2 - 2 UE Cornell\u00e0 - Gimn\u00e0stic de Tarragona SAD\" \/>\n<meta property=\"og:description\" content=\"Los grana siguen sumando\" \/>\n<meta property=\"og:url\" content=\"https:\/\/gimnasticdetarragona.cat\/es\/nastic-2-2-ue-cornella\/\" \/>\n<meta property=\"og:site_name\" content=\"Gimn\u00e0stic de Tarragona SAD\" \/>\n<meta property=\"article:published_time\" content=\"2019-09-22T18:43:00+00:00\" \/>\n<meta property=\"og:image\" content=\"https:\/\/gimnasticdetarragona.cat\/wp-content\/uploads\/2022\/06\/2218512748775436432_ddb59677ea_b.jpg\" \/>\n\t<meta property=\"og:image:width\" content=\"1024\" \/>\n\t<meta property=\"og:image:height\" content=\"683\" \/>\n\t<meta property=\"og:image:type\" content=\"image\/jpeg\" \/>\n<meta name=\"author\" content=\"desarrollo\" \/>\n<meta name=\"twitter:card\" content=\"summary_large_image\" \/>\n<meta name=\"twitter:creator\" content=\"@NASTICTARRAGONA\" \/>\n<meta name=\"twitter:site\" content=\"@NASTICTARRAGONA\" \/>\n<meta name=\"twitter:label1\" content=\"Escrito por\" \/>\n\t<meta name=\"twitter:data1\" content=\"desarrollo\" \/>\n\t<meta name=\"twitter:label2\" content=\"Tiempo de lectura\" \/>\n\t<meta name=\"twitter:data2\" content=\"4 minutos\" \/>\n<script type=\"application\/ld+json\" class=\"yoast-schema-graph\">{\"@context\":\"https:\\\/\\\/schema.org\",\"@graph\":[{\"@type\":\"Article\",\"@id\":\"https:\\\/\\\/gimnasticdetarragona.cat\\\/es\\\/nastic-2-2-ue-cornella\\\/#article\",\"isPartOf\":{\"@id\":\"https:\\\/\\\/gimnasticdetarragona.cat\\\/es\\\/nastic-2-2-ue-cornella\\\/\"},\"author\":{\"name\":\"desarrollo\",\"@id\":\"https:\\\/\\\/gimnasticdetarragona.cat\\\/es\\\/#\\\/schema\\\/person\\\/47b6a637abf88f9bd835540f20ea069e\"},\"headline\":\"N\u00e0stic 2 &#8211; 2 UE Cornell\u00e0\",\"datePublished\":\"2019-09-22T18:43:00+00:00\",\"mainEntityOfPage\":{\"@id\":\"https:\\\/\\\/gimnasticdetarragona.cat\\\/es\\\/nastic-2-2-ue-cornella\\\/\"},\"wordCount\":802,\"commentCount\":0,\"publisher\":{\"@id\":\"https:\\\/\\\/gimnasticdetarragona.cat\\\/es\\\/#organization\"},\"image\":{\"@id\":\"https:\\\/\\\/gimnasticdetarragona.cat\\\/es\\\/nastic-2-2-ue-cornella\\\/#primaryimage\"},\"thumbnailUrl\":\"https:\\\/\\\/gimnasticdetarragona.cat\\\/wp-content\\\/uploads\\\/2022\\\/06\\\/2218512748775436432_ddb59677ea_b.jpg\",\"articleSection\":[\"Actualidad\",\"Primer Equipo\"],\"inLanguage\":\"es\"},{\"@type\":\"WebPage\",\"@id\":\"https:\\\/\\\/gimnasticdetarragona.cat\\\/es\\\/nastic-2-2-ue-cornella\\\/\",\"url\":\"https:\\\/\\\/gimnasticdetarragona.cat\\\/es\\\/nastic-2-2-ue-cornella\\\/\",\"name\":\"N\u00e0stic 2 - 2 UE Cornell\u00e0 - Gimn\u00e0stic de Tarragona SAD\",\"isPartOf\":{\"@id\":\"https:\\\/\\\/gimnasticdetarragona.cat\\\/es\\\/#website\"},\"primaryImageOfPage\":{\"@id\":\"https:\\\/\\\/gimnasticdetarragona.cat\\\/es\\\/nastic-2-2-ue-cornella\\\/#primaryimage\"},\"image\":{\"@id\":\"https:\\\/\\\/gimnasticdetarragona.cat\\\/es\\\/nastic-2-2-ue-cornella\\\/#primaryimage\"},\"thumbnailUrl\":\"https:\\\/\\\/gimnasticdetarragona.cat\\\/wp-content\\\/uploads\\\/2022\\\/06\\\/2218512748775436432_ddb59677ea_b.jpg\",\"datePublished\":\"2019-09-22T18:43:00+00:00\",\"breadcrumb\":{\"@id\":\"https:\\\/\\\/gimnasticdetarragona.cat\\\/es\\\/nastic-2-2-ue-cornella\\\/#breadcrumb\"},\"inLanguage\":\"es\",\"potentialAction\":[{\"@type\":\"ReadAction\",\"target\":[\"https:\\\/\\\/gimnasticdetarragona.cat\\\/es\\\/nastic-2-2-ue-cornella\\\/\"]}]},{\"@type\":\"ImageObject\",\"inLanguage\":\"es\",\"@id\":\"https:\\\/\\\/gimnasticdetarragona.cat\\\/es\\\/nastic-2-2-ue-cornella\\\/#primaryimage\",\"url\":\"https:\\\/\\\/gimnasticdetarragona.cat\\\/wp-content\\\/uploads\\\/2022\\\/06\\\/2218512748775436432_ddb59677ea_b.jpg\",\"contentUrl\":\"https:\\\/\\\/gimnasticdetarragona.cat\\\/wp-content\\\/uploads\\\/2022\\\/06\\\/2218512748775436432_ddb59677ea_b.jpg\",\"width\":1024,\"height\":683},{\"@type\":\"BreadcrumbList\",\"@id\":\"https:\\\/\\\/gimnasticdetarragona.cat\\\/es\\\/nastic-2-2-ue-cornella\\\/#breadcrumb\",\"itemListElement\":[{\"@type\":\"ListItem\",\"position\":1,\"name\":\"Inici\",\"item\":\"https:\\\/\\\/gimnasticdetarragona.cat\\\/es\\\/nastic\\\/\"},{\"@type\":\"ListItem\",\"position\":2,\"name\":\"N\u00e0stic 2 &#8211; 2 UE Cornell\u00e0\"}]},{\"@type\":\"WebSite\",\"@id\":\"https:\\\/\\\/gimnasticdetarragona.cat\\\/es\\\/#website\",\"url\":\"https:\\\/\\\/gimnasticdetarragona.cat\\\/es\\\/\",\"name\":\"Gimn\u00e0stic de Tarragona SAD\",\"description\":\"Gimn\u00e0stic de Tarragona\",\"publisher\":{\"@id\":\"https:\\\/\\\/gimnasticdetarragona.cat\\\/es\\\/#organization\"},\"potentialAction\":[{\"@type\":\"SearchAction\",\"target\":{\"@type\":\"EntryPoint\",\"urlTemplate\":\"https:\\\/\\\/gimnasticdetarragona.cat\\\/es\\\/?s={search_term_string}\"},\"query-input\":{\"@type\":\"PropertyValueSpecification\",\"valueRequired\":true,\"valueName\":\"search_term_string\"}}],\"inLanguage\":\"es\"},{\"@type\":\"Organization\",\"@id\":\"https:\\\/\\\/gimnasticdetarragona.cat\\\/es\\\/#organization\",\"name\":\"GIMN\u00c0STIC DE TARRAGONA\",\"alternateName\":\"N\u00c0STIC\",\"url\":\"https:\\\/\\\/gimnasticdetarragona.cat\\\/es\\\/\",\"logo\":{\"@type\":\"ImageObject\",\"inLanguage\":\"es\",\"@id\":\"https:\\\/\\\/gimnasticdetarragona.cat\\\/es\\\/#\\\/schema\\\/logo\\\/image\\\/\",\"url\":\"https:\\\/\\\/gimnasticdetarragona.cat\\\/wp-content\\\/uploads\\\/2022\\\/06\\\/cropped-logo-gimnastic.png\",\"contentUrl\":\"https:\\\/\\\/gimnasticdetarragona.cat\\\/wp-content\\\/uploads\\\/2022\\\/06\\\/cropped-logo-gimnastic.png\",\"width\":224,\"height\":83,\"caption\":\"GIMN\u00c0STIC DE TARRAGONA\"},\"image\":{\"@id\":\"https:\\\/\\\/gimnasticdetarragona.cat\\\/es\\\/#\\\/schema\\\/logo\\\/image\\\/\"},\"sameAs\":[\"https:\\\/\\\/x.com\\\/NASTICTARRAGONA\",\"https:\\\/\\\/www.instagram.com\\\/nastictarragona\\\/\"]},{\"@type\":\"Person\",\"@id\":\"https:\\\/\\\/gimnasticdetarragona.cat\\\/es\\\/#\\\/schema\\\/person\\\/47b6a637abf88f9bd835540f20ea069e\",\"name\":\"desarrollo\",\"sameAs\":[\"https:\\\/\\\/clone.gimnasticdetarragona.cat\"]}]}<\/script>\n<!-- \/ Yoast SEO plugin. -->","yoast_head_json":{"title":"N\u00e0stic 2 - 2 UE Cornell\u00e0 - Gimn\u00e0stic de Tarragona SAD","robots":{"index":"index","follow":"follow","max-snippet":"max-snippet:-1","max-image-preview":"max-image-preview:large","max-video-preview":"max-video-preview:-1"},"canonical":"https:\/\/gimnasticdetarragona.cat\/es\/nastic-2-2-ue-cornella\/","og_locale":"es_ES","og_type":"article","og_title":"N\u00e0stic 2 - 2 UE Cornell\u00e0 - Gimn\u00e0stic de Tarragona SAD","og_description":"Los grana siguen sumando","og_url":"https:\/\/gimnasticdetarragona.cat\/es\/nastic-2-2-ue-cornella\/","og_site_name":"Gimn\u00e0stic de Tarragona SAD","article_published_time":"2019-09-22T18:43:00+00:00","og_image":[{"width":1024,"height":683,"url":"https:\/\/gimnasticdetarragona.cat\/wp-content\/uploads\/2022\/06\/2218512748775436432_ddb59677ea_b.jpg","type":"image\/jpeg"}],"author":"desarrollo","twitter_card":"summary_large_image","twitter_creator":"@NASTICTARRAGONA","twitter_site":"@NASTICTARRAGONA","twitter_misc":{"Escrito por":"desarrollo","Tiempo de lectura":"4 minutos"},"schema":{"@context":"https:\/\/schema.org","@graph":[{"@type":"Article","@id":"https:\/\/gimnasticdetarragona.cat\/es\/nastic-2-2-ue-cornella\/#article","isPartOf":{"@id":"https:\/\/gimnasticdetarragona.cat\/es\/nastic-2-2-ue-cornella\/"},"author":{"name":"desarrollo","@id":"https:\/\/gimnasticdetarragona.cat\/es\/#\/schema\/person\/47b6a637abf88f9bd835540f20ea069e"},"headline":"N\u00e0stic 2 &#8211; 2 UE Cornell\u00e0","datePublished":"2019-09-22T18:43:00+00:00","mainEntityOfPage":{"@id":"https:\/\/gimnasticdetarragona.cat\/es\/nastic-2-2-ue-cornella\/"},"wordCount":802,"commentCount":0,"publisher":{"@id":"https:\/\/gimnasticdetarragona.cat\/es\/#organization"},"image":{"@id":"https:\/\/gimnasticdetarragona.cat\/es\/nastic-2-2-ue-cornella\/#primaryimage"},"thumbnailUrl":"https:\/\/gimnasticdetarragona.cat\/wp-content\/uploads\/2022\/06\/2218512748775436432_ddb59677ea_b.jpg","articleSection":["Actualidad","Primer Equipo"],"inLanguage":"es"},{"@type":"WebPage","@id":"https:\/\/gimnasticdetarragona.cat\/es\/nastic-2-2-ue-cornella\/","url":"https:\/\/gimnasticdetarragona.cat\/es\/nastic-2-2-ue-cornella\/","name":"N\u00e0stic 2 - 2 UE Cornell\u00e0 - Gimn\u00e0stic de Tarragona SAD","isPartOf":{"@id":"https:\/\/gimnasticdetarragona.cat\/es\/#website"},"primaryImageOfPage":{"@id":"https:\/\/gimnasticdetarragona.cat\/es\/nastic-2-2-ue-cornella\/#primaryimage"},"image":{"@id":"https:\/\/gimnasticdetarragona.cat\/es\/nastic-2-2-ue-cornella\/#primaryimage"},"thumbnailUrl":"https:\/\/gimnasticdetarragona.cat\/wp-content\/uploads\/2022\/06\/2218512748775436432_ddb59677ea_b.jpg","datePublished":"2019-09-22T18:43:00+00:00","breadcrumb":{"@id":"https:\/\/gimnasticdetarragona.cat\/es\/nastic-2-2-ue-cornella\/#breadcrumb"},"inLanguage":"es","potentialAction":[{"@type":"ReadAction","target":["https:\/\/gimnasticdetarragona.cat\/es\/nastic-2-2-ue-cornella\/"]}]},{"@type":"ImageObject","inLanguage":"es","@id":"https:\/\/gimnasticdetarragona.cat\/es\/nastic-2-2-ue-cornella\/#primaryimage","url":"https:\/\/gimnasticdetarragona.cat\/wp-content\/uploads\/2022\/06\/2218512748775436432_ddb59677ea_b.jpg","contentUrl":"https:\/\/gimnasticdetarragona.cat\/wp-content\/uploads\/2022\/06\/2218512748775436432_ddb59677ea_b.jpg","width":1024,"height":683},{"@type":"BreadcrumbList","@id":"https:\/\/gimnasticdetarragona.cat\/es\/nastic-2-2-ue-cornella\/#breadcrumb","itemListElement":[{"@type":"ListItem","position":1,"name":"Inici","item":"https:\/\/gimnasticdetarragona.cat\/es\/nastic\/"},{"@type":"ListItem","position":2,"name":"N\u00e0stic 2 &#8211; 2 UE Cornell\u00e0"}]},{"@type":"WebSite","@id":"https:\/\/gimnasticdetarragona.cat\/es\/#website","url":"https:\/\/gimnasticdetarragona.cat\/es\/","name":"Gimn\u00e0stic de Tarragona SAD","description":"Gimn\u00e0stic de Tarragona","publisher":{"@id":"https:\/\/gimnasticdetarragona.cat\/es\/#organization"},"potentialAction":[{"@type":"SearchAction","target":{"@type":"EntryPoint","urlTemplate":"https:\/\/gimnasticdetarragona.cat\/es\/?s={search_term_string}"},"query-input":{"@type":"PropertyValueSpecification","valueRequired":true,"valueName":"search_term_string"}}],"inLanguage":"es"},{"@type":"Organization","@id":"https:\/\/gimnasticdetarragona.cat\/es\/#organization","name":"GIMN\u00c0STIC DE TARRAGONA","alternateName":"N\u00c0STIC","url":"https:\/\/gimnasticdetarragona.cat\/es\/","logo":{"@type":"ImageObject","inLanguage":"es","@id":"https:\/\/gimnasticdetarragona.cat\/es\/#\/schema\/logo\/image\/","url":"https:\/\/gimnasticdetarragona.cat\/wp-content\/uploads\/2022\/06\/cropped-logo-gimnastic.png","contentUrl":"https:\/\/gimnasticdetarragona.cat\/wp-content\/uploads\/2022\/06\/cropped-logo-gimnastic.png","width":224,"height":83,"caption":"GIMN\u00c0STIC DE TARRAGONA"},"image":{"@id":"https:\/\/gimnasticdetarragona.cat\/es\/#\/schema\/logo\/image\/"},"sameAs":["https:\/\/x.com\/NASTICTARRAGONA","https:\/\/www.instagram.com\/nastictarragona\/"]},{"@type":"Person","@id":"https:\/\/gimnasticdetarragona.cat\/es\/#\/schema\/person\/47b6a637abf88f9bd835540f20ea069e","name":"desarrollo","sameAs":["https:\/\/clone.gimnasticdetarragona.cat"]}]}},"_links":{"self":[{"href":"https:\/\/gimnasticdetarragona.cat\/es\/wp-json\/wp\/v2\/posts\/81262","targetHints":{"allow":["GET"]}}],"collection":[{"href":"https:\/\/gimnasticdetarragona.cat\/es\/wp-json\/wp\/v2\/posts"}],"about":[{"href":"https:\/\/gimnasticdetarragona.cat\/es\/wp-json\/wp\/v2\/types\/post"}],"author":[{"embeddable":true,"href":"https:\/\/gimnasticdetarragona.cat\/es\/wp-json\/wp\/v2\/users\/1"}],"replies":[{"embeddable":true,"href":"https:\/\/gimnasticdetarragona.cat\/es\/wp-json\/wp\/v2\/comments?post=81262"}],"version-history":[{"count":0,"href":"https:\/\/gimnasticdetarragona.cat\/es\/wp-json\/wp\/v2\/posts\/81262\/revisions"}],"wp:featuredmedia":[{"embeddable":true,"href":"https:\/\/gimnasticdetarragona.cat\/es\/wp-json\/wp\/v2\/media\/81259"}],"wp:attachment":[{"href":"https:\/\/gimnasticdetarragona.cat\/es\/wp-json\/wp\/v2\/media?parent=81262"}],"wp:term":[{"taxonomy":"category","embeddable":true,"href":"https:\/\/gimnasticdetarragona.cat\/es\/wp-json\/wp\/v2\/categories?post=81262"},{"taxonomy":"post_tag","embeddable":true,"href":"https:\/\/gimnasticdetarragona.cat\/es\/wp-json\/wp\/v2\/tags?post=81262"}],"curies":[{"name":"wp","href":"https:\/\/api.w.org\/{rel}","templated":true}]}}