{"id":81302,"date":"2019-09-30T18:08:00","date_gmt":"2019-09-30T18:08:00","guid":{"rendered":"https:\/\/clone.gimnasticdetarragona.cat\/resultados-del-planter-grana-1\/"},"modified":"2019-09-30T18:08:00","modified_gmt":"2019-09-30T18:08:00","slug":"resultados-del-planter-grana-1","status":"publish","type":"post","link":"https:\/\/gimnasticdetarragona.cat\/es\/resultados-del-planter-grana-1\/","title":{"rendered":"Resultados del Planter Grana"},"content":{"rendered":"<p style=\"text-align: justify;\"><strong><u>BENJAM&Iacute;N<\/u><\/strong><strong><u><br \/><\/u><\/strong><strong>CF La Riera 0 &#8211; 7&nbsp; Benjam&iacute; A<\/strong><br \/><span>Domingo 29-09-2019 a las 12:00h<\/span>, Municipal de La Riera de Gai&agrave;<\/p>\n<p style=\"text-align: justify;\"><strong><u>ALEV&Iacute;N<\/u><\/strong><strong><u>&nbsp;<br \/><\/u><\/strong><strong>Alev&iacute; A&nbsp;<\/strong><strong>&#8211;<\/strong>&nbsp;Base Marc Bartra CF (suspendido)<br \/>S&aacute;bado 28-09-2019 a las 11:15h, Inst. Gimn&agrave;stic de Tarragona<\/p>\n<p style=\"text-align: justify;\"><strong><u>INFANTILES<\/u><\/strong><strong><u><br \/><\/u><\/strong><strong>Infantil B 1 &#8211; <\/strong><strong>2<\/strong>&nbsp; <strong>Cambrils Uni&oacute;<\/strong><br \/>S&aacute;bado 28-09-2019 a las 13:30h, Municipal de La Pobla de Mafumet&nbsp;<\/p>\n<p style=\"text-align: justify;\"><strong>At. Segre &nbsp;1 &#8211; 4&nbsp; Infantil A<\/strong> <br \/>Domingo 29-09-2019 a las 12:30h, Municipal Ramon Farr&uacute;s&nbsp;<\/p>\n<p style=\"text-align: justify;\"><strong><u>CADETES<\/u><\/strong><strong><br \/>Cadet B&nbsp; 2 &#8211; 0 &nbsp;UE Rapitenca B&nbsp; <br \/><\/strong>Domingo 29-09-2019 a las 17:00h, Inst. Gimn&agrave;stic de Tarragona<\/p>\n<p style=\"text-align: justify;\"><strong>RCD Espanyol 3 &#8211; 0 Cadet A&nbsp; <\/strong><strong><br \/><\/strong>S&aacute;bado 28-09-2019 a las 15:30h, Ciutat Esportiva Dani Jarque (artificial)<\/p>\n<p style=\"text-align: justify;\"><strong><u>JUVENILES<\/u><\/strong><strong><u><br \/><\/u><\/strong><strong>Juvenil B&nbsp;<\/strong><strong>5 &#8211; 0<\/strong>&nbsp;<strong>Vilaseca CF<br \/><\/strong>S&aacute;bado 28-09-2019 a las 16:00h, Inst. Gimn&agrave;stic de Tarragona<\/p>\n<p style=\"text-align: justify;\"><strong>SD Huesca &nbsp;0 &#8211; 2 Juvenil A&nbsp;<\/strong><br \/>S&aacute;bado 28-09-2019 a las 15:15h, Complex Esportiu San Jorge<\/p>\n<p style=\"text-align: justify;\">&nbsp;<\/p>\n","protected":false},"excerpt":{"rendered":"<p>5 victorias de los m\u00e1s j\u00f3venes<\/p>\n","protected":false},"author":1,"featured_media":81299,"comment_status":"open","ping_status":"open","sticky":false,"template":"","format":"standard","meta":{"_acf_changed":false,"footnotes":""},"categories":[113,117,121],"tags":[],"class_list":["post-81302","post","type-post","status-publish","format-standard","has-post-thumbnail","hentry","category-actualidad","category-futbol-base","category-home"],"acf":[],"yoast_head":"<!-- This site is optimized with the Yoast SEO plugin v27.3 - https:\/\/yoast.com\/product\/yoast-seo-wordpress\/ -->\n<title>Resultados del Planter Grana - Gimn\u00e0stic de Tarragona SAD<\/title>\n<meta name=\"robots\" content=\"index, follow, max-snippet:-1, max-image-preview:large, max-video-preview:-1\" \/>\n<link rel=\"canonical\" href=\"https:\/\/gimnasticdetarragona.cat\/resultats-del-planter-grana-1\/\" \/>\n<meta property=\"og:locale\" content=\"es_ES\" \/>\n<meta property=\"og:type\" content=\"article\" \/>\n<meta property=\"og:title\" content=\"Resultados del Planter Grana - Gimn\u00e0stic de Tarragona SAD\" \/>\n<meta property=\"og:description\" content=\"5 victorias de los m\u00e1s j\u00f3venes\" \/>\n<meta property=\"og:url\" content=\"https:\/\/gimnasticdetarragona.cat\/resultats-del-planter-grana-1\/\" \/>\n<meta property=\"og:site_name\" content=\"Gimn\u00e0stic de Tarragona SAD\" \/>\n<meta property=\"article:published_time\" content=\"2019-09-30T18:08:00+00:00\" \/>\n<meta property=\"og:image\" content=\"https:\/\/gimnasticdetarragona.cat\/wp-content\/uploads\/2022\/06\/30180851whatsapp-image-2019-09-09-at-17.55.47.jpeg\" \/>\n\t<meta property=\"og:image:width\" content=\"1600\" \/>\n\t<meta property=\"og:image:height\" content=\"1066\" \/>\n\t<meta property=\"og:image:type\" content=\"image\/jpeg\" \/>\n<meta name=\"author\" content=\"desarrollo\" \/>\n<meta name=\"twitter:card\" content=\"summary_large_image\" \/>\n<meta name=\"twitter:creator\" content=\"@NASTICTARRAGONA\" \/>\n<meta name=\"twitter:site\" content=\"@NASTICTARRAGONA\" \/>\n<meta name=\"twitter:label1\" content=\"Escrito por\" \/>\n\t<meta name=\"twitter:data1\" content=\"desarrollo\" \/>\n\t<meta name=\"twitter:label2\" content=\"Tiempo de lectura\" \/>\n\t<meta name=\"twitter:data2\" content=\"1 minuto\" \/>\n<script type=\"application\/ld+json\" class=\"yoast-schema-graph\">{\"@context\":\"https:\\\/\\\/schema.org\",\"@graph\":[{\"@type\":\"Article\",\"@id\":\"https:\\\/\\\/gimnasticdetarragona.cat\\\/resultats-del-planter-grana-1\\\/#article\",\"isPartOf\":{\"@id\":\"https:\\\/\\\/gimnasticdetarragona.cat\\\/resultats-del-planter-grana-1\\\/\"},\"author\":{\"name\":\"desarrollo\",\"@id\":\"https:\\\/\\\/gimnasticdetarragona.cat\\\/es\\\/#\\\/schema\\\/person\\\/47b6a637abf88f9bd835540f20ea069e\"},\"headline\":\"Resultados del Planter Grana\",\"datePublished\":\"2019-09-30T18:08:00+00:00\",\"mainEntityOfPage\":{\"@id\":\"https:\\\/\\\/gimnasticdetarragona.cat\\\/resultats-del-planter-grana-1\\\/\"},\"wordCount\":182,\"commentCount\":0,\"publisher\":{\"@id\":\"https:\\\/\\\/gimnasticdetarragona.cat\\\/es\\\/#organization\"},\"image\":{\"@id\":\"https:\\\/\\\/gimnasticdetarragona.cat\\\/resultats-del-planter-grana-1\\\/#primaryimage\"},\"thumbnailUrl\":\"https:\\\/\\\/gimnasticdetarragona.cat\\\/wp-content\\\/uploads\\\/2022\\\/06\\\/30180851whatsapp-image-2019-09-09-at-17.55.47.jpeg\",\"articleSection\":[\"Actualidad\",\"F\u00fatbol Base\",\"Home\"],\"inLanguage\":\"es\"},{\"@type\":\"WebPage\",\"@id\":\"https:\\\/\\\/gimnasticdetarragona.cat\\\/resultats-del-planter-grana-1\\\/\",\"url\":\"https:\\\/\\\/gimnasticdetarragona.cat\\\/resultats-del-planter-grana-1\\\/\",\"name\":\"Resultados del Planter Grana - Gimn\u00e0stic de Tarragona SAD\",\"isPartOf\":{\"@id\":\"https:\\\/\\\/gimnasticdetarragona.cat\\\/es\\\/#website\"},\"primaryImageOfPage\":{\"@id\":\"https:\\\/\\\/gimnasticdetarragona.cat\\\/resultats-del-planter-grana-1\\\/#primaryimage\"},\"image\":{\"@id\":\"https:\\\/\\\/gimnasticdetarragona.cat\\\/resultats-del-planter-grana-1\\\/#primaryimage\"},\"thumbnailUrl\":\"https:\\\/\\\/gimnasticdetarragona.cat\\\/wp-content\\\/uploads\\\/2022\\\/06\\\/30180851whatsapp-image-2019-09-09-at-17.55.47.jpeg\",\"datePublished\":\"2019-09-30T18:08:00+00:00\",\"breadcrumb\":{\"@id\":\"https:\\\/\\\/gimnasticdetarragona.cat\\\/resultats-del-planter-grana-1\\\/#breadcrumb\"},\"inLanguage\":\"es\",\"potentialAction\":[{\"@type\":\"ReadAction\",\"target\":[\"https:\\\/\\\/gimnasticdetarragona.cat\\\/resultats-del-planter-grana-1\\\/\"]}]},{\"@type\":\"ImageObject\",\"inLanguage\":\"es\",\"@id\":\"https:\\\/\\\/gimnasticdetarragona.cat\\\/resultats-del-planter-grana-1\\\/#primaryimage\",\"url\":\"https:\\\/\\\/gimnasticdetarragona.cat\\\/wp-content\\\/uploads\\\/2022\\\/06\\\/30180851whatsapp-image-2019-09-09-at-17.55.47.jpeg\",\"contentUrl\":\"https:\\\/\\\/gimnasticdetarragona.cat\\\/wp-content\\\/uploads\\\/2022\\\/06\\\/30180851whatsapp-image-2019-09-09-at-17.55.47.jpeg\",\"width\":1600,\"height\":1066},{\"@type\":\"BreadcrumbList\",\"@id\":\"https:\\\/\\\/gimnasticdetarragona.cat\\\/resultats-del-planter-grana-1\\\/#breadcrumb\",\"itemListElement\":[{\"@type\":\"ListItem\",\"position\":1,\"name\":\"Inici\",\"item\":\"https:\\\/\\\/gimnasticdetarragona.cat\\\/es\\\/nastic\\\/\"},{\"@type\":\"ListItem\",\"position\":2,\"name\":\"Resultados del Planter Grana\"}]},{\"@type\":\"WebSite\",\"@id\":\"https:\\\/\\\/gimnasticdetarragona.cat\\\/es\\\/#website\",\"url\":\"https:\\\/\\\/gimnasticdetarragona.cat\\\/es\\\/\",\"name\":\"Gimn\u00e0stic de Tarragona SAD\",\"description\":\"Gimn\u00e0stic de Tarragona\",\"publisher\":{\"@id\":\"https:\\\/\\\/gimnasticdetarragona.cat\\\/es\\\/#organization\"},\"potentialAction\":[{\"@type\":\"SearchAction\",\"target\":{\"@type\":\"EntryPoint\",\"urlTemplate\":\"https:\\\/\\\/gimnasticdetarragona.cat\\\/es\\\/?s={search_term_string}\"},\"query-input\":{\"@type\":\"PropertyValueSpecification\",\"valueRequired\":true,\"valueName\":\"search_term_string\"}}],\"inLanguage\":\"es\"},{\"@type\":\"Organization\",\"@id\":\"https:\\\/\\\/gimnasticdetarragona.cat\\\/es\\\/#organization\",\"name\":\"GIMN\u00c0STIC DE TARRAGONA\",\"alternateName\":\"N\u00c0STIC\",\"url\":\"https:\\\/\\\/gimnasticdetarragona.cat\\\/es\\\/\",\"logo\":{\"@type\":\"ImageObject\",\"inLanguage\":\"es\",\"@id\":\"https:\\\/\\\/gimnasticdetarragona.cat\\\/es\\\/#\\\/schema\\\/logo\\\/image\\\/\",\"url\":\"https:\\\/\\\/gimnasticdetarragona.cat\\\/wp-content\\\/uploads\\\/2022\\\/06\\\/cropped-logo-gimnastic.png\",\"contentUrl\":\"https:\\\/\\\/gimnasticdetarragona.cat\\\/wp-content\\\/uploads\\\/2022\\\/06\\\/cropped-logo-gimnastic.png\",\"width\":224,\"height\":83,\"caption\":\"GIMN\u00c0STIC DE TARRAGONA\"},\"image\":{\"@id\":\"https:\\\/\\\/gimnasticdetarragona.cat\\\/es\\\/#\\\/schema\\\/logo\\\/image\\\/\"},\"sameAs\":[\"https:\\\/\\\/x.com\\\/NASTICTARRAGONA\",\"https:\\\/\\\/www.instagram.com\\\/nastictarragona\\\/\"]},{\"@type\":\"Person\",\"@id\":\"https:\\\/\\\/gimnasticdetarragona.cat\\\/es\\\/#\\\/schema\\\/person\\\/47b6a637abf88f9bd835540f20ea069e\",\"name\":\"desarrollo\",\"sameAs\":[\"https:\\\/\\\/clone.gimnasticdetarragona.cat\"]}]}<\/script>\n<!-- \/ Yoast SEO plugin. -->","yoast_head_json":{"title":"Resultados del Planter Grana - Gimn\u00e0stic de Tarragona SAD","robots":{"index":"index","follow":"follow","max-snippet":"max-snippet:-1","max-image-preview":"max-image-preview:large","max-video-preview":"max-video-preview:-1"},"canonical":"https:\/\/gimnasticdetarragona.cat\/resultats-del-planter-grana-1\/","og_locale":"es_ES","og_type":"article","og_title":"Resultados del Planter Grana - Gimn\u00e0stic de Tarragona SAD","og_description":"5 victorias de los m\u00e1s j\u00f3venes","og_url":"https:\/\/gimnasticdetarragona.cat\/resultats-del-planter-grana-1\/","og_site_name":"Gimn\u00e0stic de Tarragona SAD","article_published_time":"2019-09-30T18:08:00+00:00","og_image":[{"width":1600,"height":1066,"url":"https:\/\/gimnasticdetarragona.cat\/wp-content\/uploads\/2022\/06\/30180851whatsapp-image-2019-09-09-at-17.55.47.jpeg","type":"image\/jpeg"}],"author":"desarrollo","twitter_card":"summary_large_image","twitter_creator":"@NASTICTARRAGONA","twitter_site":"@NASTICTARRAGONA","twitter_misc":{"Escrito por":"desarrollo","Tiempo de lectura":"1 minuto"},"schema":{"@context":"https:\/\/schema.org","@graph":[{"@type":"Article","@id":"https:\/\/gimnasticdetarragona.cat\/resultats-del-planter-grana-1\/#article","isPartOf":{"@id":"https:\/\/gimnasticdetarragona.cat\/resultats-del-planter-grana-1\/"},"author":{"name":"desarrollo","@id":"https:\/\/gimnasticdetarragona.cat\/es\/#\/schema\/person\/47b6a637abf88f9bd835540f20ea069e"},"headline":"Resultados del Planter Grana","datePublished":"2019-09-30T18:08:00+00:00","mainEntityOfPage":{"@id":"https:\/\/gimnasticdetarragona.cat\/resultats-del-planter-grana-1\/"},"wordCount":182,"commentCount":0,"publisher":{"@id":"https:\/\/gimnasticdetarragona.cat\/es\/#organization"},"image":{"@id":"https:\/\/gimnasticdetarragona.cat\/resultats-del-planter-grana-1\/#primaryimage"},"thumbnailUrl":"https:\/\/gimnasticdetarragona.cat\/wp-content\/uploads\/2022\/06\/30180851whatsapp-image-2019-09-09-at-17.55.47.jpeg","articleSection":["Actualidad","F\u00fatbol Base","Home"],"inLanguage":"es"},{"@type":"WebPage","@id":"https:\/\/gimnasticdetarragona.cat\/resultats-del-planter-grana-1\/","url":"https:\/\/gimnasticdetarragona.cat\/resultats-del-planter-grana-1\/","name":"Resultados del Planter Grana - Gimn\u00e0stic de Tarragona SAD","isPartOf":{"@id":"https:\/\/gimnasticdetarragona.cat\/es\/#website"},"primaryImageOfPage":{"@id":"https:\/\/gimnasticdetarragona.cat\/resultats-del-planter-grana-1\/#primaryimage"},"image":{"@id":"https:\/\/gimnasticdetarragona.cat\/resultats-del-planter-grana-1\/#primaryimage"},"thumbnailUrl":"https:\/\/gimnasticdetarragona.cat\/wp-content\/uploads\/2022\/06\/30180851whatsapp-image-2019-09-09-at-17.55.47.jpeg","datePublished":"2019-09-30T18:08:00+00:00","breadcrumb":{"@id":"https:\/\/gimnasticdetarragona.cat\/resultats-del-planter-grana-1\/#breadcrumb"},"inLanguage":"es","potentialAction":[{"@type":"ReadAction","target":["https:\/\/gimnasticdetarragona.cat\/resultats-del-planter-grana-1\/"]}]},{"@type":"ImageObject","inLanguage":"es","@id":"https:\/\/gimnasticdetarragona.cat\/resultats-del-planter-grana-1\/#primaryimage","url":"https:\/\/gimnasticdetarragona.cat\/wp-content\/uploads\/2022\/06\/30180851whatsapp-image-2019-09-09-at-17.55.47.jpeg","contentUrl":"https:\/\/gimnasticdetarragona.cat\/wp-content\/uploads\/2022\/06\/30180851whatsapp-image-2019-09-09-at-17.55.47.jpeg","width":1600,"height":1066},{"@type":"BreadcrumbList","@id":"https:\/\/gimnasticdetarragona.cat\/resultats-del-planter-grana-1\/#breadcrumb","itemListElement":[{"@type":"ListItem","position":1,"name":"Inici","item":"https:\/\/gimnasticdetarragona.cat\/es\/nastic\/"},{"@type":"ListItem","position":2,"name":"Resultados del Planter Grana"}]},{"@type":"WebSite","@id":"https:\/\/gimnasticdetarragona.cat\/es\/#website","url":"https:\/\/gimnasticdetarragona.cat\/es\/","name":"Gimn\u00e0stic de Tarragona SAD","description":"Gimn\u00e0stic de Tarragona","publisher":{"@id":"https:\/\/gimnasticdetarragona.cat\/es\/#organization"},"potentialAction":[{"@type":"SearchAction","target":{"@type":"EntryPoint","urlTemplate":"https:\/\/gimnasticdetarragona.cat\/es\/?s={search_term_string}"},"query-input":{"@type":"PropertyValueSpecification","valueRequired":true,"valueName":"search_term_string"}}],"inLanguage":"es"},{"@type":"Organization","@id":"https:\/\/gimnasticdetarragona.cat\/es\/#organization","name":"GIMN\u00c0STIC DE TARRAGONA","alternateName":"N\u00c0STIC","url":"https:\/\/gimnasticdetarragona.cat\/es\/","logo":{"@type":"ImageObject","inLanguage":"es","@id":"https:\/\/gimnasticdetarragona.cat\/es\/#\/schema\/logo\/image\/","url":"https:\/\/gimnasticdetarragona.cat\/wp-content\/uploads\/2022\/06\/cropped-logo-gimnastic.png","contentUrl":"https:\/\/gimnasticdetarragona.cat\/wp-content\/uploads\/2022\/06\/cropped-logo-gimnastic.png","width":224,"height":83,"caption":"GIMN\u00c0STIC DE TARRAGONA"},"image":{"@id":"https:\/\/gimnasticdetarragona.cat\/es\/#\/schema\/logo\/image\/"},"sameAs":["https:\/\/x.com\/NASTICTARRAGONA","https:\/\/www.instagram.com\/nastictarragona\/"]},{"@type":"Person","@id":"https:\/\/gimnasticdetarragona.cat\/es\/#\/schema\/person\/47b6a637abf88f9bd835540f20ea069e","name":"desarrollo","sameAs":["https:\/\/clone.gimnasticdetarragona.cat"]}]}},"_links":{"self":[{"href":"https:\/\/gimnasticdetarragona.cat\/es\/wp-json\/wp\/v2\/posts\/81302","targetHints":{"allow":["GET"]}}],"collection":[{"href":"https:\/\/gimnasticdetarragona.cat\/es\/wp-json\/wp\/v2\/posts"}],"about":[{"href":"https:\/\/gimnasticdetarragona.cat\/es\/wp-json\/wp\/v2\/types\/post"}],"author":[{"embeddable":true,"href":"https:\/\/gimnasticdetarragona.cat\/es\/wp-json\/wp\/v2\/users\/1"}],"replies":[{"embeddable":true,"href":"https:\/\/gimnasticdetarragona.cat\/es\/wp-json\/wp\/v2\/comments?post=81302"}],"version-history":[{"count":0,"href":"https:\/\/gimnasticdetarragona.cat\/es\/wp-json\/wp\/v2\/posts\/81302\/revisions"}],"wp:featuredmedia":[{"embeddable":true,"href":"https:\/\/gimnasticdetarragona.cat\/es\/wp-json\/wp\/v2\/media\/81299"}],"wp:attachment":[{"href":"https:\/\/gimnasticdetarragona.cat\/es\/wp-json\/wp\/v2\/media?parent=81302"}],"wp:term":[{"taxonomy":"category","embeddable":true,"href":"https:\/\/gimnasticdetarragona.cat\/es\/wp-json\/wp\/v2\/categories?post=81302"},{"taxonomy":"post_tag","embeddable":true,"href":"https:\/\/gimnasticdetarragona.cat\/es\/wp-json\/wp\/v2\/tags?post=81302"}],"curies":[{"name":"wp","href":"https:\/\/api.w.org\/{rel}","templated":true}]}}