{"id":81322,"date":"2019-10-06T16:31:00","date_gmt":"2019-10-06T16:31:00","guid":{"rendered":"https:\/\/clone.gimnasticdetarragona.cat\/nastic-1-1-cd-castellon\/"},"modified":"2019-10-06T16:31:00","modified_gmt":"2019-10-06T16:31:00","slug":"nastic-1-1-cd-castellon","status":"publish","type":"post","link":"https:\/\/gimnasticdetarragona.cat\/es\/nastic-1-1-cd-castellon\/","title":{"rendered":"N\u00e0stic 1 &#8211; 1 CD Castell\u00f3n"},"content":{"rendered":"<p style=\"background: white; text-align: justify;\"><span style=\"font-family: 'Roboto',serif; color: #2a2a2a;\">El conjunto grana volv&iacute;a a tener la oportunidad de sumar los tres primeros puntos en el Nou Estadi ante los nastiquers. Delante, el CD Castell&oacute;n, que llegaba invicto a Tarragona tras las seis primeras jornadas del campeonato.<\/span><\/p>\n<p style=\"background: white; text-align: justify;\"><span style=\"font-family: 'Roboto',serif; color: #2a2a2a;\"><br \/>Los primeros compases del partido han sido de pausa en ambos conjuntos. Con el Castell&oacute;n ordenado en su campo y los grana controlando el esf&eacute;rico pero sin sobrepasar las l&iacute;neas defensiva de los jugadores blanco-y-negros. Pasado el minuto 10, han sido los orelluts los que han asumido una mayor posesi&oacute;n del bal&oacute;n, sin oportunidades claras de gol. La primera aproximaci&oacute;n fue para los de Xavi Bartolo. Ferran Giner ha recuperado el esf&eacute;rico en la frontal del &aacute;rea rival en el minuto 17 y Lolo Pl&aacute; ha chutado demasiado alto. Mientras que los visitantes han respondido tres minutos despu&eacute;s mediante C&eacute;sar D&iacute;az con un cabezazo que sali&oacute; por sobre el travesa&ntilde;o. Partido de ida y vuelta que ve&iacute;a como Goldar empalmaba un fuerte disparo desde la frontal del &aacute;rea que ha acabado en c&oacute;rner tras tocar a un defensor. A la salida de esquina, Petcoff ha buscado el &#8216;gol ol&iacute;mpico&#8217; pero se ha encontrado con la r&aacute;pida respuesta del meta &Aacute;lvaro. En los minutos 30 y 36 lo ha intentado Habran Jr, que se ha encontrado con la parada del portero en el primer remate; y minutos despu&eacute;s, la defensa ha enviado a c&oacute;rner la jugada personal del franc&eacute;s. Completado el tiempo reglamentario, Bernab&eacute; ha sido protagonista con una buena intervenci&oacute;n a remate de Jorge F. Con el empate a cero inicial se lleg&oacute; al descanso.<\/span><\/p>\n<p style=\"background: white; text-align: justify;\"><span style=\"font-family: 'Roboto',serif; color: #2a2a2a;\"><br \/>En la reanudaci&oacute;n, el conjunto tarraconense ha salido decidido a buscar el primer gol. Controlando el tempo del juego y moviendo a la defensa rival para llegar al &aacute;rea del meta &Aacute;lvaro. Lolo Pl&aacute; ha sido el primero en intentarlo en el minuto 50, un bal&oacute;n recuperado en tres cuartos de campo, que ha finalizado con un disparo raso que ha atrapado el meta orejudo. El mismo media punta grana ha rematado con la cabeza tres minutos despu&eacute;s. Y en el 58&#8242;, buena combinaci&oacute;n entre el propio jugador extreme&ntilde;o y Pedro Mart&iacute;n, que ha acabado con el remate de Lolo Pl&aacute; y la respuesta del meta visitante. El N&agrave;stic lo intent&oacute; tambi&eacute;n con Javi Bonilla, de estrategia, y Pol Ballesteros, en jugadas que no han encontrado los tres palos. Y cuando mayor control del partido ten&iacute;a el N&agrave;stic, ha llegado el gol visitante en el minuto 69. Un desacierto en la zona defensiva del N&agrave;stic, la ha aprovechado Rub&eacute;n para poner el bal&oacute;n en la base del poste e inaugurar el marcador. Los grana han buscado la igualada r&aacute;pidamente mediante R. Brugu&eacute;, que de cabeza no ha encontrado porter&iacute;a por poco. Y en una jugada similar, en el 84&#8242;, ha encontrado la recompensa grana con el gol de Brugu&eacute;. El joven jugador ha aparecido de segunda l&iacute;nea para poner el bal&oacute;n al fondo de la red tras el centro de Habran Jr. Y ya en los tres minutos de a&ntilde;adido, el N&agrave;stic se ha quedado a pocos cent&iacute;metros de la remontada con un golpe de cabeza al saque de esquina rematado por Perone. Finalmente, nuevo empate del Gimn&agrave;stic de Tarragona en casa que ya suma 6 puntos en la clasificaci&oacute;n del grupo III de la Segunda Divisi&oacute;n B.<\/p>\n<p><\/span><span style=\"font-family: 'Roboto',serif; color: #2a2a2a;\">El N&agrave;stic buscar&aacute; volver&aacute; a luchar por los tres puntos en el enfrentamiento de la jornada 8 ante el Valencia Mestalla, duelo que se disputar&aacute; el s&aacute;bado 12 de octubre, a partir de las 18 horas, en el Estadio Antonio Puchades de la Ciudad Deportiva del Valencia.<\/span><\/p>\n<p style=\"background: white; text-align: justify;\"><strong><span style=\"font-family: 'Roboto',serif; color: #2a2a2a;\">Alineaciones<\/span><\/strong><b><span style=\"font-family: 'Roboto',serif; color: #2a2a2a;\"><br style=\"box-sizing: border-box;\" \/><\/span><\/b><span style=\"font-family: 'Roboto',serif; color: #2a2a2a;\">N&agrave;stic: Bernab&eacute;, Pol V, Bonilla, Goldar, J. Rodr&iacute;guez, Lolo Pl&aacute; (Pol B, 61&rsquo;), D. Petcoff (J. Lasso, 81&rsquo;), Habran Jr, Perone, Pedro, Ferran G.P (R. Brugu&eacute;, 61&rsquo;).<o:p><\/o:p><\/span><\/p>\n<p style=\"background: white; text-align: justify;\"><span style=\"font-family: 'Roboto',serif; color: #2a2a2a;\">CD Castell&oacute;n: A. Campos, Satr&uacute;stegui, Carles, Cubillas (Serra, 67&rsquo;), Rub&eacute;n D&iacute;ez (Alfredo, 86&rsquo;), C&eacute;sar, V&iacute;ctor, Calavera (G&aacute;lvez, 85&rsquo;), Verd&eacute;s, Jorge F, Mugurza.<o:p><\/o:p><\/span><\/p>\n<p style=\"background: white; box-sizing: border-box; font-variant-ligatures: normal; font-variant-caps: normal; orphans: 2; widows: 2; -webkit-text-stroke-width: 0px; text-decoration-style: initial; text-decoration-color: initial; word-spacing: 0px; text-align: justify;\"><strong style=\"box-sizing: border-box;\"><span style=\"font-family: 'Roboto',serif; color: #2a2a2a;\">Goles<\/span><\/strong><b><span style=\"font-family: 'Roboto',serif; color: #2a2a2a;\"><br style=\"box-sizing: border-box;\" \/><\/span><\/b><span style=\"font-family: 'Roboto',serif; color: #2a2a2a;\">0-1, Rub&eacute;n (69&#8242;); 1-1, R. Brugu&eacute; (84&rsquo;)<o:p><\/o:p><\/span><\/p>\n<p style=\"background: white; box-sizing: border-box; font-variant-ligatures: normal; font-variant-caps: normal; orphans: 2; widows: 2; -webkit-text-stroke-width: 0px; text-decoration-style: initial; text-decoration-color: initial; word-spacing: 0px; text-align: justify;\"><strong style=\"box-sizing: border-box;\"><span style=\"font-family: 'Roboto',serif; color: #2a2a2a;\">Observaciones<\/span><\/strong><b><span style=\"font-family: 'Roboto',serif; color: #2a2a2a;\"><br style=\"box-sizing: border-box;\" \/><\/span><\/b><span style=\"font-family: 'Roboto',serif; color: #2a2a2a;\">Partido de la jornada 7 del grupo III de la Segunda Divisi&oacute;n B disputado en el Nou Estadi. 4.047 espectadores. Partido arbitrado por Ra&uacute;l Mart&iacute;n Gonz&aacute;lez Franc&eacute;s (Colegio de Las Palmas)<\/span><\/p>\n","protected":false},"excerpt":{"rendered":"<p>Segundo empate consecutivo en el Nou Estadi<\/p>\n","protected":false},"author":1,"featured_media":81319,"comment_status":"open","ping_status":"open","sticky":false,"template":"","format":"standard","meta":{"_acf_changed":false,"footnotes":""},"categories":[113,123,126],"tags":[],"class_list":["post-81322","post","type-post","status-publish","format-standard","has-post-thumbnail","hentry","category-actualidad","category-laliga","category-primer-equipo"],"acf":[],"yoast_head":"<!-- This site is optimized with the Yoast SEO plugin v27.3 - https:\/\/yoast.com\/product\/yoast-seo-wordpress\/ -->\n<title>N\u00e0stic 1 - 1 CD Castell\u00f3n - Gimn\u00e0stic de Tarragona SAD<\/title>\n<meta name=\"robots\" content=\"index, follow, max-snippet:-1, max-image-preview:large, max-video-preview:-1\" \/>\n<link rel=\"canonical\" href=\"https:\/\/gimnasticdetarragona.cat\/es\/nastic-1-1-cd-castellon\/\" \/>\n<meta property=\"og:locale\" content=\"es_ES\" \/>\n<meta property=\"og:type\" content=\"article\" \/>\n<meta property=\"og:title\" content=\"N\u00e0stic 1 - 1 CD Castell\u00f3n - Gimn\u00e0stic de Tarragona SAD\" \/>\n<meta property=\"og:description\" content=\"Segundo empate consecutivo en el Nou Estadi\" \/>\n<meta property=\"og:url\" content=\"https:\/\/gimnasticdetarragona.cat\/es\/nastic-1-1-cd-castellon\/\" \/>\n<meta property=\"og:site_name\" content=\"Gimn\u00e0stic de Tarragona SAD\" \/>\n<meta property=\"article:published_time\" content=\"2019-10-06T16:31:00+00:00\" \/>\n<meta property=\"og:image\" content=\"https:\/\/gimnasticdetarragona.cat\/wp-content\/uploads\/2022\/06\/06172629_dsc3427-scaled.jpg\" \/>\n\t<meta property=\"og:image:width\" content=\"2560\" \/>\n\t<meta property=\"og:image:height\" content=\"1706\" \/>\n\t<meta property=\"og:image:type\" content=\"image\/jpeg\" \/>\n<meta name=\"author\" content=\"desarrollo\" \/>\n<meta name=\"twitter:card\" content=\"summary_large_image\" \/>\n<meta name=\"twitter:creator\" content=\"@NASTICTARRAGONA\" \/>\n<meta name=\"twitter:site\" content=\"@NASTICTARRAGONA\" \/>\n<meta name=\"twitter:label1\" content=\"Escrito por\" \/>\n\t<meta name=\"twitter:data1\" content=\"desarrollo\" \/>\n\t<meta name=\"twitter:label2\" content=\"Tiempo de lectura\" \/>\n\t<meta name=\"twitter:data2\" content=\"4 minutos\" \/>\n<script type=\"application\/ld+json\" class=\"yoast-schema-graph\">{\"@context\":\"https:\\\/\\\/schema.org\",\"@graph\":[{\"@type\":\"Article\",\"@id\":\"https:\\\/\\\/gimnasticdetarragona.cat\\\/es\\\/nastic-1-1-cd-castellon\\\/#article\",\"isPartOf\":{\"@id\":\"https:\\\/\\\/gimnasticdetarragona.cat\\\/es\\\/nastic-1-1-cd-castellon\\\/\"},\"author\":{\"name\":\"desarrollo\",\"@id\":\"https:\\\/\\\/gimnasticdetarragona.cat\\\/es\\\/#\\\/schema\\\/person\\\/47b6a637abf88f9bd835540f20ea069e\"},\"headline\":\"N\u00e0stic 1 &#8211; 1 CD Castell\u00f3n\",\"datePublished\":\"2019-10-06T16:31:00+00:00\",\"mainEntityOfPage\":{\"@id\":\"https:\\\/\\\/gimnasticdetarragona.cat\\\/es\\\/nastic-1-1-cd-castellon\\\/\"},\"wordCount\":824,\"commentCount\":0,\"publisher\":{\"@id\":\"https:\\\/\\\/gimnasticdetarragona.cat\\\/es\\\/#organization\"},\"image\":{\"@id\":\"https:\\\/\\\/gimnasticdetarragona.cat\\\/es\\\/nastic-1-1-cd-castellon\\\/#primaryimage\"},\"thumbnailUrl\":\"https:\\\/\\\/gimnasticdetarragona.cat\\\/wp-content\\\/uploads\\\/2022\\\/06\\\/06172629_dsc3427-scaled.jpg\",\"articleSection\":[\"Actualidad\",\"LaLiga\",\"Primer Equipo\"],\"inLanguage\":\"es\"},{\"@type\":\"WebPage\",\"@id\":\"https:\\\/\\\/gimnasticdetarragona.cat\\\/es\\\/nastic-1-1-cd-castellon\\\/\",\"url\":\"https:\\\/\\\/gimnasticdetarragona.cat\\\/es\\\/nastic-1-1-cd-castellon\\\/\",\"name\":\"N\u00e0stic 1 - 1 CD Castell\u00f3n - Gimn\u00e0stic de Tarragona SAD\",\"isPartOf\":{\"@id\":\"https:\\\/\\\/gimnasticdetarragona.cat\\\/es\\\/#website\"},\"primaryImageOfPage\":{\"@id\":\"https:\\\/\\\/gimnasticdetarragona.cat\\\/es\\\/nastic-1-1-cd-castellon\\\/#primaryimage\"},\"image\":{\"@id\":\"https:\\\/\\\/gimnasticdetarragona.cat\\\/es\\\/nastic-1-1-cd-castellon\\\/#primaryimage\"},\"thumbnailUrl\":\"https:\\\/\\\/gimnasticdetarragona.cat\\\/wp-content\\\/uploads\\\/2022\\\/06\\\/06172629_dsc3427-scaled.jpg\",\"datePublished\":\"2019-10-06T16:31:00+00:00\",\"breadcrumb\":{\"@id\":\"https:\\\/\\\/gimnasticdetarragona.cat\\\/es\\\/nastic-1-1-cd-castellon\\\/#breadcrumb\"},\"inLanguage\":\"es\",\"potentialAction\":[{\"@type\":\"ReadAction\",\"target\":[\"https:\\\/\\\/gimnasticdetarragona.cat\\\/es\\\/nastic-1-1-cd-castellon\\\/\"]}]},{\"@type\":\"ImageObject\",\"inLanguage\":\"es\",\"@id\":\"https:\\\/\\\/gimnasticdetarragona.cat\\\/es\\\/nastic-1-1-cd-castellon\\\/#primaryimage\",\"url\":\"https:\\\/\\\/gimnasticdetarragona.cat\\\/wp-content\\\/uploads\\\/2022\\\/06\\\/06172629_dsc3427-scaled.jpg\",\"contentUrl\":\"https:\\\/\\\/gimnasticdetarragona.cat\\\/wp-content\\\/uploads\\\/2022\\\/06\\\/06172629_dsc3427-scaled.jpg\",\"width\":2560,\"height\":1706},{\"@type\":\"BreadcrumbList\",\"@id\":\"https:\\\/\\\/gimnasticdetarragona.cat\\\/es\\\/nastic-1-1-cd-castellon\\\/#breadcrumb\",\"itemListElement\":[{\"@type\":\"ListItem\",\"position\":1,\"name\":\"Inici\",\"item\":\"https:\\\/\\\/gimnasticdetarragona.cat\\\/es\\\/nastic\\\/\"},{\"@type\":\"ListItem\",\"position\":2,\"name\":\"N\u00e0stic 1 &#8211; 1 CD Castell\u00f3n\"}]},{\"@type\":\"WebSite\",\"@id\":\"https:\\\/\\\/gimnasticdetarragona.cat\\\/es\\\/#website\",\"url\":\"https:\\\/\\\/gimnasticdetarragona.cat\\\/es\\\/\",\"name\":\"Gimn\u00e0stic de Tarragona SAD\",\"description\":\"Gimn\u00e0stic de Tarragona\",\"publisher\":{\"@id\":\"https:\\\/\\\/gimnasticdetarragona.cat\\\/es\\\/#organization\"},\"potentialAction\":[{\"@type\":\"SearchAction\",\"target\":{\"@type\":\"EntryPoint\",\"urlTemplate\":\"https:\\\/\\\/gimnasticdetarragona.cat\\\/es\\\/?s={search_term_string}\"},\"query-input\":{\"@type\":\"PropertyValueSpecification\",\"valueRequired\":true,\"valueName\":\"search_term_string\"}}],\"inLanguage\":\"es\"},{\"@type\":\"Organization\",\"@id\":\"https:\\\/\\\/gimnasticdetarragona.cat\\\/es\\\/#organization\",\"name\":\"GIMN\u00c0STIC DE TARRAGONA\",\"alternateName\":\"N\u00c0STIC\",\"url\":\"https:\\\/\\\/gimnasticdetarragona.cat\\\/es\\\/\",\"logo\":{\"@type\":\"ImageObject\",\"inLanguage\":\"es\",\"@id\":\"https:\\\/\\\/gimnasticdetarragona.cat\\\/es\\\/#\\\/schema\\\/logo\\\/image\\\/\",\"url\":\"https:\\\/\\\/gimnasticdetarragona.cat\\\/wp-content\\\/uploads\\\/2022\\\/06\\\/cropped-logo-gimnastic.png\",\"contentUrl\":\"https:\\\/\\\/gimnasticdetarragona.cat\\\/wp-content\\\/uploads\\\/2022\\\/06\\\/cropped-logo-gimnastic.png\",\"width\":224,\"height\":83,\"caption\":\"GIMN\u00c0STIC DE TARRAGONA\"},\"image\":{\"@id\":\"https:\\\/\\\/gimnasticdetarragona.cat\\\/es\\\/#\\\/schema\\\/logo\\\/image\\\/\"},\"sameAs\":[\"https:\\\/\\\/x.com\\\/NASTICTARRAGONA\",\"https:\\\/\\\/www.instagram.com\\\/nastictarragona\\\/\"]},{\"@type\":\"Person\",\"@id\":\"https:\\\/\\\/gimnasticdetarragona.cat\\\/es\\\/#\\\/schema\\\/person\\\/47b6a637abf88f9bd835540f20ea069e\",\"name\":\"desarrollo\",\"sameAs\":[\"https:\\\/\\\/clone.gimnasticdetarragona.cat\"]}]}<\/script>\n<!-- \/ Yoast SEO plugin. -->","yoast_head_json":{"title":"N\u00e0stic 1 - 1 CD Castell\u00f3n - Gimn\u00e0stic de Tarragona SAD","robots":{"index":"index","follow":"follow","max-snippet":"max-snippet:-1","max-image-preview":"max-image-preview:large","max-video-preview":"max-video-preview:-1"},"canonical":"https:\/\/gimnasticdetarragona.cat\/es\/nastic-1-1-cd-castellon\/","og_locale":"es_ES","og_type":"article","og_title":"N\u00e0stic 1 - 1 CD Castell\u00f3n - Gimn\u00e0stic de Tarragona SAD","og_description":"Segundo empate consecutivo en el Nou Estadi","og_url":"https:\/\/gimnasticdetarragona.cat\/es\/nastic-1-1-cd-castellon\/","og_site_name":"Gimn\u00e0stic de Tarragona SAD","article_published_time":"2019-10-06T16:31:00+00:00","og_image":[{"width":2560,"height":1706,"url":"https:\/\/gimnasticdetarragona.cat\/wp-content\/uploads\/2022\/06\/06172629_dsc3427-scaled.jpg","type":"image\/jpeg"}],"author":"desarrollo","twitter_card":"summary_large_image","twitter_creator":"@NASTICTARRAGONA","twitter_site":"@NASTICTARRAGONA","twitter_misc":{"Escrito por":"desarrollo","Tiempo de lectura":"4 minutos"},"schema":{"@context":"https:\/\/schema.org","@graph":[{"@type":"Article","@id":"https:\/\/gimnasticdetarragona.cat\/es\/nastic-1-1-cd-castellon\/#article","isPartOf":{"@id":"https:\/\/gimnasticdetarragona.cat\/es\/nastic-1-1-cd-castellon\/"},"author":{"name":"desarrollo","@id":"https:\/\/gimnasticdetarragona.cat\/es\/#\/schema\/person\/47b6a637abf88f9bd835540f20ea069e"},"headline":"N\u00e0stic 1 &#8211; 1 CD Castell\u00f3n","datePublished":"2019-10-06T16:31:00+00:00","mainEntityOfPage":{"@id":"https:\/\/gimnasticdetarragona.cat\/es\/nastic-1-1-cd-castellon\/"},"wordCount":824,"commentCount":0,"publisher":{"@id":"https:\/\/gimnasticdetarragona.cat\/es\/#organization"},"image":{"@id":"https:\/\/gimnasticdetarragona.cat\/es\/nastic-1-1-cd-castellon\/#primaryimage"},"thumbnailUrl":"https:\/\/gimnasticdetarragona.cat\/wp-content\/uploads\/2022\/06\/06172629_dsc3427-scaled.jpg","articleSection":["Actualidad","LaLiga","Primer Equipo"],"inLanguage":"es"},{"@type":"WebPage","@id":"https:\/\/gimnasticdetarragona.cat\/es\/nastic-1-1-cd-castellon\/","url":"https:\/\/gimnasticdetarragona.cat\/es\/nastic-1-1-cd-castellon\/","name":"N\u00e0stic 1 - 1 CD Castell\u00f3n - Gimn\u00e0stic de Tarragona SAD","isPartOf":{"@id":"https:\/\/gimnasticdetarragona.cat\/es\/#website"},"primaryImageOfPage":{"@id":"https:\/\/gimnasticdetarragona.cat\/es\/nastic-1-1-cd-castellon\/#primaryimage"},"image":{"@id":"https:\/\/gimnasticdetarragona.cat\/es\/nastic-1-1-cd-castellon\/#primaryimage"},"thumbnailUrl":"https:\/\/gimnasticdetarragona.cat\/wp-content\/uploads\/2022\/06\/06172629_dsc3427-scaled.jpg","datePublished":"2019-10-06T16:31:00+00:00","breadcrumb":{"@id":"https:\/\/gimnasticdetarragona.cat\/es\/nastic-1-1-cd-castellon\/#breadcrumb"},"inLanguage":"es","potentialAction":[{"@type":"ReadAction","target":["https:\/\/gimnasticdetarragona.cat\/es\/nastic-1-1-cd-castellon\/"]}]},{"@type":"ImageObject","inLanguage":"es","@id":"https:\/\/gimnasticdetarragona.cat\/es\/nastic-1-1-cd-castellon\/#primaryimage","url":"https:\/\/gimnasticdetarragona.cat\/wp-content\/uploads\/2022\/06\/06172629_dsc3427-scaled.jpg","contentUrl":"https:\/\/gimnasticdetarragona.cat\/wp-content\/uploads\/2022\/06\/06172629_dsc3427-scaled.jpg","width":2560,"height":1706},{"@type":"BreadcrumbList","@id":"https:\/\/gimnasticdetarragona.cat\/es\/nastic-1-1-cd-castellon\/#breadcrumb","itemListElement":[{"@type":"ListItem","position":1,"name":"Inici","item":"https:\/\/gimnasticdetarragona.cat\/es\/nastic\/"},{"@type":"ListItem","position":2,"name":"N\u00e0stic 1 &#8211; 1 CD Castell\u00f3n"}]},{"@type":"WebSite","@id":"https:\/\/gimnasticdetarragona.cat\/es\/#website","url":"https:\/\/gimnasticdetarragona.cat\/es\/","name":"Gimn\u00e0stic de Tarragona SAD","description":"Gimn\u00e0stic de Tarragona","publisher":{"@id":"https:\/\/gimnasticdetarragona.cat\/es\/#organization"},"potentialAction":[{"@type":"SearchAction","target":{"@type":"EntryPoint","urlTemplate":"https:\/\/gimnasticdetarragona.cat\/es\/?s={search_term_string}"},"query-input":{"@type":"PropertyValueSpecification","valueRequired":true,"valueName":"search_term_string"}}],"inLanguage":"es"},{"@type":"Organization","@id":"https:\/\/gimnasticdetarragona.cat\/es\/#organization","name":"GIMN\u00c0STIC DE TARRAGONA","alternateName":"N\u00c0STIC","url":"https:\/\/gimnasticdetarragona.cat\/es\/","logo":{"@type":"ImageObject","inLanguage":"es","@id":"https:\/\/gimnasticdetarragona.cat\/es\/#\/schema\/logo\/image\/","url":"https:\/\/gimnasticdetarragona.cat\/wp-content\/uploads\/2022\/06\/cropped-logo-gimnastic.png","contentUrl":"https:\/\/gimnasticdetarragona.cat\/wp-content\/uploads\/2022\/06\/cropped-logo-gimnastic.png","width":224,"height":83,"caption":"GIMN\u00c0STIC DE TARRAGONA"},"image":{"@id":"https:\/\/gimnasticdetarragona.cat\/es\/#\/schema\/logo\/image\/"},"sameAs":["https:\/\/x.com\/NASTICTARRAGONA","https:\/\/www.instagram.com\/nastictarragona\/"]},{"@type":"Person","@id":"https:\/\/gimnasticdetarragona.cat\/es\/#\/schema\/person\/47b6a637abf88f9bd835540f20ea069e","name":"desarrollo","sameAs":["https:\/\/clone.gimnasticdetarragona.cat"]}]}},"_links":{"self":[{"href":"https:\/\/gimnasticdetarragona.cat\/es\/wp-json\/wp\/v2\/posts\/81322","targetHints":{"allow":["GET"]}}],"collection":[{"href":"https:\/\/gimnasticdetarragona.cat\/es\/wp-json\/wp\/v2\/posts"}],"about":[{"href":"https:\/\/gimnasticdetarragona.cat\/es\/wp-json\/wp\/v2\/types\/post"}],"author":[{"embeddable":true,"href":"https:\/\/gimnasticdetarragona.cat\/es\/wp-json\/wp\/v2\/users\/1"}],"replies":[{"embeddable":true,"href":"https:\/\/gimnasticdetarragona.cat\/es\/wp-json\/wp\/v2\/comments?post=81322"}],"version-history":[{"count":0,"href":"https:\/\/gimnasticdetarragona.cat\/es\/wp-json\/wp\/v2\/posts\/81322\/revisions"}],"wp:featuredmedia":[{"embeddable":true,"href":"https:\/\/gimnasticdetarragona.cat\/es\/wp-json\/wp\/v2\/media\/81319"}],"wp:attachment":[{"href":"https:\/\/gimnasticdetarragona.cat\/es\/wp-json\/wp\/v2\/media?parent=81322"}],"wp:term":[{"taxonomy":"category","embeddable":true,"href":"https:\/\/gimnasticdetarragona.cat\/es\/wp-json\/wp\/v2\/categories?post=81322"},{"taxonomy":"post_tag","embeddable":true,"href":"https:\/\/gimnasticdetarragona.cat\/es\/wp-json\/wp\/v2\/tags?post=81322"}],"curies":[{"name":"wp","href":"https:\/\/api.w.org\/{rel}","templated":true}]}}