{"id":81354,"date":"2019-10-11T20:08:00","date_gmt":"2019-10-11T20:08:00","guid":{"rendered":"https:\/\/clone.gimnasticdetarragona.cat\/partidos-planter-grana-13\/"},"modified":"2019-10-11T20:08:00","modified_gmt":"2019-10-11T20:08:00","slug":"partidos-planter-grana-13","status":"publish","type":"post","link":"https:\/\/gimnasticdetarragona.cat\/es\/partidos-planter-grana-13\/","title":{"rendered":"Partidos Planter Grana"},"content":{"rendered":"<p><strong><u>PREBENJAMINS<br \/><\/u><\/strong><strong>Fundaci&oacute; P.E. F.La Pobla de Mafumet<\/strong><strong> &#8211; Prebenjam&iacute; C<\/strong><br \/>Dissabte 12-10-2019 a les 12.15 h, Municipal de La Pobla de Mafumet<strong><br \/><\/strong><strong><br \/>CE Constant&iacute;<\/strong><strong> &#8211; Prebenjam&iacute; B<\/strong><br \/>Dissabte 12-10-2019 a les 10 h, Municipal La Coma<\/p>\n<p><strong>AE Pare Manyanet<\/strong><strong> &#8211; Prebenjam&iacute; A <\/strong><strong>(ajornat)<\/strong><\/p>\n<p><strong><u>BENJAMINS<\/u><\/strong><strong><u><br \/><\/u><\/strong><strong>CD Morell<\/strong><strong> &#8211; Benjam&iacute; G<\/strong><br \/>Dissabte 12-10-2019 a les 10 h, Municipal d&rsquo;El Morell<\/p>\n<p><strong>Benjam&iacute; F &ndash; <\/strong><strong>CF Canonja<br \/><\/strong>Diumenge 13-10-2019 a les 9.30 h, Inst. Gimn&agrave;stic de Tarragona<\/p>\n<p><strong>Benjam&iacute; D &ndash; <\/strong><strong>Cambrils Uni&oacute; CE<br \/><\/strong>Dissabte 12-10-2019 a les 9 h, Inst. Gimn&agrave;stic de Tarragona<\/p>\n<p><strong>Benjam&iacute; C &ndash; <\/strong><strong>CF Canonja<br \/><\/strong>Dissabte 12-10-2019 a les 9 h, Inst. Gimn&agrave;stic de Tarragona<\/p>\n<p><strong>Benjam&iacute; B <\/strong><strong>&ndash; Vilaseca CF<\/strong><br \/>Dissabte 12-10-2019 a les 12:00 h, Inst. Gimn&agrave;stic de Tarragona<\/p>\n<p><strong>Santes Creus Club Esp<\/strong><strong>. &#8211; Benjam&iacute; A<\/strong><br \/>Dissabte 12-10-2019 a les 09:00 h, Municipal Reddis<\/p>\n<p><strong><u>ALEVINS<\/u><\/strong><strong><u><br \/><\/u><\/strong><strong>Base Marc Bartra CF &#8211; <\/strong><strong>Alev&iacute; G<\/strong><br \/>Dissabte 12-10-2019 a les 10:00 h, Municipal Palau i Rabass&oacute;<\/p>\n<p><strong>Alev&iacute; F &ndash; <\/strong><strong>Uni&oacute; Esportiva Creixell<\/strong><br \/>Diumenge 13-10-2019 a les 10 h, Inst. Gimn&agrave;stic de Tarragona<\/p>\n<p><strong>UD San Salvador &#8211; <\/strong><strong>Alev&iacute; E<\/strong><br \/>Diumenge 13-10-2019 a les 10 h, CEM de Sant Salvador<\/p>\n<p><strong>CF Canonja &#8211; <\/strong><strong>Alev&iacute; D<\/strong><br \/>Dissabte 12-10-2019 a les 11 h, Municipal de La Canonja<\/p>\n<p><strong>Alev&iacute; C &ndash; <\/strong><strong>CD Riudoms<\/strong><br \/>Dissabte 12-10-2019 a les 10.30 h, Inst. Gimn&agrave;stic de Tarragona<strong><u><\/p>\n<p><\/u><\/strong><strong>Escola Valls FC &#8211; <\/strong><strong>Alev&iacute; B <\/strong><br \/>Dissabte 12-10-2019 a les 12:25 h, Camp de futbol IEM del Vilar<\/p>\n<p><strong>Alev&iacute; A <\/strong><strong>&ndash; Santes Creus Club Esp.<\/strong><br \/>Dissabte 12-10-2019 a les 12 h, Inst. Gimn&agrave;stic de Tarragona<\/p>\n<p><strong><u>INFANTILS<\/u><\/strong><strong><u><br \/><\/u><\/strong><strong>Infantil E &ndash; <\/strong><strong>CD Morell<\/strong><br \/>Diumenge 13-10-2019 a les 11.15 h, Inst. Gimn&agrave;stic de Tarragona<\/p>\n<p><strong>Infantil D &ndash; <\/strong><strong>Racing CF Bonavista <\/strong>(el conjunt visitant s&rsquo;ha retirat de la competici&oacute;)<\/p>\n<p><strong>Infantil C &ndash; <\/strong><strong>CE Tecnifutbol Tarragona<\/strong><br \/>Dissabte 12-10-2019 a les 13.30 h, Inst. Gimn&agrave;stic de Tarragona<\/p>\n<p><strong>Infantil B<\/strong>&nbsp;&ndash; FC Atl&egrave;tic Sant Just<br \/>Dissabte 12-10-2019 a les 13:45 h, Municipal La Pobla de Mafumet<\/p>\n<p><strong>FC Barcelona<\/strong><strong> &#8211; Infantil A<\/strong><br \/>Diumenge 13-10-2019 a les 10.30 h, Ciutat Esportiva Joan Gamper (artificial)<\/p>\n<p><strong><u>CADETS<\/u><\/strong><strong><br \/>Cadet D &ndash; <\/strong><strong>CF Base L&rsquo; Arbo&ccedil;<\/strong><strong><br \/><\/strong>Dissabte 12-10-2019 a les 13.15 h, Inst. Gimn&agrave;stic de Tarragona<\/p>\n<p><strong>Escola F. La Pastoreta<\/strong><strong> &#8211; Cadet C<\/strong><strong><br \/><\/strong>Dissabte 12-10-2019 a les 16 h, Municipal La Pastoreta<\/p>\n<p><strong>Cadet B&nbsp;&ndash; <\/strong><strong>CD La Floresta<\/strong><strong><br \/><\/strong>Dissabte 12-10-2019 a les 16:15 h, Inst. Gimn&agrave;stic de Tarragona<\/p>\n<p><strong>CE Europa<\/strong><strong> &#8211; Cadet A<\/strong><strong> <br \/><\/strong>Dissabte 12-10-2019 a les 12 h, Municipal Nou Sardenya<\/p>\n<p><strong><u>JUVENILS<\/u><\/strong><strong><u><br \/><\/u><\/strong><strong>CE Constant&iacute;<\/strong><strong> &#8211; Juvenil D<\/strong><strong><br \/><\/strong>Dissabte 12-10-2019 a les 17 h, Municipal La Coma<\/p>\n<p><strong>Juvenil C &ndash; <\/strong><strong>UE L&rsquo;Espluga de Francol&iacute;<\/strong><strong><br \/><\/strong>Dissabte 12-10-2019 a les 18:15 h, Inst. Gimn&agrave;stic de Tarragona<\/p>\n<p><strong>Juvenil B &ndash; C. Gimn&agrave;stic Manresa<\/strong><strong><br \/><\/strong>Diumenge 13-10-2019 a les 16:00 h, Inst. Gimn&agrave;stic de Tarragona<\/p>\n<p><strong>Real Zaragoza &#8211; Juvenil A<\/strong> <br \/>Diumenge 13-10-2019 a les 12.30 h, Ciutat Esportiva<\/p>\n","protected":false},"excerpt":{"rendered":"<p>Estos son los partidos de los equipos de f\u00fatbol base para este fin de semana (s\u00e1bado y domingo, 12 y 13 de octubre)<\/p>\n","protected":false},"author":1,"featured_media":81351,"comment_status":"open","ping_status":"open","sticky":false,"template":"","format":"standard","meta":{"_acf_changed":false,"footnotes":""},"categories":[113,117,121],"tags":[],"class_list":["post-81354","post","type-post","status-publish","format-standard","has-post-thumbnail","hentry","category-actualidad","category-futbol-base","category-home"],"acf":[],"yoast_head":"<!-- This site is optimized with the Yoast SEO plugin v27.3 - https:\/\/yoast.com\/product\/yoast-seo-wordpress\/ -->\n<title>Partidos Planter Grana - Gimn\u00e0stic de Tarragona SAD<\/title>\n<meta name=\"robots\" content=\"index, follow, max-snippet:-1, max-image-preview:large, max-video-preview:-1\" \/>\n<link rel=\"canonical\" href=\"https:\/\/gimnasticdetarragona.cat\/es\/partidos-planter-grana-13\/\" \/>\n<meta property=\"og:locale\" content=\"es_ES\" \/>\n<meta property=\"og:type\" content=\"article\" \/>\n<meta property=\"og:title\" content=\"Partidos Planter Grana - Gimn\u00e0stic de Tarragona SAD\" \/>\n<meta property=\"og:description\" content=\"Estos son los partidos de los equipos de f\u00fatbol base para este fin de semana (s\u00e1bado y domingo, 12 y 13 de octubre)\" \/>\n<meta property=\"og:url\" content=\"https:\/\/gimnasticdetarragona.cat\/es\/partidos-planter-grana-13\/\" \/>\n<meta property=\"og:site_name\" content=\"Gimn\u00e0stic de Tarragona SAD\" \/>\n<meta property=\"article:published_time\" content=\"2019-10-11T20:08:00+00:00\" \/>\n<meta property=\"og:image\" content=\"https:\/\/gimnasticdetarragona.cat\/wp-content\/uploads\/2022\/06\/1120112648841802332_e3c6f7477d_k.jpg\" \/>\n\t<meta property=\"og:image:width\" content=\"2048\" \/>\n\t<meta property=\"og:image:height\" content=\"1365\" \/>\n\t<meta property=\"og:image:type\" content=\"image\/jpeg\" \/>\n<meta name=\"author\" content=\"desarrollo\" \/>\n<meta name=\"twitter:card\" content=\"summary_large_image\" \/>\n<meta name=\"twitter:creator\" content=\"@NASTICTARRAGONA\" \/>\n<meta name=\"twitter:site\" content=\"@NASTICTARRAGONA\" \/>\n<meta name=\"twitter:label1\" content=\"Escrito por\" \/>\n\t<meta name=\"twitter:data1\" content=\"desarrollo\" \/>\n\t<meta name=\"twitter:label2\" content=\"Tiempo de lectura\" \/>\n\t<meta name=\"twitter:data2\" content=\"2 minutos\" \/>\n<script type=\"application\/ld+json\" class=\"yoast-schema-graph\">{\"@context\":\"https:\\\/\\\/schema.org\",\"@graph\":[{\"@type\":\"Article\",\"@id\":\"https:\\\/\\\/gimnasticdetarragona.cat\\\/es\\\/partidos-planter-grana-13\\\/#article\",\"isPartOf\":{\"@id\":\"https:\\\/\\\/gimnasticdetarragona.cat\\\/es\\\/partidos-planter-grana-13\\\/\"},\"author\":{\"name\":\"desarrollo\",\"@id\":\"https:\\\/\\\/gimnasticdetarragona.cat\\\/es\\\/#\\\/schema\\\/person\\\/47b6a637abf88f9bd835540f20ea069e\"},\"headline\":\"Partidos Planter Grana\",\"datePublished\":\"2019-10-11T20:08:00+00:00\",\"mainEntityOfPage\":{\"@id\":\"https:\\\/\\\/gimnasticdetarragona.cat\\\/es\\\/partidos-planter-grana-13\\\/\"},\"wordCount\":522,\"commentCount\":0,\"publisher\":{\"@id\":\"https:\\\/\\\/gimnasticdetarragona.cat\\\/es\\\/#organization\"},\"image\":{\"@id\":\"https:\\\/\\\/gimnasticdetarragona.cat\\\/es\\\/partidos-planter-grana-13\\\/#primaryimage\"},\"thumbnailUrl\":\"https:\\\/\\\/gimnasticdetarragona.cat\\\/wp-content\\\/uploads\\\/2022\\\/06\\\/1120112648841802332_e3c6f7477d_k.jpg\",\"articleSection\":[\"Actualidad\",\"F\u00fatbol Base\",\"Home\"],\"inLanguage\":\"es\"},{\"@type\":\"WebPage\",\"@id\":\"https:\\\/\\\/gimnasticdetarragona.cat\\\/es\\\/partidos-planter-grana-13\\\/\",\"url\":\"https:\\\/\\\/gimnasticdetarragona.cat\\\/es\\\/partidos-planter-grana-13\\\/\",\"name\":\"Partidos Planter Grana - Gimn\u00e0stic de Tarragona SAD\",\"isPartOf\":{\"@id\":\"https:\\\/\\\/gimnasticdetarragona.cat\\\/es\\\/#website\"},\"primaryImageOfPage\":{\"@id\":\"https:\\\/\\\/gimnasticdetarragona.cat\\\/es\\\/partidos-planter-grana-13\\\/#primaryimage\"},\"image\":{\"@id\":\"https:\\\/\\\/gimnasticdetarragona.cat\\\/es\\\/partidos-planter-grana-13\\\/#primaryimage\"},\"thumbnailUrl\":\"https:\\\/\\\/gimnasticdetarragona.cat\\\/wp-content\\\/uploads\\\/2022\\\/06\\\/1120112648841802332_e3c6f7477d_k.jpg\",\"datePublished\":\"2019-10-11T20:08:00+00:00\",\"breadcrumb\":{\"@id\":\"https:\\\/\\\/gimnasticdetarragona.cat\\\/es\\\/partidos-planter-grana-13\\\/#breadcrumb\"},\"inLanguage\":\"es\",\"potentialAction\":[{\"@type\":\"ReadAction\",\"target\":[\"https:\\\/\\\/gimnasticdetarragona.cat\\\/es\\\/partidos-planter-grana-13\\\/\"]}]},{\"@type\":\"ImageObject\",\"inLanguage\":\"es\",\"@id\":\"https:\\\/\\\/gimnasticdetarragona.cat\\\/es\\\/partidos-planter-grana-13\\\/#primaryimage\",\"url\":\"https:\\\/\\\/gimnasticdetarragona.cat\\\/wp-content\\\/uploads\\\/2022\\\/06\\\/1120112648841802332_e3c6f7477d_k.jpg\",\"contentUrl\":\"https:\\\/\\\/gimnasticdetarragona.cat\\\/wp-content\\\/uploads\\\/2022\\\/06\\\/1120112648841802332_e3c6f7477d_k.jpg\",\"width\":2048,\"height\":1365},{\"@type\":\"BreadcrumbList\",\"@id\":\"https:\\\/\\\/gimnasticdetarragona.cat\\\/es\\\/partidos-planter-grana-13\\\/#breadcrumb\",\"itemListElement\":[{\"@type\":\"ListItem\",\"position\":1,\"name\":\"Inici\",\"item\":\"https:\\\/\\\/gimnasticdetarragona.cat\\\/es\\\/nastic\\\/\"},{\"@type\":\"ListItem\",\"position\":2,\"name\":\"Partidos Planter Grana\"}]},{\"@type\":\"WebSite\",\"@id\":\"https:\\\/\\\/gimnasticdetarragona.cat\\\/es\\\/#website\",\"url\":\"https:\\\/\\\/gimnasticdetarragona.cat\\\/es\\\/\",\"name\":\"Gimn\u00e0stic de Tarragona SAD\",\"description\":\"Gimn\u00e0stic de Tarragona\",\"publisher\":{\"@id\":\"https:\\\/\\\/gimnasticdetarragona.cat\\\/es\\\/#organization\"},\"potentialAction\":[{\"@type\":\"SearchAction\",\"target\":{\"@type\":\"EntryPoint\",\"urlTemplate\":\"https:\\\/\\\/gimnasticdetarragona.cat\\\/es\\\/?s={search_term_string}\"},\"query-input\":{\"@type\":\"PropertyValueSpecification\",\"valueRequired\":true,\"valueName\":\"search_term_string\"}}],\"inLanguage\":\"es\"},{\"@type\":\"Organization\",\"@id\":\"https:\\\/\\\/gimnasticdetarragona.cat\\\/es\\\/#organization\",\"name\":\"GIMN\u00c0STIC DE TARRAGONA\",\"alternateName\":\"N\u00c0STIC\",\"url\":\"https:\\\/\\\/gimnasticdetarragona.cat\\\/es\\\/\",\"logo\":{\"@type\":\"ImageObject\",\"inLanguage\":\"es\",\"@id\":\"https:\\\/\\\/gimnasticdetarragona.cat\\\/es\\\/#\\\/schema\\\/logo\\\/image\\\/\",\"url\":\"https:\\\/\\\/gimnasticdetarragona.cat\\\/wp-content\\\/uploads\\\/2022\\\/06\\\/cropped-logo-gimnastic.png\",\"contentUrl\":\"https:\\\/\\\/gimnasticdetarragona.cat\\\/wp-content\\\/uploads\\\/2022\\\/06\\\/cropped-logo-gimnastic.png\",\"width\":224,\"height\":83,\"caption\":\"GIMN\u00c0STIC DE TARRAGONA\"},\"image\":{\"@id\":\"https:\\\/\\\/gimnasticdetarragona.cat\\\/es\\\/#\\\/schema\\\/logo\\\/image\\\/\"},\"sameAs\":[\"https:\\\/\\\/x.com\\\/NASTICTARRAGONA\",\"https:\\\/\\\/www.instagram.com\\\/nastictarragona\\\/\"]},{\"@type\":\"Person\",\"@id\":\"https:\\\/\\\/gimnasticdetarragona.cat\\\/es\\\/#\\\/schema\\\/person\\\/47b6a637abf88f9bd835540f20ea069e\",\"name\":\"desarrollo\",\"sameAs\":[\"https:\\\/\\\/clone.gimnasticdetarragona.cat\"]}]}<\/script>\n<!-- \/ Yoast SEO plugin. -->","yoast_head_json":{"title":"Partidos Planter Grana - Gimn\u00e0stic de Tarragona SAD","robots":{"index":"index","follow":"follow","max-snippet":"max-snippet:-1","max-image-preview":"max-image-preview:large","max-video-preview":"max-video-preview:-1"},"canonical":"https:\/\/gimnasticdetarragona.cat\/es\/partidos-planter-grana-13\/","og_locale":"es_ES","og_type":"article","og_title":"Partidos Planter Grana - Gimn\u00e0stic de Tarragona SAD","og_description":"Estos son los partidos de los equipos de f\u00fatbol base para este fin de semana (s\u00e1bado y domingo, 12 y 13 de octubre)","og_url":"https:\/\/gimnasticdetarragona.cat\/es\/partidos-planter-grana-13\/","og_site_name":"Gimn\u00e0stic de Tarragona SAD","article_published_time":"2019-10-11T20:08:00+00:00","og_image":[{"width":2048,"height":1365,"url":"https:\/\/gimnasticdetarragona.cat\/wp-content\/uploads\/2022\/06\/1120112648841802332_e3c6f7477d_k.jpg","type":"image\/jpeg"}],"author":"desarrollo","twitter_card":"summary_large_image","twitter_creator":"@NASTICTARRAGONA","twitter_site":"@NASTICTARRAGONA","twitter_misc":{"Escrito por":"desarrollo","Tiempo de lectura":"2 minutos"},"schema":{"@context":"https:\/\/schema.org","@graph":[{"@type":"Article","@id":"https:\/\/gimnasticdetarragona.cat\/es\/partidos-planter-grana-13\/#article","isPartOf":{"@id":"https:\/\/gimnasticdetarragona.cat\/es\/partidos-planter-grana-13\/"},"author":{"name":"desarrollo","@id":"https:\/\/gimnasticdetarragona.cat\/es\/#\/schema\/person\/47b6a637abf88f9bd835540f20ea069e"},"headline":"Partidos Planter Grana","datePublished":"2019-10-11T20:08:00+00:00","mainEntityOfPage":{"@id":"https:\/\/gimnasticdetarragona.cat\/es\/partidos-planter-grana-13\/"},"wordCount":522,"commentCount":0,"publisher":{"@id":"https:\/\/gimnasticdetarragona.cat\/es\/#organization"},"image":{"@id":"https:\/\/gimnasticdetarragona.cat\/es\/partidos-planter-grana-13\/#primaryimage"},"thumbnailUrl":"https:\/\/gimnasticdetarragona.cat\/wp-content\/uploads\/2022\/06\/1120112648841802332_e3c6f7477d_k.jpg","articleSection":["Actualidad","F\u00fatbol Base","Home"],"inLanguage":"es"},{"@type":"WebPage","@id":"https:\/\/gimnasticdetarragona.cat\/es\/partidos-planter-grana-13\/","url":"https:\/\/gimnasticdetarragona.cat\/es\/partidos-planter-grana-13\/","name":"Partidos Planter Grana - Gimn\u00e0stic de Tarragona SAD","isPartOf":{"@id":"https:\/\/gimnasticdetarragona.cat\/es\/#website"},"primaryImageOfPage":{"@id":"https:\/\/gimnasticdetarragona.cat\/es\/partidos-planter-grana-13\/#primaryimage"},"image":{"@id":"https:\/\/gimnasticdetarragona.cat\/es\/partidos-planter-grana-13\/#primaryimage"},"thumbnailUrl":"https:\/\/gimnasticdetarragona.cat\/wp-content\/uploads\/2022\/06\/1120112648841802332_e3c6f7477d_k.jpg","datePublished":"2019-10-11T20:08:00+00:00","breadcrumb":{"@id":"https:\/\/gimnasticdetarragona.cat\/es\/partidos-planter-grana-13\/#breadcrumb"},"inLanguage":"es","potentialAction":[{"@type":"ReadAction","target":["https:\/\/gimnasticdetarragona.cat\/es\/partidos-planter-grana-13\/"]}]},{"@type":"ImageObject","inLanguage":"es","@id":"https:\/\/gimnasticdetarragona.cat\/es\/partidos-planter-grana-13\/#primaryimage","url":"https:\/\/gimnasticdetarragona.cat\/wp-content\/uploads\/2022\/06\/1120112648841802332_e3c6f7477d_k.jpg","contentUrl":"https:\/\/gimnasticdetarragona.cat\/wp-content\/uploads\/2022\/06\/1120112648841802332_e3c6f7477d_k.jpg","width":2048,"height":1365},{"@type":"BreadcrumbList","@id":"https:\/\/gimnasticdetarragona.cat\/es\/partidos-planter-grana-13\/#breadcrumb","itemListElement":[{"@type":"ListItem","position":1,"name":"Inici","item":"https:\/\/gimnasticdetarragona.cat\/es\/nastic\/"},{"@type":"ListItem","position":2,"name":"Partidos Planter Grana"}]},{"@type":"WebSite","@id":"https:\/\/gimnasticdetarragona.cat\/es\/#website","url":"https:\/\/gimnasticdetarragona.cat\/es\/","name":"Gimn\u00e0stic de Tarragona SAD","description":"Gimn\u00e0stic de Tarragona","publisher":{"@id":"https:\/\/gimnasticdetarragona.cat\/es\/#organization"},"potentialAction":[{"@type":"SearchAction","target":{"@type":"EntryPoint","urlTemplate":"https:\/\/gimnasticdetarragona.cat\/es\/?s={search_term_string}"},"query-input":{"@type":"PropertyValueSpecification","valueRequired":true,"valueName":"search_term_string"}}],"inLanguage":"es"},{"@type":"Organization","@id":"https:\/\/gimnasticdetarragona.cat\/es\/#organization","name":"GIMN\u00c0STIC DE TARRAGONA","alternateName":"N\u00c0STIC","url":"https:\/\/gimnasticdetarragona.cat\/es\/","logo":{"@type":"ImageObject","inLanguage":"es","@id":"https:\/\/gimnasticdetarragona.cat\/es\/#\/schema\/logo\/image\/","url":"https:\/\/gimnasticdetarragona.cat\/wp-content\/uploads\/2022\/06\/cropped-logo-gimnastic.png","contentUrl":"https:\/\/gimnasticdetarragona.cat\/wp-content\/uploads\/2022\/06\/cropped-logo-gimnastic.png","width":224,"height":83,"caption":"GIMN\u00c0STIC DE TARRAGONA"},"image":{"@id":"https:\/\/gimnasticdetarragona.cat\/es\/#\/schema\/logo\/image\/"},"sameAs":["https:\/\/x.com\/NASTICTARRAGONA","https:\/\/www.instagram.com\/nastictarragona\/"]},{"@type":"Person","@id":"https:\/\/gimnasticdetarragona.cat\/es\/#\/schema\/person\/47b6a637abf88f9bd835540f20ea069e","name":"desarrollo","sameAs":["https:\/\/clone.gimnasticdetarragona.cat"]}]}},"_links":{"self":[{"href":"https:\/\/gimnasticdetarragona.cat\/es\/wp-json\/wp\/v2\/posts\/81354","targetHints":{"allow":["GET"]}}],"collection":[{"href":"https:\/\/gimnasticdetarragona.cat\/es\/wp-json\/wp\/v2\/posts"}],"about":[{"href":"https:\/\/gimnasticdetarragona.cat\/es\/wp-json\/wp\/v2\/types\/post"}],"author":[{"embeddable":true,"href":"https:\/\/gimnasticdetarragona.cat\/es\/wp-json\/wp\/v2\/users\/1"}],"replies":[{"embeddable":true,"href":"https:\/\/gimnasticdetarragona.cat\/es\/wp-json\/wp\/v2\/comments?post=81354"}],"version-history":[{"count":0,"href":"https:\/\/gimnasticdetarragona.cat\/es\/wp-json\/wp\/v2\/posts\/81354\/revisions"}],"wp:featuredmedia":[{"embeddable":true,"href":"https:\/\/gimnasticdetarragona.cat\/es\/wp-json\/wp\/v2\/media\/81351"}],"wp:attachment":[{"href":"https:\/\/gimnasticdetarragona.cat\/es\/wp-json\/wp\/v2\/media?parent=81354"}],"wp:term":[{"taxonomy":"category","embeddable":true,"href":"https:\/\/gimnasticdetarragona.cat\/es\/wp-json\/wp\/v2\/categories?post=81354"},{"taxonomy":"post_tag","embeddable":true,"href":"https:\/\/gimnasticdetarragona.cat\/es\/wp-json\/wp\/v2\/tags?post=81354"}],"curies":[{"name":"wp","href":"https:\/\/api.w.org\/{rel}","templated":true}]}}