{"id":81390,"date":"2019-10-20T16:51:00","date_gmt":"2019-10-20T16:51:00","guid":{"rendered":"https:\/\/clone.gimnasticdetarragona.cat\/nastic-2-1-cf-la-nucia\/"},"modified":"2019-10-20T16:51:00","modified_gmt":"2019-10-20T16:51:00","slug":"nastic-2-1-cf-la-nucia","status":"publish","type":"post","link":"https:\/\/gimnasticdetarragona.cat\/es\/nastic-2-1-cf-la-nucia\/","title":{"rendered":"N\u00e0stic 2 &#8211; 1 CF La Nuc\u00eda"},"content":{"rendered":"<p style=\"background: white; box-sizing: border-box; font-variant-ligatures: normal; font-variant-caps: normal; orphans: 2; widows: 2; -webkit-text-stroke-width: 0px; text-decoration-style: initial; text-decoration-color: initial; word-spacing: 0px; text-align: justify;\"><span style=\"box-sizing: border-box;\"><span style=\"color: #2a2a2a;\">El conjunto grana afrontaba otro partido en el Nou Estadi en busca de la primera victoria como local de esta temporada. Tras encadenar dos empates consecutivos, ante Castell&oacute;n y Valencia Mestalla, los de Xavi Bartolo han preparado esta jornada 9 sabedores de la importancia de sumar los 3 puntos.<\/span><\/span><\/p>\n<p style=\"background: white; box-sizing: border-box; font-variant-ligatures: normal; font-variant-caps: normal; orphans: 2; widows: 2; -webkit-text-stroke-width: 0px; text-decoration-style: initial; text-decoration-color: initial; word-spacing: 0px; text-align: justify;\"><span style=\"box-sizing: border-box;\"><span style=\"color: #2a2a2a;\">Los jugadores han saltado al terreno de juego muy preparados y confiados en que este duelo conseguir&iacute;an la victoria. Desde el primer minuto, el N&agrave;stic se ha mostrado como el claro dominador del esf&eacute;rico y encadenando numerosos ataques a la porter&iacute;a rival. Con este empuje, junto con el apoyo de los aficionados desde la grada, ha llegado el primer gol en el minuto 5. Una jugada a bal&oacute;n parado, ejecutada por Bonilla, ha sido mal despejada por Juanan, que se ha introducido el esf&eacute;rico en la propia porter&iacute;a. Cuando se llevaban diez minutos de juego, Habran JR pudo incrementar el marcador despu&eacute;s de tener de un mano a mano ante el meta rival, que pudo rechazar su disparo cruzado. El mismo delantero franc&eacute;s, no ha perdonado en la siguiente ocasi&oacute;n que ha dispuesto. Ha sido en el 13&#8242;, cuando ha recogido un rechace en la frontal del &aacute;rea y ha colocado el bal&oacute;n a la base del poste derecho del meta &Oacute;scar Forn&eacute;s. Los tarraconenses han continuado asediando la porter&iacute;a del CF La Nuc&iacute;a. En el minuto 18, R. Brugu&eacute; ha quedado a cent&iacute;metros de conectar nuevamente con Romain Habran JR, pero la defensa ha conseguido alejar. Y en una jugada aislada, el conjunto alicantino ha conseguido recortar distancias en el marcador en el minuto 29. Una p&eacute;rdida en la zona de medios la ha aprovechado Ag&uuml;ero para poner el esf&eacute;rico en la escuadra de la porter&iacute;a defendida por Bernab&eacute;. Este gol, ha provocado que los visitantes dieran un paso adelante, y los grana atr&aacute;s. A pesar de la mayor posesi&oacute;n del equipo entrenado por el exgrana C&eacute;sar Ferrando, el N&agrave;stic se ha mostrado seguro en defensa y no ha concedido ocasiones.<\/span><\/span><\/p>\n<p style=\"background: white; box-sizing: border-box; font-variant-ligatures: normal; font-variant-caps: normal; orphans: 2; widows: 2; -webkit-text-stroke-width: 0px; text-decoration-style: initial; text-decoration-color: initial; word-spacing: 0px; text-align: justify;\"><span style=\"box-sizing: border-box;\"><span style=\"color: #2a2a2a;\">En la reanudaci&oacute;n, los dos equipos han salido atrevidos a por el gol. Y los visitantes se han quedado a punto de poner la igualada desde los once metros. Bernab&eacute; ha esperado el disparo de Fofo y bien colocado estir&oacute; la mano para enviar a c&oacute;rner. Esta acci&oacute;n ha espoleado a todos los presentes en el Nou Estadi, lo que ha provocado un cambio de imagen positivo en el juego de los de Xavi Bartolo. En el 55&#8242;, desde el c&oacute;rner, el bal&oacute;n se ha paseado por el interior del &aacute;rea peque&ntilde;a sin encontrar el remate por muy poco. Posteriormente, Pol Ballesteros lo ha intentado en dos ocasiones; encontrando al portero, en la primera; y buscando la base del poste, sin suerte en el segundo intento. En los siguientes instantes se ha interrumpido el juego en diferentes acciones de falta y ambos conjuntos han realizado los tres cambios por equipo. Ya en el tramo final, en jugada de contraataque conducida por Ferran Giner, ha estado a punto de sentenciar Sergio Montero, que se ha encontrado con el portero. Y el CF La Nuc&iacute;a ha tenido la &uacute;ltima oportunidad del partido, en un remate de Titi que se ha topado con Bernab&eacute; Barrag&aacute;n, rechazando con acierto. Finalmente, el resultado de 2-1 supone que el Nou Estadi vea la primera victoria del curso deportivo 2019-2020.<\/span><\/span><\/p>\n<p style=\"background: white; box-sizing: border-box; font-variant-ligatures: normal; font-variant-caps: normal; orphans: 2; widows: 2; -webkit-text-stroke-width: 0px; text-decoration-style: initial; text-decoration-color: initial; word-spacing: 0px; text-align: justify;\"><span style=\"box-sizing: border-box;\"><span style=\"color: #2a2a2a;\">El N&agrave;stic buscar&aacute; la segunda victoria consecutiva en el enfrentamiento de la jornada 10 ante la UE Olot, duelo que se disputar&aacute; el domingo 27 de octubre, a partir de las 17 horas, en el Estadio Municipal de Olot.<br \/><\/span><\/span><\/p>\n<p style=\"background: white; box-sizing: border-box; font-variant-ligatures: normal; font-variant-caps: normal; orphans: 2; widows: 2; -webkit-text-stroke-width: 0px; text-decoration-style: initial; text-decoration-color: initial; word-spacing: 0px; text-align: justify;\"><strong style=\"box-sizing: border-box;\"><span style=\"box-sizing: border-box;\"><span style=\"color: #2a2a2a;\">Alineaciones<\/span><\/span><\/strong><b style=\"box-sizing: border-box;\"><span style=\"box-sizing: border-box;\"><span style=\"color: #2a2a2a;\"><br style=\"box-sizing: border-box;\" \/><\/span><\/span><\/b><span style=\"color: #2a2a2a;\"><\/span><span style=\"box-sizing: border-box;\">N&agrave;stic: Bernab&eacute;, Pol V, Bonilla, Goldar, J. Rodr&iacute;guez, D. Petcoff (Sergio Montero, 65&rsquo;), R. Brugu&eacute;, Habran JR (Lolo Pl&aacute;, 78&rsquo;), Perone, Pol B. (Albarr&aacute;n, 71&rsquo;), Ferran G.P.<o:p><\/o:p><\/span><\/p>\n<p style=\"background: white; box-sizing: border-box; font-variant-ligatures: normal; font-variant-caps: normal; orphans: 2; widows: 2; -webkit-text-stroke-width: 0px; text-decoration-style: initial; text-decoration-color: initial; word-spacing: 0px; text-align: justify;\"><span style=\"box-sizing: border-box;\"><span style=\"color: #2a2a2a;\">CF La Nuc&iacute;a: &Oacute;scar Forn&eacute;s, Mi&ntilde;ano, Fofo (Titi, 80&rsquo;), Juanan (Sergi, 71&rsquo;), Fran Moreno, Neftal&iacute;, Ortiz, Ag&uuml;ero (Juanjo Gracia, 61&rsquo;), A. Pedraza, J. Mas, Main.<o:p><\/o:p><\/span><\/span><\/p>\n<p style=\"background: white; box-sizing: border-box; font-variant-ligatures: normal; font-variant-caps: normal; orphans: 2; widows: 2; -webkit-text-stroke-width: 0px; text-decoration-style: initial; text-decoration-color: initial; word-spacing: 0px; text-align: justify;\"><strong style=\"box-sizing: border-box;\"><span style=\"box-sizing: border-box;\"><span style=\"color: #2a2a2a;\">Goles<\/span><\/span><\/strong><b style=\"box-sizing: border-box;\"><span style=\"box-sizing: border-box;\"><span style=\"color: #2a2a2a;\"><br style=\"box-sizing: border-box;\" \/><\/span><\/span><\/b><span style=\"color: #2a2a2a;\"><\/span><span style=\"box-sizing: border-box;\">1-0, Juanan (5&#8242;, p.p.); 2-0, Habran JR (13&rsquo;)<u1:p><\/u1:p><\/span>; 2-1, Ag&uuml;ero (29&rsquo;).<o:p><\/o:p><\/p>\n<p style=\"background: white; box-sizing: border-box; font-variant-ligatures: normal; font-variant-caps: normal; orphans: 2; widows: 2; -webkit-text-stroke-width: 0px; text-decoration-style: initial; text-decoration-color: initial; word-spacing: 0px; text-align: justify;\"><strong style=\"box-sizing: border-box;\"><span style=\"box-sizing: border-box;\"><span style=\"color: #2a2a2a;\">Observaciones<\/span><\/span><\/strong><b style=\"box-sizing: border-box;\"><span style=\"box-sizing: border-box;\"><span style=\"color: #2a2a2a;\"><br style=\"box-sizing: border-box;\" \/><\/span><\/span><\/b>Partido de la jornada 9 del grupo III de la Segunda Divisi&oacute;n B disputado en el Nou Estadi. 2.886 espectadores. Partido arbitrado por Alberto Lou Ballano (Colegio aragon&eacute;s).<\/p>\n","protected":false},"excerpt":{"rendered":"<p>Primera victoria en el Nou Estadi<\/p>\n","protected":false},"author":1,"featured_media":81387,"comment_status":"open","ping_status":"open","sticky":false,"template":"","format":"standard","meta":{"_acf_changed":false,"footnotes":""},"categories":[113,123,126],"tags":[],"class_list":["post-81390","post","type-post","status-publish","format-standard","has-post-thumbnail","hentry","category-actualidad","category-laliga","category-primer-equipo"],"acf":[],"yoast_head":"<!-- This site is optimized with the Yoast SEO plugin v27.3 - https:\/\/yoast.com\/product\/yoast-seo-wordpress\/ -->\n<title>N\u00e0stic 2 - 1 CF La Nuc\u00eda - Gimn\u00e0stic de Tarragona SAD<\/title>\n<meta name=\"robots\" content=\"index, follow, max-snippet:-1, max-image-preview:large, max-video-preview:-1\" \/>\n<link rel=\"canonical\" href=\"https:\/\/gimnasticdetarragona.cat\/es\/nastic-2-1-cf-la-nucia\/\" \/>\n<meta property=\"og:locale\" content=\"es_ES\" \/>\n<meta property=\"og:type\" content=\"article\" \/>\n<meta property=\"og:title\" content=\"N\u00e0stic 2 - 1 CF La Nuc\u00eda - Gimn\u00e0stic de Tarragona SAD\" \/>\n<meta property=\"og:description\" content=\"Primera victoria en el Nou Estadi\" \/>\n<meta property=\"og:url\" content=\"https:\/\/gimnasticdetarragona.cat\/es\/nastic-2-1-cf-la-nucia\/\" \/>\n<meta property=\"og:site_name\" content=\"Gimn\u00e0stic de Tarragona SAD\" \/>\n<meta property=\"article:published_time\" content=\"2019-10-20T16:51:00+00:00\" \/>\n<meta property=\"og:image\" content=\"https:\/\/gimnasticdetarragona.cat\/wp-content\/uploads\/2022\/06\/2017391048929850606_646f798256_o-1024x683.jpg\" \/>\n\t<meta property=\"og:image:width\" content=\"1024\" \/>\n\t<meta property=\"og:image:height\" content=\"683\" \/>\n\t<meta property=\"og:image:type\" content=\"image\/jpeg\" \/>\n<meta name=\"author\" content=\"desarrollo\" \/>\n<meta name=\"twitter:card\" content=\"summary_large_image\" \/>\n<meta name=\"twitter:creator\" content=\"@NASTICTARRAGONA\" \/>\n<meta name=\"twitter:site\" content=\"@NASTICTARRAGONA\" \/>\n<meta name=\"twitter:label1\" content=\"Escrito por\" \/>\n\t<meta name=\"twitter:data1\" content=\"desarrollo\" \/>\n\t<meta name=\"twitter:label2\" content=\"Tiempo de lectura\" \/>\n\t<meta name=\"twitter:data2\" content=\"4 minutos\" \/>\n<script type=\"application\/ld+json\" class=\"yoast-schema-graph\">{\"@context\":\"https:\\\/\\\/schema.org\",\"@graph\":[{\"@type\":\"Article\",\"@id\":\"https:\\\/\\\/gimnasticdetarragona.cat\\\/es\\\/nastic-2-1-cf-la-nucia\\\/#article\",\"isPartOf\":{\"@id\":\"https:\\\/\\\/gimnasticdetarragona.cat\\\/es\\\/nastic-2-1-cf-la-nucia\\\/\"},\"author\":{\"name\":\"desarrollo\",\"@id\":\"https:\\\/\\\/gimnasticdetarragona.cat\\\/es\\\/#\\\/schema\\\/person\\\/47b6a637abf88f9bd835540f20ea069e\"},\"headline\":\"N\u00e0stic 2 &#8211; 1 CF La Nuc\u00eda\",\"datePublished\":\"2019-10-20T16:51:00+00:00\",\"mainEntityOfPage\":{\"@id\":\"https:\\\/\\\/gimnasticdetarragona.cat\\\/es\\\/nastic-2-1-cf-la-nucia\\\/\"},\"wordCount\":785,\"commentCount\":0,\"publisher\":{\"@id\":\"https:\\\/\\\/gimnasticdetarragona.cat\\\/es\\\/#organization\"},\"image\":{\"@id\":\"https:\\\/\\\/gimnasticdetarragona.cat\\\/es\\\/nastic-2-1-cf-la-nucia\\\/#primaryimage\"},\"thumbnailUrl\":\"https:\\\/\\\/gimnasticdetarragona.cat\\\/wp-content\\\/uploads\\\/2022\\\/06\\\/2017391048929850606_646f798256_o.jpg\",\"articleSection\":[\"Actualidad\",\"LaLiga\",\"Primer Equipo\"],\"inLanguage\":\"es\"},{\"@type\":\"WebPage\",\"@id\":\"https:\\\/\\\/gimnasticdetarragona.cat\\\/es\\\/nastic-2-1-cf-la-nucia\\\/\",\"url\":\"https:\\\/\\\/gimnasticdetarragona.cat\\\/es\\\/nastic-2-1-cf-la-nucia\\\/\",\"name\":\"N\u00e0stic 2 - 1 CF La Nuc\u00eda - Gimn\u00e0stic de Tarragona SAD\",\"isPartOf\":{\"@id\":\"https:\\\/\\\/gimnasticdetarragona.cat\\\/es\\\/#website\"},\"primaryImageOfPage\":{\"@id\":\"https:\\\/\\\/gimnasticdetarragona.cat\\\/es\\\/nastic-2-1-cf-la-nucia\\\/#primaryimage\"},\"image\":{\"@id\":\"https:\\\/\\\/gimnasticdetarragona.cat\\\/es\\\/nastic-2-1-cf-la-nucia\\\/#primaryimage\"},\"thumbnailUrl\":\"https:\\\/\\\/gimnasticdetarragona.cat\\\/wp-content\\\/uploads\\\/2022\\\/06\\\/2017391048929850606_646f798256_o.jpg\",\"datePublished\":\"2019-10-20T16:51:00+00:00\",\"breadcrumb\":{\"@id\":\"https:\\\/\\\/gimnasticdetarragona.cat\\\/es\\\/nastic-2-1-cf-la-nucia\\\/#breadcrumb\"},\"inLanguage\":\"es\",\"potentialAction\":[{\"@type\":\"ReadAction\",\"target\":[\"https:\\\/\\\/gimnasticdetarragona.cat\\\/es\\\/nastic-2-1-cf-la-nucia\\\/\"]}]},{\"@type\":\"ImageObject\",\"inLanguage\":\"es\",\"@id\":\"https:\\\/\\\/gimnasticdetarragona.cat\\\/es\\\/nastic-2-1-cf-la-nucia\\\/#primaryimage\",\"url\":\"https:\\\/\\\/gimnasticdetarragona.cat\\\/wp-content\\\/uploads\\\/2022\\\/06\\\/2017391048929850606_646f798256_o.jpg\",\"contentUrl\":\"https:\\\/\\\/gimnasticdetarragona.cat\\\/wp-content\\\/uploads\\\/2022\\\/06\\\/2017391048929850606_646f798256_o.jpg\",\"width\":2449,\"height\":1633},{\"@type\":\"BreadcrumbList\",\"@id\":\"https:\\\/\\\/gimnasticdetarragona.cat\\\/es\\\/nastic-2-1-cf-la-nucia\\\/#breadcrumb\",\"itemListElement\":[{\"@type\":\"ListItem\",\"position\":1,\"name\":\"Inici\",\"item\":\"https:\\\/\\\/gimnasticdetarragona.cat\\\/es\\\/nastic\\\/\"},{\"@type\":\"ListItem\",\"position\":2,\"name\":\"N\u00e0stic 2 &#8211; 1 CF La Nuc\u00eda\"}]},{\"@type\":\"WebSite\",\"@id\":\"https:\\\/\\\/gimnasticdetarragona.cat\\\/es\\\/#website\",\"url\":\"https:\\\/\\\/gimnasticdetarragona.cat\\\/es\\\/\",\"name\":\"Gimn\u00e0stic de Tarragona SAD\",\"description\":\"Gimn\u00e0stic de Tarragona\",\"publisher\":{\"@id\":\"https:\\\/\\\/gimnasticdetarragona.cat\\\/es\\\/#organization\"},\"potentialAction\":[{\"@type\":\"SearchAction\",\"target\":{\"@type\":\"EntryPoint\",\"urlTemplate\":\"https:\\\/\\\/gimnasticdetarragona.cat\\\/es\\\/?s={search_term_string}\"},\"query-input\":{\"@type\":\"PropertyValueSpecification\",\"valueRequired\":true,\"valueName\":\"search_term_string\"}}],\"inLanguage\":\"es\"},{\"@type\":\"Organization\",\"@id\":\"https:\\\/\\\/gimnasticdetarragona.cat\\\/es\\\/#organization\",\"name\":\"GIMN\u00c0STIC DE TARRAGONA\",\"alternateName\":\"N\u00c0STIC\",\"url\":\"https:\\\/\\\/gimnasticdetarragona.cat\\\/es\\\/\",\"logo\":{\"@type\":\"ImageObject\",\"inLanguage\":\"es\",\"@id\":\"https:\\\/\\\/gimnasticdetarragona.cat\\\/es\\\/#\\\/schema\\\/logo\\\/image\\\/\",\"url\":\"https:\\\/\\\/gimnasticdetarragona.cat\\\/wp-content\\\/uploads\\\/2022\\\/06\\\/cropped-logo-gimnastic.png\",\"contentUrl\":\"https:\\\/\\\/gimnasticdetarragona.cat\\\/wp-content\\\/uploads\\\/2022\\\/06\\\/cropped-logo-gimnastic.png\",\"width\":224,\"height\":83,\"caption\":\"GIMN\u00c0STIC DE TARRAGONA\"},\"image\":{\"@id\":\"https:\\\/\\\/gimnasticdetarragona.cat\\\/es\\\/#\\\/schema\\\/logo\\\/image\\\/\"},\"sameAs\":[\"https:\\\/\\\/x.com\\\/NASTICTARRAGONA\",\"https:\\\/\\\/www.instagram.com\\\/nastictarragona\\\/\"]},{\"@type\":\"Person\",\"@id\":\"https:\\\/\\\/gimnasticdetarragona.cat\\\/es\\\/#\\\/schema\\\/person\\\/47b6a637abf88f9bd835540f20ea069e\",\"name\":\"desarrollo\",\"sameAs\":[\"https:\\\/\\\/clone.gimnasticdetarragona.cat\"]}]}<\/script>\n<!-- \/ Yoast SEO plugin. -->","yoast_head_json":{"title":"N\u00e0stic 2 - 1 CF La Nuc\u00eda - Gimn\u00e0stic de Tarragona SAD","robots":{"index":"index","follow":"follow","max-snippet":"max-snippet:-1","max-image-preview":"max-image-preview:large","max-video-preview":"max-video-preview:-1"},"canonical":"https:\/\/gimnasticdetarragona.cat\/es\/nastic-2-1-cf-la-nucia\/","og_locale":"es_ES","og_type":"article","og_title":"N\u00e0stic 2 - 1 CF La Nuc\u00eda - Gimn\u00e0stic de Tarragona SAD","og_description":"Primera victoria en el Nou Estadi","og_url":"https:\/\/gimnasticdetarragona.cat\/es\/nastic-2-1-cf-la-nucia\/","og_site_name":"Gimn\u00e0stic de Tarragona SAD","article_published_time":"2019-10-20T16:51:00+00:00","og_image":[{"width":1024,"height":683,"url":"https:\/\/gimnasticdetarragona.cat\/wp-content\/uploads\/2022\/06\/2017391048929850606_646f798256_o-1024x683.jpg","type":"image\/jpeg"}],"author":"desarrollo","twitter_card":"summary_large_image","twitter_creator":"@NASTICTARRAGONA","twitter_site":"@NASTICTARRAGONA","twitter_misc":{"Escrito por":"desarrollo","Tiempo de lectura":"4 minutos"},"schema":{"@context":"https:\/\/schema.org","@graph":[{"@type":"Article","@id":"https:\/\/gimnasticdetarragona.cat\/es\/nastic-2-1-cf-la-nucia\/#article","isPartOf":{"@id":"https:\/\/gimnasticdetarragona.cat\/es\/nastic-2-1-cf-la-nucia\/"},"author":{"name":"desarrollo","@id":"https:\/\/gimnasticdetarragona.cat\/es\/#\/schema\/person\/47b6a637abf88f9bd835540f20ea069e"},"headline":"N\u00e0stic 2 &#8211; 1 CF La Nuc\u00eda","datePublished":"2019-10-20T16:51:00+00:00","mainEntityOfPage":{"@id":"https:\/\/gimnasticdetarragona.cat\/es\/nastic-2-1-cf-la-nucia\/"},"wordCount":785,"commentCount":0,"publisher":{"@id":"https:\/\/gimnasticdetarragona.cat\/es\/#organization"},"image":{"@id":"https:\/\/gimnasticdetarragona.cat\/es\/nastic-2-1-cf-la-nucia\/#primaryimage"},"thumbnailUrl":"https:\/\/gimnasticdetarragona.cat\/wp-content\/uploads\/2022\/06\/2017391048929850606_646f798256_o.jpg","articleSection":["Actualidad","LaLiga","Primer Equipo"],"inLanguage":"es"},{"@type":"WebPage","@id":"https:\/\/gimnasticdetarragona.cat\/es\/nastic-2-1-cf-la-nucia\/","url":"https:\/\/gimnasticdetarragona.cat\/es\/nastic-2-1-cf-la-nucia\/","name":"N\u00e0stic 2 - 1 CF La Nuc\u00eda - Gimn\u00e0stic de Tarragona SAD","isPartOf":{"@id":"https:\/\/gimnasticdetarragona.cat\/es\/#website"},"primaryImageOfPage":{"@id":"https:\/\/gimnasticdetarragona.cat\/es\/nastic-2-1-cf-la-nucia\/#primaryimage"},"image":{"@id":"https:\/\/gimnasticdetarragona.cat\/es\/nastic-2-1-cf-la-nucia\/#primaryimage"},"thumbnailUrl":"https:\/\/gimnasticdetarragona.cat\/wp-content\/uploads\/2022\/06\/2017391048929850606_646f798256_o.jpg","datePublished":"2019-10-20T16:51:00+00:00","breadcrumb":{"@id":"https:\/\/gimnasticdetarragona.cat\/es\/nastic-2-1-cf-la-nucia\/#breadcrumb"},"inLanguage":"es","potentialAction":[{"@type":"ReadAction","target":["https:\/\/gimnasticdetarragona.cat\/es\/nastic-2-1-cf-la-nucia\/"]}]},{"@type":"ImageObject","inLanguage":"es","@id":"https:\/\/gimnasticdetarragona.cat\/es\/nastic-2-1-cf-la-nucia\/#primaryimage","url":"https:\/\/gimnasticdetarragona.cat\/wp-content\/uploads\/2022\/06\/2017391048929850606_646f798256_o.jpg","contentUrl":"https:\/\/gimnasticdetarragona.cat\/wp-content\/uploads\/2022\/06\/2017391048929850606_646f798256_o.jpg","width":2449,"height":1633},{"@type":"BreadcrumbList","@id":"https:\/\/gimnasticdetarragona.cat\/es\/nastic-2-1-cf-la-nucia\/#breadcrumb","itemListElement":[{"@type":"ListItem","position":1,"name":"Inici","item":"https:\/\/gimnasticdetarragona.cat\/es\/nastic\/"},{"@type":"ListItem","position":2,"name":"N\u00e0stic 2 &#8211; 1 CF La Nuc\u00eda"}]},{"@type":"WebSite","@id":"https:\/\/gimnasticdetarragona.cat\/es\/#website","url":"https:\/\/gimnasticdetarragona.cat\/es\/","name":"Gimn\u00e0stic de Tarragona SAD","description":"Gimn\u00e0stic de Tarragona","publisher":{"@id":"https:\/\/gimnasticdetarragona.cat\/es\/#organization"},"potentialAction":[{"@type":"SearchAction","target":{"@type":"EntryPoint","urlTemplate":"https:\/\/gimnasticdetarragona.cat\/es\/?s={search_term_string}"},"query-input":{"@type":"PropertyValueSpecification","valueRequired":true,"valueName":"search_term_string"}}],"inLanguage":"es"},{"@type":"Organization","@id":"https:\/\/gimnasticdetarragona.cat\/es\/#organization","name":"GIMN\u00c0STIC DE TARRAGONA","alternateName":"N\u00c0STIC","url":"https:\/\/gimnasticdetarragona.cat\/es\/","logo":{"@type":"ImageObject","inLanguage":"es","@id":"https:\/\/gimnasticdetarragona.cat\/es\/#\/schema\/logo\/image\/","url":"https:\/\/gimnasticdetarragona.cat\/wp-content\/uploads\/2022\/06\/cropped-logo-gimnastic.png","contentUrl":"https:\/\/gimnasticdetarragona.cat\/wp-content\/uploads\/2022\/06\/cropped-logo-gimnastic.png","width":224,"height":83,"caption":"GIMN\u00c0STIC DE TARRAGONA"},"image":{"@id":"https:\/\/gimnasticdetarragona.cat\/es\/#\/schema\/logo\/image\/"},"sameAs":["https:\/\/x.com\/NASTICTARRAGONA","https:\/\/www.instagram.com\/nastictarragona\/"]},{"@type":"Person","@id":"https:\/\/gimnasticdetarragona.cat\/es\/#\/schema\/person\/47b6a637abf88f9bd835540f20ea069e","name":"desarrollo","sameAs":["https:\/\/clone.gimnasticdetarragona.cat"]}]}},"_links":{"self":[{"href":"https:\/\/gimnasticdetarragona.cat\/es\/wp-json\/wp\/v2\/posts\/81390","targetHints":{"allow":["GET"]}}],"collection":[{"href":"https:\/\/gimnasticdetarragona.cat\/es\/wp-json\/wp\/v2\/posts"}],"about":[{"href":"https:\/\/gimnasticdetarragona.cat\/es\/wp-json\/wp\/v2\/types\/post"}],"author":[{"embeddable":true,"href":"https:\/\/gimnasticdetarragona.cat\/es\/wp-json\/wp\/v2\/users\/1"}],"replies":[{"embeddable":true,"href":"https:\/\/gimnasticdetarragona.cat\/es\/wp-json\/wp\/v2\/comments?post=81390"}],"version-history":[{"count":0,"href":"https:\/\/gimnasticdetarragona.cat\/es\/wp-json\/wp\/v2\/posts\/81390\/revisions"}],"wp:featuredmedia":[{"embeddable":true,"href":"https:\/\/gimnasticdetarragona.cat\/es\/wp-json\/wp\/v2\/media\/81387"}],"wp:attachment":[{"href":"https:\/\/gimnasticdetarragona.cat\/es\/wp-json\/wp\/v2\/media?parent=81390"}],"wp:term":[{"taxonomy":"category","embeddable":true,"href":"https:\/\/gimnasticdetarragona.cat\/es\/wp-json\/wp\/v2\/categories?post=81390"},{"taxonomy":"post_tag","embeddable":true,"href":"https:\/\/gimnasticdetarragona.cat\/es\/wp-json\/wp\/v2\/tags?post=81390"}],"curies":[{"name":"wp","href":"https:\/\/api.w.org\/{rel}","templated":true}]}}