{"id":81699,"date":"2020-01-22T17:06:00","date_gmt":"2020-01-22T17:06:00","guid":{"rendered":"https:\/\/clone.gimnasticdetarragona.cat\/convenio-de-colaboracion-entre-el-nastic-y-ecoembes\/"},"modified":"2020-01-22T17:06:00","modified_gmt":"2020-01-22T17:06:00","slug":"convenio-de-colaboracion-entre-el-nastic-y-ecoembes","status":"publish","type":"post","link":"https:\/\/gimnasticdetarragona.cat\/es\/convenio-de-colaboracion-entre-el-nastic-y-ecoembes\/","title":{"rendered":"Convenio de colaboraci\u00f3n entre el N\u00e0stic y Ecoembes"},"content":{"rendered":"<p style=\"text-align: justify;\">El Gimn&agrave;stic de Tarragona y Ecoembes, la organizaci&oacute;n medioambiental sin &aacute;nimo de lucro que coordina el reciclaje de envases en Espa&ntilde;a, desarrollar&aacute;n acciones conjuntas para la correcta gesti&oacute;n de los residuos de envases generados en las instalaciones del N&agrave;stic.<\/p>\n<p style=\"text-align: justify;\">De este modo, El Gimn&agrave;stic de Tarragona se sensibiliza con la causa medioambiental y con el reciclaje de los residuos generados diariamente y contin&uacute;a poniendo en pr&aacute;ctica su compromiso de responsabilidad social y ambiental hacia los valores del territorio.<\/p>\n<p style=\"text-align: justify;\">Los encargados de poner la r&uacute;brica al acuerdo han sido el director general grana, Llu&iacute;s F&agrave;bregas y Alberto Caldeiro Jim&eacute;nez, gerente de Reciclado y Recogidas Selectivas Fuera del Hogar de Ecoembes.<\/p>\n<p style=\"text-align: justify;\">Las instalaciones de la Budallera contar&aacute;n con diferentes papeleras y contenedores con carteler&iacute;a espec&iacute;fica, repartidos por los accesos y en el interior de los recintos deportivos y administrativos. En total, se han distribuido 23 papeleras de polipropileno, 4 papeleras bicompartimentadas, 7 cubos de 90 litros, 36 cubos de 120 litros y 12 contenedores de 800 litros. De esta manera todos los deportistas, usuarios, familiares y amigos que acuden di&aacute;riamente a las instalaciones podr&aacute;n dar una segunda vida a los residuos de envases de pl&aacute;stico, latas y briks (contenedor amarillo), as&iacute; como al papel y cart&oacute;n (contenedor azul) que se generen y cuidar, al mismo tiempo, el medioambiente.<\/p>\n<p style=\"text-align: justify;\">Ecoembes garantiza que los residuos de envase recogidos en las instalaciones del Club, por el gestor autorizado, se gestionen adecuadamente a trav&eacute;s del control de la trazabilidad y asegurando el reciclaje hasta su destino final.<\/p>\n","protected":false},"excerpt":{"rendered":"<p>Se desarrollar\u00e1n acciones conjuntas para la correcta gesti\u00f3n de residuos<\/p>\n","protected":false},"author":1,"featured_media":81696,"comment_status":"open","ping_status":"open","sticky":false,"template":"","format":"standard","meta":{"_acf_changed":false,"footnotes":""},"categories":[113,121,138],"tags":[],"class_list":["post-81699","post","type-post","status-publish","format-standard","has-post-thumbnail","hentry","category-actualidad","category-home","category-socio"],"acf":[],"yoast_head":"<!-- This site is optimized with the Yoast SEO plugin v27.3 - https:\/\/yoast.com\/product\/yoast-seo-wordpress\/ -->\n<title>Convenio de colaboraci\u00f3n entre el N\u00e0stic y Ecoembes - Gimn\u00e0stic de Tarragona SAD<\/title>\n<meta name=\"robots\" content=\"index, follow, max-snippet:-1, max-image-preview:large, max-video-preview:-1\" \/>\n<link rel=\"canonical\" href=\"https:\/\/gimnasticdetarragona.cat\/es\/convenio-de-colaboracion-entre-el-nastic-y-ecoembes\/\" \/>\n<meta property=\"og:locale\" content=\"es_ES\" \/>\n<meta property=\"og:type\" content=\"article\" \/>\n<meta property=\"og:title\" content=\"Convenio de colaboraci\u00f3n entre el N\u00e0stic y Ecoembes - Gimn\u00e0stic de Tarragona SAD\" \/>\n<meta property=\"og:description\" content=\"Se desarrollar\u00e1n acciones conjuntas para la correcta gesti\u00f3n de residuos\" \/>\n<meta property=\"og:url\" content=\"https:\/\/gimnasticdetarragona.cat\/es\/convenio-de-colaboracion-entre-el-nastic-y-ecoembes\/\" \/>\n<meta property=\"og:site_name\" content=\"Gimn\u00e0stic de Tarragona SAD\" \/>\n<meta property=\"article:published_time\" content=\"2020-01-22T17:06:00+00:00\" \/>\n<meta property=\"og:image\" content=\"https:\/\/gimnasticdetarragona.cat\/wp-content\/uploads\/2022\/06\/22171401img_3513-scaled.jpg\" \/>\n\t<meta property=\"og:image:width\" content=\"2560\" \/>\n\t<meta property=\"og:image:height\" content=\"1920\" \/>\n\t<meta property=\"og:image:type\" content=\"image\/jpeg\" \/>\n<meta name=\"author\" content=\"desarrollo\" \/>\n<meta name=\"twitter:card\" content=\"summary_large_image\" \/>\n<meta name=\"twitter:creator\" content=\"@NASTICTARRAGONA\" \/>\n<meta name=\"twitter:site\" content=\"@NASTICTARRAGONA\" \/>\n<meta name=\"twitter:label1\" content=\"Escrito por\" \/>\n\t<meta name=\"twitter:data1\" content=\"desarrollo\" \/>\n\t<meta name=\"twitter:label2\" content=\"Tiempo de lectura\" \/>\n\t<meta name=\"twitter:data2\" content=\"1 minuto\" \/>\n<script type=\"application\/ld+json\" class=\"yoast-schema-graph\">{\"@context\":\"https:\\\/\\\/schema.org\",\"@graph\":[{\"@type\":\"Article\",\"@id\":\"https:\\\/\\\/gimnasticdetarragona.cat\\\/es\\\/convenio-de-colaboracion-entre-el-nastic-y-ecoembes\\\/#article\",\"isPartOf\":{\"@id\":\"https:\\\/\\\/gimnasticdetarragona.cat\\\/es\\\/convenio-de-colaboracion-entre-el-nastic-y-ecoembes\\\/\"},\"author\":{\"name\":\"desarrollo\",\"@id\":\"https:\\\/\\\/gimnasticdetarragona.cat\\\/es\\\/#\\\/schema\\\/person\\\/47b6a637abf88f9bd835540f20ea069e\"},\"headline\":\"Convenio de colaboraci\u00f3n entre el N\u00e0stic y Ecoembes\",\"datePublished\":\"2020-01-22T17:06:00+00:00\",\"mainEntityOfPage\":{\"@id\":\"https:\\\/\\\/gimnasticdetarragona.cat\\\/es\\\/convenio-de-colaboracion-entre-el-nastic-y-ecoembes\\\/\"},\"wordCount\":297,\"commentCount\":0,\"publisher\":{\"@id\":\"https:\\\/\\\/gimnasticdetarragona.cat\\\/es\\\/#organization\"},\"image\":{\"@id\":\"https:\\\/\\\/gimnasticdetarragona.cat\\\/es\\\/convenio-de-colaboracion-entre-el-nastic-y-ecoembes\\\/#primaryimage\"},\"thumbnailUrl\":\"https:\\\/\\\/gimnasticdetarragona.cat\\\/wp-content\\\/uploads\\\/2022\\\/06\\\/22171401img_3513-scaled.jpg\",\"articleSection\":[\"Actualidad\",\"Home\",\"Socio\"],\"inLanguage\":\"es\"},{\"@type\":\"WebPage\",\"@id\":\"https:\\\/\\\/gimnasticdetarragona.cat\\\/es\\\/convenio-de-colaboracion-entre-el-nastic-y-ecoembes\\\/\",\"url\":\"https:\\\/\\\/gimnasticdetarragona.cat\\\/es\\\/convenio-de-colaboracion-entre-el-nastic-y-ecoembes\\\/\",\"name\":\"Convenio de colaboraci\u00f3n entre el N\u00e0stic y Ecoembes - Gimn\u00e0stic de Tarragona SAD\",\"isPartOf\":{\"@id\":\"https:\\\/\\\/gimnasticdetarragona.cat\\\/es\\\/#website\"},\"primaryImageOfPage\":{\"@id\":\"https:\\\/\\\/gimnasticdetarragona.cat\\\/es\\\/convenio-de-colaboracion-entre-el-nastic-y-ecoembes\\\/#primaryimage\"},\"image\":{\"@id\":\"https:\\\/\\\/gimnasticdetarragona.cat\\\/es\\\/convenio-de-colaboracion-entre-el-nastic-y-ecoembes\\\/#primaryimage\"},\"thumbnailUrl\":\"https:\\\/\\\/gimnasticdetarragona.cat\\\/wp-content\\\/uploads\\\/2022\\\/06\\\/22171401img_3513-scaled.jpg\",\"datePublished\":\"2020-01-22T17:06:00+00:00\",\"breadcrumb\":{\"@id\":\"https:\\\/\\\/gimnasticdetarragona.cat\\\/es\\\/convenio-de-colaboracion-entre-el-nastic-y-ecoembes\\\/#breadcrumb\"},\"inLanguage\":\"es\",\"potentialAction\":[{\"@type\":\"ReadAction\",\"target\":[\"https:\\\/\\\/gimnasticdetarragona.cat\\\/es\\\/convenio-de-colaboracion-entre-el-nastic-y-ecoembes\\\/\"]}]},{\"@type\":\"ImageObject\",\"inLanguage\":\"es\",\"@id\":\"https:\\\/\\\/gimnasticdetarragona.cat\\\/es\\\/convenio-de-colaboracion-entre-el-nastic-y-ecoembes\\\/#primaryimage\",\"url\":\"https:\\\/\\\/gimnasticdetarragona.cat\\\/wp-content\\\/uploads\\\/2022\\\/06\\\/22171401img_3513-scaled.jpg\",\"contentUrl\":\"https:\\\/\\\/gimnasticdetarragona.cat\\\/wp-content\\\/uploads\\\/2022\\\/06\\\/22171401img_3513-scaled.jpg\",\"width\":2560,\"height\":1920},{\"@type\":\"BreadcrumbList\",\"@id\":\"https:\\\/\\\/gimnasticdetarragona.cat\\\/es\\\/convenio-de-colaboracion-entre-el-nastic-y-ecoembes\\\/#breadcrumb\",\"itemListElement\":[{\"@type\":\"ListItem\",\"position\":1,\"name\":\"Inici\",\"item\":\"https:\\\/\\\/gimnasticdetarragona.cat\\\/es\\\/nastic\\\/\"},{\"@type\":\"ListItem\",\"position\":2,\"name\":\"Convenio de colaboraci\u00f3n entre el N\u00e0stic y Ecoembes\"}]},{\"@type\":\"WebSite\",\"@id\":\"https:\\\/\\\/gimnasticdetarragona.cat\\\/es\\\/#website\",\"url\":\"https:\\\/\\\/gimnasticdetarragona.cat\\\/es\\\/\",\"name\":\"Gimn\u00e0stic de Tarragona SAD\",\"description\":\"Gimn\u00e0stic de Tarragona\",\"publisher\":{\"@id\":\"https:\\\/\\\/gimnasticdetarragona.cat\\\/es\\\/#organization\"},\"potentialAction\":[{\"@type\":\"SearchAction\",\"target\":{\"@type\":\"EntryPoint\",\"urlTemplate\":\"https:\\\/\\\/gimnasticdetarragona.cat\\\/es\\\/?s={search_term_string}\"},\"query-input\":{\"@type\":\"PropertyValueSpecification\",\"valueRequired\":true,\"valueName\":\"search_term_string\"}}],\"inLanguage\":\"es\"},{\"@type\":\"Organization\",\"@id\":\"https:\\\/\\\/gimnasticdetarragona.cat\\\/es\\\/#organization\",\"name\":\"GIMN\u00c0STIC DE TARRAGONA\",\"alternateName\":\"N\u00c0STIC\",\"url\":\"https:\\\/\\\/gimnasticdetarragona.cat\\\/es\\\/\",\"logo\":{\"@type\":\"ImageObject\",\"inLanguage\":\"es\",\"@id\":\"https:\\\/\\\/gimnasticdetarragona.cat\\\/es\\\/#\\\/schema\\\/logo\\\/image\\\/\",\"url\":\"https:\\\/\\\/gimnasticdetarragona.cat\\\/wp-content\\\/uploads\\\/2022\\\/06\\\/cropped-logo-gimnastic.png\",\"contentUrl\":\"https:\\\/\\\/gimnasticdetarragona.cat\\\/wp-content\\\/uploads\\\/2022\\\/06\\\/cropped-logo-gimnastic.png\",\"width\":224,\"height\":83,\"caption\":\"GIMN\u00c0STIC DE TARRAGONA\"},\"image\":{\"@id\":\"https:\\\/\\\/gimnasticdetarragona.cat\\\/es\\\/#\\\/schema\\\/logo\\\/image\\\/\"},\"sameAs\":[\"https:\\\/\\\/x.com\\\/NASTICTARRAGONA\",\"https:\\\/\\\/www.instagram.com\\\/nastictarragona\\\/\"]},{\"@type\":\"Person\",\"@id\":\"https:\\\/\\\/gimnasticdetarragona.cat\\\/es\\\/#\\\/schema\\\/person\\\/47b6a637abf88f9bd835540f20ea069e\",\"name\":\"desarrollo\",\"sameAs\":[\"https:\\\/\\\/clone.gimnasticdetarragona.cat\"]}]}<\/script>\n<!-- \/ Yoast SEO plugin. -->","yoast_head_json":{"title":"Convenio de colaboraci\u00f3n entre el N\u00e0stic y Ecoembes - Gimn\u00e0stic de Tarragona SAD","robots":{"index":"index","follow":"follow","max-snippet":"max-snippet:-1","max-image-preview":"max-image-preview:large","max-video-preview":"max-video-preview:-1"},"canonical":"https:\/\/gimnasticdetarragona.cat\/es\/convenio-de-colaboracion-entre-el-nastic-y-ecoembes\/","og_locale":"es_ES","og_type":"article","og_title":"Convenio de colaboraci\u00f3n entre el N\u00e0stic y Ecoembes - Gimn\u00e0stic de Tarragona SAD","og_description":"Se desarrollar\u00e1n acciones conjuntas para la correcta gesti\u00f3n de residuos","og_url":"https:\/\/gimnasticdetarragona.cat\/es\/convenio-de-colaboracion-entre-el-nastic-y-ecoembes\/","og_site_name":"Gimn\u00e0stic de Tarragona SAD","article_published_time":"2020-01-22T17:06:00+00:00","og_image":[{"width":2560,"height":1920,"url":"https:\/\/gimnasticdetarragona.cat\/wp-content\/uploads\/2022\/06\/22171401img_3513-scaled.jpg","type":"image\/jpeg"}],"author":"desarrollo","twitter_card":"summary_large_image","twitter_creator":"@NASTICTARRAGONA","twitter_site":"@NASTICTARRAGONA","twitter_misc":{"Escrito por":"desarrollo","Tiempo de lectura":"1 minuto"},"schema":{"@context":"https:\/\/schema.org","@graph":[{"@type":"Article","@id":"https:\/\/gimnasticdetarragona.cat\/es\/convenio-de-colaboracion-entre-el-nastic-y-ecoembes\/#article","isPartOf":{"@id":"https:\/\/gimnasticdetarragona.cat\/es\/convenio-de-colaboracion-entre-el-nastic-y-ecoembes\/"},"author":{"name":"desarrollo","@id":"https:\/\/gimnasticdetarragona.cat\/es\/#\/schema\/person\/47b6a637abf88f9bd835540f20ea069e"},"headline":"Convenio de colaboraci\u00f3n entre el N\u00e0stic y Ecoembes","datePublished":"2020-01-22T17:06:00+00:00","mainEntityOfPage":{"@id":"https:\/\/gimnasticdetarragona.cat\/es\/convenio-de-colaboracion-entre-el-nastic-y-ecoembes\/"},"wordCount":297,"commentCount":0,"publisher":{"@id":"https:\/\/gimnasticdetarragona.cat\/es\/#organization"},"image":{"@id":"https:\/\/gimnasticdetarragona.cat\/es\/convenio-de-colaboracion-entre-el-nastic-y-ecoembes\/#primaryimage"},"thumbnailUrl":"https:\/\/gimnasticdetarragona.cat\/wp-content\/uploads\/2022\/06\/22171401img_3513-scaled.jpg","articleSection":["Actualidad","Home","Socio"],"inLanguage":"es"},{"@type":"WebPage","@id":"https:\/\/gimnasticdetarragona.cat\/es\/convenio-de-colaboracion-entre-el-nastic-y-ecoembes\/","url":"https:\/\/gimnasticdetarragona.cat\/es\/convenio-de-colaboracion-entre-el-nastic-y-ecoembes\/","name":"Convenio de colaboraci\u00f3n entre el N\u00e0stic y Ecoembes - Gimn\u00e0stic de Tarragona SAD","isPartOf":{"@id":"https:\/\/gimnasticdetarragona.cat\/es\/#website"},"primaryImageOfPage":{"@id":"https:\/\/gimnasticdetarragona.cat\/es\/convenio-de-colaboracion-entre-el-nastic-y-ecoembes\/#primaryimage"},"image":{"@id":"https:\/\/gimnasticdetarragona.cat\/es\/convenio-de-colaboracion-entre-el-nastic-y-ecoembes\/#primaryimage"},"thumbnailUrl":"https:\/\/gimnasticdetarragona.cat\/wp-content\/uploads\/2022\/06\/22171401img_3513-scaled.jpg","datePublished":"2020-01-22T17:06:00+00:00","breadcrumb":{"@id":"https:\/\/gimnasticdetarragona.cat\/es\/convenio-de-colaboracion-entre-el-nastic-y-ecoembes\/#breadcrumb"},"inLanguage":"es","potentialAction":[{"@type":"ReadAction","target":["https:\/\/gimnasticdetarragona.cat\/es\/convenio-de-colaboracion-entre-el-nastic-y-ecoembes\/"]}]},{"@type":"ImageObject","inLanguage":"es","@id":"https:\/\/gimnasticdetarragona.cat\/es\/convenio-de-colaboracion-entre-el-nastic-y-ecoembes\/#primaryimage","url":"https:\/\/gimnasticdetarragona.cat\/wp-content\/uploads\/2022\/06\/22171401img_3513-scaled.jpg","contentUrl":"https:\/\/gimnasticdetarragona.cat\/wp-content\/uploads\/2022\/06\/22171401img_3513-scaled.jpg","width":2560,"height":1920},{"@type":"BreadcrumbList","@id":"https:\/\/gimnasticdetarragona.cat\/es\/convenio-de-colaboracion-entre-el-nastic-y-ecoembes\/#breadcrumb","itemListElement":[{"@type":"ListItem","position":1,"name":"Inici","item":"https:\/\/gimnasticdetarragona.cat\/es\/nastic\/"},{"@type":"ListItem","position":2,"name":"Convenio de colaboraci\u00f3n entre el N\u00e0stic y Ecoembes"}]},{"@type":"WebSite","@id":"https:\/\/gimnasticdetarragona.cat\/es\/#website","url":"https:\/\/gimnasticdetarragona.cat\/es\/","name":"Gimn\u00e0stic de Tarragona SAD","description":"Gimn\u00e0stic de Tarragona","publisher":{"@id":"https:\/\/gimnasticdetarragona.cat\/es\/#organization"},"potentialAction":[{"@type":"SearchAction","target":{"@type":"EntryPoint","urlTemplate":"https:\/\/gimnasticdetarragona.cat\/es\/?s={search_term_string}"},"query-input":{"@type":"PropertyValueSpecification","valueRequired":true,"valueName":"search_term_string"}}],"inLanguage":"es"},{"@type":"Organization","@id":"https:\/\/gimnasticdetarragona.cat\/es\/#organization","name":"GIMN\u00c0STIC DE TARRAGONA","alternateName":"N\u00c0STIC","url":"https:\/\/gimnasticdetarragona.cat\/es\/","logo":{"@type":"ImageObject","inLanguage":"es","@id":"https:\/\/gimnasticdetarragona.cat\/es\/#\/schema\/logo\/image\/","url":"https:\/\/gimnasticdetarragona.cat\/wp-content\/uploads\/2022\/06\/cropped-logo-gimnastic.png","contentUrl":"https:\/\/gimnasticdetarragona.cat\/wp-content\/uploads\/2022\/06\/cropped-logo-gimnastic.png","width":224,"height":83,"caption":"GIMN\u00c0STIC DE TARRAGONA"},"image":{"@id":"https:\/\/gimnasticdetarragona.cat\/es\/#\/schema\/logo\/image\/"},"sameAs":["https:\/\/x.com\/NASTICTARRAGONA","https:\/\/www.instagram.com\/nastictarragona\/"]},{"@type":"Person","@id":"https:\/\/gimnasticdetarragona.cat\/es\/#\/schema\/person\/47b6a637abf88f9bd835540f20ea069e","name":"desarrollo","sameAs":["https:\/\/clone.gimnasticdetarragona.cat"]}]}},"_links":{"self":[{"href":"https:\/\/gimnasticdetarragona.cat\/es\/wp-json\/wp\/v2\/posts\/81699","targetHints":{"allow":["GET"]}}],"collection":[{"href":"https:\/\/gimnasticdetarragona.cat\/es\/wp-json\/wp\/v2\/posts"}],"about":[{"href":"https:\/\/gimnasticdetarragona.cat\/es\/wp-json\/wp\/v2\/types\/post"}],"author":[{"embeddable":true,"href":"https:\/\/gimnasticdetarragona.cat\/es\/wp-json\/wp\/v2\/users\/1"}],"replies":[{"embeddable":true,"href":"https:\/\/gimnasticdetarragona.cat\/es\/wp-json\/wp\/v2\/comments?post=81699"}],"version-history":[{"count":0,"href":"https:\/\/gimnasticdetarragona.cat\/es\/wp-json\/wp\/v2\/posts\/81699\/revisions"}],"wp:featuredmedia":[{"embeddable":true,"href":"https:\/\/gimnasticdetarragona.cat\/es\/wp-json\/wp\/v2\/media\/81696"}],"wp:attachment":[{"href":"https:\/\/gimnasticdetarragona.cat\/es\/wp-json\/wp\/v2\/media?parent=81699"}],"wp:term":[{"taxonomy":"category","embeddable":true,"href":"https:\/\/gimnasticdetarragona.cat\/es\/wp-json\/wp\/v2\/categories?post=81699"},{"taxonomy":"post_tag","embeddable":true,"href":"https:\/\/gimnasticdetarragona.cat\/es\/wp-json\/wp\/v2\/tags?post=81699"}],"curies":[{"name":"wp","href":"https:\/\/api.w.org\/{rel}","templated":true}]}}