{"id":81759,"date":"2020-02-05T19:37:00","date_gmt":"2020-02-05T19:37:00","guid":{"rendered":"https:\/\/clone.gimnasticdetarragona.cat\/presentacion-de-las-cinco-incorporaciones-del-mercado-de-fichajes\/"},"modified":"2020-02-05T19:37:00","modified_gmt":"2020-02-05T19:37:00","slug":"presentacion-de-las-cinco-incorporaciones-del-mercado-de-fichajes","status":"publish","type":"post","link":"https:\/\/gimnasticdetarragona.cat\/es\/presentacion-de-las-cinco-incorporaciones-del-mercado-de-fichajes\/","title":{"rendered":"Presentaci\u00f3n de las cinco incorporaciones del mercado de fichajes"},"content":{"rendered":"<p style=\"text-align: justify;\">El Gimn&agrave;stic de Tarragona, SAD ha presentado oficialmente las cinco llegadas del pasado mercado de fichajes. El presidente de la entidad, Josep Maria Andreu, y el director deportivo, Sergi Par&eacute;s, han sido los encargados de dar la bienvenida oficial a los futbolistas Javier Ribelles, Fran Miranda, Fran Carbia, Jes&uacute;s Rueda y Fausto Tienza.<\/p>\n<p style=\"text-align: justify;\">Sergi Par&eacute;s ha sido el encargado de hacer el balance de las llegadas y el criterio que se ha seguido desde la direcci&oacute;n deportiva para poder hacer realidad las incorporaciones.<\/p>\n<p style=\"text-align: justify;\">El primero en comparecer ha sido Javier Ribelles, el cual sufri&oacute; una lesi&oacute;n en la segunda sesi&oacute;n de trabajo en la disciplina tarraconense. El jugador valenciano ha declarado que no se lo cre&iacute;a cuando se hizo la fractura en el quinto metatarsiano. A&ntilde;adiendo que \u00abel N&agrave;stic es un equipo muy importante y desde que me llamaron, no tuve ninguna duda en venir\u00bb.<\/p>\n<p style=\"text-align: justify;\">Por su parte, Fran Miranda, que ya ha disputado tres partidos de liga bajo las &oacute;rdenes de Toni Seligrat, manifest&oacute; que \u00abel liderazgo sobre el campo es una caracter&iacute;stica m&iacute;a y eso es lo que he intentado hacer desde el primer minuto\u00bb. A&ntilde;adi&oacute; que \u00abtenemos que trabajar como lo estamos haciendo para salir de esta situaci&oacute;n y acabar bien la segunda vuelta del campeonato\u00bb.<\/p>\n<p style=\"text-align: justify;\">El tercero en ser presentado ha sido un jugador local. Fran Carbia, que ha vuelto a casa y domingo debut&oacute; con dos goles, ha expresado que \u00abestar aqu&iacute; es una alegr&iacute;a inmensa para m&iacute;. Siento una felicidad m&aacute;xima porque jugu&eacute; desde la categor&iacute;a infantil y ahora en el primer equipo\u00bb. El presidente Josep Maria Andreu explic&oacute; que el jugador llega en calidad de cedido pero que a final de temporada se apostar&aacute; fuerte para que pueda continuar en el N&agrave;stic.<\/p>\n<p style=\"text-align: justify;\">El defensa Jes&uacute;s Rueda, que tambi&eacute;n debut&oacute; el pasado domingo ante el CD Ebro, explic&oacute; que \u00abmuchos compa&ntilde;eros que he tenido y que han estado en Tarragona me han hablado muy bien del equipo y la ciudad, y es exactamente lo que he encontrado\u00bb, a&ntilde;adiendo que \u00abvenir a Tarragona es una gran oportunidad para m&iacute;, y agradezco la confianza del director deportivo y el presidente\u00bb.<\/p>\n<p style=\"text-align: justify;\">La &uacute;ltima incorporaci&oacute;n del mercado, Fausto Tienza, que llega cedido por el Panathinaikos, ha dicho que \u00abla clasificaci&oacute;n no refleja la plantilla que hay y la entidad que somos\u00bb. Tambi&eacute;n ha explicado que \u00abesta segunda vuelta es un reto y que esperamos que sea medio a&ntilde;o muy bonito para todos\u00bb.<\/p>\n<p style=\"text-align: justify;\">Despu&eacute;s de las presentaciones, el presidente ha repasado los nombres de los 12 jugadores que est&aacute;n en din&aacute;mica del primer equipo, entrenando y\/o jugando bajo las &oacute;rdenes de Toni Seligrat, que en su trayectoria han sido del Planter Grana y\/o el filial, la Pobla de Mafumet.<\/p>\n<p style=\"text-align: justify;\">Por &uacute;ltimo, los cinco jugadores, el presidente y el director deportivo han posat ante los medios sobre el c&eacute;sped del Nou Estadi para hacer la fotograf&iacute;a de esta presentaci&oacute;n oficial.<\/p>\n","protected":false},"excerpt":{"rendered":"<p>Ribelles, Fran Miranda, Fran Carbia, Jes\u00fas Rueda y Fausto Tienza<\/p>\n","protected":false},"author":1,"featured_media":81756,"comment_status":"open","ping_status":"open","sticky":false,"template":"","format":"standard","meta":{"_acf_changed":false,"footnotes":""},"categories":[113,121,126],"tags":[],"class_list":["post-81759","post","type-post","status-publish","format-standard","has-post-thumbnail","hentry","category-actualidad","category-home","category-primer-equipo"],"acf":[],"yoast_head":"<!-- This site is optimized with the Yoast SEO plugin v27.3 - https:\/\/yoast.com\/product\/yoast-seo-wordpress\/ -->\n<title>Presentaci\u00f3n de las cinco incorporaciones del mercado de fichajes - Gimn\u00e0stic de Tarragona SAD<\/title>\n<meta name=\"robots\" content=\"index, follow, max-snippet:-1, max-image-preview:large, max-video-preview:-1\" \/>\n<link rel=\"canonical\" href=\"https:\/\/gimnasticdetarragona.cat\/es\/presentacion-de-las-cinco-incorporaciones-del-mercado-de-fichajes\/\" \/>\n<meta property=\"og:locale\" content=\"es_ES\" \/>\n<meta property=\"og:type\" content=\"article\" \/>\n<meta property=\"og:title\" content=\"Presentaci\u00f3n de las cinco incorporaciones del mercado de fichajes - Gimn\u00e0stic de Tarragona SAD\" \/>\n<meta property=\"og:description\" content=\"Ribelles, Fran Miranda, Fran Carbia, Jes\u00fas Rueda y Fausto Tienza\" \/>\n<meta property=\"og:url\" content=\"https:\/\/gimnasticdetarragona.cat\/es\/presentacion-de-las-cinco-incorporaciones-del-mercado-de-fichajes\/\" \/>\n<meta property=\"og:site_name\" content=\"Gimn\u00e0stic de Tarragona SAD\" \/>\n<meta property=\"article:published_time\" content=\"2020-02-05T19:37:00+00:00\" \/>\n<meta property=\"og:image\" content=\"https:\/\/gimnasticdetarragona.cat\/wp-content\/uploads\/2022\/06\/0519384649493410302_9e53b32b20_k.jpg\" \/>\n\t<meta property=\"og:image:width\" content=\"2048\" \/>\n\t<meta property=\"og:image:height\" content=\"1365\" \/>\n\t<meta property=\"og:image:type\" content=\"image\/jpeg\" \/>\n<meta name=\"author\" content=\"desarrollo\" \/>\n<meta name=\"twitter:card\" content=\"summary_large_image\" \/>\n<meta name=\"twitter:creator\" content=\"@NASTICTARRAGONA\" \/>\n<meta name=\"twitter:site\" content=\"@NASTICTARRAGONA\" \/>\n<meta name=\"twitter:label1\" content=\"Escrito por\" \/>\n\t<meta name=\"twitter:data1\" content=\"desarrollo\" \/>\n\t<meta name=\"twitter:label2\" content=\"Tiempo de lectura\" \/>\n\t<meta name=\"twitter:data2\" content=\"3 minutos\" \/>\n<script type=\"application\/ld+json\" class=\"yoast-schema-graph\">{\"@context\":\"https:\\\/\\\/schema.org\",\"@graph\":[{\"@type\":\"Article\",\"@id\":\"https:\\\/\\\/gimnasticdetarragona.cat\\\/es\\\/presentacion-de-las-cinco-incorporaciones-del-mercado-de-fichajes\\\/#article\",\"isPartOf\":{\"@id\":\"https:\\\/\\\/gimnasticdetarragona.cat\\\/es\\\/presentacion-de-las-cinco-incorporaciones-del-mercado-de-fichajes\\\/\"},\"author\":{\"name\":\"desarrollo\",\"@id\":\"https:\\\/\\\/gimnasticdetarragona.cat\\\/es\\\/#\\\/schema\\\/person\\\/47b6a637abf88f9bd835540f20ea069e\"},\"headline\":\"Presentaci\u00f3n de las cinco incorporaciones del mercado de fichajes\",\"datePublished\":\"2020-02-05T19:37:00+00:00\",\"mainEntityOfPage\":{\"@id\":\"https:\\\/\\\/gimnasticdetarragona.cat\\\/es\\\/presentacion-de-las-cinco-incorporaciones-del-mercado-de-fichajes\\\/\"},\"wordCount\":571,\"commentCount\":0,\"publisher\":{\"@id\":\"https:\\\/\\\/gimnasticdetarragona.cat\\\/es\\\/#organization\"},\"image\":{\"@id\":\"https:\\\/\\\/gimnasticdetarragona.cat\\\/es\\\/presentacion-de-las-cinco-incorporaciones-del-mercado-de-fichajes\\\/#primaryimage\"},\"thumbnailUrl\":\"https:\\\/\\\/gimnasticdetarragona.cat\\\/wp-content\\\/uploads\\\/2022\\\/06\\\/0519384649493410302_9e53b32b20_k.jpg\",\"articleSection\":[\"Actualidad\",\"Home\",\"Primer Equipo\"],\"inLanguage\":\"es\"},{\"@type\":\"WebPage\",\"@id\":\"https:\\\/\\\/gimnasticdetarragona.cat\\\/es\\\/presentacion-de-las-cinco-incorporaciones-del-mercado-de-fichajes\\\/\",\"url\":\"https:\\\/\\\/gimnasticdetarragona.cat\\\/es\\\/presentacion-de-las-cinco-incorporaciones-del-mercado-de-fichajes\\\/\",\"name\":\"Presentaci\u00f3n de las cinco incorporaciones del mercado de fichajes - Gimn\u00e0stic de Tarragona SAD\",\"isPartOf\":{\"@id\":\"https:\\\/\\\/gimnasticdetarragona.cat\\\/es\\\/#website\"},\"primaryImageOfPage\":{\"@id\":\"https:\\\/\\\/gimnasticdetarragona.cat\\\/es\\\/presentacion-de-las-cinco-incorporaciones-del-mercado-de-fichajes\\\/#primaryimage\"},\"image\":{\"@id\":\"https:\\\/\\\/gimnasticdetarragona.cat\\\/es\\\/presentacion-de-las-cinco-incorporaciones-del-mercado-de-fichajes\\\/#primaryimage\"},\"thumbnailUrl\":\"https:\\\/\\\/gimnasticdetarragona.cat\\\/wp-content\\\/uploads\\\/2022\\\/06\\\/0519384649493410302_9e53b32b20_k.jpg\",\"datePublished\":\"2020-02-05T19:37:00+00:00\",\"breadcrumb\":{\"@id\":\"https:\\\/\\\/gimnasticdetarragona.cat\\\/es\\\/presentacion-de-las-cinco-incorporaciones-del-mercado-de-fichajes\\\/#breadcrumb\"},\"inLanguage\":\"es\",\"potentialAction\":[{\"@type\":\"ReadAction\",\"target\":[\"https:\\\/\\\/gimnasticdetarragona.cat\\\/es\\\/presentacion-de-las-cinco-incorporaciones-del-mercado-de-fichajes\\\/\"]}]},{\"@type\":\"ImageObject\",\"inLanguage\":\"es\",\"@id\":\"https:\\\/\\\/gimnasticdetarragona.cat\\\/es\\\/presentacion-de-las-cinco-incorporaciones-del-mercado-de-fichajes\\\/#primaryimage\",\"url\":\"https:\\\/\\\/gimnasticdetarragona.cat\\\/wp-content\\\/uploads\\\/2022\\\/06\\\/0519384649493410302_9e53b32b20_k.jpg\",\"contentUrl\":\"https:\\\/\\\/gimnasticdetarragona.cat\\\/wp-content\\\/uploads\\\/2022\\\/06\\\/0519384649493410302_9e53b32b20_k.jpg\",\"width\":2048,\"height\":1365},{\"@type\":\"BreadcrumbList\",\"@id\":\"https:\\\/\\\/gimnasticdetarragona.cat\\\/es\\\/presentacion-de-las-cinco-incorporaciones-del-mercado-de-fichajes\\\/#breadcrumb\",\"itemListElement\":[{\"@type\":\"ListItem\",\"position\":1,\"name\":\"Inici\",\"item\":\"https:\\\/\\\/gimnasticdetarragona.cat\\\/es\\\/nastic\\\/\"},{\"@type\":\"ListItem\",\"position\":2,\"name\":\"Presentaci\u00f3n de las cinco incorporaciones del mercado de fichajes\"}]},{\"@type\":\"WebSite\",\"@id\":\"https:\\\/\\\/gimnasticdetarragona.cat\\\/es\\\/#website\",\"url\":\"https:\\\/\\\/gimnasticdetarragona.cat\\\/es\\\/\",\"name\":\"Gimn\u00e0stic de Tarragona SAD\",\"description\":\"Gimn\u00e0stic de Tarragona\",\"publisher\":{\"@id\":\"https:\\\/\\\/gimnasticdetarragona.cat\\\/es\\\/#organization\"},\"potentialAction\":[{\"@type\":\"SearchAction\",\"target\":{\"@type\":\"EntryPoint\",\"urlTemplate\":\"https:\\\/\\\/gimnasticdetarragona.cat\\\/es\\\/?s={search_term_string}\"},\"query-input\":{\"@type\":\"PropertyValueSpecification\",\"valueRequired\":true,\"valueName\":\"search_term_string\"}}],\"inLanguage\":\"es\"},{\"@type\":\"Organization\",\"@id\":\"https:\\\/\\\/gimnasticdetarragona.cat\\\/es\\\/#organization\",\"name\":\"GIMN\u00c0STIC DE TARRAGONA\",\"alternateName\":\"N\u00c0STIC\",\"url\":\"https:\\\/\\\/gimnasticdetarragona.cat\\\/es\\\/\",\"logo\":{\"@type\":\"ImageObject\",\"inLanguage\":\"es\",\"@id\":\"https:\\\/\\\/gimnasticdetarragona.cat\\\/es\\\/#\\\/schema\\\/logo\\\/image\\\/\",\"url\":\"https:\\\/\\\/gimnasticdetarragona.cat\\\/wp-content\\\/uploads\\\/2022\\\/06\\\/cropped-logo-gimnastic.png\",\"contentUrl\":\"https:\\\/\\\/gimnasticdetarragona.cat\\\/wp-content\\\/uploads\\\/2022\\\/06\\\/cropped-logo-gimnastic.png\",\"width\":224,\"height\":83,\"caption\":\"GIMN\u00c0STIC DE TARRAGONA\"},\"image\":{\"@id\":\"https:\\\/\\\/gimnasticdetarragona.cat\\\/es\\\/#\\\/schema\\\/logo\\\/image\\\/\"},\"sameAs\":[\"https:\\\/\\\/x.com\\\/NASTICTARRAGONA\",\"https:\\\/\\\/www.instagram.com\\\/nastictarragona\\\/\"]},{\"@type\":\"Person\",\"@id\":\"https:\\\/\\\/gimnasticdetarragona.cat\\\/es\\\/#\\\/schema\\\/person\\\/47b6a637abf88f9bd835540f20ea069e\",\"name\":\"desarrollo\",\"sameAs\":[\"https:\\\/\\\/clone.gimnasticdetarragona.cat\"]}]}<\/script>\n<!-- \/ Yoast SEO plugin. -->","yoast_head_json":{"title":"Presentaci\u00f3n de las cinco incorporaciones del mercado de fichajes - Gimn\u00e0stic de Tarragona SAD","robots":{"index":"index","follow":"follow","max-snippet":"max-snippet:-1","max-image-preview":"max-image-preview:large","max-video-preview":"max-video-preview:-1"},"canonical":"https:\/\/gimnasticdetarragona.cat\/es\/presentacion-de-las-cinco-incorporaciones-del-mercado-de-fichajes\/","og_locale":"es_ES","og_type":"article","og_title":"Presentaci\u00f3n de las cinco incorporaciones del mercado de fichajes - Gimn\u00e0stic de Tarragona SAD","og_description":"Ribelles, Fran Miranda, Fran Carbia, Jes\u00fas Rueda y Fausto Tienza","og_url":"https:\/\/gimnasticdetarragona.cat\/es\/presentacion-de-las-cinco-incorporaciones-del-mercado-de-fichajes\/","og_site_name":"Gimn\u00e0stic de Tarragona SAD","article_published_time":"2020-02-05T19:37:00+00:00","og_image":[{"width":2048,"height":1365,"url":"https:\/\/gimnasticdetarragona.cat\/wp-content\/uploads\/2022\/06\/0519384649493410302_9e53b32b20_k.jpg","type":"image\/jpeg"}],"author":"desarrollo","twitter_card":"summary_large_image","twitter_creator":"@NASTICTARRAGONA","twitter_site":"@NASTICTARRAGONA","twitter_misc":{"Escrito por":"desarrollo","Tiempo de lectura":"3 minutos"},"schema":{"@context":"https:\/\/schema.org","@graph":[{"@type":"Article","@id":"https:\/\/gimnasticdetarragona.cat\/es\/presentacion-de-las-cinco-incorporaciones-del-mercado-de-fichajes\/#article","isPartOf":{"@id":"https:\/\/gimnasticdetarragona.cat\/es\/presentacion-de-las-cinco-incorporaciones-del-mercado-de-fichajes\/"},"author":{"name":"desarrollo","@id":"https:\/\/gimnasticdetarragona.cat\/es\/#\/schema\/person\/47b6a637abf88f9bd835540f20ea069e"},"headline":"Presentaci\u00f3n de las cinco incorporaciones del mercado de fichajes","datePublished":"2020-02-05T19:37:00+00:00","mainEntityOfPage":{"@id":"https:\/\/gimnasticdetarragona.cat\/es\/presentacion-de-las-cinco-incorporaciones-del-mercado-de-fichajes\/"},"wordCount":571,"commentCount":0,"publisher":{"@id":"https:\/\/gimnasticdetarragona.cat\/es\/#organization"},"image":{"@id":"https:\/\/gimnasticdetarragona.cat\/es\/presentacion-de-las-cinco-incorporaciones-del-mercado-de-fichajes\/#primaryimage"},"thumbnailUrl":"https:\/\/gimnasticdetarragona.cat\/wp-content\/uploads\/2022\/06\/0519384649493410302_9e53b32b20_k.jpg","articleSection":["Actualidad","Home","Primer Equipo"],"inLanguage":"es"},{"@type":"WebPage","@id":"https:\/\/gimnasticdetarragona.cat\/es\/presentacion-de-las-cinco-incorporaciones-del-mercado-de-fichajes\/","url":"https:\/\/gimnasticdetarragona.cat\/es\/presentacion-de-las-cinco-incorporaciones-del-mercado-de-fichajes\/","name":"Presentaci\u00f3n de las cinco incorporaciones del mercado de fichajes - Gimn\u00e0stic de Tarragona SAD","isPartOf":{"@id":"https:\/\/gimnasticdetarragona.cat\/es\/#website"},"primaryImageOfPage":{"@id":"https:\/\/gimnasticdetarragona.cat\/es\/presentacion-de-las-cinco-incorporaciones-del-mercado-de-fichajes\/#primaryimage"},"image":{"@id":"https:\/\/gimnasticdetarragona.cat\/es\/presentacion-de-las-cinco-incorporaciones-del-mercado-de-fichajes\/#primaryimage"},"thumbnailUrl":"https:\/\/gimnasticdetarragona.cat\/wp-content\/uploads\/2022\/06\/0519384649493410302_9e53b32b20_k.jpg","datePublished":"2020-02-05T19:37:00+00:00","breadcrumb":{"@id":"https:\/\/gimnasticdetarragona.cat\/es\/presentacion-de-las-cinco-incorporaciones-del-mercado-de-fichajes\/#breadcrumb"},"inLanguage":"es","potentialAction":[{"@type":"ReadAction","target":["https:\/\/gimnasticdetarragona.cat\/es\/presentacion-de-las-cinco-incorporaciones-del-mercado-de-fichajes\/"]}]},{"@type":"ImageObject","inLanguage":"es","@id":"https:\/\/gimnasticdetarragona.cat\/es\/presentacion-de-las-cinco-incorporaciones-del-mercado-de-fichajes\/#primaryimage","url":"https:\/\/gimnasticdetarragona.cat\/wp-content\/uploads\/2022\/06\/0519384649493410302_9e53b32b20_k.jpg","contentUrl":"https:\/\/gimnasticdetarragona.cat\/wp-content\/uploads\/2022\/06\/0519384649493410302_9e53b32b20_k.jpg","width":2048,"height":1365},{"@type":"BreadcrumbList","@id":"https:\/\/gimnasticdetarragona.cat\/es\/presentacion-de-las-cinco-incorporaciones-del-mercado-de-fichajes\/#breadcrumb","itemListElement":[{"@type":"ListItem","position":1,"name":"Inici","item":"https:\/\/gimnasticdetarragona.cat\/es\/nastic\/"},{"@type":"ListItem","position":2,"name":"Presentaci\u00f3n de las cinco incorporaciones del mercado de fichajes"}]},{"@type":"WebSite","@id":"https:\/\/gimnasticdetarragona.cat\/es\/#website","url":"https:\/\/gimnasticdetarragona.cat\/es\/","name":"Gimn\u00e0stic de Tarragona SAD","description":"Gimn\u00e0stic de Tarragona","publisher":{"@id":"https:\/\/gimnasticdetarragona.cat\/es\/#organization"},"potentialAction":[{"@type":"SearchAction","target":{"@type":"EntryPoint","urlTemplate":"https:\/\/gimnasticdetarragona.cat\/es\/?s={search_term_string}"},"query-input":{"@type":"PropertyValueSpecification","valueRequired":true,"valueName":"search_term_string"}}],"inLanguage":"es"},{"@type":"Organization","@id":"https:\/\/gimnasticdetarragona.cat\/es\/#organization","name":"GIMN\u00c0STIC DE TARRAGONA","alternateName":"N\u00c0STIC","url":"https:\/\/gimnasticdetarragona.cat\/es\/","logo":{"@type":"ImageObject","inLanguage":"es","@id":"https:\/\/gimnasticdetarragona.cat\/es\/#\/schema\/logo\/image\/","url":"https:\/\/gimnasticdetarragona.cat\/wp-content\/uploads\/2022\/06\/cropped-logo-gimnastic.png","contentUrl":"https:\/\/gimnasticdetarragona.cat\/wp-content\/uploads\/2022\/06\/cropped-logo-gimnastic.png","width":224,"height":83,"caption":"GIMN\u00c0STIC DE TARRAGONA"},"image":{"@id":"https:\/\/gimnasticdetarragona.cat\/es\/#\/schema\/logo\/image\/"},"sameAs":["https:\/\/x.com\/NASTICTARRAGONA","https:\/\/www.instagram.com\/nastictarragona\/"]},{"@type":"Person","@id":"https:\/\/gimnasticdetarragona.cat\/es\/#\/schema\/person\/47b6a637abf88f9bd835540f20ea069e","name":"desarrollo","sameAs":["https:\/\/clone.gimnasticdetarragona.cat"]}]}},"_links":{"self":[{"href":"https:\/\/gimnasticdetarragona.cat\/es\/wp-json\/wp\/v2\/posts\/81759","targetHints":{"allow":["GET"]}}],"collection":[{"href":"https:\/\/gimnasticdetarragona.cat\/es\/wp-json\/wp\/v2\/posts"}],"about":[{"href":"https:\/\/gimnasticdetarragona.cat\/es\/wp-json\/wp\/v2\/types\/post"}],"author":[{"embeddable":true,"href":"https:\/\/gimnasticdetarragona.cat\/es\/wp-json\/wp\/v2\/users\/1"}],"replies":[{"embeddable":true,"href":"https:\/\/gimnasticdetarragona.cat\/es\/wp-json\/wp\/v2\/comments?post=81759"}],"version-history":[{"count":0,"href":"https:\/\/gimnasticdetarragona.cat\/es\/wp-json\/wp\/v2\/posts\/81759\/revisions"}],"wp:featuredmedia":[{"embeddable":true,"href":"https:\/\/gimnasticdetarragona.cat\/es\/wp-json\/wp\/v2\/media\/81756"}],"wp:attachment":[{"href":"https:\/\/gimnasticdetarragona.cat\/es\/wp-json\/wp\/v2\/media?parent=81759"}],"wp:term":[{"taxonomy":"category","embeddable":true,"href":"https:\/\/gimnasticdetarragona.cat\/es\/wp-json\/wp\/v2\/categories?post=81759"},{"taxonomy":"post_tag","embeddable":true,"href":"https:\/\/gimnasticdetarragona.cat\/es\/wp-json\/wp\/v2\/tags?post=81759"}],"curies":[{"name":"wp","href":"https:\/\/api.w.org\/{rel}","templated":true}]}}