{"id":82453,"date":"2021-01-14T13:28:00","date_gmt":"2021-01-14T13:28:00","guid":{"rendered":"https:\/\/clone.gimnasticdetarragona.cat\/canon-y-nastic-acuerdo-de-colaboracion-por-3-temporadas\/"},"modified":"2021-01-14T13:28:00","modified_gmt":"2021-01-14T13:28:00","slug":"canon-y-nastic-acuerdo-de-colaboracion-por-3-temporadas","status":"publish","type":"post","link":"https:\/\/gimnasticdetarragona.cat\/es\/canon-y-nastic-acuerdo-de-colaboracion-por-3-temporadas\/","title":{"rendered":"Canon y N\u00e0stic, acuerdo de colaboraci\u00f3n por 3 temporadas"},"content":{"rendered":"<p style=\"text-align: justify;\"><span>El Gimn&agrave;stic de Tarragona y Canon Business Center en Tarragona cierran un convenio de colaboraci&oacute;n que unir&aacute; a las dos entidades para los pr&oacute;ximos cursos deportivos, concretamente hasta el 30 de junio 2023. La empresa especializada en la fabricaci&oacute;n de productos para la obtenci&oacute;n de im&aacute;genes e instrumentos &oacute;pticos, como c&aacute;maras, videoc&aacute;maras, impresoras y fotocopiadoras, apoya el N&agrave;stic. <\/span><\/p>\n<p style=\"text-align: justify;\"><span>El director de marketing grana, Jose Maria Andreu Sol&eacute;; el director-gerente de Canon Business Center en Tarragona, Manel Urbano; y el account manager de Canon, Manel Garc&iacute;a, han firmado esta ma&ntilde;ana el nuevo acuerdo que vincular&aacute; a ambas entidades. Andreu ha manifestado el inter&eacute;s en colaborar por parte de una compa&ntilde;&iacute;a tan emblem&aacute;tica, a&ntilde;adiendo que \u00abes un orgullo que una empresa como Canon apoye a nuestro proyecto de presente y futuro\u00bb. Por su parte, el director-gerente de la empresa, Manel Urbano, se mostr&oacute; muy satisfecho por el acuerdo adoptado ya que \u00abCanon se implica en proyectos como el del N&agrave;stic por su vertiente deportiva, pero tambi&eacute;n la gran labor solidaria que desarrolla y de la que queremos ser part&iacute;cipes.\u00bb <\/span><\/p>\n<p style=\"text-align: justify;\"><span>Con este nuevo acuerdo de patrocinio, Canon muestra su confianza con el proyecto deportivo, social y econ&oacute;mico del N&agrave;stic por la presente y siguientes temporadas. Empresas del territorio local, nacional y tambi&eacute;n internacional apuestan por ir de la mano en la actualidad y tambi&eacute;n en el futuro de la entidad grana.<\/span><\/p>\n","protected":false},"excerpt":{"rendered":"<p>Apoyo al proyecto grana por parte de la multinacional japonesa<\/p>\n","protected":false},"author":1,"featured_media":82450,"comment_status":"open","ping_status":"open","sticky":false,"template":"","format":"standard","meta":{"_acf_changed":false,"footnotes":""},"categories":[113,116,121],"tags":[],"class_list":["post-82453","post","type-post","status-publish","format-standard","has-post-thumbnail","hentry","category-actualidad","category-club-empresa","category-home"],"acf":[],"yoast_head":"<!-- This site is optimized with the Yoast SEO plugin v27.3 - https:\/\/yoast.com\/product\/yoast-seo-wordpress\/ -->\n<title>Canon y N\u00e0stic, acuerdo de colaboraci\u00f3n por 3 temporadas - Gimn\u00e0stic de Tarragona SAD<\/title>\n<meta name=\"robots\" content=\"index, follow, max-snippet:-1, max-image-preview:large, max-video-preview:-1\" \/>\n<link rel=\"canonical\" href=\"https:\/\/gimnasticdetarragona.cat\/es\/canon-y-nastic-acuerdo-de-colaboracion-por-3-temporadas\/\" \/>\n<meta property=\"og:locale\" content=\"es_ES\" \/>\n<meta property=\"og:type\" content=\"article\" \/>\n<meta property=\"og:title\" content=\"Canon y N\u00e0stic, acuerdo de colaboraci\u00f3n por 3 temporadas - Gimn\u00e0stic de Tarragona SAD\" \/>\n<meta property=\"og:description\" content=\"Apoyo al proyecto grana por parte de la multinacional japonesa\" \/>\n<meta property=\"og:url\" content=\"https:\/\/gimnasticdetarragona.cat\/es\/canon-y-nastic-acuerdo-de-colaboracion-por-3-temporadas\/\" \/>\n<meta property=\"og:site_name\" content=\"Gimn\u00e0stic de Tarragona SAD\" \/>\n<meta property=\"article:published_time\" content=\"2021-01-14T13:28:00+00:00\" \/>\n<meta property=\"og:image\" content=\"https:\/\/gimnasticdetarragona.cat\/wp-content\/uploads\/2022\/06\/14135725img_3564-scaled.jpg\" \/>\n\t<meta property=\"og:image:width\" content=\"2560\" \/>\n\t<meta property=\"og:image:height\" content=\"1707\" \/>\n\t<meta property=\"og:image:type\" content=\"image\/jpeg\" \/>\n<meta name=\"author\" content=\"desarrollo\" \/>\n<meta name=\"twitter:card\" content=\"summary_large_image\" \/>\n<meta name=\"twitter:creator\" content=\"@NASTICTARRAGONA\" \/>\n<meta name=\"twitter:site\" content=\"@NASTICTARRAGONA\" \/>\n<meta name=\"twitter:label1\" content=\"Escrito por\" \/>\n\t<meta name=\"twitter:data1\" content=\"desarrollo\" \/>\n\t<meta name=\"twitter:label2\" content=\"Tiempo de lectura\" \/>\n\t<meta name=\"twitter:data2\" content=\"1 minuto\" \/>\n<script type=\"application\/ld+json\" class=\"yoast-schema-graph\">{\"@context\":\"https:\\\/\\\/schema.org\",\"@graph\":[{\"@type\":\"Article\",\"@id\":\"https:\\\/\\\/gimnasticdetarragona.cat\\\/es\\\/canon-y-nastic-acuerdo-de-colaboracion-por-3-temporadas\\\/#article\",\"isPartOf\":{\"@id\":\"https:\\\/\\\/gimnasticdetarragona.cat\\\/es\\\/canon-y-nastic-acuerdo-de-colaboracion-por-3-temporadas\\\/\"},\"author\":{\"name\":\"desarrollo\",\"@id\":\"https:\\\/\\\/gimnasticdetarragona.cat\\\/es\\\/#\\\/schema\\\/person\\\/47b6a637abf88f9bd835540f20ea069e\"},\"headline\":\"Canon y N\u00e0stic, acuerdo de colaboraci\u00f3n por 3 temporadas\",\"datePublished\":\"2021-01-14T13:28:00+00:00\",\"mainEntityOfPage\":{\"@id\":\"https:\\\/\\\/gimnasticdetarragona.cat\\\/es\\\/canon-y-nastic-acuerdo-de-colaboracion-por-3-temporadas\\\/\"},\"wordCount\":286,\"commentCount\":0,\"publisher\":{\"@id\":\"https:\\\/\\\/gimnasticdetarragona.cat\\\/es\\\/#organization\"},\"image\":{\"@id\":\"https:\\\/\\\/gimnasticdetarragona.cat\\\/es\\\/canon-y-nastic-acuerdo-de-colaboracion-por-3-temporadas\\\/#primaryimage\"},\"thumbnailUrl\":\"https:\\\/\\\/gimnasticdetarragona.cat\\\/wp-content\\\/uploads\\\/2022\\\/06\\\/14135725img_3564-scaled.jpg\",\"articleSection\":[\"Actualidad\",\"Club Empresa\",\"Home\"],\"inLanguage\":\"es\"},{\"@type\":\"WebPage\",\"@id\":\"https:\\\/\\\/gimnasticdetarragona.cat\\\/es\\\/canon-y-nastic-acuerdo-de-colaboracion-por-3-temporadas\\\/\",\"url\":\"https:\\\/\\\/gimnasticdetarragona.cat\\\/es\\\/canon-y-nastic-acuerdo-de-colaboracion-por-3-temporadas\\\/\",\"name\":\"Canon y N\u00e0stic, acuerdo de colaboraci\u00f3n por 3 temporadas - Gimn\u00e0stic de Tarragona SAD\",\"isPartOf\":{\"@id\":\"https:\\\/\\\/gimnasticdetarragona.cat\\\/es\\\/#website\"},\"primaryImageOfPage\":{\"@id\":\"https:\\\/\\\/gimnasticdetarragona.cat\\\/es\\\/canon-y-nastic-acuerdo-de-colaboracion-por-3-temporadas\\\/#primaryimage\"},\"image\":{\"@id\":\"https:\\\/\\\/gimnasticdetarragona.cat\\\/es\\\/canon-y-nastic-acuerdo-de-colaboracion-por-3-temporadas\\\/#primaryimage\"},\"thumbnailUrl\":\"https:\\\/\\\/gimnasticdetarragona.cat\\\/wp-content\\\/uploads\\\/2022\\\/06\\\/14135725img_3564-scaled.jpg\",\"datePublished\":\"2021-01-14T13:28:00+00:00\",\"breadcrumb\":{\"@id\":\"https:\\\/\\\/gimnasticdetarragona.cat\\\/es\\\/canon-y-nastic-acuerdo-de-colaboracion-por-3-temporadas\\\/#breadcrumb\"},\"inLanguage\":\"es\",\"potentialAction\":[{\"@type\":\"ReadAction\",\"target\":[\"https:\\\/\\\/gimnasticdetarragona.cat\\\/es\\\/canon-y-nastic-acuerdo-de-colaboracion-por-3-temporadas\\\/\"]}]},{\"@type\":\"ImageObject\",\"inLanguage\":\"es\",\"@id\":\"https:\\\/\\\/gimnasticdetarragona.cat\\\/es\\\/canon-y-nastic-acuerdo-de-colaboracion-por-3-temporadas\\\/#primaryimage\",\"url\":\"https:\\\/\\\/gimnasticdetarragona.cat\\\/wp-content\\\/uploads\\\/2022\\\/06\\\/14135725img_3564-scaled.jpg\",\"contentUrl\":\"https:\\\/\\\/gimnasticdetarragona.cat\\\/wp-content\\\/uploads\\\/2022\\\/06\\\/14135725img_3564-scaled.jpg\",\"width\":2560,\"height\":1707},{\"@type\":\"BreadcrumbList\",\"@id\":\"https:\\\/\\\/gimnasticdetarragona.cat\\\/es\\\/canon-y-nastic-acuerdo-de-colaboracion-por-3-temporadas\\\/#breadcrumb\",\"itemListElement\":[{\"@type\":\"ListItem\",\"position\":1,\"name\":\"Inici\",\"item\":\"https:\\\/\\\/gimnasticdetarragona.cat\\\/es\\\/nastic\\\/\"},{\"@type\":\"ListItem\",\"position\":2,\"name\":\"Canon y N\u00e0stic, acuerdo de colaboraci\u00f3n por 3 temporadas\"}]},{\"@type\":\"WebSite\",\"@id\":\"https:\\\/\\\/gimnasticdetarragona.cat\\\/es\\\/#website\",\"url\":\"https:\\\/\\\/gimnasticdetarragona.cat\\\/es\\\/\",\"name\":\"Gimn\u00e0stic de Tarragona SAD\",\"description\":\"Gimn\u00e0stic de Tarragona\",\"publisher\":{\"@id\":\"https:\\\/\\\/gimnasticdetarragona.cat\\\/es\\\/#organization\"},\"potentialAction\":[{\"@type\":\"SearchAction\",\"target\":{\"@type\":\"EntryPoint\",\"urlTemplate\":\"https:\\\/\\\/gimnasticdetarragona.cat\\\/es\\\/?s={search_term_string}\"},\"query-input\":{\"@type\":\"PropertyValueSpecification\",\"valueRequired\":true,\"valueName\":\"search_term_string\"}}],\"inLanguage\":\"es\"},{\"@type\":\"Organization\",\"@id\":\"https:\\\/\\\/gimnasticdetarragona.cat\\\/es\\\/#organization\",\"name\":\"GIMN\u00c0STIC DE TARRAGONA\",\"alternateName\":\"N\u00c0STIC\",\"url\":\"https:\\\/\\\/gimnasticdetarragona.cat\\\/es\\\/\",\"logo\":{\"@type\":\"ImageObject\",\"inLanguage\":\"es\",\"@id\":\"https:\\\/\\\/gimnasticdetarragona.cat\\\/es\\\/#\\\/schema\\\/logo\\\/image\\\/\",\"url\":\"https:\\\/\\\/gimnasticdetarragona.cat\\\/wp-content\\\/uploads\\\/2022\\\/06\\\/cropped-logo-gimnastic.png\",\"contentUrl\":\"https:\\\/\\\/gimnasticdetarragona.cat\\\/wp-content\\\/uploads\\\/2022\\\/06\\\/cropped-logo-gimnastic.png\",\"width\":224,\"height\":83,\"caption\":\"GIMN\u00c0STIC DE TARRAGONA\"},\"image\":{\"@id\":\"https:\\\/\\\/gimnasticdetarragona.cat\\\/es\\\/#\\\/schema\\\/logo\\\/image\\\/\"},\"sameAs\":[\"https:\\\/\\\/x.com\\\/NASTICTARRAGONA\",\"https:\\\/\\\/www.instagram.com\\\/nastictarragona\\\/\"]},{\"@type\":\"Person\",\"@id\":\"https:\\\/\\\/gimnasticdetarragona.cat\\\/es\\\/#\\\/schema\\\/person\\\/47b6a637abf88f9bd835540f20ea069e\",\"name\":\"desarrollo\",\"sameAs\":[\"https:\\\/\\\/clone.gimnasticdetarragona.cat\"]}]}<\/script>\n<!-- \/ Yoast SEO plugin. -->","yoast_head_json":{"title":"Canon y N\u00e0stic, acuerdo de colaboraci\u00f3n por 3 temporadas - Gimn\u00e0stic de Tarragona SAD","robots":{"index":"index","follow":"follow","max-snippet":"max-snippet:-1","max-image-preview":"max-image-preview:large","max-video-preview":"max-video-preview:-1"},"canonical":"https:\/\/gimnasticdetarragona.cat\/es\/canon-y-nastic-acuerdo-de-colaboracion-por-3-temporadas\/","og_locale":"es_ES","og_type":"article","og_title":"Canon y N\u00e0stic, acuerdo de colaboraci\u00f3n por 3 temporadas - Gimn\u00e0stic de Tarragona SAD","og_description":"Apoyo al proyecto grana por parte de la multinacional japonesa","og_url":"https:\/\/gimnasticdetarragona.cat\/es\/canon-y-nastic-acuerdo-de-colaboracion-por-3-temporadas\/","og_site_name":"Gimn\u00e0stic de Tarragona SAD","article_published_time":"2021-01-14T13:28:00+00:00","og_image":[{"width":2560,"height":1707,"url":"https:\/\/gimnasticdetarragona.cat\/wp-content\/uploads\/2022\/06\/14135725img_3564-scaled.jpg","type":"image\/jpeg"}],"author":"desarrollo","twitter_card":"summary_large_image","twitter_creator":"@NASTICTARRAGONA","twitter_site":"@NASTICTARRAGONA","twitter_misc":{"Escrito por":"desarrollo","Tiempo de lectura":"1 minuto"},"schema":{"@context":"https:\/\/schema.org","@graph":[{"@type":"Article","@id":"https:\/\/gimnasticdetarragona.cat\/es\/canon-y-nastic-acuerdo-de-colaboracion-por-3-temporadas\/#article","isPartOf":{"@id":"https:\/\/gimnasticdetarragona.cat\/es\/canon-y-nastic-acuerdo-de-colaboracion-por-3-temporadas\/"},"author":{"name":"desarrollo","@id":"https:\/\/gimnasticdetarragona.cat\/es\/#\/schema\/person\/47b6a637abf88f9bd835540f20ea069e"},"headline":"Canon y N\u00e0stic, acuerdo de colaboraci\u00f3n por 3 temporadas","datePublished":"2021-01-14T13:28:00+00:00","mainEntityOfPage":{"@id":"https:\/\/gimnasticdetarragona.cat\/es\/canon-y-nastic-acuerdo-de-colaboracion-por-3-temporadas\/"},"wordCount":286,"commentCount":0,"publisher":{"@id":"https:\/\/gimnasticdetarragona.cat\/es\/#organization"},"image":{"@id":"https:\/\/gimnasticdetarragona.cat\/es\/canon-y-nastic-acuerdo-de-colaboracion-por-3-temporadas\/#primaryimage"},"thumbnailUrl":"https:\/\/gimnasticdetarragona.cat\/wp-content\/uploads\/2022\/06\/14135725img_3564-scaled.jpg","articleSection":["Actualidad","Club Empresa","Home"],"inLanguage":"es"},{"@type":"WebPage","@id":"https:\/\/gimnasticdetarragona.cat\/es\/canon-y-nastic-acuerdo-de-colaboracion-por-3-temporadas\/","url":"https:\/\/gimnasticdetarragona.cat\/es\/canon-y-nastic-acuerdo-de-colaboracion-por-3-temporadas\/","name":"Canon y N\u00e0stic, acuerdo de colaboraci\u00f3n por 3 temporadas - Gimn\u00e0stic de Tarragona SAD","isPartOf":{"@id":"https:\/\/gimnasticdetarragona.cat\/es\/#website"},"primaryImageOfPage":{"@id":"https:\/\/gimnasticdetarragona.cat\/es\/canon-y-nastic-acuerdo-de-colaboracion-por-3-temporadas\/#primaryimage"},"image":{"@id":"https:\/\/gimnasticdetarragona.cat\/es\/canon-y-nastic-acuerdo-de-colaboracion-por-3-temporadas\/#primaryimage"},"thumbnailUrl":"https:\/\/gimnasticdetarragona.cat\/wp-content\/uploads\/2022\/06\/14135725img_3564-scaled.jpg","datePublished":"2021-01-14T13:28:00+00:00","breadcrumb":{"@id":"https:\/\/gimnasticdetarragona.cat\/es\/canon-y-nastic-acuerdo-de-colaboracion-por-3-temporadas\/#breadcrumb"},"inLanguage":"es","potentialAction":[{"@type":"ReadAction","target":["https:\/\/gimnasticdetarragona.cat\/es\/canon-y-nastic-acuerdo-de-colaboracion-por-3-temporadas\/"]}]},{"@type":"ImageObject","inLanguage":"es","@id":"https:\/\/gimnasticdetarragona.cat\/es\/canon-y-nastic-acuerdo-de-colaboracion-por-3-temporadas\/#primaryimage","url":"https:\/\/gimnasticdetarragona.cat\/wp-content\/uploads\/2022\/06\/14135725img_3564-scaled.jpg","contentUrl":"https:\/\/gimnasticdetarragona.cat\/wp-content\/uploads\/2022\/06\/14135725img_3564-scaled.jpg","width":2560,"height":1707},{"@type":"BreadcrumbList","@id":"https:\/\/gimnasticdetarragona.cat\/es\/canon-y-nastic-acuerdo-de-colaboracion-por-3-temporadas\/#breadcrumb","itemListElement":[{"@type":"ListItem","position":1,"name":"Inici","item":"https:\/\/gimnasticdetarragona.cat\/es\/nastic\/"},{"@type":"ListItem","position":2,"name":"Canon y N\u00e0stic, acuerdo de colaboraci\u00f3n por 3 temporadas"}]},{"@type":"WebSite","@id":"https:\/\/gimnasticdetarragona.cat\/es\/#website","url":"https:\/\/gimnasticdetarragona.cat\/es\/","name":"Gimn\u00e0stic de Tarragona SAD","description":"Gimn\u00e0stic de Tarragona","publisher":{"@id":"https:\/\/gimnasticdetarragona.cat\/es\/#organization"},"potentialAction":[{"@type":"SearchAction","target":{"@type":"EntryPoint","urlTemplate":"https:\/\/gimnasticdetarragona.cat\/es\/?s={search_term_string}"},"query-input":{"@type":"PropertyValueSpecification","valueRequired":true,"valueName":"search_term_string"}}],"inLanguage":"es"},{"@type":"Organization","@id":"https:\/\/gimnasticdetarragona.cat\/es\/#organization","name":"GIMN\u00c0STIC DE TARRAGONA","alternateName":"N\u00c0STIC","url":"https:\/\/gimnasticdetarragona.cat\/es\/","logo":{"@type":"ImageObject","inLanguage":"es","@id":"https:\/\/gimnasticdetarragona.cat\/es\/#\/schema\/logo\/image\/","url":"https:\/\/gimnasticdetarragona.cat\/wp-content\/uploads\/2022\/06\/cropped-logo-gimnastic.png","contentUrl":"https:\/\/gimnasticdetarragona.cat\/wp-content\/uploads\/2022\/06\/cropped-logo-gimnastic.png","width":224,"height":83,"caption":"GIMN\u00c0STIC DE TARRAGONA"},"image":{"@id":"https:\/\/gimnasticdetarragona.cat\/es\/#\/schema\/logo\/image\/"},"sameAs":["https:\/\/x.com\/NASTICTARRAGONA","https:\/\/www.instagram.com\/nastictarragona\/"]},{"@type":"Person","@id":"https:\/\/gimnasticdetarragona.cat\/es\/#\/schema\/person\/47b6a637abf88f9bd835540f20ea069e","name":"desarrollo","sameAs":["https:\/\/clone.gimnasticdetarragona.cat"]}]}},"_links":{"self":[{"href":"https:\/\/gimnasticdetarragona.cat\/es\/wp-json\/wp\/v2\/posts\/82453","targetHints":{"allow":["GET"]}}],"collection":[{"href":"https:\/\/gimnasticdetarragona.cat\/es\/wp-json\/wp\/v2\/posts"}],"about":[{"href":"https:\/\/gimnasticdetarragona.cat\/es\/wp-json\/wp\/v2\/types\/post"}],"author":[{"embeddable":true,"href":"https:\/\/gimnasticdetarragona.cat\/es\/wp-json\/wp\/v2\/users\/1"}],"replies":[{"embeddable":true,"href":"https:\/\/gimnasticdetarragona.cat\/es\/wp-json\/wp\/v2\/comments?post=82453"}],"version-history":[{"count":0,"href":"https:\/\/gimnasticdetarragona.cat\/es\/wp-json\/wp\/v2\/posts\/82453\/revisions"}],"wp:featuredmedia":[{"embeddable":true,"href":"https:\/\/gimnasticdetarragona.cat\/es\/wp-json\/wp\/v2\/media\/82450"}],"wp:attachment":[{"href":"https:\/\/gimnasticdetarragona.cat\/es\/wp-json\/wp\/v2\/media?parent=82453"}],"wp:term":[{"taxonomy":"category","embeddable":true,"href":"https:\/\/gimnasticdetarragona.cat\/es\/wp-json\/wp\/v2\/categories?post=82453"},{"taxonomy":"post_tag","embeddable":true,"href":"https:\/\/gimnasticdetarragona.cat\/es\/wp-json\/wp\/v2\/tags?post=82453"}],"curies":[{"name":"wp","href":"https:\/\/api.w.org\/{rel}","templated":true}]}}