{"id":82545,"date":"2021-02-09T18:37:00","date_gmt":"2021-02-09T18:37:00","guid":{"rendered":"https:\/\/clone.gimnasticdetarragona.cat\/julia-espin-convocada-a-la-tecnificacion-de-la-rfep\/"},"modified":"2021-02-09T18:37:00","modified_gmt":"2021-02-09T18:37:00","slug":"julia-espin-convocada-a-la-tecnificacion-de-la-rfep","status":"publish","type":"post","link":"https:\/\/gimnasticdetarragona.cat\/es\/julia-espin-convocada-a-la-tecnificacion-de-la-rfep\/","title":{"rendered":"Julia Esp\u00edn, convocada a la tecnificaci\u00f3n de la RFEP"},"content":{"rendered":"<p style=\"text-align: justify;\">La patinadora tarraconense y nastiquera Julia Esp&iacute;n ha sido convocada a la tecnificaci&oacute;n de la Real Federaci&oacute;n Espa&ntilde;ola de Patinaje que, en categor&iacute;a juvenil, se desarrollar&aacute; el 6-7 de marzo en Valencia. De estas jornadas se escoger&aacute; el equipo que conformar&aacute; la Selecci&oacute;n del 2021.<\/p>\n<p style=\"text-align: justify;\">La convocatoria de la patinadora certifica el buen trabajo y los importantes resultados obtenidos durante la temporada 2019-2020, as&iacute; como la gran evoluci&oacute;n en los &uacute;ltimos a&ntilde;os en las filas del Club Gimn&agrave;stic de Tarragona.<\/p>\n<p style=\"text-align: justify;\">En este nuevo curso deportivo. la roller ha comenzado a estudiar y entrenar en el Centro de alto Rendimiento y Tecnificaci&oacute;n Deportiva Joaquim Blume, de Esplugues de Llobregat (Barcelona).<\/p>\n<p style=\"text-align: justify;\">Este hito es un gran registro para el patinaje de velocidad de la provincia, ya que se trata de un deporte muy joven en Tarragona, que se practica desde hace menos de una d&eacute;cada. De este modo, Julia Esp&iacute;n se convierte en la primera patinadora del territorio en conseguirlo y abre una gran puerta para este deporte en crecimiento continuo.<\/p>\n","protected":false},"excerpt":{"rendered":"<p>De estas sesiones se escoger\u00e1 la Selecci\u00f3n 2021<\/p>\n","protected":false},"author":1,"featured_media":82542,"comment_status":"open","ping_status":"open","sticky":false,"template":"","format":"standard","meta":{"_acf_changed":false,"footnotes":""},"categories":[113,121,133,127],"tags":[],"class_list":["post-82545","post","type-post","status-publish","format-standard","has-post-thumbnail","hentry","category-actualidad","category-home","category-patinaje","category-secciones"],"acf":[],"yoast_head":"<!-- This site is optimized with the Yoast SEO plugin v27.3 - https:\/\/yoast.com\/product\/yoast-seo-wordpress\/ -->\n<title>Julia Esp\u00edn, convocada a la tecnificaci\u00f3n de la RFEP - Gimn\u00e0stic de Tarragona SAD<\/title>\n<meta name=\"robots\" content=\"index, follow, max-snippet:-1, max-image-preview:large, max-video-preview:-1\" \/>\n<link rel=\"canonical\" href=\"https:\/\/gimnasticdetarragona.cat\/es\/julia-espin-convocada-a-la-tecnificacion-de-la-rfep\/\" \/>\n<meta property=\"og:locale\" content=\"es_ES\" \/>\n<meta property=\"og:type\" content=\"article\" \/>\n<meta property=\"og:title\" content=\"Julia Esp\u00edn, convocada a la tecnificaci\u00f3n de la RFEP - Gimn\u00e0stic de Tarragona SAD\" \/>\n<meta property=\"og:description\" content=\"De estas sesiones se escoger\u00e1 la Selecci\u00f3n 2021\" \/>\n<meta property=\"og:url\" content=\"https:\/\/gimnasticdetarragona.cat\/es\/julia-espin-convocada-a-la-tecnificacion-de-la-rfep\/\" \/>\n<meta property=\"og:site_name\" content=\"Gimn\u00e0stic de Tarragona SAD\" \/>\n<meta property=\"article:published_time\" content=\"2021-02-09T18:37:00+00:00\" \/>\n<meta property=\"og:image\" content=\"https:\/\/gimnasticdetarragona.cat\/wp-content\/uploads\/2022\/06\/09184529ju-lia.jpg\" \/>\n\t<meta property=\"og:image:width\" content=\"1217\" \/>\n\t<meta property=\"og:image:height\" content=\"812\" \/>\n\t<meta property=\"og:image:type\" content=\"image\/jpeg\" \/>\n<meta name=\"author\" content=\"desarrollo\" \/>\n<meta name=\"twitter:card\" content=\"summary_large_image\" \/>\n<meta name=\"twitter:creator\" content=\"@NASTICTARRAGONA\" \/>\n<meta name=\"twitter:site\" content=\"@NASTICTARRAGONA\" \/>\n<meta name=\"twitter:label1\" content=\"Escrito por\" \/>\n\t<meta name=\"twitter:data1\" content=\"desarrollo\" \/>\n\t<meta name=\"twitter:label2\" content=\"Tiempo de lectura\" \/>\n\t<meta name=\"twitter:data2\" content=\"1 minuto\" \/>\n<script type=\"application\/ld+json\" class=\"yoast-schema-graph\">{\"@context\":\"https:\\\/\\\/schema.org\",\"@graph\":[{\"@type\":\"Article\",\"@id\":\"https:\\\/\\\/gimnasticdetarragona.cat\\\/es\\\/julia-espin-convocada-a-la-tecnificacion-de-la-rfep\\\/#article\",\"isPartOf\":{\"@id\":\"https:\\\/\\\/gimnasticdetarragona.cat\\\/es\\\/julia-espin-convocada-a-la-tecnificacion-de-la-rfep\\\/\"},\"author\":{\"name\":\"desarrollo\",\"@id\":\"https:\\\/\\\/gimnasticdetarragona.cat\\\/es\\\/#\\\/schema\\\/person\\\/47b6a637abf88f9bd835540f20ea069e\"},\"headline\":\"Julia Esp\u00edn, convocada a la tecnificaci\u00f3n de la RFEP\",\"datePublished\":\"2021-02-09T18:37:00+00:00\",\"mainEntityOfPage\":{\"@id\":\"https:\\\/\\\/gimnasticdetarragona.cat\\\/es\\\/julia-espin-convocada-a-la-tecnificacion-de-la-rfep\\\/\"},\"wordCount\":208,\"commentCount\":0,\"publisher\":{\"@id\":\"https:\\\/\\\/gimnasticdetarragona.cat\\\/es\\\/#organization\"},\"image\":{\"@id\":\"https:\\\/\\\/gimnasticdetarragona.cat\\\/es\\\/julia-espin-convocada-a-la-tecnificacion-de-la-rfep\\\/#primaryimage\"},\"thumbnailUrl\":\"https:\\\/\\\/gimnasticdetarragona.cat\\\/wp-content\\\/uploads\\\/2022\\\/06\\\/09184529ju-lia.jpg\",\"articleSection\":[\"Actualidad\",\"Home\",\"Secci\u00f3n Patinaje\",\"Secciones\"],\"inLanguage\":\"es\"},{\"@type\":\"WebPage\",\"@id\":\"https:\\\/\\\/gimnasticdetarragona.cat\\\/es\\\/julia-espin-convocada-a-la-tecnificacion-de-la-rfep\\\/\",\"url\":\"https:\\\/\\\/gimnasticdetarragona.cat\\\/es\\\/julia-espin-convocada-a-la-tecnificacion-de-la-rfep\\\/\",\"name\":\"Julia Esp\u00edn, convocada a la tecnificaci\u00f3n de la RFEP - Gimn\u00e0stic de Tarragona SAD\",\"isPartOf\":{\"@id\":\"https:\\\/\\\/gimnasticdetarragona.cat\\\/es\\\/#website\"},\"primaryImageOfPage\":{\"@id\":\"https:\\\/\\\/gimnasticdetarragona.cat\\\/es\\\/julia-espin-convocada-a-la-tecnificacion-de-la-rfep\\\/#primaryimage\"},\"image\":{\"@id\":\"https:\\\/\\\/gimnasticdetarragona.cat\\\/es\\\/julia-espin-convocada-a-la-tecnificacion-de-la-rfep\\\/#primaryimage\"},\"thumbnailUrl\":\"https:\\\/\\\/gimnasticdetarragona.cat\\\/wp-content\\\/uploads\\\/2022\\\/06\\\/09184529ju-lia.jpg\",\"datePublished\":\"2021-02-09T18:37:00+00:00\",\"breadcrumb\":{\"@id\":\"https:\\\/\\\/gimnasticdetarragona.cat\\\/es\\\/julia-espin-convocada-a-la-tecnificacion-de-la-rfep\\\/#breadcrumb\"},\"inLanguage\":\"es\",\"potentialAction\":[{\"@type\":\"ReadAction\",\"target\":[\"https:\\\/\\\/gimnasticdetarragona.cat\\\/es\\\/julia-espin-convocada-a-la-tecnificacion-de-la-rfep\\\/\"]}]},{\"@type\":\"ImageObject\",\"inLanguage\":\"es\",\"@id\":\"https:\\\/\\\/gimnasticdetarragona.cat\\\/es\\\/julia-espin-convocada-a-la-tecnificacion-de-la-rfep\\\/#primaryimage\",\"url\":\"https:\\\/\\\/gimnasticdetarragona.cat\\\/wp-content\\\/uploads\\\/2022\\\/06\\\/09184529ju-lia.jpg\",\"contentUrl\":\"https:\\\/\\\/gimnasticdetarragona.cat\\\/wp-content\\\/uploads\\\/2022\\\/06\\\/09184529ju-lia.jpg\",\"width\":1217,\"height\":812},{\"@type\":\"BreadcrumbList\",\"@id\":\"https:\\\/\\\/gimnasticdetarragona.cat\\\/es\\\/julia-espin-convocada-a-la-tecnificacion-de-la-rfep\\\/#breadcrumb\",\"itemListElement\":[{\"@type\":\"ListItem\",\"position\":1,\"name\":\"Inici\",\"item\":\"https:\\\/\\\/gimnasticdetarragona.cat\\\/es\\\/nastic\\\/\"},{\"@type\":\"ListItem\",\"position\":2,\"name\":\"Julia Esp\u00edn, convocada a la tecnificaci\u00f3n de la RFEP\"}]},{\"@type\":\"WebSite\",\"@id\":\"https:\\\/\\\/gimnasticdetarragona.cat\\\/es\\\/#website\",\"url\":\"https:\\\/\\\/gimnasticdetarragona.cat\\\/es\\\/\",\"name\":\"Gimn\u00e0stic de Tarragona SAD\",\"description\":\"Gimn\u00e0stic de Tarragona\",\"publisher\":{\"@id\":\"https:\\\/\\\/gimnasticdetarragona.cat\\\/es\\\/#organization\"},\"potentialAction\":[{\"@type\":\"SearchAction\",\"target\":{\"@type\":\"EntryPoint\",\"urlTemplate\":\"https:\\\/\\\/gimnasticdetarragona.cat\\\/es\\\/?s={search_term_string}\"},\"query-input\":{\"@type\":\"PropertyValueSpecification\",\"valueRequired\":true,\"valueName\":\"search_term_string\"}}],\"inLanguage\":\"es\"},{\"@type\":\"Organization\",\"@id\":\"https:\\\/\\\/gimnasticdetarragona.cat\\\/es\\\/#organization\",\"name\":\"GIMN\u00c0STIC DE TARRAGONA\",\"alternateName\":\"N\u00c0STIC\",\"url\":\"https:\\\/\\\/gimnasticdetarragona.cat\\\/es\\\/\",\"logo\":{\"@type\":\"ImageObject\",\"inLanguage\":\"es\",\"@id\":\"https:\\\/\\\/gimnasticdetarragona.cat\\\/es\\\/#\\\/schema\\\/logo\\\/image\\\/\",\"url\":\"https:\\\/\\\/gimnasticdetarragona.cat\\\/wp-content\\\/uploads\\\/2022\\\/06\\\/cropped-logo-gimnastic.png\",\"contentUrl\":\"https:\\\/\\\/gimnasticdetarragona.cat\\\/wp-content\\\/uploads\\\/2022\\\/06\\\/cropped-logo-gimnastic.png\",\"width\":224,\"height\":83,\"caption\":\"GIMN\u00c0STIC DE TARRAGONA\"},\"image\":{\"@id\":\"https:\\\/\\\/gimnasticdetarragona.cat\\\/es\\\/#\\\/schema\\\/logo\\\/image\\\/\"},\"sameAs\":[\"https:\\\/\\\/x.com\\\/NASTICTARRAGONA\",\"https:\\\/\\\/www.instagram.com\\\/nastictarragona\\\/\"]},{\"@type\":\"Person\",\"@id\":\"https:\\\/\\\/gimnasticdetarragona.cat\\\/es\\\/#\\\/schema\\\/person\\\/47b6a637abf88f9bd835540f20ea069e\",\"name\":\"desarrollo\",\"sameAs\":[\"https:\\\/\\\/clone.gimnasticdetarragona.cat\"]}]}<\/script>\n<!-- \/ Yoast SEO plugin. -->","yoast_head_json":{"title":"Julia Esp\u00edn, convocada a la tecnificaci\u00f3n de la RFEP - Gimn\u00e0stic de Tarragona SAD","robots":{"index":"index","follow":"follow","max-snippet":"max-snippet:-1","max-image-preview":"max-image-preview:large","max-video-preview":"max-video-preview:-1"},"canonical":"https:\/\/gimnasticdetarragona.cat\/es\/julia-espin-convocada-a-la-tecnificacion-de-la-rfep\/","og_locale":"es_ES","og_type":"article","og_title":"Julia Esp\u00edn, convocada a la tecnificaci\u00f3n de la RFEP - Gimn\u00e0stic de Tarragona SAD","og_description":"De estas sesiones se escoger\u00e1 la Selecci\u00f3n 2021","og_url":"https:\/\/gimnasticdetarragona.cat\/es\/julia-espin-convocada-a-la-tecnificacion-de-la-rfep\/","og_site_name":"Gimn\u00e0stic de Tarragona SAD","article_published_time":"2021-02-09T18:37:00+00:00","og_image":[{"width":1217,"height":812,"url":"https:\/\/gimnasticdetarragona.cat\/wp-content\/uploads\/2022\/06\/09184529ju-lia.jpg","type":"image\/jpeg"}],"author":"desarrollo","twitter_card":"summary_large_image","twitter_creator":"@NASTICTARRAGONA","twitter_site":"@NASTICTARRAGONA","twitter_misc":{"Escrito por":"desarrollo","Tiempo de lectura":"1 minuto"},"schema":{"@context":"https:\/\/schema.org","@graph":[{"@type":"Article","@id":"https:\/\/gimnasticdetarragona.cat\/es\/julia-espin-convocada-a-la-tecnificacion-de-la-rfep\/#article","isPartOf":{"@id":"https:\/\/gimnasticdetarragona.cat\/es\/julia-espin-convocada-a-la-tecnificacion-de-la-rfep\/"},"author":{"name":"desarrollo","@id":"https:\/\/gimnasticdetarragona.cat\/es\/#\/schema\/person\/47b6a637abf88f9bd835540f20ea069e"},"headline":"Julia Esp\u00edn, convocada a la tecnificaci\u00f3n de la RFEP","datePublished":"2021-02-09T18:37:00+00:00","mainEntityOfPage":{"@id":"https:\/\/gimnasticdetarragona.cat\/es\/julia-espin-convocada-a-la-tecnificacion-de-la-rfep\/"},"wordCount":208,"commentCount":0,"publisher":{"@id":"https:\/\/gimnasticdetarragona.cat\/es\/#organization"},"image":{"@id":"https:\/\/gimnasticdetarragona.cat\/es\/julia-espin-convocada-a-la-tecnificacion-de-la-rfep\/#primaryimage"},"thumbnailUrl":"https:\/\/gimnasticdetarragona.cat\/wp-content\/uploads\/2022\/06\/09184529ju-lia.jpg","articleSection":["Actualidad","Home","Secci\u00f3n Patinaje","Secciones"],"inLanguage":"es"},{"@type":"WebPage","@id":"https:\/\/gimnasticdetarragona.cat\/es\/julia-espin-convocada-a-la-tecnificacion-de-la-rfep\/","url":"https:\/\/gimnasticdetarragona.cat\/es\/julia-espin-convocada-a-la-tecnificacion-de-la-rfep\/","name":"Julia Esp\u00edn, convocada a la tecnificaci\u00f3n de la RFEP - Gimn\u00e0stic de Tarragona SAD","isPartOf":{"@id":"https:\/\/gimnasticdetarragona.cat\/es\/#website"},"primaryImageOfPage":{"@id":"https:\/\/gimnasticdetarragona.cat\/es\/julia-espin-convocada-a-la-tecnificacion-de-la-rfep\/#primaryimage"},"image":{"@id":"https:\/\/gimnasticdetarragona.cat\/es\/julia-espin-convocada-a-la-tecnificacion-de-la-rfep\/#primaryimage"},"thumbnailUrl":"https:\/\/gimnasticdetarragona.cat\/wp-content\/uploads\/2022\/06\/09184529ju-lia.jpg","datePublished":"2021-02-09T18:37:00+00:00","breadcrumb":{"@id":"https:\/\/gimnasticdetarragona.cat\/es\/julia-espin-convocada-a-la-tecnificacion-de-la-rfep\/#breadcrumb"},"inLanguage":"es","potentialAction":[{"@type":"ReadAction","target":["https:\/\/gimnasticdetarragona.cat\/es\/julia-espin-convocada-a-la-tecnificacion-de-la-rfep\/"]}]},{"@type":"ImageObject","inLanguage":"es","@id":"https:\/\/gimnasticdetarragona.cat\/es\/julia-espin-convocada-a-la-tecnificacion-de-la-rfep\/#primaryimage","url":"https:\/\/gimnasticdetarragona.cat\/wp-content\/uploads\/2022\/06\/09184529ju-lia.jpg","contentUrl":"https:\/\/gimnasticdetarragona.cat\/wp-content\/uploads\/2022\/06\/09184529ju-lia.jpg","width":1217,"height":812},{"@type":"BreadcrumbList","@id":"https:\/\/gimnasticdetarragona.cat\/es\/julia-espin-convocada-a-la-tecnificacion-de-la-rfep\/#breadcrumb","itemListElement":[{"@type":"ListItem","position":1,"name":"Inici","item":"https:\/\/gimnasticdetarragona.cat\/es\/nastic\/"},{"@type":"ListItem","position":2,"name":"Julia Esp\u00edn, convocada a la tecnificaci\u00f3n de la RFEP"}]},{"@type":"WebSite","@id":"https:\/\/gimnasticdetarragona.cat\/es\/#website","url":"https:\/\/gimnasticdetarragona.cat\/es\/","name":"Gimn\u00e0stic de Tarragona SAD","description":"Gimn\u00e0stic de Tarragona","publisher":{"@id":"https:\/\/gimnasticdetarragona.cat\/es\/#organization"},"potentialAction":[{"@type":"SearchAction","target":{"@type":"EntryPoint","urlTemplate":"https:\/\/gimnasticdetarragona.cat\/es\/?s={search_term_string}"},"query-input":{"@type":"PropertyValueSpecification","valueRequired":true,"valueName":"search_term_string"}}],"inLanguage":"es"},{"@type":"Organization","@id":"https:\/\/gimnasticdetarragona.cat\/es\/#organization","name":"GIMN\u00c0STIC DE TARRAGONA","alternateName":"N\u00c0STIC","url":"https:\/\/gimnasticdetarragona.cat\/es\/","logo":{"@type":"ImageObject","inLanguage":"es","@id":"https:\/\/gimnasticdetarragona.cat\/es\/#\/schema\/logo\/image\/","url":"https:\/\/gimnasticdetarragona.cat\/wp-content\/uploads\/2022\/06\/cropped-logo-gimnastic.png","contentUrl":"https:\/\/gimnasticdetarragona.cat\/wp-content\/uploads\/2022\/06\/cropped-logo-gimnastic.png","width":224,"height":83,"caption":"GIMN\u00c0STIC DE TARRAGONA"},"image":{"@id":"https:\/\/gimnasticdetarragona.cat\/es\/#\/schema\/logo\/image\/"},"sameAs":["https:\/\/x.com\/NASTICTARRAGONA","https:\/\/www.instagram.com\/nastictarragona\/"]},{"@type":"Person","@id":"https:\/\/gimnasticdetarragona.cat\/es\/#\/schema\/person\/47b6a637abf88f9bd835540f20ea069e","name":"desarrollo","sameAs":["https:\/\/clone.gimnasticdetarragona.cat"]}]}},"_links":{"self":[{"href":"https:\/\/gimnasticdetarragona.cat\/es\/wp-json\/wp\/v2\/posts\/82545","targetHints":{"allow":["GET"]}}],"collection":[{"href":"https:\/\/gimnasticdetarragona.cat\/es\/wp-json\/wp\/v2\/posts"}],"about":[{"href":"https:\/\/gimnasticdetarragona.cat\/es\/wp-json\/wp\/v2\/types\/post"}],"author":[{"embeddable":true,"href":"https:\/\/gimnasticdetarragona.cat\/es\/wp-json\/wp\/v2\/users\/1"}],"replies":[{"embeddable":true,"href":"https:\/\/gimnasticdetarragona.cat\/es\/wp-json\/wp\/v2\/comments?post=82545"}],"version-history":[{"count":0,"href":"https:\/\/gimnasticdetarragona.cat\/es\/wp-json\/wp\/v2\/posts\/82545\/revisions"}],"wp:featuredmedia":[{"embeddable":true,"href":"https:\/\/gimnasticdetarragona.cat\/es\/wp-json\/wp\/v2\/media\/82542"}],"wp:attachment":[{"href":"https:\/\/gimnasticdetarragona.cat\/es\/wp-json\/wp\/v2\/media?parent=82545"}],"wp:term":[{"taxonomy":"category","embeddable":true,"href":"https:\/\/gimnasticdetarragona.cat\/es\/wp-json\/wp\/v2\/categories?post=82545"},{"taxonomy":"post_tag","embeddable":true,"href":"https:\/\/gimnasticdetarragona.cat\/es\/wp-json\/wp\/v2\/tags?post=82545"}],"curies":[{"name":"wp","href":"https:\/\/api.w.org\/{rel}","templated":true}]}}