{"id":82691,"date":"2021-03-24T11:53:00","date_gmt":"2021-03-24T11:53:00","guid":{"rendered":"https:\/\/clone.gimnasticdetarragona.cat\/buenos-resultados-de-la-ritmica-grana-en-los-campeonatos-de-espana\/"},"modified":"2021-03-24T11:53:00","modified_gmt":"2021-03-24T11:53:00","slug":"buenos-resultados-de-la-ritmica-grana-en-los-campeonatos-de-espana","status":"publish","type":"post","link":"https:\/\/gimnasticdetarragona.cat\/es\/buenos-resultados-de-la-ritmica-grana-en-los-campeonatos-de-espana\/","title":{"rendered":"Buenos resultados de la r\u00edtmica grana en los Campeonatos de Espa\u00f1a"},"content":{"rendered":"<p style=\"text-align: justify;\">El Club Gimn&agrave;stic de Tarragona particip&oacute; con tres conjuntos en el Campeonato de Espa&ntilde;a de Gimnasia R&iacute;tmica celebrado en Valencia durante la semana pasada. Competici&oacute;n correspondiente al Campeonato Nacional de 2020, aplazado por la pandemia.<\/p>\n<p style=\"text-align: justify;\">Las actuaciones y resultados de los conjuntos Cadete Base, Infantil Absoluto y Senior Absoluto, han permitido situar a la entidad como uno de los clubes referentes de la Gimnasia R&iacute;tmica catalana.<\/p>\n<p style=\"text-align: justify;\">Los tres conjuntos est&aacute;n dirigidos por la reconocida entrenadora Iria Med&iacute;n y cabe destacar el ejercicio del equipo Senior Absoluto, que con una meritoria 7&ordf; posici&oacute;n, ha fue elogiado por juezas y t&eacute;cnicas por la originalidad y riesgo de su composici&oacute;n.<\/p>\n<p style=\"text-align: justify;\">Las gimnastas participantes por equipos han sido:<\/p>\n<p style=\"text-align: justify;\">Cadet base: Ana Arias, Mar Breton, Mar Rosell&oacute;, Mar Garcia, Alba Garcia, Claudia Fernandez y J&uacute;lia Bel.<\/p>\n<p style=\"text-align: justify;\">S&egrave;nior Absolut: Marina Sabat&eacute;, Paula Oruj, Carla Cacho, Carla de la Cruz, Berta de la Cruz, Anna Gen&eacute; y Marta Sanz.<\/p>\n<p style=\"text-align: justify;\">Infantil Absolut: Alba Ferr&eacute;, Carla Pujol, Alexia Ghieseken, Aina Duch, Laura Altes, Leire Torruella y Rosa Planes.<\/p>\n","protected":false},"excerpt":{"rendered":"<p>El senior absoluto, con una meritoria 7\u00aa posici\u00f3n<\/p>\n","protected":false},"author":1,"featured_media":82688,"comment_status":"open","ping_status":"open","sticky":false,"template":"","format":"standard","meta":{"_acf_changed":false,"footnotes":""},"categories":[113,121,132,127],"tags":[],"class_list":["post-82691","post","type-post","status-publish","format-standard","has-post-thumbnail","hentry","category-actualidad","category-home","category-gimnasia-ritmica","category-secciones"],"acf":[],"yoast_head":"<!-- This site is optimized with the Yoast SEO plugin v27.3 - https:\/\/yoast.com\/product\/yoast-seo-wordpress\/ -->\n<title>Buenos resultados de la r\u00edtmica grana en los Campeonatos de Espa\u00f1a - Gimn\u00e0stic de Tarragona SAD<\/title>\n<meta name=\"robots\" content=\"index, follow, max-snippet:-1, max-image-preview:large, max-video-preview:-1\" \/>\n<link rel=\"canonical\" href=\"https:\/\/gimnasticdetarragona.cat\/es\/buenos-resultados-de-la-ritmica-grana-en-los-campeonatos-de-espana\/\" \/>\n<meta property=\"og:locale\" content=\"es_ES\" \/>\n<meta property=\"og:type\" content=\"article\" \/>\n<meta property=\"og:title\" content=\"Buenos resultados de la r\u00edtmica grana en los Campeonatos de Espa\u00f1a - Gimn\u00e0stic de Tarragona SAD\" \/>\n<meta property=\"og:description\" content=\"El senior absoluto, con una meritoria 7\u00aa posici\u00f3n\" \/>\n<meta property=\"og:url\" content=\"https:\/\/gimnasticdetarragona.cat\/es\/buenos-resultados-de-la-ritmica-grana-en-los-campeonatos-de-espana\/\" \/>\n<meta property=\"og:site_name\" content=\"Gimn\u00e0stic de Tarragona SAD\" \/>\n<meta property=\"article:published_time\" content=\"2021-03-24T11:53:00+00:00\" \/>\n<meta property=\"og:image\" content=\"https:\/\/gimnasticdetarragona.cat\/wp-content\/uploads\/2022\/06\/25115514senior.jpg\" \/>\n\t<meta property=\"og:image:width\" content=\"2048\" \/>\n\t<meta property=\"og:image:height\" content=\"1536\" \/>\n\t<meta property=\"og:image:type\" content=\"image\/jpeg\" \/>\n<meta name=\"author\" content=\"desarrollo\" \/>\n<meta name=\"twitter:card\" content=\"summary_large_image\" \/>\n<meta name=\"twitter:creator\" content=\"@NASTICTARRAGONA\" \/>\n<meta name=\"twitter:site\" content=\"@NASTICTARRAGONA\" \/>\n<meta name=\"twitter:label1\" content=\"Escrito por\" \/>\n\t<meta name=\"twitter:data1\" content=\"desarrollo\" \/>\n\t<meta name=\"twitter:label2\" content=\"Tiempo de lectura\" \/>\n\t<meta name=\"twitter:data2\" content=\"1 minuto\" \/>\n<script type=\"application\/ld+json\" class=\"yoast-schema-graph\">{\"@context\":\"https:\\\/\\\/schema.org\",\"@graph\":[{\"@type\":\"Article\",\"@id\":\"https:\\\/\\\/gimnasticdetarragona.cat\\\/es\\\/buenos-resultados-de-la-ritmica-grana-en-los-campeonatos-de-espana\\\/#article\",\"isPartOf\":{\"@id\":\"https:\\\/\\\/gimnasticdetarragona.cat\\\/es\\\/buenos-resultados-de-la-ritmica-grana-en-los-campeonatos-de-espana\\\/\"},\"author\":{\"name\":\"desarrollo\",\"@id\":\"https:\\\/\\\/gimnasticdetarragona.cat\\\/es\\\/#\\\/schema\\\/person\\\/47b6a637abf88f9bd835540f20ea069e\"},\"headline\":\"Buenos resultados de la r\u00edtmica grana en los Campeonatos de Espa\u00f1a\",\"datePublished\":\"2021-03-24T11:53:00+00:00\",\"mainEntityOfPage\":{\"@id\":\"https:\\\/\\\/gimnasticdetarragona.cat\\\/es\\\/buenos-resultados-de-la-ritmica-grana-en-los-campeonatos-de-espana\\\/\"},\"wordCount\":210,\"commentCount\":0,\"publisher\":{\"@id\":\"https:\\\/\\\/gimnasticdetarragona.cat\\\/es\\\/#organization\"},\"image\":{\"@id\":\"https:\\\/\\\/gimnasticdetarragona.cat\\\/es\\\/buenos-resultados-de-la-ritmica-grana-en-los-campeonatos-de-espana\\\/#primaryimage\"},\"thumbnailUrl\":\"https:\\\/\\\/gimnasticdetarragona.cat\\\/wp-content\\\/uploads\\\/2022\\\/06\\\/25115514senior.jpg\",\"articleSection\":[\"Actualidad\",\"Home\",\"Secci\u00f3n Gimnasia R\u00edtimica\",\"Secciones\"],\"inLanguage\":\"es\"},{\"@type\":\"WebPage\",\"@id\":\"https:\\\/\\\/gimnasticdetarragona.cat\\\/es\\\/buenos-resultados-de-la-ritmica-grana-en-los-campeonatos-de-espana\\\/\",\"url\":\"https:\\\/\\\/gimnasticdetarragona.cat\\\/es\\\/buenos-resultados-de-la-ritmica-grana-en-los-campeonatos-de-espana\\\/\",\"name\":\"Buenos resultados de la r\u00edtmica grana en los Campeonatos de Espa\u00f1a - Gimn\u00e0stic de Tarragona SAD\",\"isPartOf\":{\"@id\":\"https:\\\/\\\/gimnasticdetarragona.cat\\\/es\\\/#website\"},\"primaryImageOfPage\":{\"@id\":\"https:\\\/\\\/gimnasticdetarragona.cat\\\/es\\\/buenos-resultados-de-la-ritmica-grana-en-los-campeonatos-de-espana\\\/#primaryimage\"},\"image\":{\"@id\":\"https:\\\/\\\/gimnasticdetarragona.cat\\\/es\\\/buenos-resultados-de-la-ritmica-grana-en-los-campeonatos-de-espana\\\/#primaryimage\"},\"thumbnailUrl\":\"https:\\\/\\\/gimnasticdetarragona.cat\\\/wp-content\\\/uploads\\\/2022\\\/06\\\/25115514senior.jpg\",\"datePublished\":\"2021-03-24T11:53:00+00:00\",\"breadcrumb\":{\"@id\":\"https:\\\/\\\/gimnasticdetarragona.cat\\\/es\\\/buenos-resultados-de-la-ritmica-grana-en-los-campeonatos-de-espana\\\/#breadcrumb\"},\"inLanguage\":\"es\",\"potentialAction\":[{\"@type\":\"ReadAction\",\"target\":[\"https:\\\/\\\/gimnasticdetarragona.cat\\\/es\\\/buenos-resultados-de-la-ritmica-grana-en-los-campeonatos-de-espana\\\/\"]}]},{\"@type\":\"ImageObject\",\"inLanguage\":\"es\",\"@id\":\"https:\\\/\\\/gimnasticdetarragona.cat\\\/es\\\/buenos-resultados-de-la-ritmica-grana-en-los-campeonatos-de-espana\\\/#primaryimage\",\"url\":\"https:\\\/\\\/gimnasticdetarragona.cat\\\/wp-content\\\/uploads\\\/2022\\\/06\\\/25115514senior.jpg\",\"contentUrl\":\"https:\\\/\\\/gimnasticdetarragona.cat\\\/wp-content\\\/uploads\\\/2022\\\/06\\\/25115514senior.jpg\",\"width\":2048,\"height\":1536},{\"@type\":\"BreadcrumbList\",\"@id\":\"https:\\\/\\\/gimnasticdetarragona.cat\\\/es\\\/buenos-resultados-de-la-ritmica-grana-en-los-campeonatos-de-espana\\\/#breadcrumb\",\"itemListElement\":[{\"@type\":\"ListItem\",\"position\":1,\"name\":\"Inici\",\"item\":\"https:\\\/\\\/gimnasticdetarragona.cat\\\/es\\\/nastic\\\/\"},{\"@type\":\"ListItem\",\"position\":2,\"name\":\"Buenos resultados de la r\u00edtmica grana en los Campeonatos de Espa\u00f1a\"}]},{\"@type\":\"WebSite\",\"@id\":\"https:\\\/\\\/gimnasticdetarragona.cat\\\/es\\\/#website\",\"url\":\"https:\\\/\\\/gimnasticdetarragona.cat\\\/es\\\/\",\"name\":\"Gimn\u00e0stic de Tarragona SAD\",\"description\":\"Gimn\u00e0stic de Tarragona\",\"publisher\":{\"@id\":\"https:\\\/\\\/gimnasticdetarragona.cat\\\/es\\\/#organization\"},\"potentialAction\":[{\"@type\":\"SearchAction\",\"target\":{\"@type\":\"EntryPoint\",\"urlTemplate\":\"https:\\\/\\\/gimnasticdetarragona.cat\\\/es\\\/?s={search_term_string}\"},\"query-input\":{\"@type\":\"PropertyValueSpecification\",\"valueRequired\":true,\"valueName\":\"search_term_string\"}}],\"inLanguage\":\"es\"},{\"@type\":\"Organization\",\"@id\":\"https:\\\/\\\/gimnasticdetarragona.cat\\\/es\\\/#organization\",\"name\":\"GIMN\u00c0STIC DE TARRAGONA\",\"alternateName\":\"N\u00c0STIC\",\"url\":\"https:\\\/\\\/gimnasticdetarragona.cat\\\/es\\\/\",\"logo\":{\"@type\":\"ImageObject\",\"inLanguage\":\"es\",\"@id\":\"https:\\\/\\\/gimnasticdetarragona.cat\\\/es\\\/#\\\/schema\\\/logo\\\/image\\\/\",\"url\":\"https:\\\/\\\/gimnasticdetarragona.cat\\\/wp-content\\\/uploads\\\/2022\\\/06\\\/cropped-logo-gimnastic.png\",\"contentUrl\":\"https:\\\/\\\/gimnasticdetarragona.cat\\\/wp-content\\\/uploads\\\/2022\\\/06\\\/cropped-logo-gimnastic.png\",\"width\":224,\"height\":83,\"caption\":\"GIMN\u00c0STIC DE TARRAGONA\"},\"image\":{\"@id\":\"https:\\\/\\\/gimnasticdetarragona.cat\\\/es\\\/#\\\/schema\\\/logo\\\/image\\\/\"},\"sameAs\":[\"https:\\\/\\\/x.com\\\/NASTICTARRAGONA\",\"https:\\\/\\\/www.instagram.com\\\/nastictarragona\\\/\"]},{\"@type\":\"Person\",\"@id\":\"https:\\\/\\\/gimnasticdetarragona.cat\\\/es\\\/#\\\/schema\\\/person\\\/47b6a637abf88f9bd835540f20ea069e\",\"name\":\"desarrollo\",\"sameAs\":[\"https:\\\/\\\/clone.gimnasticdetarragona.cat\"]}]}<\/script>\n<!-- \/ Yoast SEO plugin. -->","yoast_head_json":{"title":"Buenos resultados de la r\u00edtmica grana en los Campeonatos de Espa\u00f1a - Gimn\u00e0stic de Tarragona SAD","robots":{"index":"index","follow":"follow","max-snippet":"max-snippet:-1","max-image-preview":"max-image-preview:large","max-video-preview":"max-video-preview:-1"},"canonical":"https:\/\/gimnasticdetarragona.cat\/es\/buenos-resultados-de-la-ritmica-grana-en-los-campeonatos-de-espana\/","og_locale":"es_ES","og_type":"article","og_title":"Buenos resultados de la r\u00edtmica grana en los Campeonatos de Espa\u00f1a - Gimn\u00e0stic de Tarragona SAD","og_description":"El senior absoluto, con una meritoria 7\u00aa posici\u00f3n","og_url":"https:\/\/gimnasticdetarragona.cat\/es\/buenos-resultados-de-la-ritmica-grana-en-los-campeonatos-de-espana\/","og_site_name":"Gimn\u00e0stic de Tarragona SAD","article_published_time":"2021-03-24T11:53:00+00:00","og_image":[{"width":2048,"height":1536,"url":"https:\/\/gimnasticdetarragona.cat\/wp-content\/uploads\/2022\/06\/25115514senior.jpg","type":"image\/jpeg"}],"author":"desarrollo","twitter_card":"summary_large_image","twitter_creator":"@NASTICTARRAGONA","twitter_site":"@NASTICTARRAGONA","twitter_misc":{"Escrito por":"desarrollo","Tiempo de lectura":"1 minuto"},"schema":{"@context":"https:\/\/schema.org","@graph":[{"@type":"Article","@id":"https:\/\/gimnasticdetarragona.cat\/es\/buenos-resultados-de-la-ritmica-grana-en-los-campeonatos-de-espana\/#article","isPartOf":{"@id":"https:\/\/gimnasticdetarragona.cat\/es\/buenos-resultados-de-la-ritmica-grana-en-los-campeonatos-de-espana\/"},"author":{"name":"desarrollo","@id":"https:\/\/gimnasticdetarragona.cat\/es\/#\/schema\/person\/47b6a637abf88f9bd835540f20ea069e"},"headline":"Buenos resultados de la r\u00edtmica grana en los Campeonatos de Espa\u00f1a","datePublished":"2021-03-24T11:53:00+00:00","mainEntityOfPage":{"@id":"https:\/\/gimnasticdetarragona.cat\/es\/buenos-resultados-de-la-ritmica-grana-en-los-campeonatos-de-espana\/"},"wordCount":210,"commentCount":0,"publisher":{"@id":"https:\/\/gimnasticdetarragona.cat\/es\/#organization"},"image":{"@id":"https:\/\/gimnasticdetarragona.cat\/es\/buenos-resultados-de-la-ritmica-grana-en-los-campeonatos-de-espana\/#primaryimage"},"thumbnailUrl":"https:\/\/gimnasticdetarragona.cat\/wp-content\/uploads\/2022\/06\/25115514senior.jpg","articleSection":["Actualidad","Home","Secci\u00f3n Gimnasia R\u00edtimica","Secciones"],"inLanguage":"es"},{"@type":"WebPage","@id":"https:\/\/gimnasticdetarragona.cat\/es\/buenos-resultados-de-la-ritmica-grana-en-los-campeonatos-de-espana\/","url":"https:\/\/gimnasticdetarragona.cat\/es\/buenos-resultados-de-la-ritmica-grana-en-los-campeonatos-de-espana\/","name":"Buenos resultados de la r\u00edtmica grana en los Campeonatos de Espa\u00f1a - Gimn\u00e0stic de Tarragona SAD","isPartOf":{"@id":"https:\/\/gimnasticdetarragona.cat\/es\/#website"},"primaryImageOfPage":{"@id":"https:\/\/gimnasticdetarragona.cat\/es\/buenos-resultados-de-la-ritmica-grana-en-los-campeonatos-de-espana\/#primaryimage"},"image":{"@id":"https:\/\/gimnasticdetarragona.cat\/es\/buenos-resultados-de-la-ritmica-grana-en-los-campeonatos-de-espana\/#primaryimage"},"thumbnailUrl":"https:\/\/gimnasticdetarragona.cat\/wp-content\/uploads\/2022\/06\/25115514senior.jpg","datePublished":"2021-03-24T11:53:00+00:00","breadcrumb":{"@id":"https:\/\/gimnasticdetarragona.cat\/es\/buenos-resultados-de-la-ritmica-grana-en-los-campeonatos-de-espana\/#breadcrumb"},"inLanguage":"es","potentialAction":[{"@type":"ReadAction","target":["https:\/\/gimnasticdetarragona.cat\/es\/buenos-resultados-de-la-ritmica-grana-en-los-campeonatos-de-espana\/"]}]},{"@type":"ImageObject","inLanguage":"es","@id":"https:\/\/gimnasticdetarragona.cat\/es\/buenos-resultados-de-la-ritmica-grana-en-los-campeonatos-de-espana\/#primaryimage","url":"https:\/\/gimnasticdetarragona.cat\/wp-content\/uploads\/2022\/06\/25115514senior.jpg","contentUrl":"https:\/\/gimnasticdetarragona.cat\/wp-content\/uploads\/2022\/06\/25115514senior.jpg","width":2048,"height":1536},{"@type":"BreadcrumbList","@id":"https:\/\/gimnasticdetarragona.cat\/es\/buenos-resultados-de-la-ritmica-grana-en-los-campeonatos-de-espana\/#breadcrumb","itemListElement":[{"@type":"ListItem","position":1,"name":"Inici","item":"https:\/\/gimnasticdetarragona.cat\/es\/nastic\/"},{"@type":"ListItem","position":2,"name":"Buenos resultados de la r\u00edtmica grana en los Campeonatos de Espa\u00f1a"}]},{"@type":"WebSite","@id":"https:\/\/gimnasticdetarragona.cat\/es\/#website","url":"https:\/\/gimnasticdetarragona.cat\/es\/","name":"Gimn\u00e0stic de Tarragona SAD","description":"Gimn\u00e0stic de Tarragona","publisher":{"@id":"https:\/\/gimnasticdetarragona.cat\/es\/#organization"},"potentialAction":[{"@type":"SearchAction","target":{"@type":"EntryPoint","urlTemplate":"https:\/\/gimnasticdetarragona.cat\/es\/?s={search_term_string}"},"query-input":{"@type":"PropertyValueSpecification","valueRequired":true,"valueName":"search_term_string"}}],"inLanguage":"es"},{"@type":"Organization","@id":"https:\/\/gimnasticdetarragona.cat\/es\/#organization","name":"GIMN\u00c0STIC DE TARRAGONA","alternateName":"N\u00c0STIC","url":"https:\/\/gimnasticdetarragona.cat\/es\/","logo":{"@type":"ImageObject","inLanguage":"es","@id":"https:\/\/gimnasticdetarragona.cat\/es\/#\/schema\/logo\/image\/","url":"https:\/\/gimnasticdetarragona.cat\/wp-content\/uploads\/2022\/06\/cropped-logo-gimnastic.png","contentUrl":"https:\/\/gimnasticdetarragona.cat\/wp-content\/uploads\/2022\/06\/cropped-logo-gimnastic.png","width":224,"height":83,"caption":"GIMN\u00c0STIC DE TARRAGONA"},"image":{"@id":"https:\/\/gimnasticdetarragona.cat\/es\/#\/schema\/logo\/image\/"},"sameAs":["https:\/\/x.com\/NASTICTARRAGONA","https:\/\/www.instagram.com\/nastictarragona\/"]},{"@type":"Person","@id":"https:\/\/gimnasticdetarragona.cat\/es\/#\/schema\/person\/47b6a637abf88f9bd835540f20ea069e","name":"desarrollo","sameAs":["https:\/\/clone.gimnasticdetarragona.cat"]}]}},"_links":{"self":[{"href":"https:\/\/gimnasticdetarragona.cat\/es\/wp-json\/wp\/v2\/posts\/82691","targetHints":{"allow":["GET"]}}],"collection":[{"href":"https:\/\/gimnasticdetarragona.cat\/es\/wp-json\/wp\/v2\/posts"}],"about":[{"href":"https:\/\/gimnasticdetarragona.cat\/es\/wp-json\/wp\/v2\/types\/post"}],"author":[{"embeddable":true,"href":"https:\/\/gimnasticdetarragona.cat\/es\/wp-json\/wp\/v2\/users\/1"}],"replies":[{"embeddable":true,"href":"https:\/\/gimnasticdetarragona.cat\/es\/wp-json\/wp\/v2\/comments?post=82691"}],"version-history":[{"count":0,"href":"https:\/\/gimnasticdetarragona.cat\/es\/wp-json\/wp\/v2\/posts\/82691\/revisions"}],"wp:featuredmedia":[{"embeddable":true,"href":"https:\/\/gimnasticdetarragona.cat\/es\/wp-json\/wp\/v2\/media\/82688"}],"wp:attachment":[{"href":"https:\/\/gimnasticdetarragona.cat\/es\/wp-json\/wp\/v2\/media?parent=82691"}],"wp:term":[{"taxonomy":"category","embeddable":true,"href":"https:\/\/gimnasticdetarragona.cat\/es\/wp-json\/wp\/v2\/categories?post=82691"},{"taxonomy":"post_tag","embeddable":true,"href":"https:\/\/gimnasticdetarragona.cat\/es\/wp-json\/wp\/v2\/tags?post=82691"}],"curies":[{"name":"wp","href":"https:\/\/api.w.org\/{rel}","templated":true}]}}