{"id":82934,"date":"2021-05-17T12:44:00","date_gmt":"2021-05-17T12:44:00","guid":{"rendered":"https:\/\/clone.gimnasticdetarragona.cat\/disfruta-del-tecni-nasticamp-de-verano-2021\/"},"modified":"2021-05-17T12:44:00","modified_gmt":"2021-05-17T12:44:00","slug":"disfruta-del-tecni-nasticamp-de-verano-2021","status":"publish","type":"post","link":"https:\/\/gimnasticdetarragona.cat\/es\/disfruta-del-tecni-nasticamp-de-verano-2021\/","title":{"rendered":"Disfruta del Tecni Nasticamp de Verano 2021"},"content":{"rendered":"<p style=\"text-align: justify;\">Las instalaciones del Gimn&agrave;stic de Tarragona acoger&aacute;n una nueva edici&oacute;n del campus entre el 28 de junio y el 30 de julio. En esta ocasi&oacute;n, los ni&ntilde;os y ni&ntilde;as de 4 a 14 a&ntilde;os podr&aacute;n disfrutar de las actividades y sesiones a partir de una semana y hasta las cinco programadas.<\/p>\n<p style=\"text-align: justify;\">El horario es de 9 a 14h (comida no incluida) o de 9 a 15.30 horas (comida incluida) y cuenta con posibilidad de servicio de acogida a partir de las 8h y de recogida hasta las 16 horas, sin coste adicional.<\/p>\n<p style=\"text-align: justify;\">El programa de actividades y sesiones est&aacute; dirigido por los entrenadores del f&uacute;tbol base del N&agrave;stic y coordinados por la secretar&iacute;a t&eacute;cnica del Planter Grana. El objetivo es disfrutar del f&uacute;tbol incidiendo especialmente en la tecnificaci&oacute;n y la t&aacute;ctica, desarrollando y potenciando las habilidades con el bal&oacute;n as&iacute; como tambi&eacute;n el trabajo espec&iacute;fico de porteros. Adem&aacute;s, se har&aacute;n otras actividades paralelas en la playa y en la piscina del Club Gimn&agrave;stic de Tarragona.<\/p>\n<p style=\"text-align: justify;\">Los precios del Tecni Nasticamp de Verano 2021 son los siguientes:<\/p>\n<p style=\"text-align: justify;\">\n<table width=\"82.0635%\" style=\"height: 148px; width: 82.0635%; margin-left: auto; margin-right: auto;\" border=\"3\">\n<tbody>\n<tr style=\"background-color: #c8102e; color: #ffffff; height: 24px;\">\n<td style=\"width: 36.2179%; height: 33px; background-color: #c8102e; color: #ffffff; text-align: center;\" valign=\"middle\"><strong>DE 9 A 14 H<br \/><\/strong><\/td>\n<td style=\"width: 21.4805%; height: 33px; background-color: #c8102e; color: #ffffff; text-align: center;\" valign=\"middle\"><strong>SOCIO<\/strong><\/td>\n<td style=\"width: 24.3651%; height: 33px; background-color: #c8102e; color: #ffffff; text-align: center;\" valign=\"middle\"><strong>NO SOCIO<\/strong><\/td>\n<\/tr>\n<tr style=\"text-align: left;\">\n<td style=\"width: 36.2179%; height: 23px; text-align: center;\">\n<p>1 semana<\/p>\n<\/td>\n<td style=\"width: 21.4805%; height: 23px; text-align: center;\">\n<p>80 &euro;<\/p>\n<\/td>\n<td style=\"width: 24.3651%; height: 23px; text-align: center;\">\n<p>90 &euro;<\/p>\n<\/td>\n<\/tr>\n<tr style=\"text-align: left;\">\n<td style=\"width: 36.2179%; height: 23px; text-align: center;\">\n<p>2 semanas<\/p>\n<\/td>\n<td style=\"width: 21.4805%; height: 23px; text-align: center;\">\n<p>150 &euro;<\/p>\n<\/td>\n<td style=\"width: 24.3651%; height: 23px; text-align: center;\">\n<p>170 &euro;<\/p>\n<\/td>\n<\/tr>\n<tr style=\"text-align: left;\">\n<td style=\"width: 36.2179%; height: 23px; text-align: center;\">\n<p>3 semanas<\/p>\n<\/td>\n<td style=\"width: 21.4805%; height: 23px; text-align: center;\">\n<p>225 &euro;<\/p>\n<\/td>\n<td style=\"width: 24.3651%; height: 23px; text-align: center;\">\n<p>255 &euro;<\/p>\n<\/td>\n<\/tr>\n<tr style=\"text-align: left;\">\n<td style=\"width: 36.2179%; height: 23px; text-align: center;\">\n<p>4 semanas<\/p>\n<\/td>\n<td style=\"width: 21.4805%; height: 23px; text-align: center;\">\n<p>280 &euro;<\/p>\n<\/td>\n<td style=\"width: 24.3651%; height: 23px; text-align: center;\">\n<p>320 &euro;<\/p>\n<\/td>\n<\/tr>\n<tr style=\"height: 23px;\">\n<td style=\"width: 36.2179%; height: 23px; text-align: center;\">\n<p>5 semanas<\/p>\n<\/td>\n<td style=\"width: 21.4805%; height: 23px; text-align: center;\">\n<p>350 &euro;<\/p>\n<\/td>\n<td style=\"width: 24.3651%; height: 23px; text-align: center;\">\n<p style=\"text-align: center;\">400 &euro;<\/p>\n<\/td>\n<\/tr>\n<\/tbody>\n<\/table>\n<p style=\"text-align: center;\">&nbsp;<\/p>\n<table width=\"82.0635%\" style=\"height: 146px; width: 82.0635%; margin-left: auto; margin-right: auto;\" border=\"3\">\n<tbody>\n<tr style=\"background-color: #c8102e; color: #ffffff; height: 23px;\">\n<td style=\"width: 36.2179%; height: 31px; background-color: #c8102e; color: #ffffff; text-align: center;\" valign=\"middle\"><strong>DE 9 A 15.30 H (INCLUYE COMIDA)<br \/><\/strong><\/td>\n<td style=\"width: 21.4805%; height: 31px; background-color: #c8102e; color: #ffffff; text-align: center;\" valign=\"middle\"><strong>SOCIO<\/strong><\/td>\n<td style=\"width: 24.3651%; height: 31px; background-color: #c8102e; color: #ffffff; text-align: center;\" valign=\"middle\"><strong>NO SOCIO<\/strong><\/td>\n<\/tr>\n<tr style=\"height: 23px;\">\n<td style=\"width: 36.2179%; height: 23px; text-align: center;\">\n<p>1 semana<\/p>\n<\/td>\n<td style=\"width: 21.4805%; height: 23px; text-align: center;\">\n<p>140 &euro;<\/p>\n<\/td>\n<td style=\"width: 24.3651%; height: 23px; text-align: center;\">\n<p>155 &euro;<\/p>\n<\/td>\n<\/tr>\n<tr style=\"height: 23px;\">\n<td style=\"width: 36.2179%; height: 23px; text-align: center;\">\n<p>2 semanas<\/p>\n<\/td>\n<td style=\"width: 21.4805%; height: 23px; text-align: center;\">\n<p>270 &euro;<\/p>\n<\/td>\n<td style=\"width: 24.3651%; height: 23px; text-align: center;\">\n<p>300 &euro;<\/p>\n<\/td>\n<\/tr>\n<tr style=\"height: 23px;\">\n<td style=\"width: 36.2179%; height: 23px; text-align: center;\">\n<p>3 semanas<\/p>\n<\/td>\n<td style=\"width: 21.4805%; height: 23px; text-align: center;\">\n<p>405 &euro;<\/p>\n<\/td>\n<td style=\"width: 24.3651%; height: 23px; text-align: center;\">\n<p>450 &euro;<\/p>\n<\/td>\n<\/tr>\n<tr style=\"height: 23px;\">\n<td style=\"width: 36.2179%; height: 23px; text-align: center;\">\n<p>4 semanas<\/p>\n<\/td>\n<td style=\"width: 21.4805%; height: 23px; text-align: center;\">\n<p>520 &euro;<\/p>\n<\/td>\n<td style=\"width: 24.3651%; height: 23px; text-align: center;\">\n<p>580 &euro;<\/p>\n<\/td>\n<\/tr>\n<tr style=\"height: 23px;\">\n<td style=\"width: 36.2179%; height: 23px; text-align: center;\">\n<p>5 semanas<\/p>\n<\/td>\n<td style=\"width: 21.4805%; height: 23px; text-align: center;\">\n<p>650 &euro;<\/p>\n<\/td>\n<td style=\"width: 24.3651%; height: 23px; text-align: center;\">\n<p>725 &euro;<\/p>\n<\/td>\n<\/tr>\n<\/tbody>\n<\/table>\n<p style=\"text-align: justify;\">\n<p style=\"text-align: justify;\">Por cada semana de participaci&oacute;n se ofrecer&aacute; un lote t&eacute;cnico, que incluye camiseta y pantal&oacute;n.<\/p>\n<p style=\"text-align: justify;\">Para m&aacute;s informaci&oacute;n e inscripciones pueden dirigirse a las oficinas de la entidad, llamar al 977 21 51 03 o escribir a <a href=\"mailto:futbolbase@gimnasticdetarragona.cat\">futbolbase@gimnasticdetarragona.cat<\/a><\/p>\n","protected":false},"excerpt":{"rendered":"<p>Del 28 de junio al 30 de julio, vuelve el campus de tecnificaci\u00f3n del N\u00e0stic<\/p>\n","protected":false},"author":1,"featured_media":82931,"comment_status":"open","ping_status":"open","sticky":false,"template":"","format":"standard","meta":{"_acf_changed":false,"footnotes":""},"categories":[113,114,117,121,139],"tags":[],"class_list":["post-82934","post","type-post","status-publish","format-standard","has-post-thumbnail","hentry","category-actualidad","category-aficion","category-futbol-base","category-home","category-social"],"acf":[],"yoast_head":"<!-- This site is optimized with the Yoast SEO plugin v27.3 - https:\/\/yoast.com\/product\/yoast-seo-wordpress\/ -->\n<title>Disfruta del Tecni Nasticamp de Verano 2021 - Gimn\u00e0stic de Tarragona SAD<\/title>\n<meta name=\"robots\" content=\"index, follow, max-snippet:-1, max-image-preview:large, max-video-preview:-1\" \/>\n<link rel=\"canonical\" href=\"https:\/\/gimnasticdetarragona.cat\/es\/disfruta-del-tecni-nasticamp-de-verano-2021\/\" \/>\n<meta property=\"og:locale\" content=\"es_ES\" \/>\n<meta property=\"og:type\" content=\"article\" \/>\n<meta property=\"og:title\" content=\"Disfruta del Tecni Nasticamp de Verano 2021 - Gimn\u00e0stic de Tarragona SAD\" \/>\n<meta property=\"og:description\" content=\"Del 28 de junio al 30 de julio, vuelve el campus de tecnificaci\u00f3n del N\u00e0stic\" \/>\n<meta property=\"og:url\" content=\"https:\/\/gimnasticdetarragona.cat\/es\/disfruta-del-tecni-nasticamp-de-verano-2021\/\" \/>\n<meta property=\"og:site_name\" content=\"Gimn\u00e0stic de Tarragona SAD\" \/>\n<meta property=\"article:published_time\" content=\"2021-05-17T12:44:00+00:00\" \/>\n<meta property=\"og:image\" content=\"https:\/\/gimnasticdetarragona.cat\/wp-content\/uploads\/2022\/06\/17125531tecni-nasticam-2021-horitzontal.jpg\" \/>\n\t<meta property=\"og:image:width\" content=\"1200\" \/>\n\t<meta property=\"og:image:height\" content=\"630\" \/>\n\t<meta property=\"og:image:type\" content=\"image\/jpeg\" \/>\n<meta name=\"author\" content=\"desarrollo\" \/>\n<meta name=\"twitter:card\" content=\"summary_large_image\" \/>\n<meta name=\"twitter:creator\" content=\"@NASTICTARRAGONA\" \/>\n<meta name=\"twitter:site\" content=\"@NASTICTARRAGONA\" \/>\n<meta name=\"twitter:label1\" content=\"Escrito por\" \/>\n\t<meta name=\"twitter:data1\" content=\"desarrollo\" \/>\n\t<meta name=\"twitter:label2\" content=\"Tiempo de lectura\" \/>\n\t<meta name=\"twitter:data2\" content=\"2 minutos\" \/>\n<script type=\"application\/ld+json\" class=\"yoast-schema-graph\">{\"@context\":\"https:\\\/\\\/schema.org\",\"@graph\":[{\"@type\":\"Article\",\"@id\":\"https:\\\/\\\/gimnasticdetarragona.cat\\\/es\\\/disfruta-del-tecni-nasticamp-de-verano-2021\\\/#article\",\"isPartOf\":{\"@id\":\"https:\\\/\\\/gimnasticdetarragona.cat\\\/es\\\/disfruta-del-tecni-nasticamp-de-verano-2021\\\/\"},\"author\":{\"name\":\"desarrollo\",\"@id\":\"https:\\\/\\\/gimnasticdetarragona.cat\\\/es\\\/#\\\/schema\\\/person\\\/47b6a637abf88f9bd835540f20ea069e\"},\"headline\":\"Disfruta del Tecni Nasticamp de Verano 2021\",\"datePublished\":\"2021-05-17T12:44:00+00:00\",\"mainEntityOfPage\":{\"@id\":\"https:\\\/\\\/gimnasticdetarragona.cat\\\/es\\\/disfruta-del-tecni-nasticamp-de-verano-2021\\\/\"},\"wordCount\":309,\"commentCount\":0,\"publisher\":{\"@id\":\"https:\\\/\\\/gimnasticdetarragona.cat\\\/es\\\/#organization\"},\"image\":{\"@id\":\"https:\\\/\\\/gimnasticdetarragona.cat\\\/es\\\/disfruta-del-tecni-nasticamp-de-verano-2021\\\/#primaryimage\"},\"thumbnailUrl\":\"https:\\\/\\\/gimnasticdetarragona.cat\\\/wp-content\\\/uploads\\\/2022\\\/06\\\/17125531tecni-nasticam-2021-horitzontal.jpg\",\"articleSection\":[\"Actualidad\",\"Afici\u00f3n\",\"F\u00fatbol Base\",\"Home\",\"Social\"],\"inLanguage\":\"es\"},{\"@type\":\"WebPage\",\"@id\":\"https:\\\/\\\/gimnasticdetarragona.cat\\\/es\\\/disfruta-del-tecni-nasticamp-de-verano-2021\\\/\",\"url\":\"https:\\\/\\\/gimnasticdetarragona.cat\\\/es\\\/disfruta-del-tecni-nasticamp-de-verano-2021\\\/\",\"name\":\"Disfruta del Tecni Nasticamp de Verano 2021 - Gimn\u00e0stic de Tarragona SAD\",\"isPartOf\":{\"@id\":\"https:\\\/\\\/gimnasticdetarragona.cat\\\/es\\\/#website\"},\"primaryImageOfPage\":{\"@id\":\"https:\\\/\\\/gimnasticdetarragona.cat\\\/es\\\/disfruta-del-tecni-nasticamp-de-verano-2021\\\/#primaryimage\"},\"image\":{\"@id\":\"https:\\\/\\\/gimnasticdetarragona.cat\\\/es\\\/disfruta-del-tecni-nasticamp-de-verano-2021\\\/#primaryimage\"},\"thumbnailUrl\":\"https:\\\/\\\/gimnasticdetarragona.cat\\\/wp-content\\\/uploads\\\/2022\\\/06\\\/17125531tecni-nasticam-2021-horitzontal.jpg\",\"datePublished\":\"2021-05-17T12:44:00+00:00\",\"breadcrumb\":{\"@id\":\"https:\\\/\\\/gimnasticdetarragona.cat\\\/es\\\/disfruta-del-tecni-nasticamp-de-verano-2021\\\/#breadcrumb\"},\"inLanguage\":\"es\",\"potentialAction\":[{\"@type\":\"ReadAction\",\"target\":[\"https:\\\/\\\/gimnasticdetarragona.cat\\\/es\\\/disfruta-del-tecni-nasticamp-de-verano-2021\\\/\"]}]},{\"@type\":\"ImageObject\",\"inLanguage\":\"es\",\"@id\":\"https:\\\/\\\/gimnasticdetarragona.cat\\\/es\\\/disfruta-del-tecni-nasticamp-de-verano-2021\\\/#primaryimage\",\"url\":\"https:\\\/\\\/gimnasticdetarragona.cat\\\/wp-content\\\/uploads\\\/2022\\\/06\\\/17125531tecni-nasticam-2021-horitzontal.jpg\",\"contentUrl\":\"https:\\\/\\\/gimnasticdetarragona.cat\\\/wp-content\\\/uploads\\\/2022\\\/06\\\/17125531tecni-nasticam-2021-horitzontal.jpg\",\"width\":1200,\"height\":630},{\"@type\":\"BreadcrumbList\",\"@id\":\"https:\\\/\\\/gimnasticdetarragona.cat\\\/es\\\/disfruta-del-tecni-nasticamp-de-verano-2021\\\/#breadcrumb\",\"itemListElement\":[{\"@type\":\"ListItem\",\"position\":1,\"name\":\"Inici\",\"item\":\"https:\\\/\\\/gimnasticdetarragona.cat\\\/es\\\/nastic\\\/\"},{\"@type\":\"ListItem\",\"position\":2,\"name\":\"Disfruta del Tecni Nasticamp de Verano 2021\"}]},{\"@type\":\"WebSite\",\"@id\":\"https:\\\/\\\/gimnasticdetarragona.cat\\\/es\\\/#website\",\"url\":\"https:\\\/\\\/gimnasticdetarragona.cat\\\/es\\\/\",\"name\":\"Gimn\u00e0stic de Tarragona SAD\",\"description\":\"Gimn\u00e0stic de Tarragona\",\"publisher\":{\"@id\":\"https:\\\/\\\/gimnasticdetarragona.cat\\\/es\\\/#organization\"},\"potentialAction\":[{\"@type\":\"SearchAction\",\"target\":{\"@type\":\"EntryPoint\",\"urlTemplate\":\"https:\\\/\\\/gimnasticdetarragona.cat\\\/es\\\/?s={search_term_string}\"},\"query-input\":{\"@type\":\"PropertyValueSpecification\",\"valueRequired\":true,\"valueName\":\"search_term_string\"}}],\"inLanguage\":\"es\"},{\"@type\":\"Organization\",\"@id\":\"https:\\\/\\\/gimnasticdetarragona.cat\\\/es\\\/#organization\",\"name\":\"GIMN\u00c0STIC DE TARRAGONA\",\"alternateName\":\"N\u00c0STIC\",\"url\":\"https:\\\/\\\/gimnasticdetarragona.cat\\\/es\\\/\",\"logo\":{\"@type\":\"ImageObject\",\"inLanguage\":\"es\",\"@id\":\"https:\\\/\\\/gimnasticdetarragona.cat\\\/es\\\/#\\\/schema\\\/logo\\\/image\\\/\",\"url\":\"https:\\\/\\\/gimnasticdetarragona.cat\\\/wp-content\\\/uploads\\\/2022\\\/06\\\/cropped-logo-gimnastic.png\",\"contentUrl\":\"https:\\\/\\\/gimnasticdetarragona.cat\\\/wp-content\\\/uploads\\\/2022\\\/06\\\/cropped-logo-gimnastic.png\",\"width\":224,\"height\":83,\"caption\":\"GIMN\u00c0STIC DE TARRAGONA\"},\"image\":{\"@id\":\"https:\\\/\\\/gimnasticdetarragona.cat\\\/es\\\/#\\\/schema\\\/logo\\\/image\\\/\"},\"sameAs\":[\"https:\\\/\\\/x.com\\\/NASTICTARRAGONA\",\"https:\\\/\\\/www.instagram.com\\\/nastictarragona\\\/\"]},{\"@type\":\"Person\",\"@id\":\"https:\\\/\\\/gimnasticdetarragona.cat\\\/es\\\/#\\\/schema\\\/person\\\/47b6a637abf88f9bd835540f20ea069e\",\"name\":\"desarrollo\",\"sameAs\":[\"https:\\\/\\\/clone.gimnasticdetarragona.cat\"]}]}<\/script>\n<!-- \/ Yoast SEO plugin. -->","yoast_head_json":{"title":"Disfruta del Tecni Nasticamp de Verano 2021 - Gimn\u00e0stic de Tarragona SAD","robots":{"index":"index","follow":"follow","max-snippet":"max-snippet:-1","max-image-preview":"max-image-preview:large","max-video-preview":"max-video-preview:-1"},"canonical":"https:\/\/gimnasticdetarragona.cat\/es\/disfruta-del-tecni-nasticamp-de-verano-2021\/","og_locale":"es_ES","og_type":"article","og_title":"Disfruta del Tecni Nasticamp de Verano 2021 - Gimn\u00e0stic de Tarragona SAD","og_description":"Del 28 de junio al 30 de julio, vuelve el campus de tecnificaci\u00f3n del N\u00e0stic","og_url":"https:\/\/gimnasticdetarragona.cat\/es\/disfruta-del-tecni-nasticamp-de-verano-2021\/","og_site_name":"Gimn\u00e0stic de Tarragona SAD","article_published_time":"2021-05-17T12:44:00+00:00","og_image":[{"width":1200,"height":630,"url":"https:\/\/gimnasticdetarragona.cat\/wp-content\/uploads\/2022\/06\/17125531tecni-nasticam-2021-horitzontal.jpg","type":"image\/jpeg"}],"author":"desarrollo","twitter_card":"summary_large_image","twitter_creator":"@NASTICTARRAGONA","twitter_site":"@NASTICTARRAGONA","twitter_misc":{"Escrito por":"desarrollo","Tiempo de lectura":"2 minutos"},"schema":{"@context":"https:\/\/schema.org","@graph":[{"@type":"Article","@id":"https:\/\/gimnasticdetarragona.cat\/es\/disfruta-del-tecni-nasticamp-de-verano-2021\/#article","isPartOf":{"@id":"https:\/\/gimnasticdetarragona.cat\/es\/disfruta-del-tecni-nasticamp-de-verano-2021\/"},"author":{"name":"desarrollo","@id":"https:\/\/gimnasticdetarragona.cat\/es\/#\/schema\/person\/47b6a637abf88f9bd835540f20ea069e"},"headline":"Disfruta del Tecni Nasticamp de Verano 2021","datePublished":"2021-05-17T12:44:00+00:00","mainEntityOfPage":{"@id":"https:\/\/gimnasticdetarragona.cat\/es\/disfruta-del-tecni-nasticamp-de-verano-2021\/"},"wordCount":309,"commentCount":0,"publisher":{"@id":"https:\/\/gimnasticdetarragona.cat\/es\/#organization"},"image":{"@id":"https:\/\/gimnasticdetarragona.cat\/es\/disfruta-del-tecni-nasticamp-de-verano-2021\/#primaryimage"},"thumbnailUrl":"https:\/\/gimnasticdetarragona.cat\/wp-content\/uploads\/2022\/06\/17125531tecni-nasticam-2021-horitzontal.jpg","articleSection":["Actualidad","Afici\u00f3n","F\u00fatbol Base","Home","Social"],"inLanguage":"es"},{"@type":"WebPage","@id":"https:\/\/gimnasticdetarragona.cat\/es\/disfruta-del-tecni-nasticamp-de-verano-2021\/","url":"https:\/\/gimnasticdetarragona.cat\/es\/disfruta-del-tecni-nasticamp-de-verano-2021\/","name":"Disfruta del Tecni Nasticamp de Verano 2021 - Gimn\u00e0stic de Tarragona SAD","isPartOf":{"@id":"https:\/\/gimnasticdetarragona.cat\/es\/#website"},"primaryImageOfPage":{"@id":"https:\/\/gimnasticdetarragona.cat\/es\/disfruta-del-tecni-nasticamp-de-verano-2021\/#primaryimage"},"image":{"@id":"https:\/\/gimnasticdetarragona.cat\/es\/disfruta-del-tecni-nasticamp-de-verano-2021\/#primaryimage"},"thumbnailUrl":"https:\/\/gimnasticdetarragona.cat\/wp-content\/uploads\/2022\/06\/17125531tecni-nasticam-2021-horitzontal.jpg","datePublished":"2021-05-17T12:44:00+00:00","breadcrumb":{"@id":"https:\/\/gimnasticdetarragona.cat\/es\/disfruta-del-tecni-nasticamp-de-verano-2021\/#breadcrumb"},"inLanguage":"es","potentialAction":[{"@type":"ReadAction","target":["https:\/\/gimnasticdetarragona.cat\/es\/disfruta-del-tecni-nasticamp-de-verano-2021\/"]}]},{"@type":"ImageObject","inLanguage":"es","@id":"https:\/\/gimnasticdetarragona.cat\/es\/disfruta-del-tecni-nasticamp-de-verano-2021\/#primaryimage","url":"https:\/\/gimnasticdetarragona.cat\/wp-content\/uploads\/2022\/06\/17125531tecni-nasticam-2021-horitzontal.jpg","contentUrl":"https:\/\/gimnasticdetarragona.cat\/wp-content\/uploads\/2022\/06\/17125531tecni-nasticam-2021-horitzontal.jpg","width":1200,"height":630},{"@type":"BreadcrumbList","@id":"https:\/\/gimnasticdetarragona.cat\/es\/disfruta-del-tecni-nasticamp-de-verano-2021\/#breadcrumb","itemListElement":[{"@type":"ListItem","position":1,"name":"Inici","item":"https:\/\/gimnasticdetarragona.cat\/es\/nastic\/"},{"@type":"ListItem","position":2,"name":"Disfruta del Tecni Nasticamp de Verano 2021"}]},{"@type":"WebSite","@id":"https:\/\/gimnasticdetarragona.cat\/es\/#website","url":"https:\/\/gimnasticdetarragona.cat\/es\/","name":"Gimn\u00e0stic de Tarragona SAD","description":"Gimn\u00e0stic de Tarragona","publisher":{"@id":"https:\/\/gimnasticdetarragona.cat\/es\/#organization"},"potentialAction":[{"@type":"SearchAction","target":{"@type":"EntryPoint","urlTemplate":"https:\/\/gimnasticdetarragona.cat\/es\/?s={search_term_string}"},"query-input":{"@type":"PropertyValueSpecification","valueRequired":true,"valueName":"search_term_string"}}],"inLanguage":"es"},{"@type":"Organization","@id":"https:\/\/gimnasticdetarragona.cat\/es\/#organization","name":"GIMN\u00c0STIC DE TARRAGONA","alternateName":"N\u00c0STIC","url":"https:\/\/gimnasticdetarragona.cat\/es\/","logo":{"@type":"ImageObject","inLanguage":"es","@id":"https:\/\/gimnasticdetarragona.cat\/es\/#\/schema\/logo\/image\/","url":"https:\/\/gimnasticdetarragona.cat\/wp-content\/uploads\/2022\/06\/cropped-logo-gimnastic.png","contentUrl":"https:\/\/gimnasticdetarragona.cat\/wp-content\/uploads\/2022\/06\/cropped-logo-gimnastic.png","width":224,"height":83,"caption":"GIMN\u00c0STIC DE TARRAGONA"},"image":{"@id":"https:\/\/gimnasticdetarragona.cat\/es\/#\/schema\/logo\/image\/"},"sameAs":["https:\/\/x.com\/NASTICTARRAGONA","https:\/\/www.instagram.com\/nastictarragona\/"]},{"@type":"Person","@id":"https:\/\/gimnasticdetarragona.cat\/es\/#\/schema\/person\/47b6a637abf88f9bd835540f20ea069e","name":"desarrollo","sameAs":["https:\/\/clone.gimnasticdetarragona.cat"]}]}},"_links":{"self":[{"href":"https:\/\/gimnasticdetarragona.cat\/es\/wp-json\/wp\/v2\/posts\/82934","targetHints":{"allow":["GET"]}}],"collection":[{"href":"https:\/\/gimnasticdetarragona.cat\/es\/wp-json\/wp\/v2\/posts"}],"about":[{"href":"https:\/\/gimnasticdetarragona.cat\/es\/wp-json\/wp\/v2\/types\/post"}],"author":[{"embeddable":true,"href":"https:\/\/gimnasticdetarragona.cat\/es\/wp-json\/wp\/v2\/users\/1"}],"replies":[{"embeddable":true,"href":"https:\/\/gimnasticdetarragona.cat\/es\/wp-json\/wp\/v2\/comments?post=82934"}],"version-history":[{"count":0,"href":"https:\/\/gimnasticdetarragona.cat\/es\/wp-json\/wp\/v2\/posts\/82934\/revisions"}],"wp:featuredmedia":[{"embeddable":true,"href":"https:\/\/gimnasticdetarragona.cat\/es\/wp-json\/wp\/v2\/media\/82931"}],"wp:attachment":[{"href":"https:\/\/gimnasticdetarragona.cat\/es\/wp-json\/wp\/v2\/media?parent=82934"}],"wp:term":[{"taxonomy":"category","embeddable":true,"href":"https:\/\/gimnasticdetarragona.cat\/es\/wp-json\/wp\/v2\/categories?post=82934"},{"taxonomy":"post_tag","embeddable":true,"href":"https:\/\/gimnasticdetarragona.cat\/es\/wp-json\/wp\/v2\/tags?post=82934"}],"curies":[{"name":"wp","href":"https:\/\/api.w.org\/{rel}","templated":true}]}}